{"id":2091677,"date":"2026-08-13T13:12:33","date_gmt":"2026-08-13T10:12:33","guid":{"rendered":"https:\/\/analyse.optim.biz\/?p=2091677"},"modified":"2026-08-13T13:12:33","modified_gmt":"2026-08-13T10:12:33","slug":"doua-oferte-pentru-magistrala-verde-sunt-interesate-de-transformarea-caii-sagului-firme-care-mai-lucreaza-prin-oras","status":"publish","type":"post","link":"https:\/\/analyse.optim.biz\/?p=2091677","title":{"rendered":"Dou\u0103 oferte pentru Magistrala Verde. Sunt interesate de transformarea C\u0103ii \u0218agului firme care mai lucreaz\u0103 prin ora\u0219"},"content":{"rendered":"<p>[analyse_image type=&#8221;featured&#8221; src=&#8221;https:\/\/www.tion.ro\/wp-content\/uploads\/2025\/10\/+otf\/1200&#215;630\/K88tyYnSmFFKq06SqG3nuU5PVF9WRVJZX1NFQ36wi1VTwcQcsTyU+JefD+wDkEevOu9tKk4lr2HqU____PnKDVDY3m6JMhISo+UHYITdBeiyi1LGiJZT9bVDaDmqQ=\/9397703MagistralaVerde3.jpeg&#8221;]<\/p>\n<article id=\"post-2333751\" class>\n<div class=\"entry-content clearfix\">\n<div class=\"enewsArticleContent\">\n<p>Licita\u021bia Prim\u0103riei Timi\u0219oara pentru Magistrala Verde a atras dou\u0103 oferte, ambele din partea unor asocieri de firme: PORR CONSTRUCT (lider) \u2013 Electroechipament Industrial \u2013 TUBULAR TEHNO SISTEM \u0219i DRUM ASFALT (lider) \u2013 TEHNODOMUS SRL. Firmele \u00eenscrise nu sunt necunoscute pentru Prim\u0103ria Timi\u0219oara: austriecii de la PORR sunt cei care lucreaz\u0103 \u00een prezent la proiectul de regenerare urban\u0103 din Traian, \u00een timp ce Tehnodomus este firma care conduce lucr\u0103rile la Arena \u201eEroii Timi\u0219oarei\u201d.<\/p>\n<blockquote>\n<p>\u201eM\u0103 bucur\u0103 interesul firmelor pentru acest proiect strategic al Timi\u0219oarei. Magistrala Verde se va conecta cu proiectul de regenerare urban\u0103 din zona Mocioni care va \u00eencepe \u00een aceast\u0103 var\u0103. Vom avea la finalul lucr\u0103rilor un coridor de mobilitate, cu multe zone verzi \u0219i accesibil tuturor, care pleac\u0103 din Calea \u0218agului de la Shopping City \u0219i ajunge \u00een centru\u201d, a declarat primarul Dominic Fritz.<\/p>\n<\/blockquote>\n<p>Pentru Magistrala Verde, proiectul care vrea s\u0103 transforme Calea \u0218agului \u00een \u201ecoridor de mobilitate\u201d, Prim\u0103ria Timi\u0219oara pune la b\u0103taie 95,3 milioane de lei, f\u0103r\u0103 TVA \u2013 adic\u0103 peste 115 milioane de lei sau aproape 22 de milioane de euro, cu TVA. Lucr\u0103rile vor trebui finalizate \u00een doi ani \u0219i jum\u0103tate de la emiterea ordinului de \u00eencepere.<\/p>\n<div class=\"enews_gallery_holder\">\n<div class=\"ml-gallery\"><a href=\"https:\/\/www.tion.ro\/galeria\/magistrala-verde-prezentare-faza-sf\/\" class=\"ml-gallery-link\"><img loading=\"lazy\" decoding=\"async\" class=\"TODxDb lazyload ml-gallery-cover\" src=\"https:\/\/www.tion.ro\/wp-content\/plugins\/endless-core\/images\/1x1.png\" width=\"155\" height=\"100\" data-src=\"https:\/\/www.tion.ro\/wp-content\/uploads\/2025\/10\/9396968Capturadeecran20251002114200.png\" data-srcset=\"https:\/\/www.tion.ro\/wp-content\/uploads\/2025\/10\/+otf\/839x538\/+EhhB8+8jUh42NdYxwSrq05PVF9WRVJZX1NFQxFRK6iMiAx6ulP__Qeeua+05EONyGyD97xsPB7yeMWHXQ__iovRgQiAPvxTDhRMaPkrr3sRESnwsuuBm572owgIM=\/9396968Capturadeecran20251002114200.png 839w,https:\/\/www.tion.ro\/wp-content\/uploads\/2025\/10\/+otf\/100w\/+EhhB8+8jUh42NdYxwSrq05PVF9WRVJZX1NFQxFRK6iMiAx6ulP__Qeeua+05EONyGyD97xsPB7yeMWHXQ__iovRgQiAPvxTDhRMaPkrr3sRESnwsuuBm572owgIM=\/9396968Capturadeecran20251002114200.png 100w\" data-sizes=\"auto\"><\/p>\n<p class=\"wp-caption-text-gallery\">Magistrala Verde \u2013 prezentare faza SF<\/p>\n<p><\/a><\/div>\n<\/div>\n<h3><strong>Band\u0103 de autobuz, mai multe spa\u021bii verzi, dar mai pu\u021bine locuri de parcare<\/strong><\/h3>\n<p>Traseul vizat are aproximativ 2,5 km, de la Shopping City p\u00e2n\u0103 la Pia\u021ba Mocioni, prioritizeaz\u0103 transportul public, dar aduce \u0219i interven\u021bii prin care, spun reprezentan\u021bii prim\u0103riei, viteza medie de deplasare a vehiculelor va cre\u0219te cu circa 9 km\/h fa\u021b\u0103 de situa\u021bia din prezent. Vor mai fi ref\u0103cu\u021bi \u0219i peste 20.000 mp de trotuar, se vor extinde spa\u021biilor verzi \u0219i vor fi amenajate 5 km de piste de biciclete.<\/p>\n<p>Magistrala Verde este \u00eemp\u0103r\u021bit\u0103 \u00een trei tronsoane: bulevardul 16 Decembrie 1918 \u00eencep\u00e2nd cu Pia\u021ba Mocioni; Pia\u021ba Iuliu Maniu \u2013 intersec\u021bie Rebreanu\/D\u00e2mbovi\u021ba; intersec\u021bie Rebreanu\/D\u00e2mbovi\u021ba \u2013 Shopping City Timi\u0219oara. Autobuzele vor avea prioritate pe aproape toat\u0103 lungimea tronsoanelor, iar benzile auto vor fi adaptate fiec\u0103rui segment, \u00een func\u021bie de spa\u021biul disponibil. Proiectul include \u0219i reorganizarea a 11 intersec\u021bii, un sistem de supraveghere video cu 51 de camere pentru monitorizare \u0219i amplasarea a 3 sta\u021bii de \u00eenc\u0103rcare lent\u0103 a autovehiculelor.<\/p>\n<p>Municipalitatea va putea m\u0103sura calitatea aerului cu ajutorul celor trei noi sta\u021bii prev\u0103zute \u00een proiect: la intersec\u021bia Calea \u0218agului \u2013 Rebreanu \u2013 D\u00e2mbovi\u021ba, \u00een Pia\u021ba Iuliu Maniu, la intersec\u021bia 16 Decembrie 1989 \u2013 Dragalina \u2013 Br\u00e2ncoveanu. Investi\u021bia mai include refacerea re\u021belei de iluminat public stradal, lucr\u0103ri edilitare \u0219i amplasarea de mobilier urban pe Bd. 16 Decembrie 1989 \u0219i Calea \u0218agului.<\/p>\n<p>Proiectul are o valoare total\u0103 de 158,3 milioane de lei, din care 97,3 milioane de lei reprezint\u0103 finan\u021barea european\u0103 din Programul Regional Vest 2021\u20132027, iar 61 de milioane de lei sunt asigura\u021bi din bugetul local. \u00cen contractul de finan\u021bare european\u0103 este prev\u0103zut \u0219i termenul maxim de finalizare: martie 2029.<\/p>\n<p>V\u0103 reamintim, contractul de proiectare (DALI \u0219i PT) <strong><a href=\"https:\/\/www.tion.ro\/stirile-judetului-timis\/o-firma-din-bucuresti-va-proiecta-magistrala-verde-calea-sagului-1636873\/\" target=\"_blank\" rel=\"noopener\">fusese semnat \u00een septembrie 2022<\/a><\/strong> cu firma FIP Consulting din Bucure\u0219ti, care avea la dispozi\u021bie 10 luni pentru \u00eentocmirea documenta\u021biei, dar varianta a fost prezentat\u0103 public <strong><a href=\"https:\/\/www.tion.ro\/stirile-judetului-timis\/a-fost-prezentat-proiectul-magistralei-verzi-dispar-sute-de-locuri-de-parcare-dar-apare-o-banda-pentru-autobuz-2151890\/\" target=\"_blank\" rel=\"noopener\">de abia \u00een toamna trecut\u0103<\/a><\/strong>, dup\u0103 ce fusese sistat \u00een 2023, pentru a putea fi corelat\u0103 cu regenerarea urban\u0103 a Pie\u021bei Mocioni.<\/p>\n<p><strong><a href=\"https:\/\/www.tion.ro\/stirile-judetului-timis\/proiectul-magistralei-verzi-aprobat-in-faza-de-sf-nu-puteau-lipsi-discutiile-despre-locurile-de-parcare-eliminate-2168158\/\" target=\"_blank\" rel=\"noopener\">\u00cen octombrie 2025 a fost aprobat \u0219i studiul de fezabilitate<\/a><\/strong>, \u00een ciuda criticilor privind desfiin\u021barea a aproape 400 de locuri de parcare. \u00cen martie, a fost aprobat\u0103 \u0219i <strong><a href=\"https:\/\/www.tion.ro\/stirile-judetului-timis\/magistrala-verde-primeste-finantare-europeana-de-aproape-100-de-milioane-de-lei-2251312\/\" target=\"_blank\" rel=\"noopener\">finan\u021barea european\u0103 de 97,3 milioane de lei, prin Programul Regional Vest 2021\u20132027<\/a><\/strong>, iar <strong><a href=\"https:\/\/www.tion.ro\/stirile-judetului-timis\/foto-a-fost-lansata-licitatia-pentru-magistrala-verde-calea-sagului-transformata-cu-peste-20-de-milioane-de-euro-2309991\/\" target=\"_blank\" rel=\"noopener\">\u00een iulie a fost lansat\u0103 licita\u021bia<\/a><\/strong>.<\/p>\n<div class=\"fbShareLikeTwitterAndEmailContainer\">\n<div class=\"wrapper\">\n<div class=\"email\">\n<div id=\"mailto-pop\" class=\"pop-form pop-form-mailto\">\n<div class=\"pop-form-header\">\n<h4>Trimite articolul<\/h4>\n<p><a class=\"pop-form-close\">X<\/a><\/div>\n<\/div>\n<\/div>\n<\/div>\n<\/div>\n<div class=\"tagsContainer\">\n<div class=\"tagsLabel\">Taguri:<\/div>\n<div class=\"tags\">\n<div class=\"tag\"><a href=\"https:\/\/www.tion.ro\/cimke\/licitatie-pmt\" rel=\"tag\"><span class=\"link\">licitatie pmt<\/span><span class=\"separator\">,<\/span><\/a><\/div>\n<div class=\"tag\"><a href=\"https:\/\/www.tion.ro\/cimke\/magistrala-verde\" rel=\"tag\"><span class=\"link\">magistrala verde<\/span><\/a><\/div>\n<\/div>\n<\/div>\n<div class=\"comments\">\n<div class=\"top\">\n<div class=\"commentsNumber\"><span class=\"number\">1<\/span><span class=\"text\">Comentarii<\/span><\/div>\n<\/div>\n<div class=\"center\">\n<div id=\"respond\" class=\"comment-respond\">\n<h3 id=\"reply-title\" class=\"comment-reply-title\"><small><a rel=\"nofollow\" id=\"cancel-comment-reply-link\" href=\"https:\/\/www.tion.ro\/stirile-judetului-timis\/doua-oferte-pentru-magistrala-verde-sunt-interesate-de-transformarea-caii-sagului-firme-care-mai-lucreaza-prin-oras-2333751\/#respond\">Cancel reply<\/a><\/small><\/h3>\n<p class=\"comment-notes\"><span id=\"email-notes\">Your email address will not be published.<\/span><span class=\"required-field-message\">Required fields are marked <span class=\"required\">*<\/span><\/span><\/p>\n<p class=\"commentFormComment\"><span id=\"commentFormCount\"><br \/>\n                            inca<br \/>\n                            <span id=\"countCommentText\">1000<\/span><br \/>\n                            caractere ramase<br \/>\n                        <\/span><\/p>\n<\/div>\n<\/div>\n<div class=\"bottom\">\n<p class=\"forumDisclaimerHuRo\">\n            Citi\u021bi principiile noastre de moderare <a href=\"https:\/\/www.tion.ro\/reguli-postare-comentarii\/\" target=\"_blank\">aici<\/a>!\n        <\/p>\n<\/div>\n<\/div>\n<div id=\"forum\">\n<li class=\"comment even thread-even depth-1\" id=\"comment-1014531\">\n<div id=\"div-comment-1014531\" class=\"comment-body\">\n<div class=\"comment-author vcard\"><img decoding=\"async\" alt src=\"https:\/\/secure.gravatar.com\/avatar\/8b200b2091406bcba9b831f15392c711?s=32&amp;d=mm&amp;r=g\" class=\"avatar avatar-32 photo\" height=\"32\" width=\"32\" loading=\"lazy\"><cite class=\"fn\">marius<\/cite><span class=\"says\">says:<\/span><\/div>\n<div class=\"comment-meta commentmetadata\"><a href=\"https:\/\/www.tion.ro\/stirile-judetului-timis\/doua-oferte-pentru-magistrala-verde-sunt-interesate-de-transformarea-caii-sagului-firme-care-mai-lucreaza-prin-oras-2333751\/#comment-1014531\">August 13, 2026 at 5:28 pm<\/a><\/div>\n<p>Sa va bata Dumnezeu de ticalosi. Va veni vremea platii si a corectiilor, dar cat vom suferi pentru ca se permite acestor nenorociti sa-si impuna vedeniile lor bolnave asupra orasului.<\/p>\n<div class=\"reply\"><a rel=\"nofollow\" class=\"comment-reply-link\" href=\"https:\/\/www.tion.ro\/stirile-judetului-timis\/doua-oferte-pentru-magistrala-verde-sunt-interesate-de-transformarea-caii-sagului-firme-care-mai-lucreaza-prin-oras-2333751\/#comment-1014531\" data-commentid=\"1014531\" data-postid=\"2333751\" data-belowelement=\"div-comment-1014531\" data-respondelement=\"respond\" data-replyto=\"Reply to marius\" aria-label=\"Reply to marius\">Reply<\/a><\/div>\n<\/div>\n<\/li>\n<\/div>\n<\/div>\n<\/div>\n<\/article>\n<div class=\"entry-content clearfix\">\n<div class=\"enewsArticleContent\">\n<p>Licita\u021bia Prim\u0103riei Timi\u0219oara pentru Magistrala Verde a atras dou\u0103 oferte, ambele din partea unor asocieri de firme: PORR CONSTRUCT (lider) \u2013 Electroechipament Industrial \u2013 TUBULAR TEHNO SISTEM \u0219i DRUM ASFALT (lider) \u2013 TEHNODOMUS SRL. Firmele \u00eenscrise nu sunt necunoscute pentru Prim\u0103ria Timi\u0219oara: austriecii de la PORR sunt cei care lucreaz\u0103 \u00een prezent la proiectul de regenerare urban\u0103 din Traian, \u00een timp ce Tehnodomus este firma care conduce lucr\u0103rile la Arena \u201eEroii Timi\u0219oarei\u201d.<\/p>\n<blockquote>\n<p>\u201eM\u0103 bucur\u0103 interesul firmelor pentru acest proiect strategic al Timi\u0219oarei. Magistrala Verde se va conecta cu proiectul de regenerare urban\u0103 din zona Mocioni care va \u00eencepe \u00een aceast\u0103 var\u0103. Vom avea la finalul lucr\u0103rilor un coridor de mobilitate, cu multe zone verzi \u0219i accesibil tuturor, care pleac\u0103 din Calea \u0218agului de la Shopping City \u0219i ajunge \u00een centru\u201d, a declarat primarul Dominic Fritz.<\/p>\n<\/blockquote>\n<p>Pentru Magistrala Verde, proiectul care vrea s\u0103 transforme Calea \u0218agului \u00een \u201ecoridor de mobilitate\u201d, Prim\u0103ria Timi\u0219oara pune la b\u0103taie 95,3 milioane de lei, f\u0103r\u0103 TVA \u2013 adic\u0103 peste 115 milioane de lei sau aproape 22 de milioane de euro, cu TVA. Lucr\u0103rile vor trebui finalizate \u00een doi ani \u0219i jum\u0103tate de la emiterea ordinului de \u00eencepere.<\/p>\n<div class=\"enews_gallery_holder\">\n<div class=\"ml-gallery\"><a href=\"https:\/\/www.tion.ro\/galeria\/magistrala-verde-prezentare-faza-sf\/\" class=\"ml-gallery-link\"><img loading=\"lazy\" decoding=\"async\" class=\"TODxDb lazyload ml-gallery-cover\" src=\"https:\/\/www.tion.ro\/wp-content\/plugins\/endless-core\/images\/1x1.png\" width=\"155\" height=\"100\" data-src=\"https:\/\/www.tion.ro\/wp-content\/uploads\/2025\/10\/9396968Capturadeecran20251002114200.png\" data-srcset=\"https:\/\/www.tion.ro\/wp-content\/uploads\/2025\/10\/+otf\/839x538\/+EhhB8+8jUh42NdYxwSrq05PVF9WRVJZX1NFQxFRK6iMiAx6ulP__Qeeua+05EONyGyD97xsPB7yeMWHXQ__iovRgQiAPvxTDhRMaPkrr3sRESnwsuuBm572owgIM=\/9396968Capturadeecran20251002114200.png 839w,https:\/\/www.tion.ro\/wp-content\/uploads\/2025\/10\/+otf\/100w\/+EhhB8+8jUh42NdYxwSrq05PVF9WRVJZX1NFQxFRK6iMiAx6ulP__Qeeua+05EONyGyD97xsPB7yeMWHXQ__iovRgQiAPvxTDhRMaPkrr3sRESnwsuuBm572owgIM=\/9396968Capturadeecran20251002114200.png 100w\" data-sizes=\"auto\"><\/p>\n<p class=\"wp-caption-text-gallery\">Magistrala Verde \u2013 prezentare faza SF<\/p>\n<p><\/a><\/div>\n<\/div>\n<h3><strong>Band\u0103 de autobuz, mai multe spa\u021bii verzi, dar mai pu\u021bine locuri de parcare<\/strong><\/h3>\n<p>Traseul vizat are aproximativ 2,5 km, de la Shopping City p\u00e2n\u0103 la Pia\u021ba Mocioni, prioritizeaz\u0103 transportul public, dar aduce \u0219i interven\u021bii prin care, spun reprezentan\u021bii prim\u0103riei, viteza medie de deplasare a vehiculelor va cre\u0219te cu circa 9 km\/h fa\u021b\u0103 de situa\u021bia din prezent. Vor mai fi ref\u0103cu\u021bi \u0219i peste 20.000 mp de trotuar, se vor extinde spa\u021biilor verzi \u0219i vor fi amenajate 5 km de piste de biciclete.<\/p>\n<p>Magistrala Verde este \u00eemp\u0103r\u021bit\u0103 \u00een trei tronsoane: bulevardul 16 Decembrie 1918 \u00eencep\u00e2nd cu Pia\u021ba Mocioni; Pia\u021ba Iuliu Maniu \u2013 intersec\u021bie Rebreanu\/D\u00e2mbovi\u021ba; intersec\u021bie Rebreanu\/D\u00e2mbovi\u021ba \u2013 Shopping City Timi\u0219oara. Autobuzele vor avea prioritate pe aproape toat\u0103 lungimea tronsoanelor, iar benzile auto vor fi adaptate fiec\u0103rui segment, \u00een func\u021bie de spa\u021biul disponibil. Proiectul include \u0219i reorganizarea a 11 intersec\u021bii, un sistem de supraveghere video cu 51 de camere pentru monitorizare \u0219i amplasarea a 3 sta\u021bii de \u00eenc\u0103rcare lent\u0103 a autovehiculelor.<\/p>\n<p>Municipalitatea va putea m\u0103sura calitatea aerului cu ajutorul celor trei noi sta\u021bii prev\u0103zute \u00een proiect: la intersec\u021bia Calea \u0218agului \u2013 Rebreanu \u2013 D\u00e2mbovi\u021ba, \u00een Pia\u021ba Iuliu Maniu, la intersec\u021bia 16 Decembrie 1989 \u2013 Dragalina \u2013 Br\u00e2ncoveanu. Investi\u021bia mai include refacerea re\u021belei de iluminat public stradal, lucr\u0103ri edilitare \u0219i amplasarea de mobilier urban pe Bd. 16 Decembrie 1989 \u0219i Calea \u0218agului.<\/p>\n<p>Proiectul are o valoare total\u0103 de 158,3 milioane de lei, din care 97,3 milioane de lei reprezint\u0103 finan\u021barea european\u0103 din Programul Regional Vest 2021\u20132027, iar 61 de milioane de lei sunt asigura\u021bi din bugetul local. \u00cen contractul de finan\u021bare european\u0103 este prev\u0103zut \u0219i termenul maxim de finalizare: martie 2029.<\/p>\n<p>V\u0103 reamintim, contractul de proiectare (DALI \u0219i PT) <strong><a href=\"https:\/\/www.tion.ro\/stirile-judetului-timis\/o-firma-din-bucuresti-va-proiecta-magistrala-verde-calea-sagului-1636873\/\" target=\"_blank\" rel=\"noopener\">fusese semnat \u00een septembrie 2022<\/a><\/strong> cu firma FIP Consulting din Bucure\u0219ti, care avea la dispozi\u021bie 10 luni pentru \u00eentocmirea documenta\u021biei, dar varianta a fost prezentat\u0103 public <strong><a href=\"https:\/\/www.tion.ro\/stirile-judetului-timis\/a-fost-prezentat-proiectul-magistralei-verzi-dispar-sute-de-locuri-de-parcare-dar-apare-o-banda-pentru-autobuz-2151890\/\" target=\"_blank\" rel=\"noopener\">de abia \u00een toamna trecut\u0103<\/a><\/strong>, dup\u0103 ce fusese sistat \u00een 2023, pentru a putea fi corelat\u0103 cu regenerarea urban\u0103 a Pie\u021bei Mocioni.<\/p>\n<p><strong><a href=\"https:\/\/www.tion.ro\/stirile-judetului-timis\/proiectul-magistralei-verzi-aprobat-in-faza-de-sf-nu-puteau-lipsi-discutiile-despre-locurile-de-parcare-eliminate-2168158\/\" target=\"_blank\" rel=\"noopener\">\u00cen octombrie 2025 a fost aprobat \u0219i studiul de fezabilitate<\/a><\/strong>, \u00een ciuda criticilor privind desfiin\u021barea a aproape 400 de locuri de parcare. \u00cen martie, a fost aprobat\u0103 \u0219i <strong><a href=\"https:\/\/www.tion.ro\/stirile-judetului-timis\/magistrala-verde-primeste-finantare-europeana-de-aproape-100-de-milioane-de-lei-2251312\/\" target=\"_blank\" rel=\"noopener\">finan\u021barea european\u0103 de 97,3 milioane de lei, prin Programul Regional Vest 2021\u20132027<\/a><\/strong>, iar <strong><a href=\"https:\/\/www.tion.ro\/stirile-judetului-timis\/foto-a-fost-lansata-licitatia-pentru-magistrala-verde-calea-sagului-transformata-cu-peste-20-de-milioane-de-euro-2309991\/\" target=\"_blank\" rel=\"noopener\">\u00een iulie a fost lansat\u0103 licita\u021bia<\/a><\/strong>.<\/p>\n<div class=\"fbShareLikeTwitterAndEmailContainer\">\n<div class=\"wrapper\">\n<div class=\"email\">\n<div id=\"mailto-pop\" class=\"pop-form pop-form-mailto\">\n<div class=\"pop-form-header\">\n<h4>Trimite articolul<\/h4>\n<p><a class=\"pop-form-close\">X<\/a><\/div>\n<\/div>\n<\/div>\n<\/div>\n<\/div>\n<div class=\"tagsContainer\">\n<div class=\"tagsLabel\">Taguri:<\/div>\n<div class=\"tags\">\n<div class=\"tag\"><a href=\"https:\/\/www.tion.ro\/cimke\/licitatie-pmt\" rel=\"tag\"><span class=\"link\">licitatie pmt<\/span><span class=\"separator\">,<\/span><\/a><\/div>\n<div class=\"tag\"><a href=\"https:\/\/www.tion.ro\/cimke\/magistrala-verde\" rel=\"tag\"><span class=\"link\">magistrala verde<\/span><\/a><\/div>\n<\/div>\n<\/div>\n<div class=\"comments\">\n<div class=\"top\">\n<div class=\"commentsNumber\"><span class=\"number\">1<\/span><span class=\"text\">Comentarii<\/span><\/div>\n<\/div>\n<div class=\"center\">\n<div id=\"respond\" class=\"comment-respond\">\n<h3 id=\"reply-title\" class=\"comment-reply-title\"><small><a rel=\"nofollow\" id=\"cancel-comment-reply-link\" href=\"https:\/\/www.tion.ro\/stirile-judetului-timis\/doua-oferte-pentru-magistrala-verde-sunt-interesate-de-transformarea-caii-sagului-firme-care-mai-lucreaza-prin-oras-2333751\/#respond\">Cancel reply<\/a><\/small><\/h3>\n<p class=\"comment-notes\"><span id=\"email-notes\">Your email address will not be published.<\/span><span class=\"required-field-message\">Required fields are marked <span class=\"required\">*<\/span><\/span><\/p>\n<p class=\"commentFormComment\"><span id=\"commentFormCount\"><br \/>\n                            inca<br \/>\n                            <span id=\"countCommentText\">1000<\/span><br \/>\n                            caractere ramase<br \/>\n                        <\/span><\/p>\n<\/div>\n<\/div>\n<div class=\"bottom\">\n<p class=\"forumDisclaimerHuRo\">\n            Citi\u021bi principiile noastre de moderare <a href=\"https:\/\/www.tion.ro\/reguli-postare-comentarii\/\" target=\"_blank\">aici<\/a>!\n        <\/p>\n<\/div>\n<\/div>\n<div id=\"forum\">\n<li class=\"comment even thread-even depth-1\" id=\"comment-1014531\">\n<div id=\"div-comment-1014531\" class=\"comment-body\">\n<div class=\"comment-author vcard\"><img decoding=\"async\" alt src=\"https:\/\/secure.gravatar.com\/avatar\/8b200b2091406bcba9b831f15392c711?s=32&amp;d=mm&amp;r=g\" class=\"avatar avatar-32 photo\" height=\"32\" width=\"32\" loading=\"lazy\"><cite class=\"fn\">marius<\/cite><span class=\"says\">says:<\/span><\/div>\n<div class=\"comment-meta commentmetadata\"><a href=\"https:\/\/www.tion.ro\/stirile-judetului-timis\/doua-oferte-pentru-magistrala-verde-sunt-interesate-de-transformarea-caii-sagului-firme-care-mai-lucreaza-prin-oras-2333751\/#comment-1014531\">August 13, 2026 at 5:28 pm<\/a><\/div>\n<p>Sa va bata Dumnezeu de ticalosi. Va veni vremea platii si a corectiilor, dar cat vom suferi pentru ca se permite acestor nenorociti sa-si impuna vedeniile lor bolnave asupra orasului.<\/p>\n<div class=\"reply\"><a rel=\"nofollow\" class=\"comment-reply-link\" href=\"https:\/\/www.tion.ro\/stirile-judetului-timis\/doua-oferte-pentru-magistrala-verde-sunt-interesate-de-transformarea-caii-sagului-firme-care-mai-lucreaza-prin-oras-2333751\/#comment-1014531\" data-commentid=\"1014531\" data-postid=\"2333751\" data-belowelement=\"div-comment-1014531\" data-respondelement=\"respond\" data-replyto=\"Reply to marius\" aria-label=\"Reply to marius\">Reply<\/a><\/div>\n<\/div>\n<\/li>\n<\/div>\n<\/div>\n<\/div>\n<p>[analyse_source url=&#8221;https:\/\/www.tion.ro\/stirile-judetului-timis\/doua-oferte-pentru-magistrala-verde-sunt-interesate-de-transformarea-caii-sagului-firme-care-mai-lucreaza-prin-oras-2333751\/&#8221;]<\/p>\n","protected":false},"excerpt":{"rendered":"<p>[analyse_image type=&#8221;featured&#8221; src=&#8221;https:\/\/www.tion.ro\/wp-content\/uploads\/2025\/10\/+otf\/1200&#215;630\/K88tyYnSmFFKq06SqG3nuU5PVF9WRVJZX1NFQ36wi1VTwcQcsTyU+JefD+wDkEevOu9tKk4lr2HqU____PnKDVDY3m6JMhISo+UHYITdBeiyi1LGiJZT9bVDaDmqQ=\/9397703MagistralaVerde3.jpeg&#8221;] Licita\u021bia Prim\u0103riei Timi\u0219oara pentru Magistrala Verde a atras dou\u0103 oferte, ambele din partea unor asocieri de firme: PORR CONSTRUCT (lider) \u2013 Electroechipament Industrial \u2013 TUBULAR TEHNO SISTEM \u0219i DRUM ASFALT (lider) \u2013 TEHNODOMUS SRL. Firmele \u00eenscrise nu sunt necunoscute pentru Prim\u0103ria Timi\u0219oara: austriecii de la PORR sunt cei care lucreaz\u0103 \u00een prezent [&hellip;]<\/p>\n","protected":false},"author":1,"featured_media":0,"comment_status":"open","ping_status":"","sticky":false,"template":"","format":"standard","meta":{"footnotes":""},"categories":[89],"tags":[226,191],"class_list":["post-2091677","post","type-post","status-publish","format-standard","hentry","category-romania","tag-crawlmanager","tag-tion-ro"],"_links":{"self":[{"href":"https:\/\/analyse.optim.biz\/index.php?rest_route=\/wp\/v2\/posts\/2091677","targetHints":{"allow":["GET"]}}],"collection":[{"href":"https:\/\/analyse.optim.biz\/index.php?rest_route=\/wp\/v2\/posts"}],"about":[{"href":"https:\/\/analyse.optim.biz\/index.php?rest_route=\/wp\/v2\/types\/post"}],"author":[{"embeddable":true,"href":"https:\/\/analyse.optim.biz\/index.php?rest_route=\/wp\/v2\/users\/1"}],"replies":[{"embeddable":true,"href":"https:\/\/analyse.optim.biz\/index.php?rest_route=%2Fwp%2Fv2%2Fcomments&post=2091677"}],"version-history":[{"count":0,"href":"https:\/\/analyse.optim.biz\/index.php?rest_route=\/wp\/v2\/posts\/2091677\/revisions"}],"wp:attachment":[{"href":"https:\/\/analyse.optim.biz\/index.php?rest_route=%2Fwp%2Fv2%2Fmedia&parent=2091677"}],"wp:term":[{"taxonomy":"category","embeddable":true,"href":"https:\/\/analyse.optim.biz\/index.php?rest_route=%2Fwp%2Fv2%2Fcategories&post=2091677"},{"taxonomy":"post_tag","embeddable":true,"href":"https:\/\/analyse.optim.biz\/index.php?rest_route=%2Fwp%2Fv2%2Ftags&post=2091677"}],"curies":[{"name":"wp","href":"https:\/\/api.w.org\/{rel}","templated":true}]}}