{"id":2091674,"date":"2026-08-13T12:52:20","date_gmt":"2026-08-13T09:52:20","guid":{"rendered":"https:\/\/analyse.optim.biz\/?p=2091674"},"modified":"2026-08-13T12:52:20","modified_gmt":"2026-08-13T09:52:20","slug":"gunoaiele-reapar-la-cateva-ore-dupa-ce-sunt-ridicate-din-parcul-zurich-o-femeie-fara-adapost-refuza-ajutorul-autoritatilor","status":"publish","type":"post","link":"https:\/\/analyse.optim.biz\/?p=2091674","title":{"rendered":"Gunoaiele reapar la c\u00e2teva ore dup\u0103 ce sunt ridicate din Parcul Z\u00fcrich. O femeie f\u0103r\u0103 ad\u0103post refuz\u0103 ajutorul autorit\u0103\u021bilor"},"content":{"rendered":"<p>[analyse_image type=&#8221;featured&#8221; src=&#8221;https:\/\/www.tion.ro\/wp-content\/uploads\/2026\/08\/+otf\/1200&#215;630\/R3WWodjXdn17lsdtJjjzmk5PVF9WRVJZX1NFQweTCAIv8UvBeLlecfbW7Ty+WD+w5Tf1qTh36adk4vvm8EuD__A+oXCl3xtDwYxyAo4CFbDUIVfjEiA7C3ZQ1JzE=\/6624818deseuriparculzurich3.jpeg&#8221;]<\/p>\n<article id=\"post-2333664\" class>\n<div class=\"entry-content clearfix\">\n<div class=\"enewsArticleContent\">\n<p>Problema, sus\u021bin locuitorii, nu este una nou\u0103. De aproximativ patru ani, situa\u021bia se repet\u0103 aproape dup\u0103 acela\u0219i scenariu: autorit\u0103\u021bile intervin, sunt ridicate gunoaiele, \u00eens\u0103 dup\u0103 scurt timp acestea apar din nou.<\/p>\n<blockquote>\n<p>\u201eEste o situa\u021bie revolt\u0103toare care treneaz\u0103 de peste patru ani \u0219i pe care nicio autoritate local\u0103 nu o rezolv\u0103 definitiv\u201d, reclam\u0103 un locuitor de pe strada Z\u00fcrich, care a solicitat interven\u021bia mai multor institu\u021bii.<\/p>\n<\/blockquote>\n<p>Acesta ne-a transmis c\u0103 o femeie ocup\u0103 spa\u021biul public \u0219i adun\u0103 zilnic obiecte \u0219i saci cu de\u0219euri. Zona a devenit astfel un focar de mizerie \u0219i un loc \u00een care apar tot mai frecvent \u0219obolani.<\/p>\n<p>Cea mai mare \u00eengrijorare a oamenilor din zon\u0103 este legat\u0103 de siguran\u021ba copiilor care folosesc parcul. Locuitorii sus\u021bin c\u0103 cei mici sunt nevoi\u021bi s\u0103 se joace \u00een apropierea sacilor \u0219i obiectelor str\u00e2nse de femeie, iar mirosul \u0219i condi\u021biile de igien\u0103 ridic\u0103 semne de \u00eentrebare.<\/p>\n<blockquote>\n<p>\u201eAspectul cel mai grav este c\u0103 acest parc este plin de copii care vin zilnic s\u0103 se joace. Cei mici alearg\u0103 printre sacii de gunoaie \u0219i sunt expu\u0219i unor riscuri\u201d, reclam\u0103 timi\u0219oreanul care ne-a sesizat situa\u021bia.<\/p>\n<\/blockquote>\n<p>Localnicul sus\u021bine c\u0103 interven\u021biile autorit\u0103\u021bilor nu rezolv\u0103 \u00eens\u0103 problema de fond. Poli\u021bia Local\u0103 \u0219i operatorul de salubritate intervin periodic pentru \u00eendep\u0103rtarea de\u0219eurilor, \u00eens\u0103, dup\u0103 c\u00e2teva ore, situa\u021bia revine la starea ini\u021bial\u0103.<\/p>\n<blockquote>\n<p>\u201ePoli\u021bia Local\u0103 \u0219i Retim vin periodic, ridic\u0103 sacii, \u00eens\u0103 \u00een doar c\u00e2teva ore femeia se \u00eentoarce \u00een parc \u0219i reia activitatea. Acest cerc vicios dureaz\u0103 de patru ani\u201d, mai spune acesta.<\/p>\n<\/blockquote>\n<div class=\"enews_gallery_holder\">\n<div class=\"ml-gallery\"><a href=\"https:\/\/www.tion.ro\/galeria\/gunoaiele-parcul-zurich\/\" class=\"ml-gallery-link\"><img loading=\"lazy\" decoding=\"async\" class=\"hjtarb lazyload ml-gallery-cover\" src=\"https:\/\/www.tion.ro\/wp-content\/plugins\/endless-core\/images\/1x1.png\" width=\"155\" height=\"100\" data-src=\"https:\/\/www.tion.ro\/wp-content\/uploads\/2026\/08\/6624817deseuriparculzurich2.jpeg\" data-srcset=\"https:\/\/www.tion.ro\/wp-content\/uploads\/2026\/08\/+otf\/839x538\/kE07NsBcTV8ZOjGoeYqfp05PVF9WRVJZX1NFQwU4SsbsxSqF8Y7oB+2NY__3A5uJOc+WWYnNxOtQ0LQ0XuyFWiENqHpLpgEgX6Aahg2PODLA+eYdFFZVD85atQ__A=\/6624817deseuriparculzurich2.jpeg 839w,https:\/\/www.tion.ro\/wp-content\/uploads\/2026\/08\/+otf\/100w\/GGbrK2gUrOdFFFzneEmBsE5PVF9WRVJZX1NFQwU4SsbsxSqF8Y7oB+2NY__3A5uJOc+WWYDkgNJQEXRVW4nsMkEhrHo7n2xMP6wnqg2O8DbE__eIZEFJRC8pesQvE=\/6624817deseuriparculzurich2.jpeg 100w\" data-sizes=\"auto\"><\/p>\n<p class=\"wp-caption-text-gallery\">Gunoaiele Parcul Z\u00fcrich<\/p>\n<p><\/a><\/div>\n<\/div>\n<p>\u00a0<\/p>\n<h3><strong>Autorit\u0103\u021bile intervin, dar problema revine<\/strong><\/h3>\n<p>La solicitarea Tion, Poli\u021bia Local\u0103 Timi\u0219oara a transmis c\u0103 situa\u021bia este cunoscut\u0103 \u0219i se afl\u0103 \u00een aten\u021bia institu\u021biei.<\/p>\n<blockquote>\n<p>\u201ePoli\u021bia Local\u0103 are \u00een aten\u021bie acest aspect care, a\u0219a cum spune \u0219i petentul, periodic ia m\u0103suri conform competen\u021belor. \u00cei asigur\u0103m pe cet\u0103\u021beni de \u00eentreaga noastr\u0103 disponibilitate \u0219i ac\u021biune \u00een sfera legal\u0103\u201d, au transmis reprezentan\u021bii institu\u021biei.<\/p>\n<\/blockquote>\n<p>Cazul a fost sesizat \u0219i Direc\u021biei de S\u0103n\u0103tate Public\u0103 Timi\u0219. Institu\u021bia a transmis, la solicitarea Tion, c\u0103 nu are competen\u021be pentru solu\u021bionarea acestei situa\u021bii.<\/p>\n<p>Direc\u021bia de Asisten\u021b\u0103 Social\u0103 a Municipiului Timi\u0219oara (DASTM) sus\u021bine c\u0103 situa\u021bia este cunoscut\u0103 de mai mult timp \u0219i c\u0103 au fost \u00eencercate mai multe solu\u021bii.<\/p>\n<p>Potrivit reprezentan\u021bilor DASTM, femeia a beneficiat, \u00een perioada 2023\u20132024, de g\u0103zduire \u00een Centrul pentru Persoane F\u0103r\u0103 Ad\u0103post al institu\u021biei de pe strada Telegrafului, aflat\u0103 aproape de parc.<\/p>\n<p>Ulterior, autorit\u0103\u021bile au \u00eencercat s\u0103 o repatrieze \u00een Polonia. Demersurile au fost f\u0103cute \u00eempreun\u0103 cu autorit\u0103\u021bile poloneze, inclusiv pentru ob\u021binerea documentelor necesare prin intermediul Ambasadei Poloniei la Bucure\u0219ti. Demersul nu a putut fi \u00eens\u0103 dus la cap\u0103t.<\/p>\n<blockquote>\n<p>\u201ePersoana \u00een cauz\u0103 a refuzat deplasarea \u0219i repatrierea\u201d, au precizat reprezentan\u021bii Direc\u021biei de Asisten\u021b\u0103 Social\u0103 a Municipiului Timi\u0219oara.<\/p>\n<\/blockquote>\n<p>De-a lungul timpului, femeii i-au fost oferite \u0219i alte forme de sprijin, inclusiv consiliere psihologic\u0103 \u0219i acces la servicii medicale. \u0218i acestea au fost refuzate.<\/p>\n<p>\u00cen prezent, ea beneficiaz\u0103 de sprijin din partea Centrului de Zi de Consiliere pentru Persoane Vulnerabile. Potrivit DASTM, femeia refuz\u0103 \u00een continuare cazarea \u00een Centrul pentru Persoane F\u0103r\u0103 Ad\u0103post, iar situa\u021bia sa a fost semnalat\u0103 \u00een repetate r\u00e2nduri serviciilor de specialitate, inclusiv Clinicii de Psihiatrie.<\/p>\n<p>Aici apare \u00eens\u0103 o limitare important\u0103: faptul c\u0103 o persoan\u0103 tr\u0103ie\u0219te \u00een condi\u021bii extrem de precare, acumuleaz\u0103 obiecte \u0219i refuz\u0103 sprijinul nu este un motiv suficient pentru o internare nevoluntar\u0103.<\/p>\n<blockquote>\n<p>\u201e\u00cen absen\u021ba unui comportament care s\u0103 indice un pericol iminent pentru propria persoan\u0103 sau pentru cei din jur, nu sunt \u00eentrunite condi\u021biile legale pentru internarea nevoluntar\u0103\u201d, au explicat reprezentan\u021bii DASTM.<\/p>\n<\/blockquote>\n<p>Prin urmare, autorit\u0103\u021bile se afl\u0103 \u00een situa\u021bia de a monitoriza cazul \u0219i de a interveni ori de c\u00e2te ori este posibil, f\u0103r\u0103 a putea obliga persoana s\u0103 accepte cazarea, tratamentul sau repatrierea.<\/p>\n<p>Pentru oamenii care locuiesc \u00een apropierea parcului, explica\u021biile institu\u021biilor nu rezolv\u0103 \u00eens\u0103 problema de zi cu zi. Ei vor ca spa\u021biul public s\u0103 fie redat comunit\u0103\u021bii \u0219i ca parcul s\u0103 fie un loc sigur pentru copii.<\/p>\n<p>Locuitorul care ne-a sesizat situa\u021bia spune c\u0103 a transmis o sesizare \u0219i la Inspectoratul General pentru Imigr\u0103ri \u0219i Sec\u021bia Consular\u0103 a Ambasadei Poloniei, \u00een speran\u021ba c\u0103 autorit\u0103\u021bile vor g\u0103si \u00eempreun\u0103 o solu\u021bie. Acesta consider\u0103 c\u0103 situa\u021bia ar putea fi legat\u0103 de o problem\u0103 psihic\u0103 \u0219i sus\u021bine c\u0103 ar fi nevoie de o interven\u021bie specializat\u0103.<\/p>\n<p>Totu\u0219i, \u00een lipsa unui diagnostic medical confirmat \u0219i a condi\u021biilor legale pentru internarea nevoluntar\u0103, o astfel de m\u0103sur\u0103 nu poate fi dispus\u0103 pur \u0219i simplu la solicitarea vecinilor.<\/p>\n<p>Situa\u021bia din Parcul Z\u00fcrich scoate la iveal\u0103 o problem\u0103 mai larg\u0103 cu care se confrunt\u0103 administra\u021biile locale din toat\u0103 \u021bara, nu doar din Timi\u0219oara. Este vorba despre cazurile sociale complexe, \u00een care sunt implicate persoane f\u0103r\u0103 ad\u0103post, probleme medicale sau psihice, cet\u0103\u021beni str\u0103ini \u0219i refuzul repetat al sprijinului institu\u021bional.<\/p>\n<p>\u00cen acest caz, autorit\u0103\u021bile spun c\u0103 au intervenit, au oferit cazare, consiliere, servicii medicale \u0219i au \u00eencercat chiar repatrierea. Persoana a refuzat \u00eens\u0103 aceste forme de ajutor.<\/p>\n<p>\u00centre timp, problema r\u0103m\u00e2ne vizibil\u0103 \u00een mijlocul cartierului, iar locuitorii spun c\u0103 sunt nevoi\u021bi s\u0103 tr\u0103iasc\u0103 de ani de zile cu mirosul, gunoaiele \u0219i teama c\u0103 spa\u021biul destinat copiilor va continua s\u0103 fie ocupat de de\u0219euri.<\/p>\n<p>Direc\u021bia de Asisten\u021b\u0103 Social\u0103 a Municipiului Timi\u0219oara transmite c\u0103 va continua monitorizarea situa\u021biei \u0219i interven\u021bia, \u00een limita competen\u021belor legale, \u201eurm\u0103rind identificarea unor solu\u021bii adecvate \u00eempreun\u0103 cu institu\u021biile \u0219i serviciile relevante\u201d.<\/p>\n<p><strong>Pe aceea\u0219i tem\u0103:<\/strong><\/p>\n<blockquote class=\"wp-embedded-content\" data-secret=\"KhSQsbmzz5\">\n<p><a href=\"https:\/\/www.tion.ro\/stirile-judetului-timis\/foto-parcul-zurich-reintregit-canisita-in-locul-terasei-ilegale-2262325\/\">FOTO. Parcul Zurich, re\u00eentregit. Canisit\u0103 \u00een locul terasei ilegale<\/a><\/p>\n<\/blockquote>\n\n<div class=\"fbShareLikeTwitterAndEmailContainer\">\n<div class=\"wrapper\">\n<div class=\"email\">\n<div id=\"mailto-pop\" class=\"pop-form pop-form-mailto\">\n<div class=\"pop-form-header\">\n<h4>Trimite articolul<\/h4>\n<p><a class=\"pop-form-close\">X<\/a><\/div>\n<\/div>\n<\/div>\n<\/div>\n<\/div>\n<div class=\"tagsContainer\">\n<div class=\"tagsLabel\">Taguri:<\/div>\n<div class=\"tags\">\n<div class=\"tag\"><a href=\"https:\/\/www.tion.ro\/cimke\/deseuri\" rel=\"tag\"><span class=\"link\">deseuri<\/span><span class=\"separator\">,<\/span><\/a><\/div>\n<div class=\"tag\"><a href=\"https:\/\/www.tion.ro\/cimke\/parcul-zurich\" rel=\"tag\"><span class=\"link\">parcul zurich<\/span><span class=\"separator\">,<\/span><\/a><\/div>\n<div class=\"tag\"><a href=\"https:\/\/www.tion.ro\/cimke\/timisoara\" rel=\"tag\"><span class=\"link\">timisoara<\/span><\/a><\/div>\n<\/div>\n<\/div>\n<div class=\"comments\">\n<div class=\"top\">\n<div class=\"commentsNumber\"><span class=\"number\">1<\/span><span class=\"text\">Comentarii<\/span><\/div>\n<\/div>\n<div class=\"center\">\n<div id=\"respond\" class=\"comment-respond\">\n<h3 id=\"reply-title\" class=\"comment-reply-title\"><small><a rel=\"nofollow\" id=\"cancel-comment-reply-link\" href=\"https:\/\/www.tion.ro\/stirile-judetului-timis\/gunoaiele-reapar-la-cateva-ore-dupa-ce-sunt-ridicate-din-parcul-zurich-o-femeie-fara-adapost-refuza-ajutorul-autoritatilor-2333664\/#respond\">Cancel reply<\/a><\/small><\/h3>\n<p class=\"comment-notes\"><span id=\"email-notes\">Your email address will not be published.<\/span><span class=\"required-field-message\">Required fields are marked <span class=\"required\">*<\/span><\/span><\/p>\n<p class=\"commentFormComment\"><span id=\"commentFormCount\"><br \/>\n                            inca<br \/>\n                            <span id=\"countCommentText\">1000<\/span><br \/>\n                            caractere ramase<br \/>\n                        <\/span><\/p>\n<\/div>\n<\/div>\n<div class=\"bottom\">\n<p class=\"forumDisclaimerHuRo\">\n            Citi\u021bi principiile noastre de moderare <a href=\"https:\/\/www.tion.ro\/reguli-postare-comentarii\/\" target=\"_blank\">aici<\/a>!\n        <\/p>\n<\/div>\n<\/div>\n<div id=\"forum\">\n<li class=\"comment even thread-even depth-1\" id=\"comment-1014522\">\n<div id=\"div-comment-1014522\" class=\"comment-body\">\n<div class=\"comment-author vcard\"><img decoding=\"async\" alt src=\"https:\/\/secure.gravatar.com\/avatar\/e4ffb81335740ba3b58b916a42a01e86?s=32&amp;d=mm&amp;r=g\" class=\"avatar avatar-32 photo\" height=\"32\" width=\"32\" loading=\"lazy\"><cite class=\"fn\">Bibu<\/cite><span class=\"says\">says:<\/span><\/div>\n<div class=\"comment-meta commentmetadata\"><a href=\"https:\/\/www.tion.ro\/stirile-judetului-timis\/gunoaiele-reapar-la-cateva-ore-dupa-ce-sunt-ridicate-din-parcul-zurich-o-femeie-fara-adapost-refuza-ajutorul-autoritatilor-2333664\/#comment-1014522\">August 13, 2026 at 4:53 pm<\/a><\/div>\n<p>Ar trebui sa existe o lege prin care daca faci mizerie incontinuu, autoritatile sa te \u201cajute\u201d direct la puscarie.<\/p>\n<div class=\"reply\"><a rel=\"nofollow\" class=\"comment-reply-link\" href=\"https:\/\/www.tion.ro\/stirile-judetului-timis\/gunoaiele-reapar-la-cateva-ore-dupa-ce-sunt-ridicate-din-parcul-zurich-o-femeie-fara-adapost-refuza-ajutorul-autoritatilor-2333664\/#comment-1014522\" data-commentid=\"1014522\" data-postid=\"2333664\" data-belowelement=\"div-comment-1014522\" data-respondelement=\"respond\" data-replyto=\"Reply to Bibu\" aria-label=\"Reply to Bibu\">Reply<\/a><\/div>\n<\/div>\n<\/li>\n<\/div>\n<\/div>\n<\/div>\n<\/article>\n<div class=\"entry-content clearfix\">\n<div class=\"enewsArticleContent\">\n<p>Problema, sus\u021bin locuitorii, nu este una nou\u0103. De aproximativ patru ani, situa\u021bia se repet\u0103 aproape dup\u0103 acela\u0219i scenariu: autorit\u0103\u021bile intervin, sunt ridicate gunoaiele, \u00eens\u0103 dup\u0103 scurt timp acestea apar din nou.<\/p>\n<blockquote>\n<p>\u201eEste o situa\u021bie revolt\u0103toare care treneaz\u0103 de peste patru ani \u0219i pe care nicio autoritate local\u0103 nu o rezolv\u0103 definitiv\u201d, reclam\u0103 un locuitor de pe strada Z\u00fcrich, care a solicitat interven\u021bia mai multor institu\u021bii.<\/p>\n<\/blockquote>\n<p>Acesta ne-a transmis c\u0103 o femeie ocup\u0103 spa\u021biul public \u0219i adun\u0103 zilnic obiecte \u0219i saci cu de\u0219euri. Zona a devenit astfel un focar de mizerie \u0219i un loc \u00een care apar tot mai frecvent \u0219obolani.<\/p>\n<p>Cea mai mare \u00eengrijorare a oamenilor din zon\u0103 este legat\u0103 de siguran\u021ba copiilor care folosesc parcul. Locuitorii sus\u021bin c\u0103 cei mici sunt nevoi\u021bi s\u0103 se joace \u00een apropierea sacilor \u0219i obiectelor str\u00e2nse de femeie, iar mirosul \u0219i condi\u021biile de igien\u0103 ridic\u0103 semne de \u00eentrebare.<\/p>\n<blockquote>\n<p>\u201eAspectul cel mai grav este c\u0103 acest parc este plin de copii care vin zilnic s\u0103 se joace. Cei mici alearg\u0103 printre sacii de gunoaie \u0219i sunt expu\u0219i unor riscuri\u201d, reclam\u0103 timi\u0219oreanul care ne-a sesizat situa\u021bia.<\/p>\n<\/blockquote>\n<p>Localnicul sus\u021bine c\u0103 interven\u021biile autorit\u0103\u021bilor nu rezolv\u0103 \u00eens\u0103 problema de fond. Poli\u021bia Local\u0103 \u0219i operatorul de salubritate intervin periodic pentru \u00eendep\u0103rtarea de\u0219eurilor, \u00eens\u0103, dup\u0103 c\u00e2teva ore, situa\u021bia revine la starea ini\u021bial\u0103.<\/p>\n<blockquote>\n<p>\u201ePoli\u021bia Local\u0103 \u0219i Retim vin periodic, ridic\u0103 sacii, \u00eens\u0103 \u00een doar c\u00e2teva ore femeia se \u00eentoarce \u00een parc \u0219i reia activitatea. Acest cerc vicios dureaz\u0103 de patru ani\u201d, mai spune acesta.<\/p>\n<\/blockquote>\n<div class=\"enews_gallery_holder\">\n<div class=\"ml-gallery\"><a href=\"https:\/\/www.tion.ro\/galeria\/gunoaiele-parcul-zurich\/\" class=\"ml-gallery-link\"><img loading=\"lazy\" decoding=\"async\" class=\"hjtarb lazyload ml-gallery-cover\" src=\"https:\/\/www.tion.ro\/wp-content\/plugins\/endless-core\/images\/1x1.png\" width=\"155\" height=\"100\" data-src=\"https:\/\/www.tion.ro\/wp-content\/uploads\/2026\/08\/6624817deseuriparculzurich2.jpeg\" data-srcset=\"https:\/\/www.tion.ro\/wp-content\/uploads\/2026\/08\/+otf\/839x538\/kE07NsBcTV8ZOjGoeYqfp05PVF9WRVJZX1NFQwU4SsbsxSqF8Y7oB+2NY__3A5uJOc+WWYnNxOtQ0LQ0XuyFWiENqHpLpgEgX6Aahg2PODLA+eYdFFZVD85atQ__A=\/6624817deseuriparculzurich2.jpeg 839w,https:\/\/www.tion.ro\/wp-content\/uploads\/2026\/08\/+otf\/100w\/GGbrK2gUrOdFFFzneEmBsE5PVF9WRVJZX1NFQwU4SsbsxSqF8Y7oB+2NY__3A5uJOc+WWYDkgNJQEXRVW4nsMkEhrHo7n2xMP6wnqg2O8DbE__eIZEFJRC8pesQvE=\/6624817deseuriparculzurich2.jpeg 100w\" data-sizes=\"auto\"><\/p>\n<p class=\"wp-caption-text-gallery\">Gunoaiele Parcul Z\u00fcrich<\/p>\n<p><\/a><\/div>\n<\/div>\n<p>\u00a0<\/p>\n<h3><strong>Autorit\u0103\u021bile intervin, dar problema revine<\/strong><\/h3>\n<p>La solicitarea Tion, Poli\u021bia Local\u0103 Timi\u0219oara a transmis c\u0103 situa\u021bia este cunoscut\u0103 \u0219i se afl\u0103 \u00een aten\u021bia institu\u021biei.<\/p>\n<blockquote>\n<p>\u201ePoli\u021bia Local\u0103 are \u00een aten\u021bie acest aspect care, a\u0219a cum spune \u0219i petentul, periodic ia m\u0103suri conform competen\u021belor. \u00cei asigur\u0103m pe cet\u0103\u021beni de \u00eentreaga noastr\u0103 disponibilitate \u0219i ac\u021biune \u00een sfera legal\u0103\u201d, au transmis reprezentan\u021bii institu\u021biei.<\/p>\n<\/blockquote>\n<p>Cazul a fost sesizat \u0219i Direc\u021biei de S\u0103n\u0103tate Public\u0103 Timi\u0219. Institu\u021bia a transmis, la solicitarea Tion, c\u0103 nu are competen\u021be pentru solu\u021bionarea acestei situa\u021bii.<\/p>\n<p>Direc\u021bia de Asisten\u021b\u0103 Social\u0103 a Municipiului Timi\u0219oara (DASTM) sus\u021bine c\u0103 situa\u021bia este cunoscut\u0103 de mai mult timp \u0219i c\u0103 au fost \u00eencercate mai multe solu\u021bii.<\/p>\n<p>Potrivit reprezentan\u021bilor DASTM, femeia a beneficiat, \u00een perioada 2023\u20132024, de g\u0103zduire \u00een Centrul pentru Persoane F\u0103r\u0103 Ad\u0103post al institu\u021biei de pe strada Telegrafului, aflat\u0103 aproape de parc.<\/p>\n<p>Ulterior, autorit\u0103\u021bile au \u00eencercat s\u0103 o repatrieze \u00een Polonia. Demersurile au fost f\u0103cute \u00eempreun\u0103 cu autorit\u0103\u021bile poloneze, inclusiv pentru ob\u021binerea documentelor necesare prin intermediul Ambasadei Poloniei la Bucure\u0219ti. Demersul nu a putut fi \u00eens\u0103 dus la cap\u0103t.<\/p>\n<blockquote>\n<p>\u201ePersoana \u00een cauz\u0103 a refuzat deplasarea \u0219i repatrierea\u201d, au precizat reprezentan\u021bii Direc\u021biei de Asisten\u021b\u0103 Social\u0103 a Municipiului Timi\u0219oara.<\/p>\n<\/blockquote>\n<p>De-a lungul timpului, femeii i-au fost oferite \u0219i alte forme de sprijin, inclusiv consiliere psihologic\u0103 \u0219i acces la servicii medicale. \u0218i acestea au fost refuzate.<\/p>\n<p>\u00cen prezent, ea beneficiaz\u0103 de sprijin din partea Centrului de Zi de Consiliere pentru Persoane Vulnerabile. Potrivit DASTM, femeia refuz\u0103 \u00een continuare cazarea \u00een Centrul pentru Persoane F\u0103r\u0103 Ad\u0103post, iar situa\u021bia sa a fost semnalat\u0103 \u00een repetate r\u00e2nduri serviciilor de specialitate, inclusiv Clinicii de Psihiatrie.<\/p>\n<p>Aici apare \u00eens\u0103 o limitare important\u0103: faptul c\u0103 o persoan\u0103 tr\u0103ie\u0219te \u00een condi\u021bii extrem de precare, acumuleaz\u0103 obiecte \u0219i refuz\u0103 sprijinul nu este un motiv suficient pentru o internare nevoluntar\u0103.<\/p>\n<blockquote>\n<p>\u201e\u00cen absen\u021ba unui comportament care s\u0103 indice un pericol iminent pentru propria persoan\u0103 sau pentru cei din jur, nu sunt \u00eentrunite condi\u021biile legale pentru internarea nevoluntar\u0103\u201d, au explicat reprezentan\u021bii DASTM.<\/p>\n<\/blockquote>\n<p>Prin urmare, autorit\u0103\u021bile se afl\u0103 \u00een situa\u021bia de a monitoriza cazul \u0219i de a interveni ori de c\u00e2te ori este posibil, f\u0103r\u0103 a putea obliga persoana s\u0103 accepte cazarea, tratamentul sau repatrierea.<\/p>\n<p>Pentru oamenii care locuiesc \u00een apropierea parcului, explica\u021biile institu\u021biilor nu rezolv\u0103 \u00eens\u0103 problema de zi cu zi. Ei vor ca spa\u021biul public s\u0103 fie redat comunit\u0103\u021bii \u0219i ca parcul s\u0103 fie un loc sigur pentru copii.<\/p>\n<p>Locuitorul care ne-a sesizat situa\u021bia spune c\u0103 a transmis o sesizare \u0219i la Inspectoratul General pentru Imigr\u0103ri \u0219i Sec\u021bia Consular\u0103 a Ambasadei Poloniei, \u00een speran\u021ba c\u0103 autorit\u0103\u021bile vor g\u0103si \u00eempreun\u0103 o solu\u021bie. Acesta consider\u0103 c\u0103 situa\u021bia ar putea fi legat\u0103 de o problem\u0103 psihic\u0103 \u0219i sus\u021bine c\u0103 ar fi nevoie de o interven\u021bie specializat\u0103.<\/p>\n<p>Totu\u0219i, \u00een lipsa unui diagnostic medical confirmat \u0219i a condi\u021biilor legale pentru internarea nevoluntar\u0103, o astfel de m\u0103sur\u0103 nu poate fi dispus\u0103 pur \u0219i simplu la solicitarea vecinilor.<\/p>\n<p>Situa\u021bia din Parcul Z\u00fcrich scoate la iveal\u0103 o problem\u0103 mai larg\u0103 cu care se confrunt\u0103 administra\u021biile locale din toat\u0103 \u021bara, nu doar din Timi\u0219oara. Este vorba despre cazurile sociale complexe, \u00een care sunt implicate persoane f\u0103r\u0103 ad\u0103post, probleme medicale sau psihice, cet\u0103\u021beni str\u0103ini \u0219i refuzul repetat al sprijinului institu\u021bional.<\/p>\n<p>\u00cen acest caz, autorit\u0103\u021bile spun c\u0103 au intervenit, au oferit cazare, consiliere, servicii medicale \u0219i au \u00eencercat chiar repatrierea. Persoana a refuzat \u00eens\u0103 aceste forme de ajutor.<\/p>\n<p>\u00centre timp, problema r\u0103m\u00e2ne vizibil\u0103 \u00een mijlocul cartierului, iar locuitorii spun c\u0103 sunt nevoi\u021bi s\u0103 tr\u0103iasc\u0103 de ani de zile cu mirosul, gunoaiele \u0219i teama c\u0103 spa\u021biul destinat copiilor va continua s\u0103 fie ocupat de de\u0219euri.<\/p>\n<p>Direc\u021bia de Asisten\u021b\u0103 Social\u0103 a Municipiului Timi\u0219oara transmite c\u0103 va continua monitorizarea situa\u021biei \u0219i interven\u021bia, \u00een limita competen\u021belor legale, \u201eurm\u0103rind identificarea unor solu\u021bii adecvate \u00eempreun\u0103 cu institu\u021biile \u0219i serviciile relevante\u201d.<\/p>\n<p><strong>Pe aceea\u0219i tem\u0103:<\/strong><\/p>\n<blockquote class=\"wp-embedded-content\" data-secret=\"KhSQsbmzz5\">\n<p><a href=\"https:\/\/www.tion.ro\/stirile-judetului-timis\/foto-parcul-zurich-reintregit-canisita-in-locul-terasei-ilegale-2262325\/\">FOTO. Parcul Zurich, re\u00eentregit. Canisit\u0103 \u00een locul terasei ilegale<\/a><\/p>\n<\/blockquote>\n\n<div class=\"fbShareLikeTwitterAndEmailContainer\">\n<div class=\"wrapper\">\n<div class=\"email\">\n<div id=\"mailto-pop\" class=\"pop-form pop-form-mailto\">\n<div class=\"pop-form-header\">\n<h4>Trimite articolul<\/h4>\n<p><a class=\"pop-form-close\">X<\/a><\/div>\n<\/div>\n<\/div>\n<\/div>\n<\/div>\n<div class=\"tagsContainer\">\n<div class=\"tagsLabel\">Taguri:<\/div>\n<div class=\"tags\">\n<div class=\"tag\"><a href=\"https:\/\/www.tion.ro\/cimke\/deseuri\" rel=\"tag\"><span class=\"link\">deseuri<\/span><span class=\"separator\">,<\/span><\/a><\/div>\n<div class=\"tag\"><a href=\"https:\/\/www.tion.ro\/cimke\/parcul-zurich\" rel=\"tag\"><span class=\"link\">parcul zurich<\/span><span class=\"separator\">,<\/span><\/a><\/div>\n<div class=\"tag\"><a href=\"https:\/\/www.tion.ro\/cimke\/timisoara\" rel=\"tag\"><span class=\"link\">timisoara<\/span><\/a><\/div>\n<\/div>\n<\/div>\n<div class=\"comments\">\n<div class=\"top\">\n<div class=\"commentsNumber\"><span class=\"number\">1<\/span><span class=\"text\">Comentarii<\/span><\/div>\n<\/div>\n<div class=\"center\">\n<div id=\"respond\" class=\"comment-respond\">\n<h3 id=\"reply-title\" class=\"comment-reply-title\"><small><a rel=\"nofollow\" id=\"cancel-comment-reply-link\" href=\"https:\/\/www.tion.ro\/stirile-judetului-timis\/gunoaiele-reapar-la-cateva-ore-dupa-ce-sunt-ridicate-din-parcul-zurich-o-femeie-fara-adapost-refuza-ajutorul-autoritatilor-2333664\/#respond\">Cancel reply<\/a><\/small><\/h3>\n<p class=\"comment-notes\"><span id=\"email-notes\">Your email address will not be published.<\/span><span class=\"required-field-message\">Required fields are marked <span class=\"required\">*<\/span><\/span><\/p>\n<p class=\"commentFormComment\"><span id=\"commentFormCount\"><br \/>\n                            inca<br \/>\n                            <span id=\"countCommentText\">1000<\/span><br \/>\n                            caractere ramase<br \/>\n                        <\/span><\/p>\n<\/div>\n<\/div>\n<div class=\"bottom\">\n<p class=\"forumDisclaimerHuRo\">\n            Citi\u021bi principiile noastre de moderare <a href=\"https:\/\/www.tion.ro\/reguli-postare-comentarii\/\" target=\"_blank\">aici<\/a>!\n        <\/p>\n<\/div>\n<\/div>\n<div id=\"forum\">\n<li class=\"comment even thread-even depth-1\" id=\"comment-1014522\">\n<div id=\"div-comment-1014522\" class=\"comment-body\">\n<div class=\"comment-author vcard\"><img decoding=\"async\" alt src=\"https:\/\/secure.gravatar.com\/avatar\/e4ffb81335740ba3b58b916a42a01e86?s=32&amp;d=mm&amp;r=g\" class=\"avatar avatar-32 photo\" height=\"32\" width=\"32\" loading=\"lazy\"><cite class=\"fn\">Bibu<\/cite><span class=\"says\">says:<\/span><\/div>\n<div class=\"comment-meta commentmetadata\"><a href=\"https:\/\/www.tion.ro\/stirile-judetului-timis\/gunoaiele-reapar-la-cateva-ore-dupa-ce-sunt-ridicate-din-parcul-zurich-o-femeie-fara-adapost-refuza-ajutorul-autoritatilor-2333664\/#comment-1014522\">August 13, 2026 at 4:53 pm<\/a><\/div>\n<p>Ar trebui sa existe o lege prin care daca faci mizerie incontinuu, autoritatile sa te \u201cajute\u201d direct la puscarie.<\/p>\n<div class=\"reply\"><a rel=\"nofollow\" class=\"comment-reply-link\" href=\"https:\/\/www.tion.ro\/stirile-judetului-timis\/gunoaiele-reapar-la-cateva-ore-dupa-ce-sunt-ridicate-din-parcul-zurich-o-femeie-fara-adapost-refuza-ajutorul-autoritatilor-2333664\/#comment-1014522\" data-commentid=\"1014522\" data-postid=\"2333664\" data-belowelement=\"div-comment-1014522\" data-respondelement=\"respond\" data-replyto=\"Reply to Bibu\" aria-label=\"Reply to Bibu\">Reply<\/a><\/div>\n<\/div>\n<\/li>\n<\/div>\n<\/div>\n<\/div>\n<p>[analyse_source url=&#8221;https:\/\/www.tion.ro\/stirile-judetului-timis\/gunoaiele-reapar-la-cateva-ore-dupa-ce-sunt-ridicate-din-parcul-zurich-o-femeie-fara-adapost-refuza-ajutorul-autoritatilor-2333664\/&#8221;]<\/p>\n","protected":false},"excerpt":{"rendered":"<p>[analyse_image type=&#8221;featured&#8221; src=&#8221;https:\/\/www.tion.ro\/wp-content\/uploads\/2026\/08\/+otf\/1200&#215;630\/R3WWodjXdn17lsdtJjjzmk5PVF9WRVJZX1NFQweTCAIv8UvBeLlecfbW7Ty+WD+w5Tf1qTh36adk4vvm8EuD__A+oXCl3xtDwYxyAo4CFbDUIVfjEiA7C3ZQ1JzE=\/6624818deseuriparculzurich3.jpeg&#8221;] Problema, sus\u021bin locuitorii, nu este una nou\u0103. De aproximativ patru ani, situa\u021bia se repet\u0103 aproape dup\u0103 acela\u0219i scenariu: autorit\u0103\u021bile intervin, sunt ridicate gunoaiele, \u00eens\u0103 dup\u0103 scurt timp acestea apar din nou. \u201eEste o situa\u021bie revolt\u0103toare care treneaz\u0103 de peste patru ani \u0219i pe care nicio autoritate local\u0103 nu o rezolv\u0103 definitiv\u201d, reclam\u0103 [&hellip;]<\/p>\n","protected":false},"author":1,"featured_media":0,"comment_status":"open","ping_status":"","sticky":false,"template":"","format":"standard","meta":{"footnotes":""},"categories":[89],"tags":[226,191],"class_list":["post-2091674","post","type-post","status-publish","format-standard","hentry","category-romania","tag-crawlmanager","tag-tion-ro"],"_links":{"self":[{"href":"https:\/\/analyse.optim.biz\/index.php?rest_route=\/wp\/v2\/posts\/2091674","targetHints":{"allow":["GET"]}}],"collection":[{"href":"https:\/\/analyse.optim.biz\/index.php?rest_route=\/wp\/v2\/posts"}],"about":[{"href":"https:\/\/analyse.optim.biz\/index.php?rest_route=\/wp\/v2\/types\/post"}],"author":[{"embeddable":true,"href":"https:\/\/analyse.optim.biz\/index.php?rest_route=\/wp\/v2\/users\/1"}],"replies":[{"embeddable":true,"href":"https:\/\/analyse.optim.biz\/index.php?rest_route=%2Fwp%2Fv2%2Fcomments&post=2091674"}],"version-history":[{"count":0,"href":"https:\/\/analyse.optim.biz\/index.php?rest_route=\/wp\/v2\/posts\/2091674\/revisions"}],"wp:attachment":[{"href":"https:\/\/analyse.optim.biz\/index.php?rest_route=%2Fwp%2Fv2%2Fmedia&parent=2091674"}],"wp:term":[{"taxonomy":"category","embeddable":true,"href":"https:\/\/analyse.optim.biz\/index.php?rest_route=%2Fwp%2Fv2%2Fcategories&post=2091674"},{"taxonomy":"post_tag","embeddable":true,"href":"https:\/\/analyse.optim.biz\/index.php?rest_route=%2Fwp%2Fv2%2Ftags&post=2091674"}],"curies":[{"name":"wp","href":"https:\/\/api.w.org\/{rel}","templated":true}]}}