{"id":2091671,"date":"2026-08-13T13:04:02","date_gmt":"2026-08-13T10:04:02","guid":{"rendered":"https:\/\/analyse.optim.biz\/?p=2091671"},"modified":"2026-08-13T13:04:02","modified_gmt":"2026-08-13T10:04:02","slug":"video-copil-surprins-pe-trotineta-pe-drum-european-aproape-de-masini-la-remetea-mare","status":"publish","type":"post","link":"https:\/\/analyse.optim.biz\/?p=2091671","title":{"rendered":"VIDEO. Copil surprins pe trotinet\u0103 pe drum european, aproape de ma\u0219ini, la Remetea Mare"},"content":{"rendered":"<p>[analyse_image type=&#8221;featured&#8221; src=&#8221;https:\/\/www.tion.ro\/wp-content\/uploads\/2026\/08\/+otf\/1200&#215;630\/d81yAjvMmY8fhCVBXfKvFU5PVF9WRVJZX1NFQ7FW1IwQeINKFAGdckShvewuLu99LzLL+HTIWJ9Aff8IVpCJvAuqszwfTrg7G2JNaMryKH6suL52DGuBNyaRhyU=\/6626131WhatsAppImage20260813at154729.jpeg&#8221;]<\/p>\n<article id=\"post-2333739\" class>\n<div class=\"entry-content clearfix\">\n<div class=\"enewsArticleContent\">\n<p class=\"isSelectedEnd\">Un filmule\u021b primit de redac\u021bia Tion de la un cititor readuce \u00een aten\u021bie o problem\u0103 pe care o vedem tot mai des \u00een trafic: copiii care circul\u0103 cu trotinetele electrice pe drumuri unde trec zilnic sute de ma\u0219ini.<\/p>\n<p class=\"isSelectedEnd\">Imaginile au fost filmate pe E70, \u00een zona CT Park Remetea Mare. \u00cen filmare apare un b\u0103iat care pare s\u0103 fie elev de gimnaziu, aflat pe o trotinet\u0103 electric\u0103. Nu putem spune cu exactitate ce v\u00e2rst\u0103 are, \u00eens\u0103, din imagini, pare foarte t\u00e2n\u0103r. Poart\u0103 casc\u0103, \u00eens\u0103 circul\u0103 pe un drum intens circulat. \u00cen momentul film\u0103rii, ma\u0219ina din care a fost f\u0103cut\u0103 \u00eenregistrarea avea aproximativ 80 de kilometri pe or\u0103.<\/p>\n<p class=\"isSelectedEnd\">Datele transmise de poli\u021bi\u0219ti arat\u0103 c\u0103 de la \u00eenceputul anului 2026 \u0219i p\u00e2n\u0103 \u00een prezent, \u00een jude\u021bul Timi\u0219 au fost \u00eenregistrate 78 de accidente rutiere \u00een care au fost implicate trotinete electrice. Un copil \u0219i-a pierdut via\u021ba, iar alte 81 de persoane au fost r\u0103nite.<\/p>\n<p class=\"isSelectedEnd\">\u00cen luna august, poli\u021bi\u0219tii rutieri desf\u0103\u0219oar\u0103 ac\u021biuni la nivel na\u021bional pentru a-i determina pe cei care folosesc trotinete \u0219i alte vehicule pe dou\u0103 ro\u021bi s\u0103 fie mai aten\u021bi \u0219i s\u0103 respecte regulile de circula\u021bie.<\/p>\n<p class=\"isSelectedEnd\">Poli\u021bi\u0219tii le recomand\u0103 celor care merg cu trotineta s\u0103 fie foarte aten\u021bi \u00een intersec\u021bii \u0219i atunci c\u00e2nd schimb\u0103 direc\u021bia de mers. Trebuie respectate regulile privind locurile \u00een care este permis\u0103 circula\u021bia, iar pe trotinet\u0103 nu trebuie transportat\u0103 o alt\u0103 persoan\u0103.<\/p>\n<p class=\"isSelectedEnd\">Un mesaj important este adresat \u0219i p\u0103rin\u021bilor: copiii cu v\u00e2rsta sub 14 ani nu trebuie l\u0103sa\u021bi s\u0103 circule cu trotineta electric\u0103 pe drumurile deschise circula\u021biei publice.<\/p>\n<p class=\"isSelectedEnd\">Casca este important\u0103 \u0219i poate proteja \u00een cazul unei c\u0103z\u0103turi, dar nu poate feri un copil de o ma\u0219in\u0103 care vine din spate sau de o situa\u021bie ap\u0103rut\u0103 brusc \u00een trafic.<\/p>\n<p class=\"isSelectedEnd\">\u00cen traficul de zi cu zi o clip\u0103 de neaten\u021bie, o groap\u0103, o ma\u0219in\u0103 care schimb\u0103 direc\u021bia sau o fr\u00e2nare brusc\u0103 pot duce foarte repede la un accident.<\/p>\n<p class=\"isSelectedEnd\">Iar cele 78 de accidente \u00eenregistrate \u00een Timi\u0219 de la \u00eenceputul anului arat\u0103 c\u0103 nu vorbim doar despre un pericol teoretic.<\/p>\n<div class=\"wp-video\"><video class=\"wp-video-shortcode\" id=\"video-2333739-1\" width=\"464\" height=\"832\" preload=\"metadata\" controls=\"controls\"><source type=\"video\/mp4\" src=\"https:\/\/www.tion.ro\/wp-content\/uploads\/2026\/08\/6626133WhatsAppVideo20260813at154639.mp4?_=1\" \/><\/video><\/div>\n<div class=\"fbShareLikeTwitterAndEmailContainer\">\n<div class=\"wrapper\">\n<div class=\"email\">\n<div id=\"mailto-pop\" class=\"pop-form pop-form-mailto\">\n<div class=\"pop-form-header\">\n<h4>Trimite articolul<\/h4>\n<p><a class=\"pop-form-close\">X<\/a><\/div>\n<\/div>\n<\/div>\n<\/div>\n<\/div>\n<div class=\"tagsContainer\">\n<div class=\"tagsLabel\">Taguri:<\/div>\n<div class=\"tags\">\n<div class=\"tag\"><a href=\"https:\/\/www.tion.ro\/cimke\/copil-trotineta\" rel=\"tag\"><span class=\"link\">copil trotineta<\/span><span class=\"separator\">,<\/span><\/a><\/div>\n<div class=\"tag\"><a href=\"https:\/\/www.tion.ro\/cimke\/remetea-mare\" rel=\"tag\"><span class=\"link\">remetea mare<\/span><span class=\"separator\">,<\/span><\/a><\/div>\n<div class=\"tag\"><a href=\"https:\/\/www.tion.ro\/cimke\/trotinete\" rel=\"tag\"><span class=\"link\">trotinete<\/span><\/a><\/div>\n<\/div>\n<\/div>\n<div class=\"comments\">\n<div class=\"top\">\n<div class=\"commentsNumber\"><span class=\"number\">2<\/span><span class=\"text\">Comentarii<\/span><\/div>\n<\/div>\n<div class=\"center\">\n<div id=\"respond\" class=\"comment-respond\">\n<h3 id=\"reply-title\" class=\"comment-reply-title\"><small><a rel=\"nofollow\" id=\"cancel-comment-reply-link\" href=\"https:\/\/www.tion.ro\/eveniment\/video-copil-surprins-pe-trotineta-pe-drum-european-aproape-de-masini-la-remetea-mare-2333739\/#respond\">Cancel reply<\/a><\/small><\/h3>\n<p class=\"comment-notes\"><span id=\"email-notes\">Your email address will not be published.<\/span><span class=\"required-field-message\">Required fields are marked <span class=\"required\">*<\/span><\/span><\/p>\n<p class=\"commentFormComment\"><span id=\"commentFormCount\"><br \/>\n                            inca<br \/>\n                            <span id=\"countCommentText\">1000<\/span><br \/>\n                            caractere ramase<br \/>\n                        <\/span><\/p>\n<\/div>\n<\/div>\n<div class=\"bottom\">\n<p class=\"forumDisclaimerHuRo\">\n            Citi\u021bi principiile noastre de moderare <a href=\"https:\/\/www.tion.ro\/reguli-postare-comentarii\/\" target=\"_blank\">aici<\/a>!\n        <\/p>\n<\/div>\n<\/div>\n<div id=\"forum\">\n<li class=\"comment even thread-even depth-1\" id=\"comment-1014519\">\n<div id=\"div-comment-1014519\" class=\"comment-body\">\n<div class=\"comment-author vcard\"><img decoding=\"async\" alt src=\"https:\/\/secure.gravatar.com\/avatar\/36e42d30e8a878718e72c909abe589ba?s=32&amp;d=mm&amp;r=g\" class=\"avatar avatar-32 photo\" height=\"32\" width=\"32\" loading=\"lazy\"><cite class=\"fn\">Domnul vasile<\/cite><span class=\"says\">says:<\/span><\/div>\n<div class=\"comment-meta commentmetadata\"><a href=\"https:\/\/www.tion.ro\/eveniment\/video-copil-surprins-pe-trotineta-pe-drum-european-aproape-de-masini-la-remetea-mare-2333739\/#comment-1014519\">August 13, 2026 at 4:34 pm<\/a><\/div>\n<p>E foarte frumos ca politistii fac recomandari , dar de fapt doar recomandari fac, si atat. Nu sunt prezenti in trafic aproape deloc. De ce toate imaginile sunt transmise de soferi si politia nu vede nimic in vecii vecilor ?? De ce oare ?<br \/>\nEu am vazut in trafic situatii in care politia era prezenta , dar ce sa vezi, c\u0103 ei nu au vazut, tocmai se uitau in alta parte ! Si atunci baietii sunt convinsi ca ei sunt cei mai buni si continua la fel in trafic . Din pacate !<br \/>\nSi atunci ???<\/p>\n<div class=\"reply\"><a rel=\"nofollow\" class=\"comment-reply-link\" href=\"https:\/\/www.tion.ro\/eveniment\/video-copil-surprins-pe-trotineta-pe-drum-european-aproape-de-masini-la-remetea-mare-2333739\/#comment-1014519\" data-commentid=\"1014519\" data-postid=\"2333739\" data-belowelement=\"div-comment-1014519\" data-respondelement=\"respond\" data-replyto=\"Reply to Domnul vasile\" aria-label=\"Reply to Domnul vasile\">Reply<\/a><\/div>\n<\/div>\n<\/li>\n<li class=\"comment odd alt thread-odd thread-alt depth-1\" id=\"comment-1014549\">\n<div id=\"div-comment-1014549\" class=\"comment-body\">\n<div class=\"comment-author vcard\"><img decoding=\"async\" alt src=\"https:\/\/secure.gravatar.com\/avatar\/d1361b16fddc87981d13c43857a6d21a?s=32&amp;d=mm&amp;r=g\" class=\"avatar avatar-32 photo\" height=\"32\" width=\"32\" loading=\"lazy\"><cite class=\"fn\">Nup<\/cite><span class=\"says\">says:<\/span><\/div>\n<div class=\"comment-meta commentmetadata\"><a href=\"https:\/\/www.tion.ro\/eveniment\/video-copil-surprins-pe-trotineta-pe-drum-european-aproape-de-masini-la-remetea-mare-2333739\/#comment-1014549\">August 13, 2026 at 6:06 pm<\/a><\/div>\n<p>Iute \u0219i furios.<\/p>\n<div class=\"reply\"><a rel=\"nofollow\" class=\"comment-reply-link\" href=\"https:\/\/www.tion.ro\/eveniment\/video-copil-surprins-pe-trotineta-pe-drum-european-aproape-de-masini-la-remetea-mare-2333739\/#comment-1014549\" data-commentid=\"1014549\" data-postid=\"2333739\" data-belowelement=\"div-comment-1014549\" data-respondelement=\"respond\" data-replyto=\"Reply to Nup\" aria-label=\"Reply to Nup\">Reply<\/a><\/div>\n<\/div>\n<\/li>\n<\/div>\n<\/div>\n<\/div>\n<\/article>\n<div class=\"entry-content clearfix\">\n<div class=\"enewsArticleContent\">\n<p class=\"isSelectedEnd\">Un filmule\u021b primit de redac\u021bia Tion de la un cititor readuce \u00een aten\u021bie o problem\u0103 pe care o vedem tot mai des \u00een trafic: copiii care circul\u0103 cu trotinetele electrice pe drumuri unde trec zilnic sute de ma\u0219ini.<\/p>\n<p class=\"isSelectedEnd\">Imaginile au fost filmate pe E70, \u00een zona CT Park Remetea Mare. \u00cen filmare apare un b\u0103iat care pare s\u0103 fie elev de gimnaziu, aflat pe o trotinet\u0103 electric\u0103. Nu putem spune cu exactitate ce v\u00e2rst\u0103 are, \u00eens\u0103, din imagini, pare foarte t\u00e2n\u0103r. Poart\u0103 casc\u0103, \u00eens\u0103 circul\u0103 pe un drum intens circulat. \u00cen momentul film\u0103rii, ma\u0219ina din care a fost f\u0103cut\u0103 \u00eenregistrarea avea aproximativ 80 de kilometri pe or\u0103.<\/p>\n<p class=\"isSelectedEnd\">Datele transmise de poli\u021bi\u0219ti arat\u0103 c\u0103 de la \u00eenceputul anului 2026 \u0219i p\u00e2n\u0103 \u00een prezent, \u00een jude\u021bul Timi\u0219 au fost \u00eenregistrate 78 de accidente rutiere \u00een care au fost implicate trotinete electrice. Un copil \u0219i-a pierdut via\u021ba, iar alte 81 de persoane au fost r\u0103nite.<\/p>\n<p class=\"isSelectedEnd\">\u00cen luna august, poli\u021bi\u0219tii rutieri desf\u0103\u0219oar\u0103 ac\u021biuni la nivel na\u021bional pentru a-i determina pe cei care folosesc trotinete \u0219i alte vehicule pe dou\u0103 ro\u021bi s\u0103 fie mai aten\u021bi \u0219i s\u0103 respecte regulile de circula\u021bie.<\/p>\n<p class=\"isSelectedEnd\">Poli\u021bi\u0219tii le recomand\u0103 celor care merg cu trotineta s\u0103 fie foarte aten\u021bi \u00een intersec\u021bii \u0219i atunci c\u00e2nd schimb\u0103 direc\u021bia de mers. Trebuie respectate regulile privind locurile \u00een care este permis\u0103 circula\u021bia, iar pe trotinet\u0103 nu trebuie transportat\u0103 o alt\u0103 persoan\u0103.<\/p>\n<p class=\"isSelectedEnd\">Un mesaj important este adresat \u0219i p\u0103rin\u021bilor: copiii cu v\u00e2rsta sub 14 ani nu trebuie l\u0103sa\u021bi s\u0103 circule cu trotineta electric\u0103 pe drumurile deschise circula\u021biei publice.<\/p>\n<p class=\"isSelectedEnd\">Casca este important\u0103 \u0219i poate proteja \u00een cazul unei c\u0103z\u0103turi, dar nu poate feri un copil de o ma\u0219in\u0103 care vine din spate sau de o situa\u021bie ap\u0103rut\u0103 brusc \u00een trafic.<\/p>\n<p class=\"isSelectedEnd\">\u00cen traficul de zi cu zi o clip\u0103 de neaten\u021bie, o groap\u0103, o ma\u0219in\u0103 care schimb\u0103 direc\u021bia sau o fr\u00e2nare brusc\u0103 pot duce foarte repede la un accident.<\/p>\n<p class=\"isSelectedEnd\">Iar cele 78 de accidente \u00eenregistrate \u00een Timi\u0219 de la \u00eenceputul anului arat\u0103 c\u0103 nu vorbim doar despre un pericol teoretic.<\/p>\n<div class=\"wp-video\"><video class=\"wp-video-shortcode\" id=\"video-2333739-1\" width=\"464\" height=\"832\" preload=\"metadata\" controls=\"controls\"><source type=\"video\/mp4\" src=\"https:\/\/www.tion.ro\/wp-content\/uploads\/2026\/08\/6626133WhatsAppVideo20260813at154639.mp4?_=1\" \/><\/video><\/div>\n<div class=\"fbShareLikeTwitterAndEmailContainer\">\n<div class=\"wrapper\">\n<div class=\"email\">\n<div id=\"mailto-pop\" class=\"pop-form pop-form-mailto\">\n<div class=\"pop-form-header\">\n<h4>Trimite articolul<\/h4>\n<p><a class=\"pop-form-close\">X<\/a><\/div>\n<\/div>\n<\/div>\n<\/div>\n<\/div>\n<div class=\"tagsContainer\">\n<div class=\"tagsLabel\">Taguri:<\/div>\n<div class=\"tags\">\n<div class=\"tag\"><a href=\"https:\/\/www.tion.ro\/cimke\/copil-trotineta\" rel=\"tag\"><span class=\"link\">copil trotineta<\/span><span class=\"separator\">,<\/span><\/a><\/div>\n<div class=\"tag\"><a href=\"https:\/\/www.tion.ro\/cimke\/remetea-mare\" rel=\"tag\"><span class=\"link\">remetea mare<\/span><span class=\"separator\">,<\/span><\/a><\/div>\n<div class=\"tag\"><a href=\"https:\/\/www.tion.ro\/cimke\/trotinete\" rel=\"tag\"><span class=\"link\">trotinete<\/span><\/a><\/div>\n<\/div>\n<\/div>\n<div class=\"comments\">\n<div class=\"top\">\n<div class=\"commentsNumber\"><span class=\"number\">2<\/span><span class=\"text\">Comentarii<\/span><\/div>\n<\/div>\n<div class=\"center\">\n<div id=\"respond\" class=\"comment-respond\">\n<h3 id=\"reply-title\" class=\"comment-reply-title\"><small><a rel=\"nofollow\" id=\"cancel-comment-reply-link\" href=\"https:\/\/www.tion.ro\/eveniment\/video-copil-surprins-pe-trotineta-pe-drum-european-aproape-de-masini-la-remetea-mare-2333739\/#respond\">Cancel reply<\/a><\/small><\/h3>\n<p class=\"comment-notes\"><span id=\"email-notes\">Your email address will not be published.<\/span><span class=\"required-field-message\">Required fields are marked <span class=\"required\">*<\/span><\/span><\/p>\n<p class=\"commentFormComment\"><span id=\"commentFormCount\"><br \/>\n                            inca<br \/>\n                            <span id=\"countCommentText\">1000<\/span><br \/>\n                            caractere ramase<br \/>\n                        <\/span><\/p>\n<\/div>\n<\/div>\n<div class=\"bottom\">\n<p class=\"forumDisclaimerHuRo\">\n            Citi\u021bi principiile noastre de moderare <a href=\"https:\/\/www.tion.ro\/reguli-postare-comentarii\/\" target=\"_blank\">aici<\/a>!\n        <\/p>\n<\/div>\n<\/div>\n<div id=\"forum\">\n<li class=\"comment even thread-even depth-1\" id=\"comment-1014519\">\n<div id=\"div-comment-1014519\" class=\"comment-body\">\n<div class=\"comment-author vcard\"><img decoding=\"async\" alt src=\"https:\/\/secure.gravatar.com\/avatar\/36e42d30e8a878718e72c909abe589ba?s=32&amp;d=mm&amp;r=g\" class=\"avatar avatar-32 photo\" height=\"32\" width=\"32\" loading=\"lazy\"><cite class=\"fn\">Domnul vasile<\/cite><span class=\"says\">says:<\/span><\/div>\n<div class=\"comment-meta commentmetadata\"><a href=\"https:\/\/www.tion.ro\/eveniment\/video-copil-surprins-pe-trotineta-pe-drum-european-aproape-de-masini-la-remetea-mare-2333739\/#comment-1014519\">August 13, 2026 at 4:34 pm<\/a><\/div>\n<p>E foarte frumos ca politistii fac recomandari , dar de fapt doar recomandari fac, si atat. Nu sunt prezenti in trafic aproape deloc. De ce toate imaginile sunt transmise de soferi si politia nu vede nimic in vecii vecilor ?? De ce oare ?<br \/>\nEu am vazut in trafic situatii in care politia era prezenta , dar ce sa vezi, c\u0103 ei nu au vazut, tocmai se uitau in alta parte ! Si atunci baietii sunt convinsi ca ei sunt cei mai buni si continua la fel in trafic . Din pacate !<br \/>\nSi atunci ???<\/p>\n<div class=\"reply\"><a rel=\"nofollow\" class=\"comment-reply-link\" href=\"https:\/\/www.tion.ro\/eveniment\/video-copil-surprins-pe-trotineta-pe-drum-european-aproape-de-masini-la-remetea-mare-2333739\/#comment-1014519\" data-commentid=\"1014519\" data-postid=\"2333739\" data-belowelement=\"div-comment-1014519\" data-respondelement=\"respond\" data-replyto=\"Reply to Domnul vasile\" aria-label=\"Reply to Domnul vasile\">Reply<\/a><\/div>\n<\/div>\n<\/li>\n<li class=\"comment odd alt thread-odd thread-alt depth-1\" id=\"comment-1014549\">\n<div id=\"div-comment-1014549\" class=\"comment-body\">\n<div class=\"comment-author vcard\"><img decoding=\"async\" alt src=\"https:\/\/secure.gravatar.com\/avatar\/d1361b16fddc87981d13c43857a6d21a?s=32&amp;d=mm&amp;r=g\" class=\"avatar avatar-32 photo\" height=\"32\" width=\"32\" loading=\"lazy\"><cite class=\"fn\">Nup<\/cite><span class=\"says\">says:<\/span><\/div>\n<div class=\"comment-meta commentmetadata\"><a href=\"https:\/\/www.tion.ro\/eveniment\/video-copil-surprins-pe-trotineta-pe-drum-european-aproape-de-masini-la-remetea-mare-2333739\/#comment-1014549\">August 13, 2026 at 6:06 pm<\/a><\/div>\n<p>Iute \u0219i furios.<\/p>\n<div class=\"reply\"><a rel=\"nofollow\" class=\"comment-reply-link\" href=\"https:\/\/www.tion.ro\/eveniment\/video-copil-surprins-pe-trotineta-pe-drum-european-aproape-de-masini-la-remetea-mare-2333739\/#comment-1014549\" data-commentid=\"1014549\" data-postid=\"2333739\" data-belowelement=\"div-comment-1014549\" data-respondelement=\"respond\" data-replyto=\"Reply to Nup\" aria-label=\"Reply to Nup\">Reply<\/a><\/div>\n<\/div>\n<\/li>\n<\/div>\n<\/div>\n<\/div>\n<p>[analyse_source url=&#8221;https:\/\/www.tion.ro\/eveniment\/video-copil-surprins-pe-trotineta-pe-drum-european-aproape-de-masini-la-remetea-mare-2333739\/&#8221;]<\/p>\n","protected":false},"excerpt":{"rendered":"<p>[analyse_image type=&#8221;featured&#8221; src=&#8221;https:\/\/www.tion.ro\/wp-content\/uploads\/2026\/08\/+otf\/1200&#215;630\/d81yAjvMmY8fhCVBXfKvFU5PVF9WRVJZX1NFQ7FW1IwQeINKFAGdckShvewuLu99LzLL+HTIWJ9Aff8IVpCJvAuqszwfTrg7G2JNaMryKH6suL52DGuBNyaRhyU=\/6626131WhatsAppImage20260813at154729.jpeg&#8221;] Un filmule\u021b primit de redac\u021bia Tion de la un cititor readuce \u00een aten\u021bie o problem\u0103 pe care o vedem tot mai des \u00een trafic: copiii care circul\u0103 cu trotinetele electrice pe drumuri unde trec zilnic sute de ma\u0219ini. Imaginile au fost filmate pe E70, \u00een zona CT Park Remetea Mare. \u00cen filmare [&hellip;]<\/p>\n","protected":false},"author":1,"featured_media":0,"comment_status":"open","ping_status":"","sticky":false,"template":"","format":"standard","meta":{"footnotes":""},"categories":[89],"tags":[226,191],"class_list":["post-2091671","post","type-post","status-publish","format-standard","hentry","category-romania","tag-crawlmanager","tag-tion-ro"],"_links":{"self":[{"href":"https:\/\/analyse.optim.biz\/index.php?rest_route=\/wp\/v2\/posts\/2091671","targetHints":{"allow":["GET"]}}],"collection":[{"href":"https:\/\/analyse.optim.biz\/index.php?rest_route=\/wp\/v2\/posts"}],"about":[{"href":"https:\/\/analyse.optim.biz\/index.php?rest_route=\/wp\/v2\/types\/post"}],"author":[{"embeddable":true,"href":"https:\/\/analyse.optim.biz\/index.php?rest_route=\/wp\/v2\/users\/1"}],"replies":[{"embeddable":true,"href":"https:\/\/analyse.optim.biz\/index.php?rest_route=%2Fwp%2Fv2%2Fcomments&post=2091671"}],"version-history":[{"count":0,"href":"https:\/\/analyse.optim.biz\/index.php?rest_route=\/wp\/v2\/posts\/2091671\/revisions"}],"wp:attachment":[{"href":"https:\/\/analyse.optim.biz\/index.php?rest_route=%2Fwp%2Fv2%2Fmedia&parent=2091671"}],"wp:term":[{"taxonomy":"category","embeddable":true,"href":"https:\/\/analyse.optim.biz\/index.php?rest_route=%2Fwp%2Fv2%2Fcategories&post=2091671"},{"taxonomy":"post_tag","embeddable":true,"href":"https:\/\/analyse.optim.biz\/index.php?rest_route=%2Fwp%2Fv2%2Ftags&post=2091671"}],"curies":[{"name":"wp","href":"https:\/\/api.w.org\/{rel}","templated":true}]}}