{"id":2091642,"date":"2026-08-13T12:41:12","date_gmt":"2026-08-13T09:41:12","guid":{"rendered":"https:\/\/analyse.optim.biz\/?p=2091642"},"modified":"2026-08-13T12:41:12","modified_gmt":"2026-08-13T09:41:12","slug":"petrisor-peiu-aur-de-sapte-luni-ministerul-energiei-nu-este-capabil-sa-evalueze-singura-oferta-depusa-la-licitatia-pentru-constructia-centralei-de-la-turceni","status":"publish","type":"post","link":"https:\/\/analyse.optim.biz\/?p=2091642","title":{"rendered":"Petri\u0219or Peiu (AUR): De \u0219apte luni, Ministerul Energiei nu este capabil sa evalueze SINGURA ofert\u0103 depus\u0103 la licita\u021bia pentru construc\u021bia centralei de la Turceni"},"content":{"rendered":"<p>[analyse_image type=&#8221;featured&#8221; src=&#8221;https:\/\/r3media.ro\/wp-content\/uploads\/2026\/07\/petrisor-peiu-e1784659568290.jpeghttps:\/\/r3media.ro\/wp-content\/uploads\/2026\/07\/petrisor-peiu-e1784659568290.jpeg&#8221;]<\/p>\n<article id=\"template-id-109\" class=\"post-109 tdb_templates type-tdb_templates status-publish post\">\n<div id=\"tdi_2\" class=\"tdc-zone\">\n<div class=\"tdc_zone tdi_3  wpb_row td-pb-row\">\n<div id=\"tdi_4\" class=\"tdc-row\">\n<div class=\"vc_row tdi_5  wpb_row td-pb-row\">\n<div class=\"vc_column tdi_7  wpb_column vc_column_container tdc-column td-pb-span8\">\n<div class=\"wpb_wrapper\">\n<div class=\"td_block_wrap tdb_breadcrumbs tdi_8 td-pb-border-top td_block_template_1 tdb-breadcrumbs \" data-td-block-uid=\"tdi_8\">\n<div class=\"tdb-block-inner td-fix-index\"><span><a title=\"Vede\u021bi toate articolele \u00een ENERGIE\" class=\"tdb-entry-crumb\" href=\"https:\/\/r3media.ro\/category\/energie\/\">ENERGIE<\/a><\/span><span class=\"tdb-bred-no-url-last\">Petri\u0219or Peiu (AUR): De \u0219apte luni, Ministerul Energiei nu este capabil sa&#8230;<\/span><\/div>\n<\/div>\n<div class=\"td_block_wrap tdb_single_categories tdi_9 td-pb-border-top td_block_template_1 \" data-td-block-uid=\"tdi_9\">\n<div class=\"tdb-category td-fix-index\"><a class=\"tdb-entry-category\" href=\"https:\/\/r3media.ro\/category\/energie\/\">ENERGIE<\/a><a class=\"tdb-entry-category\" href=\"https:\/\/r3media.ro\/category\/stiri-prim-plan\/\">PRIM PLAN<\/a><a class=\"tdb-entry-category\" href=\"https:\/\/r3media.ro\/category\/stiri\/\">\u0218TIRI<\/a><\/div>\n<\/div>\n<div class=\"td_block_wrap tdb_title tdi_10 tdb-single-title td-pb-border-top td_block_template_1\" data-td-block-uid=\"tdi_10\">\n<div class=\"tdb-block-inner td-fix-index\">\n<h1 class=\"tdb-title-text\">Petri\u0219or Peiu (AUR): De \u0219apte luni, Ministerul Energiei nu este capabil sa evalueze SINGURA ofert\u0103 depus\u0103 la licita\u021bia pentru construc\u021bia centralei de la Turceni<\/h1>\n<\/div>\n<\/div>\n<div class=\"vc_row_inner tdi_12  vc_row vc_inner wpb_row td-pb-row\">\n<div class=\"vc_column_inner tdi_14  wpb_column vc_column_container tdc-inner-column td-pb-span12\">\n<div class=\"vc_column-inner\">\n<div class=\"wpb_wrapper\">\n<div class=\"td_block_wrap tdb_single_author tdi_15 td-pb-border-top td_block_template_1 tdb-post-meta\" data-td-block-uid=\"tdi_15\">\n<div class=\"tdb-block-inner td-fix-index\">\n<div class=\"tdb-author-name-wrap\"><a class=\"tdb-author-name\" href=\"https:\/\/r3media.ro\/author\/redactia\/\">Redac\u021bia<\/a><\/div>\n<\/div>\n<\/div>\n<div class=\"td_block_wrap tdb_single_date tdi_16 td-pb-border-top td_block_template_1 tdb-post-meta\" data-td-block-uid=\"tdi_16\">\n<div class=\"tdb-block-inner td-fix-index\"><time class=\"entry-date updated td-module-date\" datetime=\"2026-08-13T15:41:12+03:00\">13\/08\/2026<\/time><\/div>\n<\/div>\n<\/div>\n<\/div>\n<\/div>\n<\/div>\n<div class=\"td_block_wrap tdb_single_featured_image tdi_17 tdb-content-horiz-left td-pb-border-top td_block_template_1\" data-td-block-uid=\"tdi_17\">\n<div class=\"tdb-block-inner td-fix-index\">\n<figure><figcaption class=\"tdb-caption-text\">Sursa foto: Partidul AUR<\/figcaption><\/figure>\n<\/div>\n<\/div>\n<div class=\"td_block_wrap tdb_single_content tdi_18 td-pb-border-top td_block_template_1 td-post-content tagdiv-type\" data-td-block-uid=\"tdi_18\">\n<div class=\"tdb-block-inner td-fix-index\">\n<p><strong>Senatorul Petri\u0219or Peiu (AUR) acuz\u0103 Ministerul Energiei c\u0103 nu este capabil s\u0103 evalueze singura ofert\u0103 depus\u0103 la licita\u021bia pentru construc\u021bia centralei de la Turceni, potrivit unui comunicat.<\/strong><\/p>\n<p>Peiu afirm\u0103 c\u0103 Ministerul Energiei nu a reu\u0219it, \u00een \u0219apte luni, s\u0103 evalueze singurul candidat pentru construc\u021bia centralei de la Turceni.<\/p>\n<p>\u201eCum arat\u0103 un stat nefunc\u021bional \u00een plin\u0103 criz\u0103 energetic\u0103: din ianuarie 2026, adic\u0103 de \u0219apte luni, Ministerul Energiei nu este capabil sa evalueze SINGURA ofert\u0103 depus\u0103 la licita\u021bia pentru construc\u021bia centralei de la Turceni. Asta dup\u0103 cinci ani \u00een care a mai organizat dou\u0103 licita\u021bii la care nu s-a prezentat nimeni.<\/p>\n<p>La licita\u021bia organizat\u0103 \u00een decembrie 2025 asocierea dintre CE Oltenia \u0219i firma Tinmar, CCCG Turceni SA, a primit o singur\u0103 ofert\u0103 la licita\u021bie, din partea unei firme de construc\u021bii rom\u00e2ne\u0219ti din Odorheiu Secuiesc, Berdia SRL.<\/p>\n<p>O firm\u0103 cu o cifr\u0103 de afaceri de 16 milioane lei \u00een 2024 si de sub 10 milioane de lei \u00een 2025, controlat\u0103 de Attila Berkeczi. Berdia SRL are \u00eens\u0103, ca ter\u021b sus\u021bin\u0103tor \u0219i principal subcontractant, colosul chinez de stat Dongfang Electric International Corporation, produc\u0103tor de generatoare electrice pentru unit\u0103\u021bi de produc\u021bie de energie \u0219i constructor de centrale \u0219i sta\u021bii energetice.<\/p>\n<p>S\u0103 nu fii capabil s\u0103 organizezi o licita\u021bie reu\u0219it\u0103 timp de cinci ani asta chiar este o performan\u021b\u0103 administrativ\u0103, nu?<\/p>\n<p>Ei bine, cele \u0219apte luni de evaluare a unei singure oferte cui se datoreaz\u0103? Premierului Bolojan, care se lupt\u0103 cu ,,mafia\u201d din energie ? Vice-premierului reformator Oana Gheorghiu, care ,,reformeaza\u201d companiile de stat? Ministrului PSD- ist Bogdan Ivan, care cunoa\u0219te restaurantele din Washington mai bine dec\u00e2t carierele din Valea Jiului?<\/p>\n<p>Oare o func\u021bionare \u00een termeni normali a guvernului nu ar fi fost mai eficient\u0103 dec\u00e2t circul lui Miru\u021b\u0103 cu st\u00e2nci detonate?\u201d, a spus Petri\u0219or Peiu.<\/p>\n<p><a href=\"https:\/\/go.fliplink.me\/view\/C266928E-45E2-4B9A-B920-361B001CF18A\" target=\"_blank\" rel=\"noopener\">Notificare privind transparen\u021ba<\/a><\/p>\n<div class=\"crp_related     crp-masonry\">\n<h2>\u00ceN CONTEXT<\/h2>\n<ul>\n<li><a href=\"https:\/\/r3media.ro\/petrisor-peiu-bnr-guvern-bolojan-stagflatie\/\" class=\"crp_link post-117049\"><span class=\"crp_title\">Petri\u0219or Peiu: BNR \u00eemparte responsabilitatea cu guvernul Bolojan pentru stagfla\u021bia din Rom\u00e2nia<\/span><\/a><\/li>\n<li><a href=\"https:\/\/r3media.ro\/petrisor-peiu-tren-medical-safe-teapa\/\" class=\"crp_link post-117742\"><span class=\"crp_title\">Petri\u0219or Peiu contest\u0103 achizi\u021bia unui tren medical de 73 de milioane de euro: Pe rom\u00e2ne\u0219te,\u2026<\/span><\/a><\/li>\n<li><a href=\"https:\/\/r3media.ro\/petrisor-peiu-conditii-aur-vot-guvernul-vestea-nicusor-dan-solutii-bunastare-romani\/\" class=\"crp_link post-118481\"><span class=\"crp_title\">Condi\u021biile AUR pentru a vota Guvernul Ve\u0219tea. Petri\u0219or Peiu propune solu\u021bii clare pentru\u2026<\/span><\/a><\/li>\n<li><a href=\"https:\/\/r3media.ro\/petrisor-peiu-desfiintarea-impozitului-minim-pe-cifra-de-afaceri\/\" class=\"crp_link post-119216\"><span class=\"crp_title\">Petri\u0219or Peiu: Desfiin\u021barea impozitului minim pe cifra de afaceri, \u201eo invita\u021bie la o joac\u0103\u2026<\/span><\/a><\/li>\n<li><a href=\"https:\/\/r3media.ro\/ingrasamintele-s-au-scumpit-cu-17-in-romania-dublu-fata-de-media-europeana-petrisor-peiu-acuza-inchiderea-azomures-si-politicile-ultimilor-ani\/\" class=\"crp_link post-117311\"><span class=\"crp_title\">\u00cengr\u0103\u0219\u0103mintele s-au scumpit cu 17% \u00een Rom\u00e2nia, dublu fa\u021b\u0103 de media european\u0103. Petri\u0219or Peiu\u2026<\/span><\/a><\/li>\n<li><a href=\"https:\/\/r3media.ro\/senatorul-petrisor-peiu-aur-a-explodat-importul-de-energie-electrica-iar-productia-interna-s-a-prabusit\/\" class=\"crp_link post-114492\"><span class=\"crp_title\">Senatorul Petri\u0219or Peiu (AUR): A explodat IMPORTUL de energie electric\u0103, iar produc\u021bia\u2026<\/span><\/a><\/li>\n<li><a href=\"https:\/\/r3media.ro\/cristian-sipos-aur-preturi-energie-specula-importuri-ong-uri\/\" class=\"crp_link post-119226\"><span class=\"crp_title\">Cristian \u0218ipo\u0219 (AUR): Pre\u021burile la energie cresc \u201edin cauza speculei, a importurilor \u0219i a\u2026<\/span><\/a><\/li>\n<li><a href=\"https:\/\/r3media.ro\/procedura-oprire-controlata-unitatea-2-reactor-nuclear-cernavoda-scufundare-barje-detonare-stanci\/\" class=\"crp_link post-121149\"><span class=\"crp_title\">Unitatea 2 de la Centrala Nuclear\u0103 Cernavod\u0103 a intrat \u00een procedura de oprire controlat\u0103.\u2026<\/span><\/a><\/li>\n<\/ul>\n<\/div>\n<\/div>\n<\/div>\n<div class=\"td_block_wrap tdb_single_tags tdi_19 td-pb-border-top td_block_template_1\" data-td-block-uid=\"tdi_19\">\n<div class=\"tdb-block-inner td-fix-index\">\n<ul class=\"tdb-tags\">\n<li><span>SUBIECTE FIERBIN\u021aI<\/span><\/li>\n<li><a href=\"https:\/\/r3media.ro\/tag\/ministerul-energiei\/\">Ministerul Energiei<\/a><\/li>\n<li><a href=\"https:\/\/r3media.ro\/tag\/partidul-aur\/\">partidul aur<\/a><\/li>\n<li><a href=\"https:\/\/r3media.ro\/tag\/petrisor-peiu\/\">petrisor peiu<\/a><\/li>\n<\/ul>\n<\/div>\n<\/div>\n<div class=\"td_block_wrap td_block_9 tdi_20 td_with_ajax_pagination td-pb-border-top td_block_template_1 td-column-2 td_block_padding td_block_bot_line\" data-td-block-uid=\"tdi_20\">\n<div class=\"td-block-title-wrap\">\n<h4 class=\"block-title td-block-title\"><span class=\"td-pulldown-size\">CITE\u0218TE MAI MULT<\/span><\/h4>\n<\/div>\n<div id=\"tdi_20\" class=\"td_block_inner\">\n<div class=\"td-block-row\">\n<div class=\"td-block-span6\">\n<div class=\"td_module_8 td_module_wrap\">\n<div class=\"item-details\">\n<h3 class=\"entry-title td-module-title\"><a href=\"https:\/\/r3media.ro\/presedintele-serbiei-razboiul-din-ucraina\/\" rel=\"bookmark\" title=\"Pre\u0219edintele Serbiei nu crede c\u0103 r\u0103zboiul din Ucraina se termin\u0103 cur\u00e2nd: Cred c\u0103 ne afl\u0103m la \u00eenceputul unui r\u0103zboi mult, mult mai mare\">Pre\u0219edintele Serbiei nu crede c\u0103 r\u0103zboiul din Ucraina se termin\u0103 cur\u00e2nd: Cred c\u0103 ne&#8230;<\/a><\/h3>\n<div class=\"td-module-meta-info\"><a href=\"https:\/\/r3media.ro\/category\/actualitate\/\" class=\"td-post-category\">ACTUALITATE<\/a><span class=\"td-post-author-name\"><a href=\"https:\/\/r3media.ro\/author\/teodor_stan\/\">Teodor Stan<\/a><span>&#8211;<\/span><\/span><span class=\"td-post-date\"><time class=\"entry-date updated td-module-date\" datetime=\"2026-08-10T12:22:44+03:00\">10\/08\/2026<\/time><\/span><\/div>\n<\/div>\n<\/div>\n<\/div>\n<div class=\"td-block-span6\">\n<div class=\"td_module_8 td_module_wrap\">\n<div class=\"item-details\">\n<h3 class=\"entry-title td-module-title\"><a href=\"https:\/\/r3media.ro\/fara-apa-fara-curent-fara-viitor-cum-au-sacrificat-pro-europenii-romania-pe-altarul-ecologiei-ieftine\/\" rel=\"bookmark\" title=\"F\u0103r\u0103 ap\u0103, f\u0103r\u0103 curent, f\u0103r\u0103 viitor: cum au sacrificat pro-europenii Rom\u00e2nia pe altarul ecologiei ieftine\">F\u0103r\u0103 ap\u0103, f\u0103r\u0103 curent, f\u0103r\u0103 viitor: cum au sacrificat pro-europenii Rom\u00e2nia pe altarul ecologiei&#8230;<\/a><\/h3>\n<div class=\"td-module-meta-info\"><a href=\"https:\/\/r3media.ro\/category\/actualitate\/\" class=\"td-post-category\">ACTUALITATE<\/a><span class=\"td-post-author-name\"><a href=\"https:\/\/r3media.ro\/author\/paul_lazar\/\">Paul-Daniel Laz\u0103r<\/a><span>&#8211;<\/span><\/span><span class=\"td-post-date\"><time class=\"entry-date updated td-module-date\" datetime=\"2026-08-08T22:30:54+03:00\">08\/08\/2026<\/time><\/span><\/div>\n<\/div>\n<\/div>\n<\/div>\n<\/div>\n<div class=\"td-block-row\">\n<div class=\"td-block-span6\">\n<div class=\"td_module_8 td_module_wrap\">\n<div class=\"item-details\">\n<h3 class=\"entry-title td-module-title\"><a href=\"https:\/\/r3media.ro\/show-iluzie-si-realitate-de-la-the-truman-show-la-son-of-a-rich\/\" rel=\"bookmark\" title=\"Show, iluzie \u0219i realitate: de la The Truman Show la Son of a Rich\">Show, iluzie \u0219i realitate: de la The Truman Show la Son of a Rich<\/a><\/h3>\n<div class=\"td-module-meta-info\"><a href=\"https:\/\/r3media.ro\/category\/actualitate\/\" class=\"td-post-category\">ACTUALITATE<\/a><span class=\"td-post-author-name\"><a href=\"https:\/\/r3media.ro\/author\/costi_balasoiu\/\">Constantin B\u0103l\u0103\u0219oiu<\/a><span>&#8211;<\/span><\/span><span class=\"td-post-date\"><time class=\"entry-date updated td-module-date\" datetime=\"2026-08-08T15:30:25+03:00\">08\/08\/2026<\/time><\/span><\/div>\n<\/div>\n<\/div>\n<\/div>\n<div class=\"td-block-span6\">\n<div class=\"td_module_8 td_module_wrap\">\n<div class=\"item-details\">\n<h3 class=\"entry-title td-module-title\"><a href=\"https:\/\/r3media.ro\/fani-stapanul-inelelor-surpriza-sezonul-3-sauron\/\" rel=\"bookmark\" title=\"Fanii \u201eSt\u0103p\u00e2nul Inelelor\u201c ar putea avea o surpriz\u0103 \u00een sezonul 3 din serialul \u201eInelele Puterii\u201c. Sauron se va confrunta cu o creatur\u0103 de temut\">Fanii \u201eSt\u0103p\u00e2nul Inelelor\u201c ar putea avea o surpriz\u0103 \u00een sezonul 3 din serialul \u201eInelele&#8230;<\/a><\/h3>\n<div class=\"td-module-meta-info\"><a href=\"https:\/\/r3media.ro\/category\/actualitate\/\" class=\"td-post-category\">ACTUALITATE<\/a><span class=\"td-post-author-name\"><a href=\"https:\/\/r3media.ro\/author\/oana\/\">Oana Ivan<\/a><span>&#8211;<\/span><\/span><span class=\"td-post-date\"><time class=\"entry-date updated td-module-date\" datetime=\"2026-08-08T00:19:31+03:00\">08\/08\/2026<\/time><\/span><\/div>\n<\/div>\n<\/div>\n<\/div>\n<\/div>\n<div class=\"td-block-row\">\n<div class=\"td-block-span6\">\n<div class=\"td_module_8 td_module_wrap\">\n<div class=\"item-details\">\n<h3 class=\"entry-title td-module-title\"><a href=\"https:\/\/r3media.ro\/david-popovici-fair-play-sportivi-rusi-competitii\/\" rel=\"bookmark\" title=\"David Popovici, fair-play la revenirea sportivilor ru\u0219i \u00een competi\u021bii: Le urez succes, sper s\u0103 fiu mai bun dec\u00e2t ei\">David Popovici, fair-play la revenirea sportivilor ru\u0219i \u00een competi\u021bii: Le urez succes, sper s\u0103&#8230;<\/a><\/h3>\n<div class=\"td-module-meta-info\"><a href=\"https:\/\/r3media.ro\/category\/actualitate\/\" class=\"td-post-category\">ACTUALITATE<\/a><span class=\"td-post-author-name\"><a href=\"https:\/\/r3media.ro\/author\/redactia\/\">Redac\u021bia<\/a><span>&#8211;<\/span><\/span><span class=\"td-post-date\"><time class=\"entry-date updated td-module-date\" datetime=\"2026-08-07T15:07:51+03:00\">07\/08\/2026<\/time><\/span><\/div>\n<\/div>\n<\/div>\n<\/div>\n<div class=\"td-block-span6\">\n<div class=\"td_module_8 td_module_wrap\">\n<div class=\"item-details\">\n<h3 class=\"entry-title td-module-title\"><a href=\"https:\/\/r3media.ro\/kia-recheama-service-prima-generatie-masini-electrice-e-niro-risc-incendiu\/\" rel=\"bookmark\" title=\"Kia recheam\u0103 \u00een service prima genera\u021bie de ma\u0219ini electrice e-Niro din cauza riscului de incendiu\">Kia recheam\u0103 \u00een service prima genera\u021bie de ma\u0219ini electrice e-Niro din cauza riscului de&#8230;<\/a><\/h3>\n<div class=\"td-module-meta-info\"><a href=\"https:\/\/r3media.ro\/category\/actualitate\/\" class=\"td-post-category\">ACTUALITATE<\/a><span class=\"td-post-author-name\"><a href=\"https:\/\/r3media.ro\/author\/oana\/\">Oana Ivan<\/a><span>&#8211;<\/span><\/span><span class=\"td-post-date\"><time class=\"entry-date updated td-module-date\" datetime=\"2026-08-06T17:07:42+03:00\">06\/08\/2026<\/time><\/span><\/div>\n<\/div>\n<\/div>\n<\/div>\n<\/div>\n<div class=\"td-block-row\">\n<div class=\"td-block-span6\">\n<div class=\"td_module_8 td_module_wrap\">\n<div class=\"item-details\">\n<h3 class=\"entry-title td-module-title\"><a href=\"https:\/\/r3media.ro\/drona-gasita-mare-mamaia-zona-loft-video\/\" rel=\"bookmark\" title=\"VIDEO | O dron\u0103 a fost g\u0103sit\u0103 \u00een mare, \u00een Mamaia, \u00een zona Loft\">VIDEO | O dron\u0103 a fost g\u0103sit\u0103 \u00een mare, \u00een Mamaia, \u00een zona Loft<\/a><\/h3>\n<div class=\"td-module-meta-info\"><a href=\"https:\/\/r3media.ro\/category\/actualitate\/\" class=\"td-post-category\">ACTUALITATE<\/a><span class=\"td-post-author-name\"><a href=\"https:\/\/r3media.ro\/author\/oana\/\">Oana Ivan<\/a><span>&#8211;<\/span><\/span><span class=\"td-post-date\"><time class=\"entry-date updated td-module-date\" datetime=\"2026-08-05T21:48:11+03:00\">05\/08\/2026<\/time><\/span><\/div>\n<\/div>\n<\/div>\n<\/div>\n<div class=\"td-block-span6\">\n<div class=\"td_module_8 td_module_wrap\">\n<div class=\"item-details\">\n<h3 class=\"entry-title td-module-title\"><a href=\"https:\/\/r3media.ro\/cand-incepe-scoala-in-2026-structura-an-nou-scolar\/\" rel=\"bookmark\" title=\"C\u00e2nd \u00eencepe \u0219coala \u00een 2026: Structura noului an \u0219colar, vacan\u021bele \u0219i zilele libere\">C\u00e2nd \u00eencepe \u0219coala \u00een 2026: Structura noului an \u0219colar, vacan\u021bele \u0219i zilele libere<\/a><\/h3>\n<div class=\"td-module-meta-info\"><a href=\"https:\/\/r3media.ro\/category\/actualitate\/\" class=\"td-post-category\">ACTUALITATE<\/a><span class=\"td-post-author-name\"><a href=\"https:\/\/r3media.ro\/author\/oana\/\">Oana Ivan<\/a><span>&#8211;<\/span><\/span><span class=\"td-post-date\"><time class=\"entry-date updated td-module-date\" datetime=\"2026-08-03T22:23:20+03:00\">03\/08\/2026<\/time><\/span><\/div>\n<\/div>\n<\/div>\n<\/div>\n<\/div>\n<div class=\"td-block-row\">\n<div class=\"td-block-span6\">\n<div class=\"td_module_8 td_module_wrap\">\n<div class=\"item-details\">\n<h3 class=\"entry-title td-module-title\"><a href=\"https:\/\/r3media.ro\/tara-europa-norvegia-masini-electrice-inmatriculate-cota-ridicata\/\" rel=\"bookmark\" title=\"\u021aara din Europa unde aproape toate ma\u0219inile \u00eenmatriculate sune electrice. Cota a ajuns la 97,6% \u00een iulie\">\u021aara din Europa unde aproape toate ma\u0219inile \u00eenmatriculate sune electrice. Cota a ajuns la&#8230;<\/a><\/h3>\n<div class=\"td-module-meta-info\"><a href=\"https:\/\/r3media.ro\/category\/actualitate\/\" class=\"td-post-category\">ACTUALITATE<\/a><span class=\"td-post-author-name\"><a href=\"https:\/\/r3media.ro\/author\/oana\/\">Oana Ivan<\/a><span>&#8211;<\/span><\/span><span class=\"td-post-date\"><time class=\"entry-date updated td-module-date\" datetime=\"2026-08-03T17:01:21+03:00\">03\/08\/2026<\/time><\/span><\/div>\n<\/div>\n<\/div>\n<\/div>\n<div class=\"td-block-span6\">\n<div class=\"td_module_8 td_module_wrap\">\n<div class=\"item-details\">\n<h3 class=\"entry-title td-module-title\"><a href=\"https:\/\/r3media.ro\/puterea-mitologica-instalata-a-romaniei\/\" rel=\"bookmark\" title=\"Puterea mitologic\u0103 instalat\u0103 a Rom\u00e2niei\">Puterea mitologic\u0103 instalat\u0103 a Rom\u00e2niei<\/a><\/h3>\n<div class=\"td-module-meta-info\"><a href=\"https:\/\/r3media.ro\/category\/opinii\/\" class=\"td-post-category\">OPINII<\/a><span class=\"td-post-author-name\"><a href=\"https:\/\/r3media.ro\/author\/tru\/\">TRU (Traian Ungureanu)<\/a><span>&#8211;<\/span><\/span><span class=\"td-post-date\"><time class=\"entry-date updated td-module-date\" datetime=\"2026-08-02T22:08:04+03:00\">02\/08\/2026<\/time><\/span><\/div>\n<\/div>\n<\/div>\n<\/div>\n<\/div>\n<div class=\"td-block-row\">\n<div class=\"td-block-span6\">\n<div class=\"td_module_8 td_module_wrap\">\n<div class=\"item-details\">\n<h3 class=\"entry-title td-module-title\"><a href=\"https:\/\/r3media.ro\/hyundai-recheama-service-masini-electrice-inster-risc-incendiu\/\" rel=\"bookmark\" title=\"Hyundai recheam\u0103 \u00een service zeci de mii de ma\u0219ini electrice din cauza riscului de incendiu\">Hyundai recheam\u0103 \u00een service zeci de mii de ma\u0219ini electrice din cauza riscului de&#8230;<\/a><\/h3>\n<div class=\"td-module-meta-info\"><a href=\"https:\/\/r3media.ro\/category\/actualitate\/\" class=\"td-post-category\">ACTUALITATE<\/a><span class=\"td-post-author-name\"><a href=\"https:\/\/r3media.ro\/author\/oana\/\">Oana Ivan<\/a><span>&#8211;<\/span><\/span><span class=\"td-post-date\"><time class=\"entry-date updated td-module-date\" datetime=\"2026-08-02T08:34:05+03:00\">02\/08\/2026<\/time><\/span><\/div>\n<\/div>\n<\/div>\n<\/div>\n<div class=\"td-block-span6\">\n<div class=\"td_module_8 td_module_wrap\">\n<div class=\"item-details\">\n<h3 class=\"entry-title td-module-title\"><a href=\"https:\/\/r3media.ro\/dragostea-care-transcende-epoci-descult-in-parc-1967\/\" rel=\"bookmark\" title=\"Dragostea care transcende epoci \u2014 Descul\u021b \u00een parc (1967)\">Dragostea care transcende epoci \u2014 Descul\u021b \u00een parc (1967)<\/a><\/h3>\n<div class=\"td-module-meta-info\"><a href=\"https:\/\/r3media.ro\/category\/opinii\/\" class=\"td-post-category\">OPINII<\/a><span class=\"td-post-author-name\"><a href=\"https:\/\/r3media.ro\/author\/costi_balasoiu\/\">Constantin B\u0103l\u0103\u0219oiu<\/a><span>&#8211;<\/span><\/span><span class=\"td-post-date\"><time class=\"entry-date updated td-module-date\" datetime=\"2026-08-01T13:45:14+03:00\">01\/08\/2026<\/time><\/span><\/div>\n<\/div>\n<\/div>\n<\/div>\n<\/div>\n<\/div>\n<div class=\"td-load-more-wrap td-load-more-infinite-wrap\" id=\"infinite-lm-tdi_20\"><a href=\"https:\/\/r3media.ro\/petrisor-peiu-ministerul-energiei-licitatie-centrala-turceni\/\" class=\"td_ajax_load_more td_ajax_load_more_js\" aria-label=\"\u00cenc\u0103rca\u021bi mai multe\" id=\"next-page-tdi_20\" data-td_block_id=\"tdi_20\">\u00cenc\u0103rca\u021bi mai multe<\/a><\/div>\n<\/div>\n<div class=\"td_block_wrap tdb_single_comments tdi_21 tdb-comm-layout2 td-pb-border-top td_block_template_1\" data-td-block-uid=\"tdi_21\">\n<div class=\"tdb-block-inner td-fix-index\">\n<div class=\"comments\" id=\"comments\">\n<div id=\"respond\" class=\"comment-respond\">\n<h3 id=\"reply-title\" class=\"comment-reply-title\">AI CEVA DE SPUS? <small><a rel=\"nofollow\" id=\"cancel-comment-reply-link\" href=\"https:\/\/r3media.ro\/petrisor-peiu-ministerul-energiei-licitatie-centrala-turceni\/#respond\">Renun\u021ba\u021bi la r\u0103spuns<\/a><\/small><\/h3>\n<div class=\"comment-form-input-wrap td-form-comment\">\n<div class=\"td-warning-comment\">V\u0103 rug\u0103m s\u0103 introduce\u021bi comentariul dvs.!<\/div>\n<\/div>\n<div class=\"comment-form-input-wrap td-form-author\">\n<div class=\"td-warning-author\">Introduce\u021bi aici numele dvs.<\/div>\n<\/div>\n<div class=\"comment-form-input-wrap td-form-email\">\n<div class=\"td-warning-email-error\">A\u021bi introdus o adres\u0103 de e-mail incorect\u0103!<\/div>\n<div class=\"td-warning-email\">V\u0103 rug\u0103m s\u0103 introduce\u021bi adresa dvs. de e-mail aici<\/div>\n<\/div>\n<\/div>\n<\/div>\n<\/div>\n<\/div>\n<\/div>\n<\/div>\n<div class=\"vc_column tdi_23  wpb_column vc_column_container tdc-column td-pb-span4 td-is-sticky\">\n<div class=\"wpb_wrapper\" data-sticky-enabled-on=\"W3RydWUsdHJ1ZSx0cnVlLHRydWVd\" data-sticky-offset=\"20\" data-sticky-is-width-auto=\"W2ZhbHNlLGZhbHNlLGZhbHNlLGZhbHNlXQ==\">\n<div class=\"wpb_wrapper td_block_wrap vc_widget_sidebar tdi_25 \">\n<div class=\"td_block_wrap td_block_7 td_block_widget tdi_26 td-pb-border-top td_block_template_1 td-column-1 td_block_padding\" data-td-block-uid=\"tdi_26\">\n<div class=\"td-block-title-wrap\">\n<h4 class=\"block-title td-block-title\"><span class=\"td-pulldown-size\">Articole RELA\u021aIONATE<\/span><\/h4>\n<\/div>\n<div id=\"tdi_26\" class=\"td_block_inner\">\n<div class=\"td-block-span12\">\n<div class=\"td_module_6 td_module_wrap td-animation-stack\">\n<div class=\"td-module-thumb\"><a href=\"https:\/\/r3media.ro\/cornel-nistorescu-ambulanta-recea-cristur-stiri-false-interzicere\/\" rel=\"bookmark\" class=\"td-image-wrap \" title=\"Cornel Nistorescu, despre incidentul cu ambulan\u021ba de la Recea-Cristur: Statul rom\u00e2n a\u0219teapt\u0103 s\u0103 interzic\u0103 \u0219tirile false \u0219i, pe l\u00eeng\u0103, tot ce nu convine puterii\"><img loading=\"lazy\" decoding=\"async\" class=\"entry-thumb\" src=\"https:\/\/r3media.ro\/wp-content\/uploads\/2021\/02\/cornel-nistorescu-simion-sosoaca-100x70.jpg\" alt title=\"Cornel Nistorescu, despre incidentul cu ambulan\u021ba de la Recea-Cristur: Statul rom\u00e2n a\u0219teapt\u0103 s\u0103 interzic\u0103 \u0219tirile false \u0219i, pe l\u00eeng\u0103, tot ce nu convine puterii\" width=\"100\" height=\"70\"><\/a><\/div>\n<div class=\"item-details\">\n<h3 class=\"entry-title td-module-title\"><a href=\"https:\/\/r3media.ro\/cornel-nistorescu-ambulanta-recea-cristur-stiri-false-interzicere\/\" rel=\"bookmark\" title=\"Cornel Nistorescu, despre incidentul cu ambulan\u021ba de la Recea-Cristur: Statul rom\u00e2n a\u0219teapt\u0103 s\u0103 interzic\u0103 \u0219tirile false \u0219i, pe l\u00eeng\u0103, tot ce nu convine puterii\">Cornel Nistorescu, despre incidentul cu ambulan\u021ba de la Recea-Cristur: Statul rom\u00e2n&#8230;<\/a><\/h3>\n<div class=\"td-module-meta-info\"><span class=\"td-post-date\"><time class=\"entry-date updated td-module-date\" datetime=\"2026-08-13T16:32:49+03:00\">13\/08\/2026<\/time><\/span><\/div>\n<\/div>\n<\/div>\n<\/div>\n<div class=\"td-block-span12\">\n<div class=\"td_module_6 td_module_wrap td-animation-stack\">\n<div class=\"td-module-thumb\"><a href=\"https:\/\/r3media.ro\/radu-naum-david-popovici-dialog-rus\/\" rel=\"bookmark\" class=\"td-image-wrap \" title=\"Ziaristul Radu Naum consider\u0103 c\u0103 dialogul amical dintre David Popovici \u0219i adversarul s\u0103u rus ar fi fost \u201eopera\u021biune ruseasc\u0103\u201d de manipulare\"><img loading=\"lazy\" decoding=\"async\" class=\"entry-thumb\" src=\"https:\/\/r3media.ro\/wp-content\/uploads\/2026\/08\/david-popovici-egor-kornev-100x70.webp\" alt title=\"Ziaristul Radu Naum consider\u0103 c\u0103 dialogul amical dintre David Popovici \u0219i adversarul s\u0103u rus ar fi fost \u201eopera\u021biune ruseasc\u0103\u201d de manipulare\" width=\"100\" height=\"70\"><\/a><\/div>\n<div class=\"item-details\">\n<h3 class=\"entry-title td-module-title\"><a href=\"https:\/\/r3media.ro\/radu-naum-david-popovici-dialog-rus\/\" rel=\"bookmark\" title=\"Ziaristul Radu Naum consider\u0103 c\u0103 dialogul amical dintre David Popovici \u0219i adversarul s\u0103u rus ar fi fost \u201eopera\u021biune ruseasc\u0103\u201d de manipulare\">Ziaristul Radu Naum consider\u0103 c\u0103 dialogul amical dintre David Popovici \u0219i&#8230;<\/a><\/h3>\n<div class=\"td-module-meta-info\"><span class=\"td-post-date\"><time class=\"entry-date updated td-module-date\" datetime=\"2026-08-13T14:24:30+03:00\">13\/08\/2026<\/time><\/span><\/div>\n<\/div>\n<\/div>\n<\/div>\n<div class=\"td-block-span12\">\n<div class=\"td_module_6 td_module_wrap td-animation-stack\">\n<div class=\"td-module-thumb\"><a href=\"https:\/\/r3media.ro\/toti-ma-stie-la-fundulea\/\" rel=\"bookmark\" class=\"td-image-wrap \" title=\"\u201eTo\u021bi m\u0103 \u0219tie la Fundulea\u201d!\"><img loading=\"lazy\" decoding=\"async\" class=\"entry-thumb\" src=\"https:\/\/r3media.ro\/wp-content\/uploads\/2026\/08\/Islanda-UE-100x70.jpg\" alt title=\"\u201eTo\u021bi m\u0103 \u0219tie la Fundulea\u201d!\" width=\"100\" height=\"70\"><\/a><\/div>\n<div class=\"item-details\">\n<h3 class=\"entry-title td-module-title\"><a href=\"https:\/\/r3media.ro\/toti-ma-stie-la-fundulea\/\" rel=\"bookmark\" title=\"\u201eTo\u021bi m\u0103 \u0219tie la Fundulea\u201d!\">\u201eTo\u021bi m\u0103 \u0219tie la Fundulea\u201d!<\/a><\/h3>\n<div class=\"td-module-meta-info\"><span class=\"td-post-date\"><time class=\"entry-date updated td-module-date\" datetime=\"2026-08-13T11:27:34+03:00\">13\/08\/2026<\/time><\/span><\/div>\n<\/div>\n<\/div>\n<\/div>\n<div class=\"td-block-span12\">\n<div class=\"td_module_6 td_module_wrap td-animation-stack\">\n<div class=\"td-module-thumb\"><a href=\"https:\/\/r3media.ro\/sri-in-scoli-expert-scuza-monitorizare-radicalizare\/\" rel=\"bookmark\" class=\"td-image-wrap \" title=\"SRI \u00een \u0219coli. Expert: SRI \u0219i \u201eb\u0103e\u021bii\u201d vor folosi aceast\u0103 scuz\u0103 c\u0103 \u201emonitorizeaz\u0103 radicalizarea\u201d ca s\u0103 vin\u0103 dup\u0103 oricine bate la ochi\"><img loading=\"lazy\" decoding=\"async\" class=\"entry-thumb\" src=\"https:\/\/r3media.ro\/wp-content\/uploads\/2026\/02\/supraveghere-mai-spatiu-online-100x70.jpg\" alt title=\"SRI \u00een \u0219coli. Expert: SRI \u0219i \u201eb\u0103e\u021bii\u201d vor folosi aceast\u0103 scuz\u0103 c\u0103 \u201emonitorizeaz\u0103 radicalizarea\u201d ca s\u0103 vin\u0103 dup\u0103 oricine bate la ochi\" width=\"100\" height=\"70\"><\/a><\/div>\n<div class=\"item-details\">\n<h3 class=\"entry-title td-module-title\"><a href=\"https:\/\/r3media.ro\/sri-in-scoli-expert-scuza-monitorizare-radicalizare\/\" rel=\"bookmark\" title=\"SRI \u00een \u0219coli. Expert: SRI \u0219i \u201eb\u0103e\u021bii\u201d vor folosi aceast\u0103 scuz\u0103 c\u0103 \u201emonitorizeaz\u0103 radicalizarea\u201d ca s\u0103 vin\u0103 dup\u0103 oricine bate la ochi\">SRI \u00een \u0219coli. Expert: SRI \u0219i \u201eb\u0103e\u021bii\u201d vor folosi aceast\u0103 scuz\u0103&#8230;<\/a><\/h3>\n<div class=\"td-module-meta-info\"><span class=\"td-post-date\"><time class=\"entry-date updated td-module-date\" datetime=\"2026-08-13T11:20:33+03:00\">13\/08\/2026<\/time><\/span><\/div>\n<\/div>\n<\/div>\n<\/div>\n<div class=\"td-block-span12\">\n<div class=\"td_module_6 td_module_wrap td-animation-stack\">\n<div class=\"td-module-thumb\"><a href=\"https:\/\/r3media.ro\/patriarhul-daniel-duminica-romanilor-migranti-rugaciune-pentru-familiile-despartite\/\" rel=\"bookmark\" class=\"td-image-wrap \" title=\"Patriarhul Daniel, mesaj la Duminica rom\u00e2nilor migran\u021bi: Rug\u0103ciune pentru familiile desp\u0103r\u021bite de distan\u021be\"><img loading=\"lazy\" decoding=\"async\" class=\"entry-thumb\" src=\"https:\/\/r3media.ro\/wp-content\/uploads\/2020\/09\/scrisoare-catre-patriarhul-daniel-100x70.jpg\" alt title=\"Patriarhul Daniel, mesaj la Duminica rom\u00e2nilor migran\u021bi: Rug\u0103ciune pentru familiile desp\u0103r\u021bite de distan\u021be\" width=\"100\" height=\"70\"><\/a><\/div>\n<div class=\"item-details\">\n<h3 class=\"entry-title td-module-title\"><a href=\"https:\/\/r3media.ro\/patriarhul-daniel-duminica-romanilor-migranti-rugaciune-pentru-familiile-despartite\/\" rel=\"bookmark\" title=\"Patriarhul Daniel, mesaj la Duminica rom\u00e2nilor migran\u021bi: Rug\u0103ciune pentru familiile desp\u0103r\u021bite de distan\u021be\">Patriarhul Daniel, mesaj la Duminica rom\u00e2nilor migran\u021bi: Rug\u0103ciune pentru familiile desp\u0103r\u021bite&#8230;<\/a><\/h3>\n<div class=\"td-module-meta-info\"><span class=\"td-post-date\"><time class=\"entry-date updated td-module-date\" datetime=\"2026-08-13T10:38:37+03:00\">13\/08\/2026<\/time><\/span><\/div>\n<\/div>\n<\/div>\n<\/div>\n<div class=\"td-block-span12\">\n<div class=\"td_module_6 td_module_wrap td-animation-stack\">\n<div class=\"td-module-thumb\"><a href=\"https:\/\/r3media.ro\/drona-costinesti-stabilopozi-video\/\" rel=\"bookmark\" class=\"td-image-wrap \" title=\"VIDEO | O dron\u0103 a ajuns la Costine\u0219ti la c\u00e2\u021biva metri de stabilopozi\"><img loading=\"lazy\" decoding=\"async\" class=\"entry-thumb\" src=\"https:\/\/r3media.ro\/wp-content\/uploads\/2026\/07\/plaja-goala-100x70.png\" alt title=\"VIDEO | O dron\u0103 a ajuns la Costine\u0219ti la c\u00e2\u021biva metri de stabilopozi\" width=\"100\" height=\"70\"><\/a><\/div>\n<div class=\"item-details\">\n<h3 class=\"entry-title td-module-title\"><a href=\"https:\/\/r3media.ro\/drona-costinesti-stabilopozi-video\/\" rel=\"bookmark\" title=\"VIDEO | O dron\u0103 a ajuns la Costine\u0219ti la c\u00e2\u021biva metri de stabilopozi\">VIDEO | O dron\u0103 a ajuns la Costine\u0219ti la c\u00e2\u021biva metri&#8230;<\/a><\/h3>\n<div class=\"td-module-meta-info\"><span class=\"td-post-date\"><time class=\"entry-date updated td-module-date\" datetime=\"2026-08-13T10:38:13+03:00\">13\/08\/2026<\/time><\/span><\/div>\n<\/div>\n<\/div>\n<\/div>\n<div class=\"td-block-span12\">\n<div class=\"td_module_6 td_module_wrap td-animation-stack\">\n<div class=\"td-module-thumb\"><a href=\"https:\/\/r3media.ro\/giorgia-meloni-mette-frederiksen-bruxelles-mostenire-crestina\/\" rel=\"bookmark\" class=\"td-image-wrap \" title=\"Giorgia Meloni \u0219i Mette Frederiksen fac front comun \u00eempotriva Bruxelles-ului: Proteja\u021bi mo\u0219tenirea noastr\u0103 cre\u0219tin\u0103\"><img loading=\"lazy\" decoding=\"async\" class=\"entry-thumb\" src=\"https:\/\/r3media.ro\/wp-content\/uploads\/2026\/08\/giorgia-meloni-si-mette-friederiksen-100x70.png\" alt title=\"Giorgia Meloni \u0219i Mette Frederiksen fac front comun \u00eempotriva Bruxelles-ului: Proteja\u021bi mo\u0219tenirea noastr\u0103 cre\u0219tin\u0103\" width=\"100\" height=\"70\"><\/a><\/div>\n<div class=\"item-details\">\n<h3 class=\"entry-title td-module-title\"><a href=\"https:\/\/r3media.ro\/giorgia-meloni-mette-frederiksen-bruxelles-mostenire-crestina\/\" rel=\"bookmark\" title=\"Giorgia Meloni \u0219i Mette Frederiksen fac front comun \u00eempotriva Bruxelles-ului: Proteja\u021bi mo\u0219tenirea noastr\u0103 cre\u0219tin\u0103\">Giorgia Meloni \u0219i Mette Frederiksen fac front comun \u00eempotriva Bruxelles-ului: Proteja\u021bi&#8230;<\/a><\/h3>\n<div class=\"td-module-meta-info\"><span class=\"td-post-date\"><time class=\"entry-date updated td-module-date\" datetime=\"2026-08-13T10:18:29+03:00\">13\/08\/2026<\/time><\/span><\/div>\n<\/div>\n<\/div>\n<\/div>\n<\/div>\n<\/div>\n<aside class=\"td_block_template_1 widget widget_recent_comments\">\n<h4 class=\"block-title\"><span>INTR\u0102 \u00ceN DISCU\u021aIE!<\/span><\/h4>\n<ul id=\"recentcomments\">\n<li class=\"recentcomments\"><span class=\"comment-author-link\">E.T.<\/span> la <a href=\"https:\/\/r3media.ro\/video-david-popovici-paris-aur\/#comment-40379\">VIDEO | David Popovici, rege pentru a treia oar\u0103 la Paris: aur \u0219i record al competi\u021biei la 100 m liber<\/a><\/li>\n<li class=\"recentcomments\"><span class=\"comment-author-link\">Dan C.<\/span> la <a href=\"https:\/\/r3media.ro\/trotinetele-electrice-interzise-cernauti\/#comment-40378\">Trotinetele electrice au fost interzise la Cern\u0103u\u021bi<\/a><\/li>\n<li class=\"recentcomments\"><span class=\"comment-author-link\">Nicu<\/span> la <a href=\"https:\/\/r3media.ro\/procedura-oprire-controlata-unitatea-2-reactor-nuclear-cernavoda-scufundare-barje-detonare-stanci\/#comment-40377\">Unitatea 2 de la Centrala Nuclear\u0103 Cernavod\u0103 a intrat \u00een procedura de oprire controlat\u0103. Scufundarea barjelor \u0219i detonarea st\u00e2ncilor de pe Dun\u0103re au avut efect zero<\/a><\/li>\n<li class=\"recentcomments\"><span class=\"comment-author-link\">Mihaela D\u00e2ru<\/span> la <a href=\"https:\/\/r3media.ro\/film-nou-stapanul-inelelor-corect-politic-regizor-andy-serkis-diversitate-tolkien-mitologie-nordica\/#comment-40376\">Noul film \u201eSt\u0103p\u00e2nul Inelelor\u201d nu va fi corect politic. Regizorul Andy Serkis: J.R.R. Tolkien a fost influen\u021bat de mitologia nordic\u0103. Nu vrem o distribu\u021bie de dragul de a bifa c\u0103su\u021be<\/a><\/li>\n<li class=\"recentcomments\"><span class=\"comment-author-link\">Dan<\/span> la <a href=\"https:\/\/r3media.ro\/procedura-oprire-controlata-unitatea-2-reactor-nuclear-cernavoda-scufundare-barje-detonare-stanci\/#comment-40375\">Unitatea 2 de la Centrala Nuclear\u0103 Cernavod\u0103 a intrat \u00een procedura de oprire controlat\u0103. Scufundarea barjelor \u0219i detonarea st\u00e2ncilor de pe Dun\u0103re au avut efect zero<\/a><\/li>\n<li class=\"recentcomments\"><span class=\"comment-author-link\">E.T.<\/span> la <a href=\"https:\/\/r3media.ro\/papi-si-conclavuri-traditie-si-anticlericalism-in-cinema-cei-doi-papi-si-conclavul\/#comment-40374\">Papi \u0219i conclavuri, tradi\u021bie \u0219i anticlericalism \u00een cinema: Cei doi papi \u0219i Conclavul<\/a><\/li>\n<li class=\"recentcomments\"><span class=\"comment-author-link\">Cet\u0103\u021bean<\/span> la <a href=\"https:\/\/r3media.ro\/romania-grupuri-carbune-turceni-craiova-securitate-energetica\/#comment-40373\">Rom\u00e2nia nu va \u00eenchide grupurile pe c\u0103rbune de la Turceni \u0219i Craiova la sf\u00e2r\u0219itul lunii, din cauza riscurilor la adresa securit\u0103\u021bii energetice<\/a><\/li>\n<\/ul>\n<\/aside>\n<aside class=\"td_block_template_1 widget widget_search\">\n<h4 class=\"block-title\"><span>CAUT\u0102 \u0218I VEI G\u0102SI<\/span><\/h4>\n<\/aside>\n<\/div>\n<\/div>\n<\/div>\n<\/div>\n<\/div>\n<\/div>\n<\/div>\n<p><span class=\"td-page-meta\"><\/span><span class=\"td-page-meta\"><span class=\"td-page-meta\"><\/span><\/span><span class=\"td-page-meta\"><\/span><\/article>\n<\/p>\n<div class=\"td_block_wrap tdb_single_content tdi_18 td-pb-border-top td_block_template_1 td-post-content tagdiv-type\" data-td-block-uid=\"tdi_18\">\n<div class=\"tdb-block-inner td-fix-index\">\n<p><strong>Senatorul Petri\u0219or Peiu (AUR) acuz\u0103 Ministerul Energiei c\u0103 nu este capabil s\u0103 evalueze singura ofert\u0103 depus\u0103 la licita\u021bia pentru construc\u021bia centralei de la Turceni, potrivit unui comunicat.<\/strong><\/p>\n<p>Peiu afirm\u0103 c\u0103 Ministerul Energiei nu a reu\u0219it, \u00een \u0219apte luni, s\u0103 evalueze singurul candidat pentru construc\u021bia centralei de la Turceni.<\/p>\n<p>\u201eCum arat\u0103 un stat nefunc\u021bional \u00een plin\u0103 criz\u0103 energetic\u0103: din ianuarie 2026, adic\u0103 de \u0219apte luni, Ministerul Energiei nu este capabil sa evalueze SINGURA ofert\u0103 depus\u0103 la licita\u021bia pentru construc\u021bia centralei de la Turceni. Asta dup\u0103 cinci ani \u00een care a mai organizat dou\u0103 licita\u021bii la care nu s-a prezentat nimeni.<\/p>\n<p>La licita\u021bia organizat\u0103 \u00een decembrie 2025 asocierea dintre CE Oltenia \u0219i firma Tinmar, CCCG Turceni SA, a primit o singur\u0103 ofert\u0103 la licita\u021bie, din partea unei firme de construc\u021bii rom\u00e2ne\u0219ti din Odorheiu Secuiesc, Berdia SRL.<\/p>\n<p>O firm\u0103 cu o cifr\u0103 de afaceri de 16 milioane lei \u00een 2024 si de sub 10 milioane de lei \u00een 2025, controlat\u0103 de Attila Berkeczi. Berdia SRL are \u00eens\u0103, ca ter\u021b sus\u021bin\u0103tor \u0219i principal subcontractant, colosul chinez de stat Dongfang Electric International Corporation, produc\u0103tor de generatoare electrice pentru unit\u0103\u021bi de produc\u021bie de energie \u0219i constructor de centrale \u0219i sta\u021bii energetice.<\/p>\n<p>S\u0103 nu fii capabil s\u0103 organizezi o licita\u021bie reu\u0219it\u0103 timp de cinci ani asta chiar este o performan\u021b\u0103 administrativ\u0103, nu?<\/p>\n<p>Ei bine, cele \u0219apte luni de evaluare a unei singure oferte cui se datoreaz\u0103? Premierului Bolojan, care se lupt\u0103 cu ,,mafia\u201d din energie ? Vice-premierului reformator Oana Gheorghiu, care ,,reformeaza\u201d companiile de stat? Ministrului PSD- ist Bogdan Ivan, care cunoa\u0219te restaurantele din Washington mai bine dec\u00e2t carierele din Valea Jiului?<\/p>\n<p>Oare o func\u021bionare \u00een termeni normali a guvernului nu ar fi fost mai eficient\u0103 dec\u00e2t circul lui Miru\u021b\u0103 cu st\u00e2nci detonate?\u201d, a spus Petri\u0219or Peiu.<\/p>\n<p><a href=\"https:\/\/go.fliplink.me\/view\/C266928E-45E2-4B9A-B920-361B001CF18A\" target=\"_blank\" rel=\"noopener\">Notificare privind transparen\u021ba<\/a><\/p>\n<div class=\"crp_related     crp-masonry\">\n<h2>\u00ceN CONTEXT<\/h2>\n<ul>\n<li><a href=\"https:\/\/r3media.ro\/petrisor-peiu-bnr-guvern-bolojan-stagflatie\/\" class=\"crp_link post-117049\"><span class=\"crp_title\">Petri\u0219or Peiu: BNR \u00eemparte responsabilitatea cu guvernul Bolojan pentru stagfla\u021bia din Rom\u00e2nia<\/span><\/a><\/li>\n<li><a href=\"https:\/\/r3media.ro\/petrisor-peiu-tren-medical-safe-teapa\/\" class=\"crp_link post-117742\"><span class=\"crp_title\">Petri\u0219or Peiu contest\u0103 achizi\u021bia unui tren medical de 73 de milioane de euro: Pe rom\u00e2ne\u0219te,\u2026<\/span><\/a><\/li>\n<li><a href=\"https:\/\/r3media.ro\/petrisor-peiu-conditii-aur-vot-guvernul-vestea-nicusor-dan-solutii-bunastare-romani\/\" class=\"crp_link post-118481\"><span class=\"crp_title\">Condi\u021biile AUR pentru a vota Guvernul Ve\u0219tea. Petri\u0219or Peiu propune solu\u021bii clare pentru\u2026<\/span><\/a><\/li>\n<li><a href=\"https:\/\/r3media.ro\/petrisor-peiu-desfiintarea-impozitului-minim-pe-cifra-de-afaceri\/\" class=\"crp_link post-119216\"><span class=\"crp_title\">Petri\u0219or Peiu: Desfiin\u021barea impozitului minim pe cifra de afaceri, \u201eo invita\u021bie la o joac\u0103\u2026<\/span><\/a><\/li>\n<li><a href=\"https:\/\/r3media.ro\/ingrasamintele-s-au-scumpit-cu-17-in-romania-dublu-fata-de-media-europeana-petrisor-peiu-acuza-inchiderea-azomures-si-politicile-ultimilor-ani\/\" class=\"crp_link post-117311\"><span class=\"crp_title\">\u00cengr\u0103\u0219\u0103mintele s-au scumpit cu 17% \u00een Rom\u00e2nia, dublu fa\u021b\u0103 de media european\u0103. Petri\u0219or Peiu\u2026<\/span><\/a><\/li>\n<li><a href=\"https:\/\/r3media.ro\/senatorul-petrisor-peiu-aur-a-explodat-importul-de-energie-electrica-iar-productia-interna-s-a-prabusit\/\" class=\"crp_link post-114492\"><span class=\"crp_title\">Senatorul Petri\u0219or Peiu (AUR): A explodat IMPORTUL de energie electric\u0103, iar produc\u021bia\u2026<\/span><\/a><\/li>\n<li><a href=\"https:\/\/r3media.ro\/cristian-sipos-aur-preturi-energie-specula-importuri-ong-uri\/\" class=\"crp_link post-119226\"><span class=\"crp_title\">Cristian \u0218ipo\u0219 (AUR): Pre\u021burile la energie cresc \u201edin cauza speculei, a importurilor \u0219i a\u2026<\/span><\/a><\/li>\n<li><a href=\"https:\/\/r3media.ro\/procedura-oprire-controlata-unitatea-2-reactor-nuclear-cernavoda-scufundare-barje-detonare-stanci\/\" class=\"crp_link post-121149\"><span class=\"crp_title\">Unitatea 2 de la Centrala Nuclear\u0103 Cernavod\u0103 a intrat \u00een procedura de oprire controlat\u0103.\u2026<\/span><\/a><\/li>\n<\/ul>\n<\/div>\n<\/div>\n<\/div>\n<p>[analyse_source url=&#8221;https:\/\/r3media.ro\/petrisor-peiu-ministerul-energiei-licitatie-centrala-turceni\/&#8221;]<\/p>\n","protected":false},"excerpt":{"rendered":"<p>[analyse_image type=&#8221;featured&#8221; src=&#8221;https:\/\/r3media.ro\/wp-content\/uploads\/2026\/07\/petrisor-peiu-e1784659568290.jpeghttps:\/\/r3media.ro\/wp-content\/uploads\/2026\/07\/petrisor-peiu-e1784659568290.jpeg&#8221;] ENERGIEPetri\u0219or Peiu (AUR): De \u0219apte luni, Ministerul Energiei nu este capabil sa&#8230; ENERGIEPRIM PLAN\u0218TIRI Petri\u0219or Peiu (AUR): De \u0219apte luni, Ministerul Energiei nu este capabil sa evalueze SINGURA ofert\u0103 depus\u0103 la licita\u021bia pentru construc\u021bia centralei de la Turceni Redac\u021bia 13\/08\/2026 Sursa foto: Partidul AUR Senatorul Petri\u0219or Peiu (AUR) acuz\u0103 Ministerul Energiei c\u0103 [&hellip;]<\/p>\n","protected":false},"author":1,"featured_media":0,"comment_status":"open","ping_status":"","sticky":false,"template":"","format":"standard","meta":{"footnotes":""},"categories":[89],"tags":[226,93],"class_list":["post-2091642","post","type-post","status-publish","format-standard","hentry","category-romania","tag-crawlmanager","tag-r3media-ro"],"_links":{"self":[{"href":"https:\/\/analyse.optim.biz\/index.php?rest_route=\/wp\/v2\/posts\/2091642","targetHints":{"allow":["GET"]}}],"collection":[{"href":"https:\/\/analyse.optim.biz\/index.php?rest_route=\/wp\/v2\/posts"}],"about":[{"href":"https:\/\/analyse.optim.biz\/index.php?rest_route=\/wp\/v2\/types\/post"}],"author":[{"embeddable":true,"href":"https:\/\/analyse.optim.biz\/index.php?rest_route=\/wp\/v2\/users\/1"}],"replies":[{"embeddable":true,"href":"https:\/\/analyse.optim.biz\/index.php?rest_route=%2Fwp%2Fv2%2Fcomments&post=2091642"}],"version-history":[{"count":0,"href":"https:\/\/analyse.optim.biz\/index.php?rest_route=\/wp\/v2\/posts\/2091642\/revisions"}],"wp:attachment":[{"href":"https:\/\/analyse.optim.biz\/index.php?rest_route=%2Fwp%2Fv2%2Fmedia&parent=2091642"}],"wp:term":[{"taxonomy":"category","embeddable":true,"href":"https:\/\/analyse.optim.biz\/index.php?rest_route=%2Fwp%2Fv2%2Fcategories&post=2091642"},{"taxonomy":"post_tag","embeddable":true,"href":"https:\/\/analyse.optim.biz\/index.php?rest_route=%2Fwp%2Fv2%2Ftags&post=2091642"}],"curies":[{"name":"wp","href":"https:\/\/api.w.org\/{rel}","templated":true}]}}