{"id":2091614,"date":"2026-08-11T19:49:59","date_gmt":"2026-08-11T16:49:59","guid":{"rendered":"https:\/\/analyse.optim.biz\/?p=2091614"},"modified":"2026-08-11T19:49:59","modified_gmt":"2026-08-11T16:49:59","slug":"buzaul-ar-putea-avea-o-academie-de-fotbal","status":"publish","type":"post","link":"https:\/\/analyse.optim.biz\/?p=2091614","title":{"rendered":"Buz\u0103ul ar putea avea o academie de fotbal"},"content":{"rendered":"<p>[analyse_image type=&#8221;featured&#8221; src=&#8221;https:\/\/www.tvbuzau.ro\/wp-content\/uploads\/2026\/08\/hqdefault-11.jpghttps:\/\/www.tvbuzau.ro\/wp-content\/uploads\/2026\/08\/hqdefault-11.jpg&#8221;]<\/p>\n<div class=\"td-ss-main-content\">\n<article id=\"post-119993\" class=\"post-119993 post type-post status-publish format-video has-post-thumbnail hentry category-actualitate post_format-post-format-video\">\n<div class=\"td-post-header\">\n<ul class=\"td-category\">\n<li class=\"entry-category\"><a href=\"https:\/\/www.tvbuzau.ro\/category\/actualitate\/\">Actualitate<\/a><\/li>\n<\/ul>\n<header class=\"td-post-title\">\n<h1 class=\"entry-title\">Buz\u0103ul ar putea avea o academie de fotbal<\/h1>\n<div class=\"td-module-meta-info\">\n<div class=\"td-post-author-name\">De c\u0103tre <a href=\"https:\/\/www.tvbuzau.ro\/author\/mihai-vasilescu\/\">TV Buz\u0103u<\/a> &#8211; <\/div>\n<p><span class=\"td-post-date\"><time class=\"entry-date updated td-module-date\" datetime=\"2026-08-11T19:49:59+00:00\">august 11, 2026<\/time><\/span><\/p>\n<div class=\"td-post-comments\"><a href=\"https:\/\/www.tvbuzau.ro\/buzaul-ar-putea-avea-o-academie-de-fotbal\/#respond\">0<\/a><\/div>\n<div class=\"td-post-views\"><span class=\"td-nr-views-119993\">6<\/span><\/div>\n<\/div>\n<\/header>\n<\/div>\n<div class=\"td-post-sharing td-post-sharing-top td-with-like\">\n<div class=\"td-default-sharing\"><a class=\"td-social-sharing-buttons td-social-facebook\" href=\"http:\/\/www.facebook.com\/sharer.php?u=https%3A%2F%2Fwww.tvbuzau.ro%2Fbuzaul-ar-putea-avea-o-academie-de-fotbal%2F\"><\/p>\n<div class=\"td-social-but-text\">Distribui\u021bi pe Facebook<\/div>\n<p><\/a><a class=\"td-social-sharing-buttons td-social-twitter\" href=\"https:\/\/twitter.com\/intent\/tweet?text=Buz%C4%83ul+ar+putea+avea+o+academie+de+fotbal&amp;url=https%3A%2F%2Fwww.tvbuzau.ro%2Fbuzaul-ar-putea-avea-o-academie-de-fotbal%2F&amp;via=TV+Buz%C4%83u\"><\/p>\n<div class=\"td-social-but-text\">Distribui\u021bi pe Twitter<\/div>\n<p><\/a><\/div>\n<div class=\"td-classic-sharing\">\n<ul>\n<li class=\"td-classic-facebook\"><iframe frameborder src=\"https:\/\/www.facebook.com\/plugins\/like.php?href=https:\/\/www.tvbuzau.ro\/buzaul-ar-putea-avea-o-academie-de-fotbal\/&amp;layout=button_count&amp;show_faces=false&amp;width=105&amp;action=like&amp;colorscheme=light&amp;height=21\"><\/iframe><\/li>\n<li class=\"td-classic-twitter\"><a href=\"https:\/\/twitter.com\/share\" class=\"twitter-share-button\" data-url=\"https:\/\/www.tvbuzau.ro\/buzaul-ar-putea-avea-o-academie-de-fotbal\/\" data-text=\"Buz\u0103ul ar putea avea o academie de fotbal\" data-via data-lang=\"en\">tweet<\/a><\/li>\n<\/ul>\n<\/div>\n<\/div>\n<div class=\"td-post-content\">\n<div class=\"td-featured-image-rec\">\n<div class=\"wpb_video_wrapper\">\n                    <iframe loading=\"lazy\" id=\"td_youtube_player\" width=\"600\" height=\"560\" src=\"https:\/\/www.youtube.com\/embed\/EH0i1uLWDJI?enablejsapi=1&amp;feature=oembed&amp;wmode=opaque&amp;vq=hd720\" frameborder allowfullscreen><\/iframe><\/p><\/div>\n<\/div>\n<p>Marcel Ciolacu, \u00eent\u00e2lnire cu R\u0103zvan Burleanu, \u015feful FRF<br \/>\nPre\u015feditele Consiliului Jude\u0163ea Buz\u0103u, Marcel Ciolacu a avut o \u00eentrevedere cu  pre\u0219edintele Federa\u021biei Rom\u00e2ne de Fotbal, R\u0103zvan Burleanu pe tema dezvolt\u0103rii sportului \u00een r\u00e2ndul tinerilor.<\/p>\n<p>\u201cAm avut o \u00eent\u00e2lnire foarte bun\u0103 cu pre\u0219edintele Federa\u021biei Rom\u00e2ne de Fotbal, R\u0103zvan Burleanu, al\u0103turi de directorul tehnic Mihai Stoichi\u021b\u0103 \u0219i de directorul de dezvoltare, Felix Grigore. Am discutat despre viitorul fotbalului buzoian \u0219i despre pa\u0219ii necesari pentru dezvoltarea sectorului de copii \u0219i juniori. Ne dorim s\u0103 construim, la Buz\u0103u, o academie de fotbal care s\u0103 ofere \u0219anse copiilor din \u00eentreg jude\u021bul, at\u00e2t din mediul urban, c\u00e2t \u0219i din mediul rural\u201d, a anun\u0163at Marcel Ciolacu.<\/p>\n<p>\u0162in\u00e2nd cont de interesul copiilor \u015fi tinerilor pentru sport, pre\u015fedintele Consiliului Jude\u0163ean Buz\u0103u a precizat c\u0103 administra\u0163ia trebuie s\u0103 se preocupe de dezvoltarea condi\u0163iilor pentru viitorele talente.<\/p>\n<p>\u201cAm vizitat \u0219i baza sportiv\u0103 de la ie\u0219irea din municipiul Buz\u0103u, realizat\u0103 printr-un program al Guvernului Rom\u00e2niei, al\u0103turi de Compania Na\u021bional\u0103 de Investi\u021bii. Constructorul ne-a asigurat c\u0103, \u00een luna septembrie, investi\u021bia va fi finalizat\u0103 \u0219i predat\u0103 pentru a fi folosit\u0103 de copiii \u0219i juniorii din jude\u021b.<br \/>\nCred c\u0103 performan\u021ba \u00eencepe cu infrastructura \u0219i cu investi\u021bia \u00een cei mici. Dac\u0103 vrem ca Buz\u0103ul s\u0103 aib\u0103, pe termen lung, o echip\u0103 puternic\u0103 la nivel na\u021bional, trebuie s\u0103 construim mai \u00eent\u00e2i o baz\u0103 solid\u0103 pentru genera\u021biile care vin din urm\u0103. Asta ne propunem \u0219i \u00een aceast\u0103 direc\u021bie vom continua s\u0103 investim\u201d, a precizat Marcel Ciolacu.<\/p>\n<div class=\"post-views post-119993 entry-meta\"><span class=\"post-views-label\">Post Views: <\/span><span class=\"post-views-count\">177<\/span><\/div>\n<\/div>\n<footer>\n<div class=\"td-post-sharing td-post-sharing-bottom td-with-like\"><span class=\"td-post-share-title\">DISTRIBUI\u021aI<\/span><\/p>\n<div class=\"td-default-sharing\"><a class=\"td-social-sharing-buttons td-social-facebook\" href=\"http:\/\/www.facebook.com\/sharer.php?u=https%3A%2F%2Fwww.tvbuzau.ro%2Fbuzaul-ar-putea-avea-o-academie-de-fotbal%2F\"><\/p>\n<div class=\"td-social-but-text\">Facebook<\/div>\n<p><\/a><a class=\"td-social-sharing-buttons td-social-twitter\" href=\"https:\/\/twitter.com\/intent\/tweet?text=Buz%C4%83ul+ar+putea+avea+o+academie+de+fotbal&amp;url=https%3A%2F%2Fwww.tvbuzau.ro%2Fbuzaul-ar-putea-avea-o-academie-de-fotbal%2F&amp;via=TV+Buz%C4%83u\"><\/p>\n<div class=\"td-social-but-text\">Twitter<\/div>\n<p><\/a><\/div>\n<div class=\"td-classic-sharing\">\n<ul>\n<li class=\"td-classic-facebook\"><iframe frameborder src=\"https:\/\/www.facebook.com\/plugins\/like.php?href=https:\/\/www.tvbuzau.ro\/buzaul-ar-putea-avea-o-academie-de-fotbal\/&amp;layout=button_count&amp;show_faces=false&amp;width=105&amp;action=like&amp;colorscheme=light&amp;height=21\"><\/iframe><\/li>\n<li class=\"td-classic-twitter\"><a href=\"https:\/\/twitter.com\/share\" class=\"twitter-share-button\" data-url=\"https:\/\/www.tvbuzau.ro\/buzaul-ar-putea-avea-o-academie-de-fotbal\/\" data-text=\"Buz\u0103ul ar putea avea o academie de fotbal\" data-via data-lang=\"en\">tweet<\/a><\/li>\n<\/ul>\n<\/div>\n<\/div>\n<div class=\"td-author-name vcard author\"><span class=\"fn\"><a href=\"https:\/\/www.tvbuzau.ro\/author\/mihai-vasilescu\/\">TV Buz\u0103u<\/a><\/span><\/div>\n<p><span><\/span><span><span><\/span><\/span><span><\/span><\/footer>\n<\/article>\n<div class=\"td_block_wrap td_block_related_posts td_uid_1_6a7ddb9296721_rand td_with_ajax_pagination td-pb-border-top\" data-td-block-uid=\"td_uid_1_6a7ddb9296721\">\n<h4 class=\"td-related-title\"><a id=\"td_uid_2_6a7ddb929bdd7\" class=\"td-related-left td-cur-simple-item\" data-td_filter_value data-td_block_id=\"td_uid_1_6a7ddb9296721\" href=\"https:\/\/www.tvbuzau.ro\/buzaul-ar-putea-avea-o-academie-de-fotbal\/\">ARTICOLE SIMILARE<\/a><a id=\"td_uid_3_6a7ddb929be11\" class=\"td-related-right\" data-td_filter_value=\"td_related_more_from_author\" data-td_block_id=\"td_uid_1_6a7ddb9296721\" href=\"https:\/\/www.tvbuzau.ro\/buzaul-ar-putea-avea-o-academie-de-fotbal\/\">DE LA ACELA\u0218I AUTOR<\/a><\/h4>\n<div id=\"td_uid_1_6a7ddb9296721\" class=\"td_block_inner\">\n<div class=\"td-related-row\">\n<div class=\"td-related-span4\">\n<div class=\"td_module_related_posts td-animation-stack td_mod_related_posts\">\n<div class=\"td-module-image\">\n<div class=\"td-module-thumb\"><a href=\"https:\/\/www.tvbuzau.ro\/drumul-jitia-bisoca-deschide-o-noua-legatura-turistica-intre-vrancea-si-buzau\/\" rel=\"bookmark\" title=\"Drumul Jitia\u2013Bisoca deschide o nou\u0103 leg\u0103tur\u0103 turistic\u0103 \u00eentre Vrancea \u0219i Buz\u0103u\"><img loading=\"lazy\" decoding=\"async\" width=\"218\" height=\"150\" class=\"entry-thumb\" src=\"https:\/\/www.tvbuzau.ro\/wp-content\/uploads\/2026\/08\/hqdefault-14-218x150.jpg\" alt title=\"Drumul Jitia\u2013Bisoca deschide o nou\u0103 leg\u0103tur\u0103 turistic\u0103 \u00eentre Vrancea \u0219i Buz\u0103u\"><span class=\"td-video-play-ico\"><img loading=\"lazy\" decoding=\"async\" width=\"40\" height=\"40\" class=\"td-retina\" src=\"https:\/\/www.tvbuzau.ro\/wp-content\/themes\/Newspaper\/images\/icons\/ico-video-large.png\" alt=\"video\"><\/span><\/a><\/div>\n<p><a href=\"https:\/\/www.tvbuzau.ro\/category\/actualitate\/\" class=\"td-post-category\">Actualitate<\/a><\/div>\n<div class=\"item-details\">\n<h3 class=\"entry-title td-module-title\"><a href=\"https:\/\/www.tvbuzau.ro\/drumul-jitia-bisoca-deschide-o-noua-legatura-turistica-intre-vrancea-si-buzau\/\" rel=\"bookmark\" title=\"Drumul Jitia\u2013Bisoca deschide o nou\u0103 leg\u0103tur\u0103 turistic\u0103 \u00eentre Vrancea \u0219i Buz\u0103u\">Drumul Jitia\u2013Bisoca deschide o nou\u0103 leg\u0103tur\u0103 turistic\u0103 \u00eentre Vrancea \u0219i Buz\u0103u<\/a><\/h3>\n<\/div>\n<\/div>\n<\/div>\n<div class=\"td-related-span4\">\n<div class=\"td_module_related_posts td-animation-stack td_mod_related_posts\">\n<div class=\"td-module-image\">\n<div class=\"td-module-thumb\"><a href=\"https:\/\/www.tvbuzau.ro\/seceta-ar-putea-rationaliza-apa-pe-valea-slanicului\/\" rel=\"bookmark\" title=\"Seceta ar putea ra\u0163ionaliza apa pe Valea Sl\u0103nicului\"><img loading=\"lazy\" decoding=\"async\" width=\"218\" height=\"150\" class=\"entry-thumb\" src=\"https:\/\/www.tvbuzau.ro\/wp-content\/uploads\/2026\/08\/sddefault-29-218x150.jpg\" alt title=\"Seceta ar putea ra\u0163ionaliza apa pe Valea Sl\u0103nicului\"><span class=\"td-video-play-ico\"><img loading=\"lazy\" decoding=\"async\" width=\"40\" height=\"40\" class=\"td-retina\" src=\"https:\/\/www.tvbuzau.ro\/wp-content\/themes\/Newspaper\/images\/icons\/ico-video-large.png\" alt=\"video\"><\/span><\/a><\/div>\n<p><a href=\"https:\/\/www.tvbuzau.ro\/category\/actualitate\/\" class=\"td-post-category\">Actualitate<\/a><\/div>\n<div class=\"item-details\">\n<h3 class=\"entry-title td-module-title\"><a href=\"https:\/\/www.tvbuzau.ro\/seceta-ar-putea-rationaliza-apa-pe-valea-slanicului\/\" rel=\"bookmark\" title=\"Seceta ar putea ra\u0163ionaliza apa pe Valea Sl\u0103nicului\">Seceta ar putea ra\u0163ionaliza apa pe Valea Sl\u0103nicului<\/a><\/h3>\n<\/div>\n<\/div>\n<\/div>\n<div class=\"td-related-span4\">\n<div class=\"td_module_related_posts td-animation-stack td_mod_related_posts\">\n<div class=\"td-module-image\">\n<div class=\"td-module-thumb\"><a href=\"https:\/\/www.tvbuzau.ro\/pe-ce-se-cheltuie-banii-destinati-anterior-scolii-spectrum\/\" rel=\"bookmark\" title=\"Pe ce se cheltuie banii destina\u0163i anterior \u015fcolii Spectrum?\"><img loading=\"lazy\" decoding=\"async\" width=\"218\" height=\"150\" class=\"entry-thumb\" src=\"https:\/\/www.tvbuzau.ro\/wp-content\/uploads\/2026\/08\/hqdefault-13-218x150.jpg\" alt title=\"Pe ce se cheltuie banii destina\u0163i anterior \u015fcolii Spectrum?\"><span class=\"td-video-play-ico\"><img loading=\"lazy\" decoding=\"async\" width=\"40\" height=\"40\" class=\"td-retina\" src=\"https:\/\/www.tvbuzau.ro\/wp-content\/themes\/Newspaper\/images\/icons\/ico-video-large.png\" alt=\"video\"><\/span><\/a><\/div>\n<p><a href=\"https:\/\/www.tvbuzau.ro\/category\/actualitate\/\" class=\"td-post-category\">Actualitate<\/a><\/div>\n<div class=\"item-details\">\n<h3 class=\"entry-title td-module-title\"><a href=\"https:\/\/www.tvbuzau.ro\/pe-ce-se-cheltuie-banii-destinati-anterior-scolii-spectrum\/\" rel=\"bookmark\" title=\"Pe ce se cheltuie banii destina\u0163i anterior \u015fcolii Spectrum?\">Pe ce se cheltuie banii destina\u0163i anterior \u015fcolii Spectrum?<\/a><\/h3>\n<\/div>\n<\/div>\n<\/div>\n<\/div>\n<div class=\"td-related-row\">\n<div class=\"td-related-span4\">\n<div class=\"td_module_related_posts td-animation-stack td_mod_related_posts\">\n<div class=\"td-module-image\">\n<div class=\"td-module-thumb\"><a href=\"https:\/\/www.tvbuzau.ro\/o-veste-buna-pentru-politistii-locali\/\" rel=\"bookmark\" title=\"O veste bun\u0103 pentru poli\u0163i\u015ftii locali\"><img loading=\"lazy\" decoding=\"async\" width=\"218\" height=\"150\" class=\"entry-thumb\" src=\"https:\/\/www.tvbuzau.ro\/wp-content\/uploads\/2026\/08\/sddefault-28-218x150.jpg\" alt title=\"O veste bun\u0103 pentru poli\u0163i\u015ftii locali\"><span class=\"td-video-play-ico\"><img loading=\"lazy\" decoding=\"async\" width=\"40\" height=\"40\" class=\"td-retina\" src=\"https:\/\/www.tvbuzau.ro\/wp-content\/themes\/Newspaper\/images\/icons\/ico-video-large.png\" alt=\"video\"><\/span><\/a><\/div>\n<p><a href=\"https:\/\/www.tvbuzau.ro\/category\/actualitate\/\" class=\"td-post-category\">Actualitate<\/a><\/div>\n<div class=\"item-details\">\n<h3 class=\"entry-title td-module-title\"><a href=\"https:\/\/www.tvbuzau.ro\/o-veste-buna-pentru-politistii-locali\/\" rel=\"bookmark\" title=\"O veste bun\u0103 pentru poli\u0163i\u015ftii locali\">O veste bun\u0103 pentru poli\u0163i\u015ftii locali<\/a><\/h3>\n<\/div>\n<\/div>\n<\/div>\n<div class=\"td-related-span4\">\n<div class=\"td_module_related_posts td-animation-stack td_mod_related_posts\">\n<div class=\"td-module-image\">\n<div class=\"td-module-thumb\"><a href=\"https:\/\/www.tvbuzau.ro\/centru-de-aport-voluntar-cu-bazin-de-retentie-a-apei\/\" rel=\"bookmark\" title=\"Centru de aport voluntar cu bazin de reten\u0163ie a apei\"><img loading=\"lazy\" decoding=\"async\" width=\"218\" height=\"150\" class=\"entry-thumb\" src=\"https:\/\/www.tvbuzau.ro\/wp-content\/uploads\/2026\/08\/sddefault-27-218x150.jpg\" alt title=\"Centru de aport voluntar cu bazin de reten\u0163ie a apei\"><span class=\"td-video-play-ico\"><img loading=\"lazy\" decoding=\"async\" width=\"40\" height=\"40\" class=\"td-retina\" src=\"https:\/\/www.tvbuzau.ro\/wp-content\/themes\/Newspaper\/images\/icons\/ico-video-large.png\" alt=\"video\"><\/span><\/a><\/div>\n<p><a href=\"https:\/\/www.tvbuzau.ro\/category\/actualitate\/\" class=\"td-post-category\">Actualitate<\/a><\/div>\n<div class=\"item-details\">\n<h3 class=\"entry-title td-module-title\"><a href=\"https:\/\/www.tvbuzau.ro\/centru-de-aport-voluntar-cu-bazin-de-retentie-a-apei\/\" rel=\"bookmark\" title=\"Centru de aport voluntar cu bazin de reten\u0163ie a apei\">Centru de aport voluntar cu bazin de reten\u0163ie a apei<\/a><\/h3>\n<\/div>\n<\/div>\n<\/div>\n<div class=\"td-related-span4\">\n<div class=\"td_module_related_posts td-animation-stack td_mod_related_posts\">\n<div class=\"td-module-image\">\n<div class=\"td-module-thumb\"><a href=\"https:\/\/www.tvbuzau.ro\/va-mai-avea-buzaul-un-poligon-auto\/\" rel=\"bookmark\" title=\"Va mai avea Buz\u0103ul un poligon auto?\"><img loading=\"lazy\" decoding=\"async\" width=\"218\" height=\"150\" class=\"entry-thumb\" src=\"https:\/\/www.tvbuzau.ro\/wp-content\/uploads\/2026\/08\/sddefault-26-218x150.jpg\" alt title=\"Va mai avea Buz\u0103ul un poligon auto?\"><span class=\"td-video-play-ico\"><img loading=\"lazy\" decoding=\"async\" width=\"40\" height=\"40\" class=\"td-retina\" src=\"https:\/\/www.tvbuzau.ro\/wp-content\/themes\/Newspaper\/images\/icons\/ico-video-large.png\" alt=\"video\"><\/span><\/a><\/div>\n<p><a href=\"https:\/\/www.tvbuzau.ro\/category\/actualitate\/\" class=\"td-post-category\">Actualitate<\/a><\/div>\n<div class=\"item-details\">\n<h3 class=\"entry-title td-module-title\"><a href=\"https:\/\/www.tvbuzau.ro\/va-mai-avea-buzaul-un-poligon-auto\/\" rel=\"bookmark\" title=\"Va mai avea Buz\u0103ul un poligon auto?\">Va mai avea Buz\u0103ul un poligon auto?<\/a><\/h3>\n<\/div>\n<\/div>\n<\/div>\n<\/div>\n<\/div>\n<\/div>\n<div class=\"comments\" id=\"comments\">\n<div id=\"respond\" class=\"comment-respond\">\n<h3 id=\"reply-title\" class=\"comment-reply-title\">L\u0102SA\u021aI UN MESAJ <small><a rel=\"nofollow\" id=\"cancel-comment-reply-link\" href=\"https:\/\/www.tvbuzau.ro\/buzaul-ar-putea-avea-o-academie-de-fotbal\/#respond\">Renun\u021ba\u021bi la r\u0103spuns<\/a><\/small><\/h3>\n<\/div>\n<\/div>\n<\/div>\n<div class=\"td-post-content\">\n<div class=\"td-featured-image-rec\">\n<div class=\"wpb_video_wrapper\">\n                    <iframe loading=\"lazy\" id=\"td_youtube_player\" width=\"600\" height=\"560\" src=\"https:\/\/www.youtube.com\/embed\/EH0i1uLWDJI?enablejsapi=1&amp;feature=oembed&amp;wmode=opaque&amp;vq=hd720\" frameborder allowfullscreen><\/iframe><\/p><\/div>\n<\/div>\n<p>Marcel Ciolacu, \u00eent\u00e2lnire cu R\u0103zvan Burleanu, \u015feful FRF<br \/>\nPre\u015feditele Consiliului Jude\u0163ea Buz\u0103u, Marcel Ciolacu a avut o \u00eentrevedere cu  pre\u0219edintele Federa\u021biei Rom\u00e2ne de Fotbal, R\u0103zvan Burleanu pe tema dezvolt\u0103rii sportului \u00een r\u00e2ndul tinerilor.<\/p>\n<p>\u201cAm avut o \u00eent\u00e2lnire foarte bun\u0103 cu pre\u0219edintele Federa\u021biei Rom\u00e2ne de Fotbal, R\u0103zvan Burleanu, al\u0103turi de directorul tehnic Mihai Stoichi\u021b\u0103 \u0219i de directorul de dezvoltare, Felix Grigore. Am discutat despre viitorul fotbalului buzoian \u0219i despre pa\u0219ii necesari pentru dezvoltarea sectorului de copii \u0219i juniori. Ne dorim s\u0103 construim, la Buz\u0103u, o academie de fotbal care s\u0103 ofere \u0219anse copiilor din \u00eentreg jude\u021bul, at\u00e2t din mediul urban, c\u00e2t \u0219i din mediul rural\u201d, a anun\u0163at Marcel Ciolacu.<\/p>\n<p>\u0162in\u00e2nd cont de interesul copiilor \u015fi tinerilor pentru sport, pre\u015fedintele Consiliului Jude\u0163ean Buz\u0103u a precizat c\u0103 administra\u0163ia trebuie s\u0103 se preocupe de dezvoltarea condi\u0163iilor pentru viitorele talente.<\/p>\n<p>\u201cAm vizitat \u0219i baza sportiv\u0103 de la ie\u0219irea din municipiul Buz\u0103u, realizat\u0103 printr-un program al Guvernului Rom\u00e2niei, al\u0103turi de Compania Na\u021bional\u0103 de Investi\u021bii. Constructorul ne-a asigurat c\u0103, \u00een luna septembrie, investi\u021bia va fi finalizat\u0103 \u0219i predat\u0103 pentru a fi folosit\u0103 de copiii \u0219i juniorii din jude\u021b.<br \/>\nCred c\u0103 performan\u021ba \u00eencepe cu infrastructura \u0219i cu investi\u021bia \u00een cei mici. Dac\u0103 vrem ca Buz\u0103ul s\u0103 aib\u0103, pe termen lung, o echip\u0103 puternic\u0103 la nivel na\u021bional, trebuie s\u0103 construim mai \u00eent\u00e2i o baz\u0103 solid\u0103 pentru genera\u021biile care vin din urm\u0103. Asta ne propunem \u0219i \u00een aceast\u0103 direc\u021bie vom continua s\u0103 investim\u201d, a precizat Marcel Ciolacu.<\/p>\n<div class=\"post-views post-119993 entry-meta\"><span class=\"post-views-label\">Post Views: <\/span><span class=\"post-views-count\">177<\/span><\/div>\n<\/div>\n<p>[analyse_source url=&#8221;https:\/\/www.tvbuzau.ro\/buzaul-ar-putea-avea-o-academie-de-fotbal\/&#8221;]<\/p>\n","protected":false},"excerpt":{"rendered":"<p>[analyse_image type=&#8221;featured&#8221; src=&#8221;https:\/\/www.tvbuzau.ro\/wp-content\/uploads\/2026\/08\/hqdefault-11.jpghttps:\/\/www.tvbuzau.ro\/wp-content\/uploads\/2026\/08\/hqdefault-11.jpg&#8221;] Actualitate Buz\u0103ul ar putea avea o academie de fotbal De c\u0103tre TV Buz\u0103u &#8211; august 11, 2026 0 6 Distribui\u021bi pe Facebook Distribui\u021bi pe Twitter tweet Marcel Ciolacu, \u00eent\u00e2lnire cu R\u0103zvan Burleanu, \u015feful FRF Pre\u015feditele Consiliului Jude\u0163ea Buz\u0103u, Marcel Ciolacu a avut o \u00eentrevedere cu pre\u0219edintele Federa\u021biei Rom\u00e2ne de Fotbal, R\u0103zvan Burleanu [&hellip;]<\/p>\n","protected":false},"author":1,"featured_media":0,"comment_status":"open","ping_status":"","sticky":false,"template":"","format":"standard","meta":{"footnotes":""},"categories":[2],"tags":[226,116],"class_list":["post-2091614","post","type-post","status-publish","format-standard","hentry","category-politics","tag-crawlmanager","tag-tvbuzau-ro"],"_links":{"self":[{"href":"https:\/\/analyse.optim.biz\/index.php?rest_route=\/wp\/v2\/posts\/2091614","targetHints":{"allow":["GET"]}}],"collection":[{"href":"https:\/\/analyse.optim.biz\/index.php?rest_route=\/wp\/v2\/posts"}],"about":[{"href":"https:\/\/analyse.optim.biz\/index.php?rest_route=\/wp\/v2\/types\/post"}],"author":[{"embeddable":true,"href":"https:\/\/analyse.optim.biz\/index.php?rest_route=\/wp\/v2\/users\/1"}],"replies":[{"embeddable":true,"href":"https:\/\/analyse.optim.biz\/index.php?rest_route=%2Fwp%2Fv2%2Fcomments&post=2091614"}],"version-history":[{"count":0,"href":"https:\/\/analyse.optim.biz\/index.php?rest_route=\/wp\/v2\/posts\/2091614\/revisions"}],"wp:attachment":[{"href":"https:\/\/analyse.optim.biz\/index.php?rest_route=%2Fwp%2Fv2%2Fmedia&parent=2091614"}],"wp:term":[{"taxonomy":"category","embeddable":true,"href":"https:\/\/analyse.optim.biz\/index.php?rest_route=%2Fwp%2Fv2%2Fcategories&post=2091614"},{"taxonomy":"post_tag","embeddable":true,"href":"https:\/\/analyse.optim.biz\/index.php?rest_route=%2Fwp%2Fv2%2Ftags&post=2091614"}],"curies":[{"name":"wp","href":"https:\/\/api.w.org\/{rel}","templated":true}]}}