{"id":2091612,"date":"2026-08-10T19:48:17","date_gmt":"2026-08-10T16:48:17","guid":{"rendered":"https:\/\/analyse.optim.biz\/?p=2091612"},"modified":"2026-08-10T19:48:17","modified_gmt":"2026-08-10T16:48:17","slug":"orbitalul-si-spitalul-municipal-proiecte-puse-pe-asteptare","status":"publish","type":"post","link":"https:\/\/analyse.optim.biz\/?p=2091612","title":{"rendered":"Orbitalul \u015fi spitalul municipal, proiecte puse pe a\u015fteptare"},"content":{"rendered":"<p>[analyse_image type=&#8221;featured&#8221; src=&#8221;https:\/\/www.tvbuzau.ro\/wp-content\/uploads\/2026\/08\/sddefault-23.jpghttps:\/\/www.tvbuzau.ro\/wp-content\/uploads\/2026\/08\/sddefault-23.jpg&#8221;]<\/p>\n<div class=\"td-ss-main-content\">\n<article id=\"post-119986\" class=\"post-119986 post type-post status-publish format-video has-post-thumbnail hentry category-actualitate post_format-post-format-video\">\n<div class=\"td-post-header\">\n<ul class=\"td-category\">\n<li class=\"entry-category\"><a href=\"https:\/\/www.tvbuzau.ro\/category\/actualitate\/\">Actualitate<\/a><\/li>\n<\/ul>\n<header class=\"td-post-title\">\n<h1 class=\"entry-title\">Orbitalul \u015fi spitalul municipal, proiecte puse pe a\u015fteptare<\/h1>\n<div class=\"td-module-meta-info\">\n<div class=\"td-post-author-name\">De c\u0103tre <a href=\"https:\/\/www.tvbuzau.ro\/author\/mihai-vasilescu\/\">TV Buz\u0103u<\/a> &#8211; <\/div>\n<p><span class=\"td-post-date\"><time class=\"entry-date updated td-module-date\" datetime=\"2026-08-10T19:48:17+00:00\">august 10, 2026<\/time><\/span><\/p>\n<div class=\"td-post-comments\"><a href=\"https:\/\/www.tvbuzau.ro\/orbitalul-si-spitalul-municipal-proiecte-puse-pe-asteptare\/#respond\">0<\/a><\/div>\n<div class=\"td-post-views\"><span class=\"td-nr-views-119986\">17<\/span><\/div>\n<\/div>\n<\/header>\n<\/div>\n<div class=\"td-post-sharing td-post-sharing-top td-with-like\">\n<div class=\"td-default-sharing\"><a class=\"td-social-sharing-buttons td-social-facebook\" href=\"http:\/\/www.facebook.com\/sharer.php?u=https%3A%2F%2Fwww.tvbuzau.ro%2Forbitalul-si-spitalul-municipal-proiecte-puse-pe-asteptare%2F\"><\/p>\n<div class=\"td-social-but-text\">Distribui\u021bi pe Facebook<\/div>\n<p><\/a><a class=\"td-social-sharing-buttons td-social-twitter\" href=\"https:\/\/twitter.com\/intent\/tweet?text=Orbitalul+%C5%9Fi+spitalul+municipal%2C+proiecte+puse+pe+a%C5%9Fteptare&amp;url=https%3A%2F%2Fwww.tvbuzau.ro%2Forbitalul-si-spitalul-municipal-proiecte-puse-pe-asteptare%2F&amp;via=TV+Buz%C4%83u\"><\/p>\n<div class=\"td-social-but-text\">Distribui\u021bi pe Twitter<\/div>\n<p><\/a><\/div>\n<div class=\"td-classic-sharing\">\n<ul>\n<li class=\"td-classic-facebook\"><iframe frameborder src=\"https:\/\/www.facebook.com\/plugins\/like.php?href=https:\/\/www.tvbuzau.ro\/orbitalul-si-spitalul-municipal-proiecte-puse-pe-asteptare\/&amp;layout=button_count&amp;show_faces=false&amp;width=105&amp;action=like&amp;colorscheme=light&amp;height=21\"><\/iframe><\/li>\n<li class=\"td-classic-twitter\"><a href=\"https:\/\/twitter.com\/share\" class=\"twitter-share-button\" data-url=\"https:\/\/www.tvbuzau.ro\/orbitalul-si-spitalul-municipal-proiecte-puse-pe-asteptare\/\" data-text=\"Orbitalul \u015fi spitalul municipal, proiecte puse pe a\u015fteptare\" data-via data-lang=\"en\">tweet<\/a><\/li>\n<\/ul>\n<\/div>\n<\/div>\n<div class=\"td-post-content\">\n<div class=\"td-featured-image-rec\">\n<div class=\"wpb_video_wrapper\">\n                    <iframe loading=\"lazy\" id=\"td_youtube_player\" width=\"600\" height=\"560\" src=\"https:\/\/www.youtube.com\/embed\/BQQIBvNyNgE?enablejsapi=1&amp;feature=oembed&amp;wmode=opaque&amp;vq=hd720\" frameborder allowfullscreen><\/iframe><\/p><\/div>\n<\/div>\n<p>Proiecte ale prim\u0103riei care au stagnat din pricina crizei politice guveramentale<br \/>\nMunicipiul Buz\u0103u va beneficia de un drum orbital cu o lungime de peste 13 kilometri \u0219i patru benzi de circula\u021bie, o investi\u021bie estimat\u0103 la peste un miliard de lei (peste 200 de milioane de euro) menit\u0103 s\u0103 scoat\u0103 traficul greu din ora\u0219 \u0219i s\u0103 asigure conectarea cu Autostrada A7. Prima por\u0163iune de aproximtiv 6 km cu care proiectul ar fi trebuit s\u0103 debuteze, nu a fost demarat\u0103 ca urmare a faptului c\u0103 anumite hot\u0103r\u00e2ri nu au fost date din pricina crizei politice guveramentale.<br \/>\nUn alt proiect care s-a \u00eempotmolit \u00een criza politic\u0103 \u015fi guvernamental\u0103 mai este cel legat de \u00eenfiin\u0163area unui spital municipal la Buz\u0103u.<br \/>\nPrim\u0103ria face demersuri pentru construirea unui nou spital \u00een municipiul Buz\u0103u, \u00een plus fa\u0163\u0103 de cel existent, Spitalul Jude\u0163ean de Urgen\u0163\u0103, care s\u0103 asigure servicii complexe de s\u0103n\u0103tate public\u0103.<\/p>\n<div class=\"post-views post-119986 entry-meta\"><span class=\"post-views-label\">Post Views: <\/span><span class=\"post-views-count\">262<\/span><\/div>\n<\/div>\n<footer>\n<div class=\"td-post-sharing td-post-sharing-bottom td-with-like\"><span class=\"td-post-share-title\">DISTRIBUI\u021aI<\/span><\/p>\n<div class=\"td-default-sharing\"><a class=\"td-social-sharing-buttons td-social-facebook\" href=\"http:\/\/www.facebook.com\/sharer.php?u=https%3A%2F%2Fwww.tvbuzau.ro%2Forbitalul-si-spitalul-municipal-proiecte-puse-pe-asteptare%2F\"><\/p>\n<div class=\"td-social-but-text\">Facebook<\/div>\n<p><\/a><a class=\"td-social-sharing-buttons td-social-twitter\" href=\"https:\/\/twitter.com\/intent\/tweet?text=Orbitalul+%C5%9Fi+spitalul+municipal%2C+proiecte+puse+pe+a%C5%9Fteptare&amp;url=https%3A%2F%2Fwww.tvbuzau.ro%2Forbitalul-si-spitalul-municipal-proiecte-puse-pe-asteptare%2F&amp;via=TV+Buz%C4%83u\"><\/p>\n<div class=\"td-social-but-text\">Twitter<\/div>\n<p><\/a><\/div>\n<div class=\"td-classic-sharing\">\n<ul>\n<li class=\"td-classic-facebook\"><iframe frameborder src=\"https:\/\/www.facebook.com\/plugins\/like.php?href=https:\/\/www.tvbuzau.ro\/orbitalul-si-spitalul-municipal-proiecte-puse-pe-asteptare\/&amp;layout=button_count&amp;show_faces=false&amp;width=105&amp;action=like&amp;colorscheme=light&amp;height=21\"><\/iframe><\/li>\n<li class=\"td-classic-twitter\"><a href=\"https:\/\/twitter.com\/share\" class=\"twitter-share-button\" data-url=\"https:\/\/www.tvbuzau.ro\/orbitalul-si-spitalul-municipal-proiecte-puse-pe-asteptare\/\" data-text=\"Orbitalul \u015fi spitalul municipal, proiecte puse pe a\u015fteptare\" data-via data-lang=\"en\">tweet<\/a><\/li>\n<\/ul>\n<\/div>\n<\/div>\n<div class=\"td-author-name vcard author\"><span class=\"fn\"><a href=\"https:\/\/www.tvbuzau.ro\/author\/mihai-vasilescu\/\">TV Buz\u0103u<\/a><\/span><\/div>\n<p><span><\/span><span><span><\/span><\/span><span><\/span><\/footer>\n<\/article>\n<div class=\"td_block_wrap td_block_related_posts td_uid_1_6a7ddb44a463e_rand td_with_ajax_pagination td-pb-border-top\" data-td-block-uid=\"td_uid_1_6a7ddb44a463e\">\n<h4 class=\"td-related-title\"><a id=\"td_uid_2_6a7ddb44a9e46\" class=\"td-related-left td-cur-simple-item\" data-td_filter_value data-td_block_id=\"td_uid_1_6a7ddb44a463e\" href=\"https:\/\/www.tvbuzau.ro\/orbitalul-si-spitalul-municipal-proiecte-puse-pe-asteptare\/\">ARTICOLE SIMILARE<\/a><a id=\"td_uid_3_6a7ddb44a9e84\" class=\"td-related-right\" data-td_filter_value=\"td_related_more_from_author\" data-td_block_id=\"td_uid_1_6a7ddb44a463e\" href=\"https:\/\/www.tvbuzau.ro\/orbitalul-si-spitalul-municipal-proiecte-puse-pe-asteptare\/\">DE LA ACELA\u0218I AUTOR<\/a><\/h4>\n<div id=\"td_uid_1_6a7ddb44a463e\" class=\"td_block_inner\">\n<div class=\"td-related-row\">\n<div class=\"td-related-span4\">\n<div class=\"td_module_related_posts td-animation-stack td_mod_related_posts\">\n<div class=\"td-module-image\">\n<div class=\"td-module-thumb\"><a href=\"https:\/\/www.tvbuzau.ro\/drumul-jitia-bisoca-deschide-o-noua-legatura-turistica-intre-vrancea-si-buzau\/\" rel=\"bookmark\" title=\"Drumul Jitia\u2013Bisoca deschide o nou\u0103 leg\u0103tur\u0103 turistic\u0103 \u00eentre Vrancea \u0219i Buz\u0103u\"><img loading=\"lazy\" decoding=\"async\" width=\"218\" height=\"150\" class=\"entry-thumb\" src=\"https:\/\/www.tvbuzau.ro\/wp-content\/uploads\/2026\/08\/hqdefault-14-218x150.jpg\" alt title=\"Drumul Jitia\u2013Bisoca deschide o nou\u0103 leg\u0103tur\u0103 turistic\u0103 \u00eentre Vrancea \u0219i Buz\u0103u\"><span class=\"td-video-play-ico\"><img loading=\"lazy\" decoding=\"async\" width=\"40\" height=\"40\" class=\"td-retina\" src=\"https:\/\/www.tvbuzau.ro\/wp-content\/themes\/Newspaper\/images\/icons\/ico-video-large.png\" alt=\"video\"><\/span><\/a><\/div>\n<p><a href=\"https:\/\/www.tvbuzau.ro\/category\/actualitate\/\" class=\"td-post-category\">Actualitate<\/a><\/div>\n<div class=\"item-details\">\n<h3 class=\"entry-title td-module-title\"><a href=\"https:\/\/www.tvbuzau.ro\/drumul-jitia-bisoca-deschide-o-noua-legatura-turistica-intre-vrancea-si-buzau\/\" rel=\"bookmark\" title=\"Drumul Jitia\u2013Bisoca deschide o nou\u0103 leg\u0103tur\u0103 turistic\u0103 \u00eentre Vrancea \u0219i Buz\u0103u\">Drumul Jitia\u2013Bisoca deschide o nou\u0103 leg\u0103tur\u0103 turistic\u0103 \u00eentre Vrancea \u0219i Buz\u0103u<\/a><\/h3>\n<\/div>\n<\/div>\n<\/div>\n<div class=\"td-related-span4\">\n<div class=\"td_module_related_posts td-animation-stack td_mod_related_posts\">\n<div class=\"td-module-image\">\n<div class=\"td-module-thumb\"><a href=\"https:\/\/www.tvbuzau.ro\/seceta-ar-putea-rationaliza-apa-pe-valea-slanicului\/\" rel=\"bookmark\" title=\"Seceta ar putea ra\u0163ionaliza apa pe Valea Sl\u0103nicului\"><img loading=\"lazy\" decoding=\"async\" width=\"218\" height=\"150\" class=\"entry-thumb\" src=\"https:\/\/www.tvbuzau.ro\/wp-content\/uploads\/2026\/08\/sddefault-29-218x150.jpg\" alt title=\"Seceta ar putea ra\u0163ionaliza apa pe Valea Sl\u0103nicului\"><span class=\"td-video-play-ico\"><img loading=\"lazy\" decoding=\"async\" width=\"40\" height=\"40\" class=\"td-retina\" src=\"https:\/\/www.tvbuzau.ro\/wp-content\/themes\/Newspaper\/images\/icons\/ico-video-large.png\" alt=\"video\"><\/span><\/a><\/div>\n<p><a href=\"https:\/\/www.tvbuzau.ro\/category\/actualitate\/\" class=\"td-post-category\">Actualitate<\/a><\/div>\n<div class=\"item-details\">\n<h3 class=\"entry-title td-module-title\"><a href=\"https:\/\/www.tvbuzau.ro\/seceta-ar-putea-rationaliza-apa-pe-valea-slanicului\/\" rel=\"bookmark\" title=\"Seceta ar putea ra\u0163ionaliza apa pe Valea Sl\u0103nicului\">Seceta ar putea ra\u0163ionaliza apa pe Valea Sl\u0103nicului<\/a><\/h3>\n<\/div>\n<\/div>\n<\/div>\n<div class=\"td-related-span4\">\n<div class=\"td_module_related_posts td-animation-stack td_mod_related_posts\">\n<div class=\"td-module-image\">\n<div class=\"td-module-thumb\"><a href=\"https:\/\/www.tvbuzau.ro\/pe-ce-se-cheltuie-banii-destinati-anterior-scolii-spectrum\/\" rel=\"bookmark\" title=\"Pe ce se cheltuie banii destina\u0163i anterior \u015fcolii Spectrum?\"><img loading=\"lazy\" decoding=\"async\" width=\"218\" height=\"150\" class=\"entry-thumb\" src=\"https:\/\/www.tvbuzau.ro\/wp-content\/uploads\/2026\/08\/hqdefault-13-218x150.jpg\" alt title=\"Pe ce se cheltuie banii destina\u0163i anterior \u015fcolii Spectrum?\"><span class=\"td-video-play-ico\"><img loading=\"lazy\" decoding=\"async\" width=\"40\" height=\"40\" class=\"td-retina\" src=\"https:\/\/www.tvbuzau.ro\/wp-content\/themes\/Newspaper\/images\/icons\/ico-video-large.png\" alt=\"video\"><\/span><\/a><\/div>\n<p><a href=\"https:\/\/www.tvbuzau.ro\/category\/actualitate\/\" class=\"td-post-category\">Actualitate<\/a><\/div>\n<div class=\"item-details\">\n<h3 class=\"entry-title td-module-title\"><a href=\"https:\/\/www.tvbuzau.ro\/pe-ce-se-cheltuie-banii-destinati-anterior-scolii-spectrum\/\" rel=\"bookmark\" title=\"Pe ce se cheltuie banii destina\u0163i anterior \u015fcolii Spectrum?\">Pe ce se cheltuie banii destina\u0163i anterior \u015fcolii Spectrum?<\/a><\/h3>\n<\/div>\n<\/div>\n<\/div>\n<\/div>\n<div class=\"td-related-row\">\n<div class=\"td-related-span4\">\n<div class=\"td_module_related_posts td-animation-stack td_mod_related_posts\">\n<div class=\"td-module-image\">\n<div class=\"td-module-thumb\"><a href=\"https:\/\/www.tvbuzau.ro\/o-veste-buna-pentru-politistii-locali\/\" rel=\"bookmark\" title=\"O veste bun\u0103 pentru poli\u0163i\u015ftii locali\"><img loading=\"lazy\" decoding=\"async\" width=\"218\" height=\"150\" class=\"entry-thumb\" src=\"https:\/\/www.tvbuzau.ro\/wp-content\/uploads\/2026\/08\/sddefault-28-218x150.jpg\" alt title=\"O veste bun\u0103 pentru poli\u0163i\u015ftii locali\"><span class=\"td-video-play-ico\"><img loading=\"lazy\" decoding=\"async\" width=\"40\" height=\"40\" class=\"td-retina\" src=\"https:\/\/www.tvbuzau.ro\/wp-content\/themes\/Newspaper\/images\/icons\/ico-video-large.png\" alt=\"video\"><\/span><\/a><\/div>\n<p><a href=\"https:\/\/www.tvbuzau.ro\/category\/actualitate\/\" class=\"td-post-category\">Actualitate<\/a><\/div>\n<div class=\"item-details\">\n<h3 class=\"entry-title td-module-title\"><a href=\"https:\/\/www.tvbuzau.ro\/o-veste-buna-pentru-politistii-locali\/\" rel=\"bookmark\" title=\"O veste bun\u0103 pentru poli\u0163i\u015ftii locali\">O veste bun\u0103 pentru poli\u0163i\u015ftii locali<\/a><\/h3>\n<\/div>\n<\/div>\n<\/div>\n<div class=\"td-related-span4\">\n<div class=\"td_module_related_posts td-animation-stack td_mod_related_posts\">\n<div class=\"td-module-image\">\n<div class=\"td-module-thumb\"><a href=\"https:\/\/www.tvbuzau.ro\/centru-de-aport-voluntar-cu-bazin-de-retentie-a-apei\/\" rel=\"bookmark\" title=\"Centru de aport voluntar cu bazin de reten\u0163ie a apei\"><img loading=\"lazy\" decoding=\"async\" width=\"218\" height=\"150\" class=\"entry-thumb\" src=\"https:\/\/www.tvbuzau.ro\/wp-content\/uploads\/2026\/08\/sddefault-27-218x150.jpg\" alt title=\"Centru de aport voluntar cu bazin de reten\u0163ie a apei\"><span class=\"td-video-play-ico\"><img loading=\"lazy\" decoding=\"async\" width=\"40\" height=\"40\" class=\"td-retina\" src=\"https:\/\/www.tvbuzau.ro\/wp-content\/themes\/Newspaper\/images\/icons\/ico-video-large.png\" alt=\"video\"><\/span><\/a><\/div>\n<p><a href=\"https:\/\/www.tvbuzau.ro\/category\/actualitate\/\" class=\"td-post-category\">Actualitate<\/a><\/div>\n<div class=\"item-details\">\n<h3 class=\"entry-title td-module-title\"><a href=\"https:\/\/www.tvbuzau.ro\/centru-de-aport-voluntar-cu-bazin-de-retentie-a-apei\/\" rel=\"bookmark\" title=\"Centru de aport voluntar cu bazin de reten\u0163ie a apei\">Centru de aport voluntar cu bazin de reten\u0163ie a apei<\/a><\/h3>\n<\/div>\n<\/div>\n<\/div>\n<div class=\"td-related-span4\">\n<div class=\"td_module_related_posts td-animation-stack td_mod_related_posts\">\n<div class=\"td-module-image\">\n<div class=\"td-module-thumb\"><a href=\"https:\/\/www.tvbuzau.ro\/va-mai-avea-buzaul-un-poligon-auto\/\" rel=\"bookmark\" title=\"Va mai avea Buz\u0103ul un poligon auto?\"><img loading=\"lazy\" decoding=\"async\" width=\"218\" height=\"150\" class=\"entry-thumb\" src=\"https:\/\/www.tvbuzau.ro\/wp-content\/uploads\/2026\/08\/sddefault-26-218x150.jpg\" alt title=\"Va mai avea Buz\u0103ul un poligon auto?\"><span class=\"td-video-play-ico\"><img loading=\"lazy\" decoding=\"async\" width=\"40\" height=\"40\" class=\"td-retina\" src=\"https:\/\/www.tvbuzau.ro\/wp-content\/themes\/Newspaper\/images\/icons\/ico-video-large.png\" alt=\"video\"><\/span><\/a><\/div>\n<p><a href=\"https:\/\/www.tvbuzau.ro\/category\/actualitate\/\" class=\"td-post-category\">Actualitate<\/a><\/div>\n<div class=\"item-details\">\n<h3 class=\"entry-title td-module-title\"><a href=\"https:\/\/www.tvbuzau.ro\/va-mai-avea-buzaul-un-poligon-auto\/\" rel=\"bookmark\" title=\"Va mai avea Buz\u0103ul un poligon auto?\">Va mai avea Buz\u0103ul un poligon auto?<\/a><\/h3>\n<\/div>\n<\/div>\n<\/div>\n<\/div>\n<\/div>\n<\/div>\n<div class=\"comments\" id=\"comments\">\n<div id=\"respond\" class=\"comment-respond\">\n<h3 id=\"reply-title\" class=\"comment-reply-title\">L\u0102SA\u021aI UN MESAJ <small><a rel=\"nofollow\" id=\"cancel-comment-reply-link\" href=\"https:\/\/www.tvbuzau.ro\/orbitalul-si-spitalul-municipal-proiecte-puse-pe-asteptare\/#respond\">Renun\u021ba\u021bi la r\u0103spuns<\/a><\/small><\/h3>\n<\/div>\n<\/div>\n<\/div>\n<div class=\"td-post-content\">\n<div class=\"td-featured-image-rec\">\n<div class=\"wpb_video_wrapper\">\n                    <iframe loading=\"lazy\" id=\"td_youtube_player\" width=\"600\" height=\"560\" src=\"https:\/\/www.youtube.com\/embed\/BQQIBvNyNgE?enablejsapi=1&amp;feature=oembed&amp;wmode=opaque&amp;vq=hd720\" frameborder allowfullscreen><\/iframe><\/p><\/div>\n<\/div>\n<p>Proiecte ale prim\u0103riei care au stagnat din pricina crizei politice guveramentale<br \/>\nMunicipiul Buz\u0103u va beneficia de un drum orbital cu o lungime de peste 13 kilometri \u0219i patru benzi de circula\u021bie, o investi\u021bie estimat\u0103 la peste un miliard de lei (peste 200 de milioane de euro) menit\u0103 s\u0103 scoat\u0103 traficul greu din ora\u0219 \u0219i s\u0103 asigure conectarea cu Autostrada A7. Prima por\u0163iune de aproximtiv 6 km cu care proiectul ar fi trebuit s\u0103 debuteze, nu a fost demarat\u0103 ca urmare a faptului c\u0103 anumite hot\u0103r\u00e2ri nu au fost date din pricina crizei politice guveramentale.<br \/>\nUn alt proiect care s-a \u00eempotmolit \u00een criza politic\u0103 \u015fi guvernamental\u0103 mai este cel legat de \u00eenfiin\u0163area unui spital municipal la Buz\u0103u.<br \/>\nPrim\u0103ria face demersuri pentru construirea unui nou spital \u00een municipiul Buz\u0103u, \u00een plus fa\u0163\u0103 de cel existent, Spitalul Jude\u0163ean de Urgen\u0163\u0103, care s\u0103 asigure servicii complexe de s\u0103n\u0103tate public\u0103.<\/p>\n<div class=\"post-views post-119986 entry-meta\"><span class=\"post-views-label\">Post Views: <\/span><span class=\"post-views-count\">262<\/span><\/div>\n<\/div>\n<p>[analyse_source url=&#8221;https:\/\/www.tvbuzau.ro\/orbitalul-si-spitalul-municipal-proiecte-puse-pe-asteptare\/&#8221;]<\/p>\n","protected":false},"excerpt":{"rendered":"<p>[analyse_image type=&#8221;featured&#8221; src=&#8221;https:\/\/www.tvbuzau.ro\/wp-content\/uploads\/2026\/08\/sddefault-23.jpghttps:\/\/www.tvbuzau.ro\/wp-content\/uploads\/2026\/08\/sddefault-23.jpg&#8221;] Actualitate Orbitalul \u015fi spitalul municipal, proiecte puse pe a\u015fteptare De c\u0103tre TV Buz\u0103u &#8211; august 10, 2026 0 17 Distribui\u021bi pe Facebook Distribui\u021bi pe Twitter tweet Proiecte ale prim\u0103riei care au stagnat din pricina crizei politice guveramentale Municipiul Buz\u0103u va beneficia de un drum orbital cu o lungime de peste 13 kilometri [&hellip;]<\/p>\n","protected":false},"author":1,"featured_media":0,"comment_status":"open","ping_status":"","sticky":false,"template":"","format":"standard","meta":{"footnotes":""},"categories":[2],"tags":[226,116],"class_list":["post-2091612","post","type-post","status-publish","format-standard","hentry","category-politics","tag-crawlmanager","tag-tvbuzau-ro"],"_links":{"self":[{"href":"https:\/\/analyse.optim.biz\/index.php?rest_route=\/wp\/v2\/posts\/2091612","targetHints":{"allow":["GET"]}}],"collection":[{"href":"https:\/\/analyse.optim.biz\/index.php?rest_route=\/wp\/v2\/posts"}],"about":[{"href":"https:\/\/analyse.optim.biz\/index.php?rest_route=\/wp\/v2\/types\/post"}],"author":[{"embeddable":true,"href":"https:\/\/analyse.optim.biz\/index.php?rest_route=\/wp\/v2\/users\/1"}],"replies":[{"embeddable":true,"href":"https:\/\/analyse.optim.biz\/index.php?rest_route=%2Fwp%2Fv2%2Fcomments&post=2091612"}],"version-history":[{"count":0,"href":"https:\/\/analyse.optim.biz\/index.php?rest_route=\/wp\/v2\/posts\/2091612\/revisions"}],"wp:attachment":[{"href":"https:\/\/analyse.optim.biz\/index.php?rest_route=%2Fwp%2Fv2%2Fmedia&parent=2091612"}],"wp:term":[{"taxonomy":"category","embeddable":true,"href":"https:\/\/analyse.optim.biz\/index.php?rest_route=%2Fwp%2Fv2%2Fcategories&post=2091612"},{"taxonomy":"post_tag","embeddable":true,"href":"https:\/\/analyse.optim.biz\/index.php?rest_route=%2Fwp%2Fv2%2Ftags&post=2091612"}],"curies":[{"name":"wp","href":"https:\/\/api.w.org\/{rel}","templated":true}]}}