{"id":2091609,"date":"2026-08-10T19:46:21","date_gmt":"2026-08-10T16:46:21","guid":{"rendered":"https:\/\/analyse.optim.biz\/?p=2091609"},"modified":"2026-08-10T19:46:21","modified_gmt":"2026-08-10T16:46:21","slug":"primaria-buzau-ar-putea-beneficia-de-50-000-de-dolari-pentru-tineri","status":"publish","type":"post","link":"https:\/\/analyse.optim.biz\/?p=2091609","title":{"rendered":"Prim\u0103ria Buz\u0103u ar putea beneficia de 50.000 de dolari, pentru tineri"},"content":{"rendered":"<p>[analyse_image type=&#8221;featured&#8221; src=&#8221;https:\/\/www.tvbuzau.ro\/wp-content\/uploads\/2026\/08\/sddefault-22.jpghttps:\/\/www.tvbuzau.ro\/wp-content\/uploads\/2026\/08\/sddefault-22.jpg&#8221;]<\/p>\n<div class=\"td-ss-main-content\">\n<article id=\"post-119982\" class=\"post-119982 post type-post status-publish format-video has-post-thumbnail hentry category-actualitate post_format-post-format-video\">\n<div class=\"td-post-header\">\n<ul class=\"td-category\">\n<li class=\"entry-category\"><a href=\"https:\/\/www.tvbuzau.ro\/category\/actualitate\/\">Actualitate<\/a><\/li>\n<\/ul>\n<header class=\"td-post-title\">\n<h1 class=\"entry-title\">Prim\u0103ria Buz\u0103u ar putea beneficia de 50.000 de dolari, pentru tineri<\/h1>\n<div class=\"td-module-meta-info\">\n<div class=\"td-post-author-name\">De c\u0103tre <a href=\"https:\/\/www.tvbuzau.ro\/author\/mihai-vasilescu\/\">TV Buz\u0103u<\/a> &#8211; <\/div>\n<p><span class=\"td-post-date\"><time class=\"entry-date updated td-module-date\" datetime=\"2026-08-10T19:46:21+00:00\">august 10, 2026<\/time><\/span><\/p>\n<div class=\"td-post-comments\"><a href=\"https:\/\/www.tvbuzau.ro\/primaria-buzau-ar-putea-beneficia-de-50-000-de-dolari-pentru-tineri\/#respond\">0<\/a><\/div>\n<div class=\"td-post-views\"><span class=\"td-nr-views-119982\">19<\/span><\/div>\n<\/div>\n<\/header>\n<\/div>\n<div class=\"td-post-sharing td-post-sharing-top td-with-like\">\n<div class=\"td-default-sharing\"><a class=\"td-social-sharing-buttons td-social-facebook\" href=\"http:\/\/www.facebook.com\/sharer.php?u=https%3A%2F%2Fwww.tvbuzau.ro%2Fprimaria-buzau-ar-putea-beneficia-de-50-000-de-dolari-pentru-tineri%2F\"><\/p>\n<div class=\"td-social-but-text\">Distribui\u021bi pe Facebook<\/div>\n<p><\/a><a class=\"td-social-sharing-buttons td-social-twitter\" href=\"https:\/\/twitter.com\/intent\/tweet?text=Prim%C4%83ria+Buz%C4%83u+ar+putea+beneficia+de+50.000+de+dolari%2C+pentru+tineri&amp;url=https%3A%2F%2Fwww.tvbuzau.ro%2Fprimaria-buzau-ar-putea-beneficia-de-50-000-de-dolari-pentru-tineri%2F&amp;via=TV+Buz%C4%83u\"><\/p>\n<div class=\"td-social-but-text\">Distribui\u021bi pe Twitter<\/div>\n<p><\/a><\/div>\n<div class=\"td-classic-sharing\">\n<ul>\n<li class=\"td-classic-facebook\"><iframe frameborder src=\"https:\/\/www.facebook.com\/plugins\/like.php?href=https:\/\/www.tvbuzau.ro\/primaria-buzau-ar-putea-beneficia-de-50-000-de-dolari-pentru-tineri\/&amp;layout=button_count&amp;show_faces=false&amp;width=105&amp;action=like&amp;colorscheme=light&amp;height=21\"><\/iframe><\/li>\n<li class=\"td-classic-twitter\"><a href=\"https:\/\/twitter.com\/share\" class=\"twitter-share-button\" data-url=\"https:\/\/www.tvbuzau.ro\/primaria-buzau-ar-putea-beneficia-de-50-000-de-dolari-pentru-tineri\/\" data-text=\"Prim\u0103ria Buz\u0103u ar putea beneficia de 50.000 de dolari, pentru tineri\" data-via data-lang=\"en\">tweet<\/a><\/li>\n<\/ul>\n<\/div>\n<\/div>\n<div class=\"td-post-content\">\n<div class=\"td-featured-image-rec\">\n<div class=\"wpb_video_wrapper\">\n                    <iframe loading=\"lazy\" id=\"td_youtube_player\" width=\"600\" height=\"560\" src=\"https:\/\/www.youtube.com\/embed\/vQJkQrSb-6A?enablejsapi=1&amp;feature=oembed&amp;wmode=opaque&amp;vq=hd720\" frameborder allowfullscreen><\/iframe><\/p><\/div>\n<\/div>\n<p>Proiecte de mediu finan\u0163ate prin Bloomberg Philanthropies<br \/>\n\u00cen data de 26 noiembrie 2025, Asocia\u021bia Municipiilor din Rom\u00e2nia a transmis conducerii Prim\u0103rei Buz\u0103u o adres\u0103 prin care a informat institu\u021bia despre programul \u201eFondul pentru ac\u0163iune climatic\u0103 a tinerilor\u201d, o ini\u021biativ\u0103 inovatoare care sprijin\u0103 ora\u015fele s\u0103 mobilizeze tinerii ca actori-cheie \u00een ac\u021biunea climatic\u0103 local\u0103. Dup\u0103 ce \u00een prima faz\u0103 au fost incluse 100 de ora\u015fe din 37 de \u021b\u0103ri, \u00een faza a doua organiza\u021bia a extins programul la 300 de ora\u015fe la nivel global, etap\u0103 \u00een care Municipiul Buz\u0103u a aplicat pentru participarea la acest program. Ulterior, dup\u0103 aplicare, Municipiul Buz\u0103u a fost selectat pentru a participa la acest program finan\u0163at prin  Bloomberg Philanthropies. Programul ofer\u0103 municipiului Buz\u0103u oportunitatea de a accesa o finan\u021bare nerambursabil\u0103 \u00een valoare de 50.000 USD, destinat\u0103 sus\u021binerii ini\u021biativelor propuse \u015fi implementate de tineri cu v\u00e2rste cuprinse \u00eentre 15 \u015fi 24 de ani, \u00een domeniul combaterii schimb\u0103rilor climatice \u0219i al dezvolt\u0103rii durabile.<br \/>\n\u00cen prezent, finan\u0163atorii efectueaz\u0103 verific\u0103ri privind datele bancare ale Prim\u0103riei Municipiului Buz\u0103u, urm\u00e2nd ca proiectul contractului de parteneriat s\u0103 fie transmis la \u00eencheierea perioadei de verificare.<br \/>\nProiecte similare ca tematic\u0103 s-au desf\u0103\u015furat sau sunt \u00een curs de desf\u0103\u015furare, precum \u201eRegenerare urban\u0103 \u2013 Unirii Sud\/MicroXIV\u201d, \u201eStudii emisii GES \u2013 proiecte mobilitate 2021 \u2013 2027\u201d, \u201eEconomie circular\u0103 \u015ecoala nr. 5 Episcop Dionisie Romano\u201d, \u201eEconomie circular\u0103 \u015ecoala nr. 8 Nicu Constantinescu\u201d, \u201eEconomie circular\u0103 \u015ecoala nr. 14 Mihail Kog\u0103lniceanu\u201d. Finan\u021barea proiectului este asigurat\u0103 integral din fondurile acordate de Bloomberg Philanthropies, f\u0103r\u0103 a fi necesar\u0103 alocarea unor resurse financiare suplimentare din bugetul local pentru acordarea microgranturilor \u015fi cheltuielilor administrative.<\/p>\n<div class=\"post-views post-119982 entry-meta\"><span class=\"post-views-label\">Post Views: <\/span><span class=\"post-views-count\">267<\/span><\/div>\n<\/div>\n<footer>\n<div class=\"td-post-sharing td-post-sharing-bottom td-with-like\"><span class=\"td-post-share-title\">DISTRIBUI\u021aI<\/span><\/p>\n<div class=\"td-default-sharing\"><a class=\"td-social-sharing-buttons td-social-facebook\" href=\"http:\/\/www.facebook.com\/sharer.php?u=https%3A%2F%2Fwww.tvbuzau.ro%2Fprimaria-buzau-ar-putea-beneficia-de-50-000-de-dolari-pentru-tineri%2F\"><\/p>\n<div class=\"td-social-but-text\">Facebook<\/div>\n<p><\/a><a class=\"td-social-sharing-buttons td-social-twitter\" href=\"https:\/\/twitter.com\/intent\/tweet?text=Prim%C4%83ria+Buz%C4%83u+ar+putea+beneficia+de+50.000+de+dolari%2C+pentru+tineri&amp;url=https%3A%2F%2Fwww.tvbuzau.ro%2Fprimaria-buzau-ar-putea-beneficia-de-50-000-de-dolari-pentru-tineri%2F&amp;via=TV+Buz%C4%83u\"><\/p>\n<div class=\"td-social-but-text\">Twitter<\/div>\n<p><\/a><\/div>\n<div class=\"td-classic-sharing\">\n<ul>\n<li class=\"td-classic-facebook\"><iframe frameborder src=\"https:\/\/www.facebook.com\/plugins\/like.php?href=https:\/\/www.tvbuzau.ro\/primaria-buzau-ar-putea-beneficia-de-50-000-de-dolari-pentru-tineri\/&amp;layout=button_count&amp;show_faces=false&amp;width=105&amp;action=like&amp;colorscheme=light&amp;height=21\"><\/iframe><\/li>\n<li class=\"td-classic-twitter\"><a href=\"https:\/\/twitter.com\/share\" class=\"twitter-share-button\" data-url=\"https:\/\/www.tvbuzau.ro\/primaria-buzau-ar-putea-beneficia-de-50-000-de-dolari-pentru-tineri\/\" data-text=\"Prim\u0103ria Buz\u0103u ar putea beneficia de 50.000 de dolari, pentru tineri\" data-via data-lang=\"en\">tweet<\/a><\/li>\n<\/ul>\n<\/div>\n<\/div>\n<div class=\"td-author-name vcard author\"><span class=\"fn\"><a href=\"https:\/\/www.tvbuzau.ro\/author\/mihai-vasilescu\/\">TV Buz\u0103u<\/a><\/span><\/div>\n<p><span><\/span><span><span><\/span><\/span><span><\/span><\/footer>\n<\/article>\n<div class=\"td_block_wrap td_block_related_posts td_uid_1_6a7ddaf88ba28_rand td_with_ajax_pagination td-pb-border-top\" data-td-block-uid=\"td_uid_1_6a7ddaf88ba28\">\n<h4 class=\"td-related-title\"><a id=\"td_uid_2_6a7ddaf891492\" class=\"td-related-left td-cur-simple-item\" data-td_filter_value data-td_block_id=\"td_uid_1_6a7ddaf88ba28\" href=\"https:\/\/www.tvbuzau.ro\/primaria-buzau-ar-putea-beneficia-de-50-000-de-dolari-pentru-tineri\/\">ARTICOLE SIMILARE<\/a><a id=\"td_uid_3_6a7ddaf8914d0\" class=\"td-related-right\" data-td_filter_value=\"td_related_more_from_author\" data-td_block_id=\"td_uid_1_6a7ddaf88ba28\" href=\"https:\/\/www.tvbuzau.ro\/primaria-buzau-ar-putea-beneficia-de-50-000-de-dolari-pentru-tineri\/\">DE LA ACELA\u0218I AUTOR<\/a><\/h4>\n<div id=\"td_uid_1_6a7ddaf88ba28\" class=\"td_block_inner\">\n<div class=\"td-related-row\">\n<div class=\"td-related-span4\">\n<div class=\"td_module_related_posts td-animation-stack td_mod_related_posts\">\n<div class=\"td-module-image\">\n<div class=\"td-module-thumb\"><a href=\"https:\/\/www.tvbuzau.ro\/drumul-jitia-bisoca-deschide-o-noua-legatura-turistica-intre-vrancea-si-buzau\/\" rel=\"bookmark\" title=\"Drumul Jitia\u2013Bisoca deschide o nou\u0103 leg\u0103tur\u0103 turistic\u0103 \u00eentre Vrancea \u0219i Buz\u0103u\"><img loading=\"lazy\" decoding=\"async\" width=\"218\" height=\"150\" class=\"entry-thumb\" src=\"https:\/\/www.tvbuzau.ro\/wp-content\/uploads\/2026\/08\/hqdefault-14-218x150.jpg\" alt title=\"Drumul Jitia\u2013Bisoca deschide o nou\u0103 leg\u0103tur\u0103 turistic\u0103 \u00eentre Vrancea \u0219i Buz\u0103u\"><span class=\"td-video-play-ico\"><img loading=\"lazy\" decoding=\"async\" width=\"40\" height=\"40\" class=\"td-retina\" src=\"https:\/\/www.tvbuzau.ro\/wp-content\/themes\/Newspaper\/images\/icons\/ico-video-large.png\" alt=\"video\"><\/span><\/a><\/div>\n<p><a href=\"https:\/\/www.tvbuzau.ro\/category\/actualitate\/\" class=\"td-post-category\">Actualitate<\/a><\/div>\n<div class=\"item-details\">\n<h3 class=\"entry-title td-module-title\"><a href=\"https:\/\/www.tvbuzau.ro\/drumul-jitia-bisoca-deschide-o-noua-legatura-turistica-intre-vrancea-si-buzau\/\" rel=\"bookmark\" title=\"Drumul Jitia\u2013Bisoca deschide o nou\u0103 leg\u0103tur\u0103 turistic\u0103 \u00eentre Vrancea \u0219i Buz\u0103u\">Drumul Jitia\u2013Bisoca deschide o nou\u0103 leg\u0103tur\u0103 turistic\u0103 \u00eentre Vrancea \u0219i Buz\u0103u<\/a><\/h3>\n<\/div>\n<\/div>\n<\/div>\n<div class=\"td-related-span4\">\n<div class=\"td_module_related_posts td-animation-stack td_mod_related_posts\">\n<div class=\"td-module-image\">\n<div class=\"td-module-thumb\"><a href=\"https:\/\/www.tvbuzau.ro\/seceta-ar-putea-rationaliza-apa-pe-valea-slanicului\/\" rel=\"bookmark\" title=\"Seceta ar putea ra\u0163ionaliza apa pe Valea Sl\u0103nicului\"><img loading=\"lazy\" decoding=\"async\" width=\"218\" height=\"150\" class=\"entry-thumb\" src=\"https:\/\/www.tvbuzau.ro\/wp-content\/uploads\/2026\/08\/sddefault-29-218x150.jpg\" alt title=\"Seceta ar putea ra\u0163ionaliza apa pe Valea Sl\u0103nicului\"><span class=\"td-video-play-ico\"><img loading=\"lazy\" decoding=\"async\" width=\"40\" height=\"40\" class=\"td-retina\" src=\"https:\/\/www.tvbuzau.ro\/wp-content\/themes\/Newspaper\/images\/icons\/ico-video-large.png\" alt=\"video\"><\/span><\/a><\/div>\n<p><a href=\"https:\/\/www.tvbuzau.ro\/category\/actualitate\/\" class=\"td-post-category\">Actualitate<\/a><\/div>\n<div class=\"item-details\">\n<h3 class=\"entry-title td-module-title\"><a href=\"https:\/\/www.tvbuzau.ro\/seceta-ar-putea-rationaliza-apa-pe-valea-slanicului\/\" rel=\"bookmark\" title=\"Seceta ar putea ra\u0163ionaliza apa pe Valea Sl\u0103nicului\">Seceta ar putea ra\u0163ionaliza apa pe Valea Sl\u0103nicului<\/a><\/h3>\n<\/div>\n<\/div>\n<\/div>\n<div class=\"td-related-span4\">\n<div class=\"td_module_related_posts td-animation-stack td_mod_related_posts\">\n<div class=\"td-module-image\">\n<div class=\"td-module-thumb\"><a href=\"https:\/\/www.tvbuzau.ro\/pe-ce-se-cheltuie-banii-destinati-anterior-scolii-spectrum\/\" rel=\"bookmark\" title=\"Pe ce se cheltuie banii destina\u0163i anterior \u015fcolii Spectrum?\"><img loading=\"lazy\" decoding=\"async\" width=\"218\" height=\"150\" class=\"entry-thumb\" src=\"https:\/\/www.tvbuzau.ro\/wp-content\/uploads\/2026\/08\/hqdefault-13-218x150.jpg\" alt title=\"Pe ce se cheltuie banii destina\u0163i anterior \u015fcolii Spectrum?\"><span class=\"td-video-play-ico\"><img loading=\"lazy\" decoding=\"async\" width=\"40\" height=\"40\" class=\"td-retina\" src=\"https:\/\/www.tvbuzau.ro\/wp-content\/themes\/Newspaper\/images\/icons\/ico-video-large.png\" alt=\"video\"><\/span><\/a><\/div>\n<p><a href=\"https:\/\/www.tvbuzau.ro\/category\/actualitate\/\" class=\"td-post-category\">Actualitate<\/a><\/div>\n<div class=\"item-details\">\n<h3 class=\"entry-title td-module-title\"><a href=\"https:\/\/www.tvbuzau.ro\/pe-ce-se-cheltuie-banii-destinati-anterior-scolii-spectrum\/\" rel=\"bookmark\" title=\"Pe ce se cheltuie banii destina\u0163i anterior \u015fcolii Spectrum?\">Pe ce se cheltuie banii destina\u0163i anterior \u015fcolii Spectrum?<\/a><\/h3>\n<\/div>\n<\/div>\n<\/div>\n<\/div>\n<div class=\"td-related-row\">\n<div class=\"td-related-span4\">\n<div class=\"td_module_related_posts td-animation-stack td_mod_related_posts\">\n<div class=\"td-module-image\">\n<div class=\"td-module-thumb\"><a href=\"https:\/\/www.tvbuzau.ro\/o-veste-buna-pentru-politistii-locali\/\" rel=\"bookmark\" title=\"O veste bun\u0103 pentru poli\u0163i\u015ftii locali\"><img loading=\"lazy\" decoding=\"async\" width=\"218\" height=\"150\" class=\"entry-thumb\" src=\"https:\/\/www.tvbuzau.ro\/wp-content\/uploads\/2026\/08\/sddefault-28-218x150.jpg\" alt title=\"O veste bun\u0103 pentru poli\u0163i\u015ftii locali\"><span class=\"td-video-play-ico\"><img loading=\"lazy\" decoding=\"async\" width=\"40\" height=\"40\" class=\"td-retina\" src=\"https:\/\/www.tvbuzau.ro\/wp-content\/themes\/Newspaper\/images\/icons\/ico-video-large.png\" alt=\"video\"><\/span><\/a><\/div>\n<p><a href=\"https:\/\/www.tvbuzau.ro\/category\/actualitate\/\" class=\"td-post-category\">Actualitate<\/a><\/div>\n<div class=\"item-details\">\n<h3 class=\"entry-title td-module-title\"><a href=\"https:\/\/www.tvbuzau.ro\/o-veste-buna-pentru-politistii-locali\/\" rel=\"bookmark\" title=\"O veste bun\u0103 pentru poli\u0163i\u015ftii locali\">O veste bun\u0103 pentru poli\u0163i\u015ftii locali<\/a><\/h3>\n<\/div>\n<\/div>\n<\/div>\n<div class=\"td-related-span4\">\n<div class=\"td_module_related_posts td-animation-stack td_mod_related_posts\">\n<div class=\"td-module-image\">\n<div class=\"td-module-thumb\"><a href=\"https:\/\/www.tvbuzau.ro\/centru-de-aport-voluntar-cu-bazin-de-retentie-a-apei\/\" rel=\"bookmark\" title=\"Centru de aport voluntar cu bazin de reten\u0163ie a apei\"><img loading=\"lazy\" decoding=\"async\" width=\"218\" height=\"150\" class=\"entry-thumb\" src=\"https:\/\/www.tvbuzau.ro\/wp-content\/uploads\/2026\/08\/sddefault-27-218x150.jpg\" alt title=\"Centru de aport voluntar cu bazin de reten\u0163ie a apei\"><span class=\"td-video-play-ico\"><img loading=\"lazy\" decoding=\"async\" width=\"40\" height=\"40\" class=\"td-retina\" src=\"https:\/\/www.tvbuzau.ro\/wp-content\/themes\/Newspaper\/images\/icons\/ico-video-large.png\" alt=\"video\"><\/span><\/a><\/div>\n<p><a href=\"https:\/\/www.tvbuzau.ro\/category\/actualitate\/\" class=\"td-post-category\">Actualitate<\/a><\/div>\n<div class=\"item-details\">\n<h3 class=\"entry-title td-module-title\"><a href=\"https:\/\/www.tvbuzau.ro\/centru-de-aport-voluntar-cu-bazin-de-retentie-a-apei\/\" rel=\"bookmark\" title=\"Centru de aport voluntar cu bazin de reten\u0163ie a apei\">Centru de aport voluntar cu bazin de reten\u0163ie a apei<\/a><\/h3>\n<\/div>\n<\/div>\n<\/div>\n<div class=\"td-related-span4\">\n<div class=\"td_module_related_posts td-animation-stack td_mod_related_posts\">\n<div class=\"td-module-image\">\n<div class=\"td-module-thumb\"><a href=\"https:\/\/www.tvbuzau.ro\/va-mai-avea-buzaul-un-poligon-auto\/\" rel=\"bookmark\" title=\"Va mai avea Buz\u0103ul un poligon auto?\"><img loading=\"lazy\" decoding=\"async\" width=\"218\" height=\"150\" class=\"entry-thumb\" src=\"https:\/\/www.tvbuzau.ro\/wp-content\/uploads\/2026\/08\/sddefault-26-218x150.jpg\" alt title=\"Va mai avea Buz\u0103ul un poligon auto?\"><span class=\"td-video-play-ico\"><img loading=\"lazy\" decoding=\"async\" width=\"40\" height=\"40\" class=\"td-retina\" src=\"https:\/\/www.tvbuzau.ro\/wp-content\/themes\/Newspaper\/images\/icons\/ico-video-large.png\" alt=\"video\"><\/span><\/a><\/div>\n<p><a href=\"https:\/\/www.tvbuzau.ro\/category\/actualitate\/\" class=\"td-post-category\">Actualitate<\/a><\/div>\n<div class=\"item-details\">\n<h3 class=\"entry-title td-module-title\"><a href=\"https:\/\/www.tvbuzau.ro\/va-mai-avea-buzaul-un-poligon-auto\/\" rel=\"bookmark\" title=\"Va mai avea Buz\u0103ul un poligon auto?\">Va mai avea Buz\u0103ul un poligon auto?<\/a><\/h3>\n<\/div>\n<\/div>\n<\/div>\n<\/div>\n<\/div>\n<\/div>\n<div class=\"comments\" id=\"comments\">\n<div id=\"respond\" class=\"comment-respond\">\n<h3 id=\"reply-title\" class=\"comment-reply-title\">L\u0102SA\u021aI UN MESAJ <small><a rel=\"nofollow\" id=\"cancel-comment-reply-link\" href=\"https:\/\/www.tvbuzau.ro\/primaria-buzau-ar-putea-beneficia-de-50-000-de-dolari-pentru-tineri\/#respond\">Renun\u021ba\u021bi la r\u0103spuns<\/a><\/small><\/h3>\n<\/div>\n<\/div>\n<\/div>\n<div class=\"td-post-content\">\n<div class=\"td-featured-image-rec\">\n<div class=\"wpb_video_wrapper\">\n                    <iframe loading=\"lazy\" id=\"td_youtube_player\" width=\"600\" height=\"560\" src=\"https:\/\/www.youtube.com\/embed\/vQJkQrSb-6A?enablejsapi=1&amp;feature=oembed&amp;wmode=opaque&amp;vq=hd720\" frameborder allowfullscreen><\/iframe><\/p><\/div>\n<\/div>\n<p>Proiecte de mediu finan\u0163ate prin Bloomberg Philanthropies<br \/>\n\u00cen data de 26 noiembrie 2025, Asocia\u021bia Municipiilor din Rom\u00e2nia a transmis conducerii Prim\u0103rei Buz\u0103u o adres\u0103 prin care a informat institu\u021bia despre programul \u201eFondul pentru ac\u0163iune climatic\u0103 a tinerilor\u201d, o ini\u021biativ\u0103 inovatoare care sprijin\u0103 ora\u015fele s\u0103 mobilizeze tinerii ca actori-cheie \u00een ac\u021biunea climatic\u0103 local\u0103. Dup\u0103 ce \u00een prima faz\u0103 au fost incluse 100 de ora\u015fe din 37 de \u021b\u0103ri, \u00een faza a doua organiza\u021bia a extins programul la 300 de ora\u015fe la nivel global, etap\u0103 \u00een care Municipiul Buz\u0103u a aplicat pentru participarea la acest program. Ulterior, dup\u0103 aplicare, Municipiul Buz\u0103u a fost selectat pentru a participa la acest program finan\u0163at prin  Bloomberg Philanthropies. Programul ofer\u0103 municipiului Buz\u0103u oportunitatea de a accesa o finan\u021bare nerambursabil\u0103 \u00een valoare de 50.000 USD, destinat\u0103 sus\u021binerii ini\u021biativelor propuse \u015fi implementate de tineri cu v\u00e2rste cuprinse \u00eentre 15 \u015fi 24 de ani, \u00een domeniul combaterii schimb\u0103rilor climatice \u0219i al dezvolt\u0103rii durabile.<br \/>\n\u00cen prezent, finan\u0163atorii efectueaz\u0103 verific\u0103ri privind datele bancare ale Prim\u0103riei Municipiului Buz\u0103u, urm\u00e2nd ca proiectul contractului de parteneriat s\u0103 fie transmis la \u00eencheierea perioadei de verificare.<br \/>\nProiecte similare ca tematic\u0103 s-au desf\u0103\u015furat sau sunt \u00een curs de desf\u0103\u015furare, precum \u201eRegenerare urban\u0103 \u2013 Unirii Sud\/MicroXIV\u201d, \u201eStudii emisii GES \u2013 proiecte mobilitate 2021 \u2013 2027\u201d, \u201eEconomie circular\u0103 \u015ecoala nr. 5 Episcop Dionisie Romano\u201d, \u201eEconomie circular\u0103 \u015ecoala nr. 8 Nicu Constantinescu\u201d, \u201eEconomie circular\u0103 \u015ecoala nr. 14 Mihail Kog\u0103lniceanu\u201d. Finan\u021barea proiectului este asigurat\u0103 integral din fondurile acordate de Bloomberg Philanthropies, f\u0103r\u0103 a fi necesar\u0103 alocarea unor resurse financiare suplimentare din bugetul local pentru acordarea microgranturilor \u015fi cheltuielilor administrative.<\/p>\n<div class=\"post-views post-119982 entry-meta\"><span class=\"post-views-label\">Post Views: <\/span><span class=\"post-views-count\">267<\/span><\/div>\n<\/div>\n<p>[analyse_source url=&#8221;https:\/\/www.tvbuzau.ro\/primaria-buzau-ar-putea-beneficia-de-50-000-de-dolari-pentru-tineri\/&#8221;]<\/p>\n","protected":false},"excerpt":{"rendered":"<p>[analyse_image type=&#8221;featured&#8221; src=&#8221;https:\/\/www.tvbuzau.ro\/wp-content\/uploads\/2026\/08\/sddefault-22.jpghttps:\/\/www.tvbuzau.ro\/wp-content\/uploads\/2026\/08\/sddefault-22.jpg&#8221;] Actualitate Prim\u0103ria Buz\u0103u ar putea beneficia de 50.000 de dolari, pentru tineri De c\u0103tre TV Buz\u0103u &#8211; august 10, 2026 0 19 Distribui\u021bi pe Facebook Distribui\u021bi pe Twitter tweet Proiecte de mediu finan\u0163ate prin Bloomberg Philanthropies \u00cen data de 26 noiembrie 2025, Asocia\u021bia Municipiilor din Rom\u00e2nia a transmis conducerii Prim\u0103rei Buz\u0103u o [&hellip;]<\/p>\n","protected":false},"author":1,"featured_media":0,"comment_status":"open","ping_status":"","sticky":false,"template":"","format":"standard","meta":{"footnotes":""},"categories":[2],"tags":[226,116],"class_list":["post-2091609","post","type-post","status-publish","format-standard","hentry","category-politics","tag-crawlmanager","tag-tvbuzau-ro"],"_links":{"self":[{"href":"https:\/\/analyse.optim.biz\/index.php?rest_route=\/wp\/v2\/posts\/2091609","targetHints":{"allow":["GET"]}}],"collection":[{"href":"https:\/\/analyse.optim.biz\/index.php?rest_route=\/wp\/v2\/posts"}],"about":[{"href":"https:\/\/analyse.optim.biz\/index.php?rest_route=\/wp\/v2\/types\/post"}],"author":[{"embeddable":true,"href":"https:\/\/analyse.optim.biz\/index.php?rest_route=\/wp\/v2\/users\/1"}],"replies":[{"embeddable":true,"href":"https:\/\/analyse.optim.biz\/index.php?rest_route=%2Fwp%2Fv2%2Fcomments&post=2091609"}],"version-history":[{"count":0,"href":"https:\/\/analyse.optim.biz\/index.php?rest_route=\/wp\/v2\/posts\/2091609\/revisions"}],"wp:attachment":[{"href":"https:\/\/analyse.optim.biz\/index.php?rest_route=%2Fwp%2Fv2%2Fmedia&parent=2091609"}],"wp:term":[{"taxonomy":"category","embeddable":true,"href":"https:\/\/analyse.optim.biz\/index.php?rest_route=%2Fwp%2Fv2%2Fcategories&post=2091609"},{"taxonomy":"post_tag","embeddable":true,"href":"https:\/\/analyse.optim.biz\/index.php?rest_route=%2Fwp%2Fv2%2Ftags&post=2091609"}],"curies":[{"name":"wp","href":"https:\/\/api.w.org\/{rel}","templated":true}]}}