{"id":2091607,"date":"2026-08-12T19:44:44","date_gmt":"2026-08-12T16:44:44","guid":{"rendered":"https:\/\/analyse.optim.biz\/?p=2091607"},"modified":"2026-08-12T19:44:44","modified_gmt":"2026-08-12T16:44:44","slug":"o-veste-buna-pentru-politistii-locali","status":"publish","type":"post","link":"https:\/\/analyse.optim.biz\/?p=2091607","title":{"rendered":"O veste bun\u0103 pentru poli\u0163i\u015ftii locali"},"content":{"rendered":"<p>[analyse_image type=&#8221;featured&#8221; src=&#8221;https:\/\/www.tvbuzau.ro\/wp-content\/uploads\/2026\/08\/sddefault-28.jpghttps:\/\/www.tvbuzau.ro\/wp-content\/uploads\/2026\/08\/sddefault-28.jpg&#8221;]<\/p>\n<div class=\"td-ss-main-content\">\n<article id=\"post-120008\" class=\"post-120008 post type-post status-publish format-video has-post-thumbnail hentry category-actualitate post_format-post-format-video\">\n<div class=\"td-post-header\">\n<ul class=\"td-category\">\n<li class=\"entry-category\"><a href=\"https:\/\/www.tvbuzau.ro\/category\/actualitate\/\">Actualitate<\/a><\/li>\n<\/ul>\n<header class=\"td-post-title\">\n<h1 class=\"entry-title\">O veste bun\u0103 pentru poli\u0163i\u015ftii locali<\/h1>\n<div class=\"td-module-meta-info\">\n<div class=\"td-post-author-name\">De c\u0103tre <a href=\"https:\/\/www.tvbuzau.ro\/author\/mihai-vasilescu\/\">TV Buz\u0103u<\/a> &#8211; <\/div>\n<p><span class=\"td-post-date\"><time class=\"entry-date updated td-module-date\" datetime=\"2026-08-12T19:44:44+00:00\">august 12, 2026<\/time><\/span><\/p>\n<div class=\"td-post-comments\"><a href=\"https:\/\/www.tvbuzau.ro\/o-veste-buna-pentru-politistii-locali\/#respond\">0<\/a><\/div>\n<div class=\"td-post-views\"><span class=\"td-nr-views-120008\">31<\/span><\/div>\n<\/div>\n<\/header>\n<\/div>\n<div class=\"td-post-sharing td-post-sharing-top td-with-like\">\n<div class=\"td-default-sharing\"><a class=\"td-social-sharing-buttons td-social-facebook\" href=\"http:\/\/www.facebook.com\/sharer.php?u=https%3A%2F%2Fwww.tvbuzau.ro%2Fo-veste-buna-pentru-politistii-locali%2F\"><\/p>\n<div class=\"td-social-but-text\">Distribui\u021bi pe Facebook<\/div>\n<p><\/a><a class=\"td-social-sharing-buttons td-social-twitter\" href=\"https:\/\/twitter.com\/intent\/tweet?text=O+veste+bun%C4%83+pentru+poli%C5%A3i%C5%9Ftii+locali&amp;url=https%3A%2F%2Fwww.tvbuzau.ro%2Fo-veste-buna-pentru-politistii-locali%2F&amp;via=TV+Buz%C4%83u\"><\/p>\n<div class=\"td-social-but-text\">Distribui\u021bi pe Twitter<\/div>\n<p><\/a><\/div>\n<div class=\"td-classic-sharing\">\n<ul>\n<li class=\"td-classic-facebook\"><iframe frameborder src=\"https:\/\/www.facebook.com\/plugins\/like.php?href=https:\/\/www.tvbuzau.ro\/o-veste-buna-pentru-politistii-locali\/&amp;layout=button_count&amp;show_faces=false&amp;width=105&amp;action=like&amp;colorscheme=light&amp;height=21\"><\/iframe><\/li>\n<li class=\"td-classic-twitter\"><a href=\"https:\/\/twitter.com\/share\" class=\"twitter-share-button\" data-url=\"https:\/\/www.tvbuzau.ro\/o-veste-buna-pentru-politistii-locali\/\" data-text=\"O veste bun\u0103 pentru poli\u0163i\u015ftii locali\" data-via data-lang=\"en\">tweet<\/a><\/li>\n<\/ul>\n<\/div>\n<\/div>\n<div class=\"td-post-content\">\n<div class=\"td-featured-image-rec\">\n<div class=\"wpb_video_wrapper\">\n                    <iframe loading=\"lazy\" id=\"td_youtube_player\" width=\"600\" height=\"560\" src=\"https:\/\/www.youtube.com\/embed\/Ac7_F7IO9zo?enablejsapi=1&amp;feature=oembed&amp;wmode=opaque&amp;vq=hd720\" frameborder allowfullscreen><\/iframe><\/p><\/div>\n<\/div>\n<p>Ce decizie au luat ale\u015fii locali din CLM Buz\u0103u<br \/>\nConsiliul Local Municipal Buz\u0103u a aprobat pentru prima dat\u0103 \u00een acest a rectificarea bugetului. Rectificarea bugetar\u0103 local\u0103 are rolul de a asigura integral resursele necesare sec\u0163iunii de func\u021bionare \u0219i de a redimensiona cheltuielile astfel \u00eencat s\u0103 nu \u00eenregistreze pl\u0103\u021bi restante. Conducerea Prim\u0103riei Buz\u0103u a fost \u00eentrebat\u0103 de c\u0103tre unul dintre ale\u015fii locali dac\u0103 \u00een proiectul de rectificare au fost prin\u015fi banii necesari pentru norma de hran\u0103 a poli\u0163i\u015ftilor locali.<br \/>\nViceprimarul municipiului Buz\u0103u a subliniat c\u0103 prin rectificarea bugetar\u0103 au fost prinse sumele necesare normei de hran\u0103.<br \/>\nIni\u0163ial, \u00een proiectul de buget aprobat pentru anul 2026 nu au fost prin\u015fi banii necesari acoperirii cheltuielilor cu norma de hran\u0103, alocarea fiind anun\u0163at\u0103 la rectificarea bugetar\u0103.<\/p>\n<div class=\"post-views post-120008 entry-meta\"><span class=\"post-views-label\">Post Views: <\/span><span class=\"post-views-count\">196<\/span><\/div>\n<\/div>\n<footer>\n<div class=\"td-post-sharing td-post-sharing-bottom td-with-like\"><span class=\"td-post-share-title\">DISTRIBUI\u021aI<\/span><\/p>\n<div class=\"td-default-sharing\"><a class=\"td-social-sharing-buttons td-social-facebook\" href=\"http:\/\/www.facebook.com\/sharer.php?u=https%3A%2F%2Fwww.tvbuzau.ro%2Fo-veste-buna-pentru-politistii-locali%2F\"><\/p>\n<div class=\"td-social-but-text\">Facebook<\/div>\n<p><\/a><a class=\"td-social-sharing-buttons td-social-twitter\" href=\"https:\/\/twitter.com\/intent\/tweet?text=O+veste+bun%C4%83+pentru+poli%C5%A3i%C5%9Ftii+locali&amp;url=https%3A%2F%2Fwww.tvbuzau.ro%2Fo-veste-buna-pentru-politistii-locali%2F&amp;via=TV+Buz%C4%83u\"><\/p>\n<div class=\"td-social-but-text\">Twitter<\/div>\n<p><\/a><\/div>\n<div class=\"td-classic-sharing\">\n<ul>\n<li class=\"td-classic-facebook\"><iframe frameborder src=\"https:\/\/www.facebook.com\/plugins\/like.php?href=https:\/\/www.tvbuzau.ro\/o-veste-buna-pentru-politistii-locali\/&amp;layout=button_count&amp;show_faces=false&amp;width=105&amp;action=like&amp;colorscheme=light&amp;height=21\"><\/iframe><\/li>\n<li class=\"td-classic-twitter\"><a href=\"https:\/\/twitter.com\/share\" class=\"twitter-share-button\" data-url=\"https:\/\/www.tvbuzau.ro\/o-veste-buna-pentru-politistii-locali\/\" data-text=\"O veste bun\u0103 pentru poli\u0163i\u015ftii locali\" data-via data-lang=\"en\">tweet<\/a><\/li>\n<\/ul>\n<\/div>\n<\/div>\n<div class=\"td-author-name vcard author\"><span class=\"fn\"><a href=\"https:\/\/www.tvbuzau.ro\/author\/mihai-vasilescu\/\">TV Buz\u0103u<\/a><\/span><\/div>\n<p><span><\/span><span><span><\/span><\/span><span><\/span><\/footer>\n<\/article>\n<div class=\"td_block_wrap td_block_related_posts td_uid_1_6a7ddaa8186ce_rand td_with_ajax_pagination td-pb-border-top\" data-td-block-uid=\"td_uid_1_6a7ddaa8186ce\">\n<h4 class=\"td-related-title\"><a id=\"td_uid_2_6a7ddaa81e34f\" class=\"td-related-left td-cur-simple-item\" data-td_filter_value data-td_block_id=\"td_uid_1_6a7ddaa8186ce\" href=\"https:\/\/www.tvbuzau.ro\/o-veste-buna-pentru-politistii-locali\/\">ARTICOLE SIMILARE<\/a><a id=\"td_uid_3_6a7ddaa81e38b\" class=\"td-related-right\" data-td_filter_value=\"td_related_more_from_author\" data-td_block_id=\"td_uid_1_6a7ddaa8186ce\" href=\"https:\/\/www.tvbuzau.ro\/o-veste-buna-pentru-politistii-locali\/\">DE LA ACELA\u0218I AUTOR<\/a><\/h4>\n<div id=\"td_uid_1_6a7ddaa8186ce\" class=\"td_block_inner\">\n<div class=\"td-related-row\">\n<div class=\"td-related-span4\">\n<div class=\"td_module_related_posts td-animation-stack td_mod_related_posts\">\n<div class=\"td-module-image\">\n<div class=\"td-module-thumb\"><a href=\"https:\/\/www.tvbuzau.ro\/drumul-jitia-bisoca-deschide-o-noua-legatura-turistica-intre-vrancea-si-buzau\/\" rel=\"bookmark\" title=\"Drumul Jitia\u2013Bisoca deschide o nou\u0103 leg\u0103tur\u0103 turistic\u0103 \u00eentre Vrancea \u0219i Buz\u0103u\"><img loading=\"lazy\" decoding=\"async\" width=\"218\" height=\"150\" class=\"entry-thumb\" src=\"https:\/\/www.tvbuzau.ro\/wp-content\/uploads\/2026\/08\/hqdefault-14-218x150.jpg\" alt title=\"Drumul Jitia\u2013Bisoca deschide o nou\u0103 leg\u0103tur\u0103 turistic\u0103 \u00eentre Vrancea \u0219i Buz\u0103u\"><span class=\"td-video-play-ico\"><img loading=\"lazy\" decoding=\"async\" width=\"40\" height=\"40\" class=\"td-retina\" src=\"https:\/\/www.tvbuzau.ro\/wp-content\/themes\/Newspaper\/images\/icons\/ico-video-large.png\" alt=\"video\"><\/span><\/a><\/div>\n<p><a href=\"https:\/\/www.tvbuzau.ro\/category\/actualitate\/\" class=\"td-post-category\">Actualitate<\/a><\/div>\n<div class=\"item-details\">\n<h3 class=\"entry-title td-module-title\"><a href=\"https:\/\/www.tvbuzau.ro\/drumul-jitia-bisoca-deschide-o-noua-legatura-turistica-intre-vrancea-si-buzau\/\" rel=\"bookmark\" title=\"Drumul Jitia\u2013Bisoca deschide o nou\u0103 leg\u0103tur\u0103 turistic\u0103 \u00eentre Vrancea \u0219i Buz\u0103u\">Drumul Jitia\u2013Bisoca deschide o nou\u0103 leg\u0103tur\u0103 turistic\u0103 \u00eentre Vrancea \u0219i Buz\u0103u<\/a><\/h3>\n<\/div>\n<\/div>\n<\/div>\n<div class=\"td-related-span4\">\n<div class=\"td_module_related_posts td-animation-stack td_mod_related_posts\">\n<div class=\"td-module-image\">\n<div class=\"td-module-thumb\"><a href=\"https:\/\/www.tvbuzau.ro\/seceta-ar-putea-rationaliza-apa-pe-valea-slanicului\/\" rel=\"bookmark\" title=\"Seceta ar putea ra\u0163ionaliza apa pe Valea Sl\u0103nicului\"><img loading=\"lazy\" decoding=\"async\" width=\"218\" height=\"150\" class=\"entry-thumb\" src=\"https:\/\/www.tvbuzau.ro\/wp-content\/uploads\/2026\/08\/sddefault-29-218x150.jpg\" alt title=\"Seceta ar putea ra\u0163ionaliza apa pe Valea Sl\u0103nicului\"><span class=\"td-video-play-ico\"><img loading=\"lazy\" decoding=\"async\" width=\"40\" height=\"40\" class=\"td-retina\" src=\"https:\/\/www.tvbuzau.ro\/wp-content\/themes\/Newspaper\/images\/icons\/ico-video-large.png\" alt=\"video\"><\/span><\/a><\/div>\n<p><a href=\"https:\/\/www.tvbuzau.ro\/category\/actualitate\/\" class=\"td-post-category\">Actualitate<\/a><\/div>\n<div class=\"item-details\">\n<h3 class=\"entry-title td-module-title\"><a href=\"https:\/\/www.tvbuzau.ro\/seceta-ar-putea-rationaliza-apa-pe-valea-slanicului\/\" rel=\"bookmark\" title=\"Seceta ar putea ra\u0163ionaliza apa pe Valea Sl\u0103nicului\">Seceta ar putea ra\u0163ionaliza apa pe Valea Sl\u0103nicului<\/a><\/h3>\n<\/div>\n<\/div>\n<\/div>\n<div class=\"td-related-span4\">\n<div class=\"td_module_related_posts td-animation-stack td_mod_related_posts\">\n<div class=\"td-module-image\">\n<div class=\"td-module-thumb\"><a href=\"https:\/\/www.tvbuzau.ro\/pe-ce-se-cheltuie-banii-destinati-anterior-scolii-spectrum\/\" rel=\"bookmark\" title=\"Pe ce se cheltuie banii destina\u0163i anterior \u015fcolii Spectrum?\"><img loading=\"lazy\" decoding=\"async\" width=\"218\" height=\"150\" class=\"entry-thumb\" src=\"https:\/\/www.tvbuzau.ro\/wp-content\/uploads\/2026\/08\/hqdefault-13-218x150.jpg\" alt title=\"Pe ce se cheltuie banii destina\u0163i anterior \u015fcolii Spectrum?\"><span class=\"td-video-play-ico\"><img loading=\"lazy\" decoding=\"async\" width=\"40\" height=\"40\" class=\"td-retina\" src=\"https:\/\/www.tvbuzau.ro\/wp-content\/themes\/Newspaper\/images\/icons\/ico-video-large.png\" alt=\"video\"><\/span><\/a><\/div>\n<p><a href=\"https:\/\/www.tvbuzau.ro\/category\/actualitate\/\" class=\"td-post-category\">Actualitate<\/a><\/div>\n<div class=\"item-details\">\n<h3 class=\"entry-title td-module-title\"><a href=\"https:\/\/www.tvbuzau.ro\/pe-ce-se-cheltuie-banii-destinati-anterior-scolii-spectrum\/\" rel=\"bookmark\" title=\"Pe ce se cheltuie banii destina\u0163i anterior \u015fcolii Spectrum?\">Pe ce se cheltuie banii destina\u0163i anterior \u015fcolii Spectrum?<\/a><\/h3>\n<\/div>\n<\/div>\n<\/div>\n<\/div>\n<div class=\"td-related-row\">\n<div class=\"td-related-span4\">\n<div class=\"td_module_related_posts td-animation-stack td_mod_related_posts\">\n<div class=\"td-module-image\">\n<div class=\"td-module-thumb\"><a href=\"https:\/\/www.tvbuzau.ro\/centru-de-aport-voluntar-cu-bazin-de-retentie-a-apei\/\" rel=\"bookmark\" title=\"Centru de aport voluntar cu bazin de reten\u0163ie a apei\"><img loading=\"lazy\" decoding=\"async\" width=\"218\" height=\"150\" class=\"entry-thumb\" src=\"https:\/\/www.tvbuzau.ro\/wp-content\/uploads\/2026\/08\/sddefault-27-218x150.jpg\" alt title=\"Centru de aport voluntar cu bazin de reten\u0163ie a apei\"><span class=\"td-video-play-ico\"><img loading=\"lazy\" decoding=\"async\" width=\"40\" height=\"40\" class=\"td-retina\" src=\"https:\/\/www.tvbuzau.ro\/wp-content\/themes\/Newspaper\/images\/icons\/ico-video-large.png\" alt=\"video\"><\/span><\/a><\/div>\n<p><a href=\"https:\/\/www.tvbuzau.ro\/category\/actualitate\/\" class=\"td-post-category\">Actualitate<\/a><\/div>\n<div class=\"item-details\">\n<h3 class=\"entry-title td-module-title\"><a href=\"https:\/\/www.tvbuzau.ro\/centru-de-aport-voluntar-cu-bazin-de-retentie-a-apei\/\" rel=\"bookmark\" title=\"Centru de aport voluntar cu bazin de reten\u0163ie a apei\">Centru de aport voluntar cu bazin de reten\u0163ie a apei<\/a><\/h3>\n<\/div>\n<\/div>\n<\/div>\n<div class=\"td-related-span4\">\n<div class=\"td_module_related_posts td-animation-stack td_mod_related_posts\">\n<div class=\"td-module-image\">\n<div class=\"td-module-thumb\"><a href=\"https:\/\/www.tvbuzau.ro\/va-mai-avea-buzaul-un-poligon-auto\/\" rel=\"bookmark\" title=\"Va mai avea Buz\u0103ul un poligon auto?\"><img loading=\"lazy\" decoding=\"async\" width=\"218\" height=\"150\" class=\"entry-thumb\" src=\"https:\/\/www.tvbuzau.ro\/wp-content\/uploads\/2026\/08\/sddefault-26-218x150.jpg\" alt title=\"Va mai avea Buz\u0103ul un poligon auto?\"><span class=\"td-video-play-ico\"><img loading=\"lazy\" decoding=\"async\" width=\"40\" height=\"40\" class=\"td-retina\" src=\"https:\/\/www.tvbuzau.ro\/wp-content\/themes\/Newspaper\/images\/icons\/ico-video-large.png\" alt=\"video\"><\/span><\/a><\/div>\n<p><a href=\"https:\/\/www.tvbuzau.ro\/category\/actualitate\/\" class=\"td-post-category\">Actualitate<\/a><\/div>\n<div class=\"item-details\">\n<h3 class=\"entry-title td-module-title\"><a href=\"https:\/\/www.tvbuzau.ro\/va-mai-avea-buzaul-un-poligon-auto\/\" rel=\"bookmark\" title=\"Va mai avea Buz\u0103ul un poligon auto?\">Va mai avea Buz\u0103ul un poligon auto?<\/a><\/h3>\n<\/div>\n<\/div>\n<\/div>\n<div class=\"td-related-span4\">\n<div class=\"td_module_related_posts td-animation-stack td_mod_related_posts\">\n<div class=\"td-module-image\">\n<div class=\"td-module-thumb\"><a href=\"https:\/\/www.tvbuzau.ro\/buzoienii-invitati-sa-priveasca-perseidele-la-naeni\/\" rel=\"bookmark\" title=\"Buzoienii invita\u0163i s\u0103 priveasc\u0103 perseidele la N\u0103eni\"><img loading=\"lazy\" decoding=\"async\" width=\"218\" height=\"150\" class=\"entry-thumb\" src=\"https:\/\/www.tvbuzau.ro\/wp-content\/uploads\/2026\/08\/hqdefault-12-218x150.jpg\" alt title=\"Buzoienii invita\u0163i s\u0103 priveasc\u0103 perseidele la N\u0103eni\"><span class=\"td-video-play-ico\"><img loading=\"lazy\" decoding=\"async\" width=\"40\" height=\"40\" class=\"td-retina\" src=\"https:\/\/www.tvbuzau.ro\/wp-content\/themes\/Newspaper\/images\/icons\/ico-video-large.png\" alt=\"video\"><\/span><\/a><\/div>\n<p><a href=\"https:\/\/www.tvbuzau.ro\/category\/actualitate\/\" class=\"td-post-category\">Actualitate<\/a><\/div>\n<div class=\"item-details\">\n<h3 class=\"entry-title td-module-title\"><a href=\"https:\/\/www.tvbuzau.ro\/buzoienii-invitati-sa-priveasca-perseidele-la-naeni\/\" rel=\"bookmark\" title=\"Buzoienii invita\u0163i s\u0103 priveasc\u0103 perseidele la N\u0103eni\">Buzoienii invita\u0163i s\u0103 priveasc\u0103 perseidele la N\u0103eni<\/a><\/h3>\n<\/div>\n<\/div>\n<\/div>\n<\/div>\n<\/div>\n<\/div>\n<div class=\"comments\" id=\"comments\">\n<div id=\"respond\" class=\"comment-respond\">\n<h3 id=\"reply-title\" class=\"comment-reply-title\">L\u0102SA\u021aI UN MESAJ <small><a rel=\"nofollow\" id=\"cancel-comment-reply-link\" href=\"https:\/\/www.tvbuzau.ro\/o-veste-buna-pentru-politistii-locali\/#respond\">Renun\u021ba\u021bi la r\u0103spuns<\/a><\/small><\/h3>\n<\/div>\n<\/div>\n<\/div>\n<div class=\"td-post-content\">\n<div class=\"td-featured-image-rec\">\n<div class=\"wpb_video_wrapper\">\n                    <iframe loading=\"lazy\" id=\"td_youtube_player\" width=\"600\" height=\"560\" src=\"https:\/\/www.youtube.com\/embed\/Ac7_F7IO9zo?enablejsapi=1&amp;feature=oembed&amp;wmode=opaque&amp;vq=hd720\" frameborder allowfullscreen><\/iframe><\/p><\/div>\n<\/div>\n<p>Ce decizie au luat ale\u015fii locali din CLM Buz\u0103u<br \/>\nConsiliul Local Municipal Buz\u0103u a aprobat pentru prima dat\u0103 \u00een acest a rectificarea bugetului. Rectificarea bugetar\u0103 local\u0103 are rolul de a asigura integral resursele necesare sec\u0163iunii de func\u021bionare \u0219i de a redimensiona cheltuielile astfel \u00eencat s\u0103 nu \u00eenregistreze pl\u0103\u021bi restante. Conducerea Prim\u0103riei Buz\u0103u a fost \u00eentrebat\u0103 de c\u0103tre unul dintre ale\u015fii locali dac\u0103 \u00een proiectul de rectificare au fost prin\u015fi banii necesari pentru norma de hran\u0103 a poli\u0163i\u015ftilor locali.<br \/>\nViceprimarul municipiului Buz\u0103u a subliniat c\u0103 prin rectificarea bugetar\u0103 au fost prinse sumele necesare normei de hran\u0103.<br \/>\nIni\u0163ial, \u00een proiectul de buget aprobat pentru anul 2026 nu au fost prin\u015fi banii necesari acoperirii cheltuielilor cu norma de hran\u0103, alocarea fiind anun\u0163at\u0103 la rectificarea bugetar\u0103.<\/p>\n<div class=\"post-views post-120008 entry-meta\"><span class=\"post-views-label\">Post Views: <\/span><span class=\"post-views-count\">196<\/span><\/div>\n<\/div>\n<p>[analyse_source url=&#8221;https:\/\/www.tvbuzau.ro\/o-veste-buna-pentru-politistii-locali\/&#8221;]<\/p>\n","protected":false},"excerpt":{"rendered":"<p>[analyse_image type=&#8221;featured&#8221; src=&#8221;https:\/\/www.tvbuzau.ro\/wp-content\/uploads\/2026\/08\/sddefault-28.jpghttps:\/\/www.tvbuzau.ro\/wp-content\/uploads\/2026\/08\/sddefault-28.jpg&#8221;] Actualitate O veste bun\u0103 pentru poli\u0163i\u015ftii locali De c\u0103tre TV Buz\u0103u &#8211; august 12, 2026 0 31 Distribui\u021bi pe Facebook Distribui\u021bi pe Twitter tweet Ce decizie au luat ale\u015fii locali din CLM Buz\u0103u Consiliul Local Municipal Buz\u0103u a aprobat pentru prima dat\u0103 \u00een acest a rectificarea bugetului. Rectificarea bugetar\u0103 local\u0103 are rolul [&hellip;]<\/p>\n","protected":false},"author":1,"featured_media":0,"comment_status":"open","ping_status":"","sticky":false,"template":"","format":"standard","meta":{"footnotes":""},"categories":[2],"tags":[226,116],"class_list":["post-2091607","post","type-post","status-publish","format-standard","hentry","category-politics","tag-crawlmanager","tag-tvbuzau-ro"],"_links":{"self":[{"href":"https:\/\/analyse.optim.biz\/index.php?rest_route=\/wp\/v2\/posts\/2091607","targetHints":{"allow":["GET"]}}],"collection":[{"href":"https:\/\/analyse.optim.biz\/index.php?rest_route=\/wp\/v2\/posts"}],"about":[{"href":"https:\/\/analyse.optim.biz\/index.php?rest_route=\/wp\/v2\/types\/post"}],"author":[{"embeddable":true,"href":"https:\/\/analyse.optim.biz\/index.php?rest_route=\/wp\/v2\/users\/1"}],"replies":[{"embeddable":true,"href":"https:\/\/analyse.optim.biz\/index.php?rest_route=%2Fwp%2Fv2%2Fcomments&post=2091607"}],"version-history":[{"count":0,"href":"https:\/\/analyse.optim.biz\/index.php?rest_route=\/wp\/v2\/posts\/2091607\/revisions"}],"wp:attachment":[{"href":"https:\/\/analyse.optim.biz\/index.php?rest_route=%2Fwp%2Fv2%2Fmedia&parent=2091607"}],"wp:term":[{"taxonomy":"category","embeddable":true,"href":"https:\/\/analyse.optim.biz\/index.php?rest_route=%2Fwp%2Fv2%2Fcategories&post=2091607"},{"taxonomy":"post_tag","embeddable":true,"href":"https:\/\/analyse.optim.biz\/index.php?rest_route=%2Fwp%2Fv2%2Ftags&post=2091607"}],"curies":[{"name":"wp","href":"https:\/\/api.w.org\/{rel}","templated":true}]}}