{"id":2091484,"date":"2026-08-12T00:00:00","date_gmt":"2026-08-11T21:00:00","guid":{"rendered":"https:\/\/analyse.optim.biz\/?p=2091484"},"modified":"2026-08-12T00:00:00","modified_gmt":"2026-08-11T21:00:00","slug":"gradina-dacia-regenerare-urbana-cu-fonduri-europene-primaria-a-demarat-pregatirea-proiectului","status":"publish","type":"post","link":"https:\/\/analyse.optim.biz\/?p=2091484","title":{"rendered":"Gr\u0103dina Dacia, regenerare urban\u0103 cu fonduri europene. Prim\u0103ria a demarat preg\u0103tirea proiectului"},"content":{"rendered":"<p>[analyse_image type=&#8221;featured&#8221; src=&#8221;https:\/\/ziaruldetulcea.ro\/wp-content\/uploads\/2026\/08\/gradina-de-vara-640&#215;300.jpeg&#8221;]<\/p>\n<div class=\"post\">\n<h1><img loading=\"lazy\" decoding=\"async\" class=\"alignleft size-full wp-image-44021\" src=\"https:\/\/ziaruldetulcea.ro\/wp-content\/uploads\/2026\/08\/gradina-de-vara.jpeg\" alt width=\"1387\" height=\"971\">Prim\u0103ria Tulcea face pa\u0219ii necesari pentru preg\u0103tirea proiectului de reabilitare \u0219i valorificare a <strong>Gr\u0103dinii de Var\u0103 Dacia<\/strong>, investi\u021bie pentru care municipalitatea inten\u021bioneaz\u0103 s\u0103 atrag\u0103 <strong>fonduri europene prin Programul Regional Sud-Est<\/strong>.<\/h1>\n<p>\u00cen aceast\u0103 etap\u0103, administra\u021bia local\u0103 a demarat deja achizi\u021bionarea serviciilor pentru realizarea studiilor \u0219i documenta\u021biilor tehnice necesare proiectului. Finan\u021barea acestor servicii este asigurat\u0103 din <strong>bugetul local<\/strong>, urm\u00e2nd ca investi\u021bia propriu-zis\u0103 s\u0103 fie preg\u0103tit\u0103 pentru accesarea fondurilor europene.<\/p>\n<p>Proiectul este avut \u00een vedere \u00een cadrul unei ac\u021biuni dedicate <strong>dezvolt\u0103rii integrate \u00een zonele urbane<\/strong>, prin regenerare urban\u0103, conservarea patrimoniului \u0219i dezvoltarea turismului \u00een zona ITI Delta Dun\u0103rii.<\/p>\n<p>Pentru Gr\u0103dina de Var\u0103 Dacia, municipalitatea trebuie s\u0103 finalizeze studiul de fezabilitate cu elemente de DALI, expertiza tehnic\u0103, studiile geotehnic \u0219i topografic, precum \u0219i documenta\u021biile necesare ob\u021binerii avizelor \u0219i autoriza\u021biei de construire. Contractul pentru aceste servicii are o durat\u0103 de <strong>\u0219ase luni<\/strong>.<\/p>\n<p>Obiectivul se afl\u0103 pe <strong>strada Isaccei nr. 16<\/strong>, pe un teren de aproximativ 2.338 de metri p\u0103tra\u021bi. Finalizarea documenta\u021biilor reprezint\u0103 etapa necesar\u0103 pentru ca proiectul s\u0103 poat\u0103 fi preg\u0103tit \u00een vederea acces\u0103rii finan\u021b\u0103rii europene.<\/p>\n<\/div>\n<p>[analyse_source url=&#8221;https:\/\/ziaruldetulcea.ro\/gradina-dacia-regenerare-urbana-cu-fonduri-europene-primaria-a-demarat-pregatirea-proiectului\/&#8221;]<\/p>\n","protected":false},"excerpt":{"rendered":"<p>[analyse_image type=&#8221;featured&#8221; src=&#8221;https:\/\/ziaruldetulcea.ro\/wp-content\/uploads\/2026\/08\/gradina-de-vara-640&#215;300.jpeg&#8221;] Prim\u0103ria Tulcea face pa\u0219ii necesari pentru preg\u0103tirea proiectului de reabilitare \u0219i valorificare a Gr\u0103dinii de Var\u0103 Dacia, investi\u021bie pentru care municipalitatea inten\u021bioneaz\u0103 s\u0103 atrag\u0103 fonduri europene prin Programul Regional Sud-Est. \u00cen aceast\u0103 etap\u0103, administra\u021bia local\u0103 a demarat deja achizi\u021bionarea serviciilor pentru realizarea studiilor \u0219i documenta\u021biilor tehnice necesare proiectului. Finan\u021barea acestor servicii este [&hellip;]<\/p>\n","protected":false},"author":1,"featured_media":0,"comment_status":"open","ping_status":"","sticky":false,"template":"","format":"standard","meta":{"footnotes":""},"categories":[89],"tags":[226,205],"class_list":["post-2091484","post","type-post","status-publish","format-standard","hentry","category-romania","tag-crawlmanager","tag-ziaruldetulcea-ro"],"_links":{"self":[{"href":"https:\/\/analyse.optim.biz\/index.php?rest_route=\/wp\/v2\/posts\/2091484","targetHints":{"allow":["GET"]}}],"collection":[{"href":"https:\/\/analyse.optim.biz\/index.php?rest_route=\/wp\/v2\/posts"}],"about":[{"href":"https:\/\/analyse.optim.biz\/index.php?rest_route=\/wp\/v2\/types\/post"}],"author":[{"embeddable":true,"href":"https:\/\/analyse.optim.biz\/index.php?rest_route=\/wp\/v2\/users\/1"}],"replies":[{"embeddable":true,"href":"https:\/\/analyse.optim.biz\/index.php?rest_route=%2Fwp%2Fv2%2Fcomments&post=2091484"}],"version-history":[{"count":0,"href":"https:\/\/analyse.optim.biz\/index.php?rest_route=\/wp\/v2\/posts\/2091484\/revisions"}],"wp:attachment":[{"href":"https:\/\/analyse.optim.biz\/index.php?rest_route=%2Fwp%2Fv2%2Fmedia&parent=2091484"}],"wp:term":[{"taxonomy":"category","embeddable":true,"href":"https:\/\/analyse.optim.biz\/index.php?rest_route=%2Fwp%2Fv2%2Fcategories&post=2091484"},{"taxonomy":"post_tag","embeddable":true,"href":"https:\/\/analyse.optim.biz\/index.php?rest_route=%2Fwp%2Fv2%2Ftags&post=2091484"}],"curies":[{"name":"wp","href":"https:\/\/api.w.org\/{rel}","templated":true}]}}