{"id":209147,"date":"2014-03-22T12:42:33","date_gmt":"2014-03-22T09:42:33","guid":{"rendered":"https:\/\/analyse.optim.biz\/?p=209147"},"modified":"2014-03-22T12:42:33","modified_gmt":"2014-03-22T09:42:33","slug":"seful-statului-despre-un-nou-tandem-traian-basescu-emil-boc-se-merge-cu-fantezia-prea-departe","status":"publish","type":"post","link":"https:\/\/analyse.optim.biz\/?p=209147","title":{"rendered":"\u0218eful statului, despre un nou tandem Traian B\u0103sescu &#8211; Emil Boc: Se merge cu fantezia prea departe"},"content":{"rendered":"<div class=\"entry data-app-meta data-app-meta-article\" data-embed-base-url-canonical=\"https:\/\/www.digi24.ro\/embed\/stiri\/actualitate\/politica\/seful-statului-despre-un-nou-tandem-traian-basescu-emil-boc-se-merge-cu-fantezia-prea-departe-218467\">\n<p data-index=\"1\">.\u201e<span>Cred c\u0103 se merge cu fantezia mult prea departe\u201d, a spus \u0219eful statului, \u00eentrebat dac\u0103 vede posibil un nou tandem Traian B\u0103sescu \u2013 Emil Boc.<\/span><\/p>\n<p data-index=\"2\">\u201e<span>Dar un tandem \u00een politic\u0103 am fost. \u0218i am fost \u00een momentul cel mai greu al t\u0103rii, \u00een cea mai grea criz\u0103 economic\u0103 prin care a trecut Europa din perioada interbelic\u0103. \u201eAm reu\u0219it s\u0103 trecem \u021bara prin criz\u0103 si asta ne leag\u0103\u201d, a spus Traian B\u0103sescu.<\/span><\/p>\n<p data-index=\"3\">\u0218eful statului particip\u0103 s\u00e2mb\u0103t\u0103, \u00een Bucure\u0219ti, la dezbaterea intitulat\u0103 \u201eRolul administra\u0163iei locale \u00een modernizarea comunit\u0103\u0163ii. Statul de drept \u015fi siguran\u0163a cet\u0103\u0163eanului\u201d. Evenimentul este organizat de Funda\u021bia Mi\u0219carea Popular\u0103.\u00a0<\/p>\n<\/div>\n<p> Source URL: https:\/\/www.digi24.ro\/stiri\/actualitate\/politica\/seful-statului-despre-un-nou-tandem-traian-basescu-emil-boc-se-merge-cu-fantezia-prea-departe-218467<\/p>\n","protected":false},"excerpt":{"rendered":"<p>.\u201eCred c\u0103 se merge cu fantezia mult prea departe\u201d, a spus \u0219eful statului, \u00eentrebat dac\u0103 vede posibil un nou tandem Traian B\u0103sescu \u2013 Emil Boc. \u201eDar un tandem \u00een politic\u0103 am fost. \u0218i am fost \u00een momentul cel mai greu al t\u0103rii, \u00een cea mai grea criz\u0103 economic\u0103 prin care a trecut Europa din perioada [&hellip;]<\/p>\n","protected":false},"author":1,"featured_media":209148,"comment_status":"open","ping_status":"","sticky":false,"template":"","format":"standard","meta":{"footnotes":""},"categories":[2],"tags":[11],"class_list":["post-209147","post","type-post","status-publish","format-standard","has-post-thumbnail","hentry","category-politics","tag-digi24"],"_links":{"self":[{"href":"https:\/\/analyse.optim.biz\/index.php?rest_route=\/wp\/v2\/posts\/209147","targetHints":{"allow":["GET"]}}],"collection":[{"href":"https:\/\/analyse.optim.biz\/index.php?rest_route=\/wp\/v2\/posts"}],"about":[{"href":"https:\/\/analyse.optim.biz\/index.php?rest_route=\/wp\/v2\/types\/post"}],"author":[{"embeddable":true,"href":"https:\/\/analyse.optim.biz\/index.php?rest_route=\/wp\/v2\/users\/1"}],"replies":[{"embeddable":true,"href":"https:\/\/analyse.optim.biz\/index.php?rest_route=%2Fwp%2Fv2%2Fcomments&post=209147"}],"version-history":[{"count":0,"href":"https:\/\/analyse.optim.biz\/index.php?rest_route=\/wp\/v2\/posts\/209147\/revisions"}],"wp:featuredmedia":[{"embeddable":true,"href":"https:\/\/analyse.optim.biz\/index.php?rest_route=\/wp\/v2\/media\/209148"}],"wp:attachment":[{"href":"https:\/\/analyse.optim.biz\/index.php?rest_route=%2Fwp%2Fv2%2Fmedia&parent=209147"}],"wp:term":[{"taxonomy":"category","embeddable":true,"href":"https:\/\/analyse.optim.biz\/index.php?rest_route=%2Fwp%2Fv2%2Fcategories&post=209147"},{"taxonomy":"post_tag","embeddable":true,"href":"https:\/\/analyse.optim.biz\/index.php?rest_route=%2Fwp%2Fv2%2Ftags&post=209147"}],"curies":[{"name":"wp","href":"https:\/\/api.w.org\/{rel}","templated":true}]}}