{"id":2091463,"date":"2026-08-13T09:45:27","date_gmt":"2026-08-13T06:45:27","guid":{"rendered":"https:\/\/analyse.optim.biz\/?p=2091463"},"modified":"2026-08-13T09:45:27","modified_gmt":"2026-08-13T06:45:27","slug":"timi-asistenta-virtuala-a-primariei-timisoara-data-drept-exemplu-la-nivel-european","status":"publish","type":"post","link":"https:\/\/analyse.optim.biz\/?p=2091463","title":{"rendered":"Timi, asistenta virtual\u0103 a Prim\u0103riei Timi\u0219oara, dat\u0103 drept exemplu la nivel european"},"content":{"rendered":"<p>[analyse_image type=&#8221;featured&#8221; src=&#8221;https:\/\/www.tion.ro\/wp-content\/uploads\/2026\/03\/+otf\/1200&#215;630\/V8rskGYUk9vbIaIhbn9gt05PVF9WRVJZX1NFQwy9IlTJ__4Lu7c5PIw8K4sRbMiFCwlbTkd81Vd2HI__bGT8gLz49dZ250Tngxqb4dHpAb9s9SpsyTIz09QhpUp5k=\/2797747timiavatar.jpeg&#8221;]<\/p>\n<article id=\"post-2333613\" class>\n<div class=\"entry-content clearfix\">\n<div class=\"enewsArticleContent\">\n<p>Prim\u0103ria Timi\u0219oara se laud\u0103 cu asistenta sa virtual\u0103, care folose\u0219te inteligen\u021b\u0103 artificial\u0103 pentru a r\u0103spunde \u00eentreb\u0103rilor cet\u0103\u021benilor pe site: Timi a fost dat\u0103 drept exemplu de bun\u0103 practic\u0103 la nivel european.<\/p>\n<blockquote>\n<p>\u201eInterreg Europe a inclus Timi \u00een platforma sa de solu\u021bii care pot fi preluate \u0219i adaptate de alte administra\u021bii din Europa. Asistenta virtual\u0103 este disponibil\u0103 24\/7 \u0219i \u00eei ajut\u0103 pe timi\u0219oreni cu informa\u021bii despre serviciile Prim\u0103riei, program\u0103ri \u0219i sesiz\u0103ri, \u00een mai multe limbi.<\/p>\n<p>Continu\u0103m s\u0103 folosim tehnologia pentru servicii publice mai simple \u0219i mai accesibile, iar o solu\u021bie dezvoltat\u0103 la Timi\u0219oara poate deveni acum reper \u0219i pentru alte ora\u0219e din Europa pentru integrarea inteligen\u021bei artificiale \u00een rela\u021bia cu cet\u0103\u021benii\u201d, transmit reprezentan\u021bii Prim\u0103riei Timi\u0219oara.<\/p>\n<\/blockquote>\n<p>V\u0103 amintim, Prim\u0103ria Timi\u0219oara \u0219i-a lansat \u00een februarie asistentul virtual. \u00cen martie, dup\u0103 mai mult de 4.000 de conversa\u021bii, <strong><a href=\"https:\/\/www.tion.ro\/stirile-judetului-timis\/timi-a-purtat-4-000-de-conversatii-cu-timisorenii-asistenta-virtuala-a-primariei-primeste-acum-si-fata-umana-2237434\/\" target=\"_blank\" rel=\"noopener\">municipalitatea anun\u021ba c\u0103 Timi a primit \u0219i \u201efa\u021b\u0103 uman\u0103\u201d<\/a><\/strong>.<\/p>\n<div class=\"fbShareLikeTwitterAndEmailContainer\">\n<div class=\"wrapper\">\n<div class=\"email\">\n<div id=\"mailto-pop\" class=\"pop-form pop-form-mailto\">\n<div class=\"pop-form-header\">\n<h4>Trimite articolul<\/h4>\n<p><a class=\"pop-form-close\">X<\/a><\/div>\n<\/div>\n<\/div>\n<\/div>\n<\/div>\n<div class=\"tagsContainer\">\n<div class=\"tagsLabel\">Taguri:<\/div>\n<div class=\"tags\">\n<div class=\"tag\"><a href=\"https:\/\/www.tion.ro\/cimke\/asistent-virtual\" rel=\"tag\"><span class=\"link\">asistent virtual<\/span><span class=\"separator\">,<\/span><\/a><\/div>\n<div class=\"tag\"><a href=\"https:\/\/www.tion.ro\/cimke\/site-primaria-timisoara\" rel=\"tag\"><span class=\"link\">site primaria timisoara<\/span><span class=\"separator\">,<\/span><\/a><\/div>\n<div class=\"tag\"><a href=\"https:\/\/www.tion.ro\/cimke\/timi\" rel=\"tag\"><span class=\"link\">timi<\/span><\/a><\/div>\n<\/div>\n<\/div>\n<div class=\"comments\">\n<div class=\"top\">\n<div class=\"commentsNumber\"><span class=\"number\">0<\/span><span class=\"text\">Comentarii<\/span><\/div>\n<\/div>\n<div class=\"center\">\n<div id=\"respond\" class=\"comment-respond\">\n<h3 id=\"reply-title\" class=\"comment-reply-title\"><small><a rel=\"nofollow\" id=\"cancel-comment-reply-link\" href=\"https:\/\/www.tion.ro\/stirile-judetului-timis\/timi-asistenta-virtuala-a-primariei-timisoara-data-drept-exemplu-la-nivel-european-2333613\/#respond\">Cancel reply<\/a><\/small><\/h3>\n<p class=\"comment-notes\"><span id=\"email-notes\">Your email address will not be published.<\/span><span class=\"required-field-message\">Required fields are marked <span class=\"required\">*<\/span><\/span><\/p>\n<p class=\"commentFormComment\"><span id=\"commentFormCount\"><br \/>\n                            inca<br \/>\n                            <span id=\"countCommentText\">1000<\/span><br \/>\n                            caractere ramase<br \/>\n                        <\/span><\/p>\n<\/div>\n<\/div>\n<div class=\"bottom\">\n<p class=\"forumDisclaimerHuRo\">\n            Citi\u021bi principiile noastre de moderare <a href=\"https:\/\/www.tion.ro\/reguli-postare-comentarii\/\" target=\"_blank\">aici<\/a>!\n        <\/p>\n<\/div>\n<\/div>\n<\/div>\n<\/div>\n<\/article>\n<div class=\"entry-content clearfix\">\n<div class=\"enewsArticleContent\">\n<p>Prim\u0103ria Timi\u0219oara se laud\u0103 cu asistenta sa virtual\u0103, care folose\u0219te inteligen\u021b\u0103 artificial\u0103 pentru a r\u0103spunde \u00eentreb\u0103rilor cet\u0103\u021benilor pe site: Timi a fost dat\u0103 drept exemplu de bun\u0103 practic\u0103 la nivel european.<\/p>\n<blockquote>\n<p>\u201eInterreg Europe a inclus Timi \u00een platforma sa de solu\u021bii care pot fi preluate \u0219i adaptate de alte administra\u021bii din Europa. Asistenta virtual\u0103 este disponibil\u0103 24\/7 \u0219i \u00eei ajut\u0103 pe timi\u0219oreni cu informa\u021bii despre serviciile Prim\u0103riei, program\u0103ri \u0219i sesiz\u0103ri, \u00een mai multe limbi.<\/p>\n<p>Continu\u0103m s\u0103 folosim tehnologia pentru servicii publice mai simple \u0219i mai accesibile, iar o solu\u021bie dezvoltat\u0103 la Timi\u0219oara poate deveni acum reper \u0219i pentru alte ora\u0219e din Europa pentru integrarea inteligen\u021bei artificiale \u00een rela\u021bia cu cet\u0103\u021benii\u201d, transmit reprezentan\u021bii Prim\u0103riei Timi\u0219oara.<\/p>\n<\/blockquote>\n<p>V\u0103 amintim, Prim\u0103ria Timi\u0219oara \u0219i-a lansat \u00een februarie asistentul virtual. \u00cen martie, dup\u0103 mai mult de 4.000 de conversa\u021bii, <strong><a href=\"https:\/\/www.tion.ro\/stirile-judetului-timis\/timi-a-purtat-4-000-de-conversatii-cu-timisorenii-asistenta-virtuala-a-primariei-primeste-acum-si-fata-umana-2237434\/\" target=\"_blank\" rel=\"noopener\">municipalitatea anun\u021ba c\u0103 Timi a primit \u0219i \u201efa\u021b\u0103 uman\u0103\u201d<\/a><\/strong>.<\/p>\n<div class=\"fbShareLikeTwitterAndEmailContainer\">\n<div class=\"wrapper\">\n<div class=\"email\">\n<div id=\"mailto-pop\" class=\"pop-form pop-form-mailto\">\n<div class=\"pop-form-header\">\n<h4>Trimite articolul<\/h4>\n<p><a class=\"pop-form-close\">X<\/a><\/div>\n<\/div>\n<\/div>\n<\/div>\n<\/div>\n<div class=\"tagsContainer\">\n<div class=\"tagsLabel\">Taguri:<\/div>\n<div class=\"tags\">\n<div class=\"tag\"><a href=\"https:\/\/www.tion.ro\/cimke\/asistent-virtual\" rel=\"tag\"><span class=\"link\">asistent virtual<\/span><span class=\"separator\">,<\/span><\/a><\/div>\n<div class=\"tag\"><a href=\"https:\/\/www.tion.ro\/cimke\/site-primaria-timisoara\" rel=\"tag\"><span class=\"link\">site primaria timisoara<\/span><span class=\"separator\">,<\/span><\/a><\/div>\n<div class=\"tag\"><a href=\"https:\/\/www.tion.ro\/cimke\/timi\" rel=\"tag\"><span class=\"link\">timi<\/span><\/a><\/div>\n<\/div>\n<\/div>\n<div class=\"comments\">\n<div class=\"top\">\n<div class=\"commentsNumber\"><span class=\"number\">0<\/span><span class=\"text\">Comentarii<\/span><\/div>\n<\/div>\n<div class=\"center\">\n<div id=\"respond\" class=\"comment-respond\">\n<h3 id=\"reply-title\" class=\"comment-reply-title\"><small><a rel=\"nofollow\" id=\"cancel-comment-reply-link\" href=\"https:\/\/www.tion.ro\/stirile-judetului-timis\/timi-asistenta-virtuala-a-primariei-timisoara-data-drept-exemplu-la-nivel-european-2333613\/#respond\">Cancel reply<\/a><\/small><\/h3>\n<p class=\"comment-notes\"><span id=\"email-notes\">Your email address will not be published.<\/span><span class=\"required-field-message\">Required fields are marked <span class=\"required\">*<\/span><\/span><\/p>\n<p class=\"commentFormComment\"><span id=\"commentFormCount\"><br \/>\n                            inca<br \/>\n                            <span id=\"countCommentText\">1000<\/span><br \/>\n                            caractere ramase<br \/>\n                        <\/span><\/p>\n<\/div>\n<\/div>\n<div class=\"bottom\">\n<p class=\"forumDisclaimerHuRo\">\n            Citi\u021bi principiile noastre de moderare <a href=\"https:\/\/www.tion.ro\/reguli-postare-comentarii\/\" target=\"_blank\">aici<\/a>!\n        <\/p>\n<\/div>\n<\/div>\n<\/div>\n<\/div>\n<p>[analyse_source url=&#8221;https:\/\/www.tion.ro\/stirile-judetului-timis\/timi-asistenta-virtuala-a-primariei-timisoara-data-drept-exemplu-la-nivel-european-2333613\/&#8221;]<\/p>\n","protected":false},"excerpt":{"rendered":"<p>[analyse_image type=&#8221;featured&#8221; src=&#8221;https:\/\/www.tion.ro\/wp-content\/uploads\/2026\/03\/+otf\/1200&#215;630\/V8rskGYUk9vbIaIhbn9gt05PVF9WRVJZX1NFQwy9IlTJ__4Lu7c5PIw8K4sRbMiFCwlbTkd81Vd2HI__bGT8gLz49dZ250Tngxqb4dHpAb9s9SpsyTIz09QhpUp5k=\/2797747timiavatar.jpeg&#8221;] Prim\u0103ria Timi\u0219oara se laud\u0103 cu asistenta sa virtual\u0103, care folose\u0219te inteligen\u021b\u0103 artificial\u0103 pentru a r\u0103spunde \u00eentreb\u0103rilor cet\u0103\u021benilor pe site: Timi a fost dat\u0103 drept exemplu de bun\u0103 practic\u0103 la nivel european. \u201eInterreg Europe a inclus Timi \u00een platforma sa de solu\u021bii care pot fi preluate \u0219i adaptate de alte administra\u021bii din Europa. [&hellip;]<\/p>\n","protected":false},"author":1,"featured_media":0,"comment_status":"open","ping_status":"","sticky":false,"template":"","format":"standard","meta":{"footnotes":""},"categories":[89],"tags":[226,191],"class_list":["post-2091463","post","type-post","status-publish","format-standard","hentry","category-romania","tag-crawlmanager","tag-tion-ro"],"_links":{"self":[{"href":"https:\/\/analyse.optim.biz\/index.php?rest_route=\/wp\/v2\/posts\/2091463","targetHints":{"allow":["GET"]}}],"collection":[{"href":"https:\/\/analyse.optim.biz\/index.php?rest_route=\/wp\/v2\/posts"}],"about":[{"href":"https:\/\/analyse.optim.biz\/index.php?rest_route=\/wp\/v2\/types\/post"}],"author":[{"embeddable":true,"href":"https:\/\/analyse.optim.biz\/index.php?rest_route=\/wp\/v2\/users\/1"}],"replies":[{"embeddable":true,"href":"https:\/\/analyse.optim.biz\/index.php?rest_route=%2Fwp%2Fv2%2Fcomments&post=2091463"}],"version-history":[{"count":0,"href":"https:\/\/analyse.optim.biz\/index.php?rest_route=\/wp\/v2\/posts\/2091463\/revisions"}],"wp:attachment":[{"href":"https:\/\/analyse.optim.biz\/index.php?rest_route=%2Fwp%2Fv2%2Fmedia&parent=2091463"}],"wp:term":[{"taxonomy":"category","embeddable":true,"href":"https:\/\/analyse.optim.biz\/index.php?rest_route=%2Fwp%2Fv2%2Fcategories&post=2091463"},{"taxonomy":"post_tag","embeddable":true,"href":"https:\/\/analyse.optim.biz\/index.php?rest_route=%2Fwp%2Fv2%2Ftags&post=2091463"}],"curies":[{"name":"wp","href":"https:\/\/api.w.org\/{rel}","templated":true}]}}