{"id":2091445,"date":"2026-08-13T08:27:34","date_gmt":"2026-08-13T05:27:34","guid":{"rendered":"https:\/\/analyse.optim.biz\/?p=2091445"},"modified":"2026-08-13T08:27:34","modified_gmt":"2026-08-13T05:27:34","slug":"toti-ma-stie-la-fundulea","status":"publish","type":"post","link":"https:\/\/analyse.optim.biz\/?p=2091445","title":{"rendered":"\u201eTo\u021bi m\u0103 \u0219tie la Fundulea\u201d!"},"content":{"rendered":"<p>[analyse_image type=&#8221;featured&#8221; src=&#8221;https:\/\/r3media.ro\/wp-content\/uploads\/2026\/08\/Islanda-UE.jpghttps:\/\/r3media.ro\/wp-content\/uploads\/2026\/08\/Islanda-UE.jpg&#8221;]<\/p>\n<article id=\"template-id-109\" class=\"post-109 tdb_templates type-tdb_templates status-publish post\">\n<div id=\"tdi_2\" class=\"tdc-zone\">\n<div class=\"tdc_zone tdi_3  wpb_row td-pb-row\">\n<div id=\"tdi_4\" class=\"tdc-row\">\n<div class=\"vc_row tdi_5  wpb_row td-pb-row\">\n<div class=\"vc_column tdi_7  wpb_column vc_column_container tdc-column td-pb-span8\">\n<div class=\"wpb_wrapper\">\n<div class=\"td_block_wrap tdb_breadcrumbs tdi_8 td-pb-border-top td_block_template_1 tdb-breadcrumbs \" data-td-block-uid=\"tdi_8\">\n<div class=\"tdb-block-inner td-fix-index\"><span><a title=\"Vede\u021bi toate articolele \u00een OPINII\" class=\"tdb-entry-crumb\" href=\"https:\/\/r3media.ro\/category\/opinii\/\">OPINII<\/a><\/span><span class=\"tdb-bred-no-url-last\">\u201eTo\u021bi m\u0103 \u0219tie la Fundulea\u201d!<\/span><\/div>\n<\/div>\n<div class=\"td_block_wrap tdb_single_categories tdi_9 td-pb-border-top td_block_template_1 \" data-td-block-uid=\"tdi_9\">\n<div class=\"tdb-category td-fix-index\"><a class=\"tdb-entry-category\" href=\"https:\/\/r3media.ro\/category\/opinii\/\">OPINII<\/a><a class=\"tdb-entry-category\" href=\"https:\/\/r3media.ro\/category\/stiri-prim-plan\/\">PRIM PLAN<\/a><a class=\"tdb-entry-category\" href=\"https:\/\/r3media.ro\/category\/stiri\/\">\u0218TIRI<\/a><\/div>\n<\/div>\n<div class=\"td_block_wrap tdb_title tdi_10 tdb-single-title td-pb-border-top td_block_template_1\" data-td-block-uid=\"tdi_10\">\n<div class=\"tdb-block-inner td-fix-index\">\n<h1 class=\"tdb-title-text\">\u201eTo\u021bi m\u0103 \u0219tie la Fundulea\u201d!<\/h1>\n<\/div>\n<\/div>\n<div class=\"vc_row_inner tdi_12  vc_row vc_inner wpb_row td-pb-row\">\n<div class=\"vc_column_inner tdi_14  wpb_column vc_column_container tdc-inner-column td-pb-span12\">\n<div class=\"vc_column-inner\">\n<div class=\"wpb_wrapper\">\n<div class=\"td_block_wrap tdb_single_author tdi_15 td-pb-border-top td_block_template_1 tdb-post-meta\" data-td-block-uid=\"tdi_15\">\n<div class=\"tdb-block-inner td-fix-index\">\n<div class=\"tdb-author-name-wrap\"><a class=\"tdb-author-name\" href=\"https:\/\/r3media.ro\/author\/cosmintinta\/\">Cosmin \u021a\u00eent\u0103<\/a><\/div>\n<\/div>\n<\/div>\n<div class=\"td_block_wrap tdb_single_date tdi_16 td-pb-border-top td_block_template_1 tdb-post-meta\" data-td-block-uid=\"tdi_16\">\n<div class=\"tdb-block-inner td-fix-index\"><time class=\"entry-date updated td-module-date\" datetime=\"2026-08-13T11:27:34+03:00\">13\/08\/2026<\/time><\/div>\n<\/div>\n<\/div>\n<\/div>\n<\/div>\n<\/div>\n<div class=\"td_block_wrap tdb_single_featured_image tdi_17 tdb-content-horiz-left td-pb-border-top td_block_template_1\" data-td-block-uid=\"tdi_17\">\n<div class=\"tdb-block-inner td-fix-index\">\n<figure><figcaption class=\"tdb-caption-text\">Sursa foto: Demnitatea<\/figcaption><\/figure>\n<\/div>\n<\/div>\n<div class=\"td_block_wrap tdb_single_content tdi_18 td-pb-border-top td_block_template_1 td-post-content tagdiv-type\" data-td-block-uid=\"tdi_18\">\n<div class=\"tdb-block-inner td-fix-index\">\n<p><strong>\u00cenc\u0103 una fain\u0103, sc\u0103pat\u0103 \u201epe sub u\u0219\u0103\u201d- autorit\u0103\u021bile islandeze au cerut Comisiei Europene s\u0103 nu intervin\u0103 \u00een referendumul care urmeaz\u0103 s\u0103 aib\u0103 loc \u00een \u021bar\u0103 pe 29 august. Islandezii vor fi a\u0219tepta\u021bi atunci la urne s\u0103 decid\u0103 dac\u0103 statul lor ar trebui s\u0103 continue negocierile (blocate din 2013) privind o posibil\u0103 aderare la UE.<\/strong><\/p>\n<p>F\u0103r\u0103 s\u0103 vreau, \u00eemi revine \u00een minte o fraz\u0103 de pe la teleu care surprinde pe c\u00e2t de accidental, pe at\u00e2t de splendid situa\u021bia: \u201eto\u021bi m\u0103 \u0219tie la Fundulea\u201d!<\/p>\n<p>Umor involuntar, aproape progresist, zis cu dram de seme\u021bie de un cet\u0103\u021bean oarecare al UE.<\/p>\n<p>S\u0103 ne \u00eentoarcem, \u00eens\u0103, pe \u201einsula iubirii\u201d. De UE sau de proprie \u021bar\u0103? Cam asta-i \u00eentrebarea-cheie care a f\u0103cut, doar \u00een ultimele luni, vreo \u0219apte politicieni europeni de rang \u00eenalt s\u0103 ia insula la curtat.<\/p>\n<p>Iar pe premierul Kristr\u00fan Frostad\u00f3ttir \u0219i pe ministrul de externe Katr\u00edn Gunnarsd\u00f3ttir s\u0103 afirme c\u0103 e o chestiune care trebuie decis\u0103 exclusiv de islandezi, f\u0103r\u0103 ingerin\u021be.<\/p>\n<p>UE ar trebui doar s\u0103 r\u0103spund\u0103 la \u00eentreb\u0103rile, nu pu\u021bine, ce \u00eei fr\u0103m\u00e2nt\u0103 pe islandezi, sus\u021bin cei doi oficiali.<\/p>\n<p>\u0218i aici e buba number 2.<\/p>\n<p>Pe de-o parte, avem o UE care \u00een pofida sloganurilor \u0219i a preten\u021biilor de monopol asupra europenit\u0103\u021bii, nu poate face nev\u0103zut faptul c\u0103 are diverse puncte puse prin locuri-cheie de c\u0103tre state emblematice ale \u201elumii bune\u201d: Marea Britanie, care s-a retras, Norvegia sau Elve\u021bia, care prefer\u0103 pe dinafar\u0103, sau Islanda, insula asta strategic\u0103 din nord.<\/p>\n<p>A\u0219a cum nu poate face nev\u0103zut\u0103 nici seria de imbecilit\u0103\u021bi vehiculate seme\u021b ca mostre de deschidere \u0219i fine dar hot\u0103r\u00e2te mi\u0219c\u0103ri strategice, precum inten\u021bia de integrare a unui stat aflat \u00een plin r\u0103zboi cu Rusia sau a Canadei cea de peste m\u0103ri, oceane \u0219i \u021b\u0103ri ca Islanda \u0219i Groenlanda\u2026<\/p>\n<p>\u0218i a\u0219a cum nu mai prea poate ascunde valul suveranist care str\u0103bate spa\u021biul comunitar \u0219i tot mai comunistoid, dintr-o parte \u00een alta.<\/p>\n<p>Pe c\u00e2t\u0103 nevoie are UE \u00een aceste condi\u021bii de o validare la urnele islandeze, pe at\u00e2t este, \u00eens\u0103, de tare, zidul celor trei sute (\u0219i ceva) de mii de islandezi.<\/p>\n<p>Celto-scandinavii \u0103\u0219tia cu limb\u0103 proprie au cel mai vechi parlament cu func\u021bionare continu\u0103 din lume (Althing, fondat \u00een 930), iar identitatea politic\u0103 modern\u0103 a Islandei este construit\u0103 exact pe ideea de suveranitate total\u0103 asupra propriilor resurse.<\/p>\n<p>Vor vrea pescarii islandezi s\u0103 dea din m\u00e2n\u0103 unul dintre cele mai eficiente sisteme de pescuit din lume, de exemplu?<\/p>\n<p>Dar s\u0103 \u00eempart\u0103 la liber resursele care or fi pe insul\u0103 \u0219i s\u0103 pun\u0103 cel mai vechi parlament din lume la cheremul birocra\u021biei bruxelleze? Om vedea.<\/p>\n<p>P\u00e2n\u0103 una-alta, s\u0103 recunoa\u0219tem, \u00een sf\u00e2r\u0219it, o mostr\u0103 de adev\u0103r absolut \u0219i irefutabil: \u201eto\u021bi m\u0103 \u0219tie la Fundulea\u201d!<\/p>\n<p><em>Articol ap\u0103rut ini\u021bial pe <a href=\"https:\/\/demnitatea.info\/2026\/08\/10\/toti-ma-stie-la-fundulea\/\" target=\"_blank\" rel=\"noopener\">Demnitatea<\/a>, preluat cu acordul autorului<\/em><\/p>\n<div class=\"crp_related     crp-masonry\">\n<h2>\u00ceN CONTEXT<\/h2>\n<ul>\n<li><a href=\"https:\/\/r3media.ro\/lectii-de-inapoiere\/\" class=\"crp_link post-119526\"><span class=\"crp_title\">Lec\u021bii de \u00eenapoiere<\/span><\/a><\/li>\n<li><a href=\"https:\/\/r3media.ro\/madalin-ionescu-analiza-la-sange-romania-sfarsit-era-bruxelles-control-rapoarte-jaloane-formule-fiscale\/\" class=\"crp_link post-116062\"><span class=\"crp_title\">Jurnalistul M\u0103d\u0103lin Ionescu face o analiz\u0103 la s\u00e2nge a Rom\u00e2niei: Se simte sf\u00e2r\u0219itul unei ere.\u2026<\/span><\/a><\/li>\n<li><a href=\"https:\/\/r3media.ro\/companii-aeriene-suspendare-sistemul-de-intrare-iesire-ees-al-ue\/\" class=\"crp_link post-119325\"><span class=\"crp_title\">Companiile aeriene cer s\u0103 se suspende sistemul de Intrare\/Ie\u0219ire (EES) al UE<\/span><\/a><\/li>\n<li><a href=\"https:\/\/r3media.ro\/in-numele-legii-sfirsitul\/\" class=\"crp_link post-115376\"><span class=\"crp_title\">\u00cen numele legii, sf\u00eer\u0219itul!<\/span><\/a><\/li>\n<li><a href=\"https:\/\/r3media.ro\/surse-polonia-karol-nawrocki-ordonat-eliminare-steag-uniunea-europeana-birou-prezidential\/\" class=\"crp_link post-112831\"><span class=\"crp_title\">Surse media din Polonia sus\u021bin c\u0103 pre\u0219edintele Karol Nawrocki a ordonat eliminarea steagului\u2026<\/span><\/a><\/li>\n<li><a href=\"https:\/\/r3media.ro\/paternalism-dupa-liberalism-1\/\" class=\"crp_link post-112792\"><span class=\"crp_title\">Paternalism dup\u0103 liberalism (1)<\/span><\/a><\/li>\n<li><a href=\"https:\/\/r3media.ro\/imparateasa-goala-scoasa-la-tabla-corigenta-amanata\/\" class=\"crp_link post-112360\"><span class=\"crp_title\">\u00cemp\u0103r\u0103teasa goal\u0103, scoas\u0103 la tabl\u0103. Corigen\u021ba, am\u00e2nat\u0103<\/span><\/a><\/li>\n<li><a href=\"https:\/\/r3media.ro\/europa-criza-de-petrol\/\" class=\"crp_link post-116502\"><span class=\"crp_title\">Europa ar putea intra \u00een CRIZ\u0102 de petrol<\/span><\/a><\/li>\n<\/ul>\n<\/div>\n<\/div>\n<\/div>\n<div class=\"td_block_wrap tdb_single_tags tdi_19 td-pb-border-top td_block_template_1\" data-td-block-uid=\"tdi_19\">\n<div class=\"tdb-block-inner td-fix-index\">\n<ul class=\"tdb-tags\">\n<li><span>SUBIECTE FIERBIN\u021aI<\/span><\/li>\n<li><a href=\"https:\/\/r3media.ro\/tag\/islanda\/\">islanda<\/a><\/li>\n<li><a href=\"https:\/\/r3media.ro\/tag\/uniunea-europeana-ue\/\">Uniunea Europeana (ue)<\/a><\/li>\n<\/ul>\n<\/div>\n<\/div>\n<div class=\"td_block_wrap td_block_9 tdi_20 td_with_ajax_pagination td-pb-border-top td_block_template_1 td-column-2 td_block_padding td_block_bot_line\" data-td-block-uid=\"tdi_20\">\n<div class=\"td-block-title-wrap\">\n<h4 class=\"block-title td-block-title\"><span class=\"td-pulldown-size\">CITE\u0218TE MAI MULT<\/span><\/h4>\n<\/div>\n<div id=\"tdi_20\" class=\"td_block_inner\">\n<div class=\"td-block-row\">\n<div class=\"td-block-span6\">\n<div class=\"td_module_8 td_module_wrap\">\n<div class=\"item-details\">\n<h3 class=\"entry-title td-module-title\"><a href=\"https:\/\/r3media.ro\/presedintele-serbiei-razboiul-din-ucraina\/\" rel=\"bookmark\" title=\"Pre\u0219edintele Serbiei nu crede c\u0103 r\u0103zboiul din Ucraina se termin\u0103 cur\u00e2nd: Cred c\u0103 ne afl\u0103m la \u00eenceputul unui r\u0103zboi mult, mult mai mare\">Pre\u0219edintele Serbiei nu crede c\u0103 r\u0103zboiul din Ucraina se termin\u0103 cur\u00e2nd: Cred c\u0103 ne&#8230;<\/a><\/h3>\n<div class=\"td-module-meta-info\"><a href=\"https:\/\/r3media.ro\/category\/actualitate\/\" class=\"td-post-category\">ACTUALITATE<\/a><span class=\"td-post-author-name\"><a href=\"https:\/\/r3media.ro\/author\/teodor_stan\/\">Teodor Stan<\/a><span>&#8211;<\/span><\/span><span class=\"td-post-date\"><time class=\"entry-date updated td-module-date\" datetime=\"2026-08-10T12:22:44+03:00\">10\/08\/2026<\/time><\/span><\/div>\n<\/div>\n<\/div>\n<\/div>\n<div class=\"td-block-span6\">\n<div class=\"td_module_8 td_module_wrap\">\n<div class=\"item-details\">\n<h3 class=\"entry-title td-module-title\"><a href=\"https:\/\/r3media.ro\/fara-apa-fara-curent-fara-viitor-cum-au-sacrificat-pro-europenii-romania-pe-altarul-ecologiei-ieftine\/\" rel=\"bookmark\" title=\"F\u0103r\u0103 ap\u0103, f\u0103r\u0103 curent, f\u0103r\u0103 viitor: cum au sacrificat pro-europenii Rom\u00e2nia pe altarul ecologiei ieftine\">F\u0103r\u0103 ap\u0103, f\u0103r\u0103 curent, f\u0103r\u0103 viitor: cum au sacrificat pro-europenii Rom\u00e2nia pe altarul ecologiei&#8230;<\/a><\/h3>\n<div class=\"td-module-meta-info\"><a href=\"https:\/\/r3media.ro\/category\/actualitate\/\" class=\"td-post-category\">ACTUALITATE<\/a><span class=\"td-post-author-name\"><a href=\"https:\/\/r3media.ro\/author\/paul_lazar\/\">Paul-Daniel Laz\u0103r<\/a><span>&#8211;<\/span><\/span><span class=\"td-post-date\"><time class=\"entry-date updated td-module-date\" datetime=\"2026-08-08T22:30:54+03:00\">08\/08\/2026<\/time><\/span><\/div>\n<\/div>\n<\/div>\n<\/div>\n<\/div>\n<div class=\"td-block-row\">\n<div class=\"td-block-span6\">\n<div class=\"td_module_8 td_module_wrap\">\n<div class=\"item-details\">\n<h3 class=\"entry-title td-module-title\"><a href=\"https:\/\/r3media.ro\/show-iluzie-si-realitate-de-la-the-truman-show-la-son-of-a-rich\/\" rel=\"bookmark\" title=\"Show, iluzie \u0219i realitate: de la The Truman Show la Son of a Rich\">Show, iluzie \u0219i realitate: de la The Truman Show la Son of a Rich<\/a><\/h3>\n<div class=\"td-module-meta-info\"><a href=\"https:\/\/r3media.ro\/category\/actualitate\/\" class=\"td-post-category\">ACTUALITATE<\/a><span class=\"td-post-author-name\"><a href=\"https:\/\/r3media.ro\/author\/costi_balasoiu\/\">Constantin B\u0103l\u0103\u0219oiu<\/a><span>&#8211;<\/span><\/span><span class=\"td-post-date\"><time class=\"entry-date updated td-module-date\" datetime=\"2026-08-08T15:30:25+03:00\">08\/08\/2026<\/time><\/span><\/div>\n<\/div>\n<\/div>\n<\/div>\n<div class=\"td-block-span6\">\n<div class=\"td_module_8 td_module_wrap\">\n<div class=\"item-details\">\n<h3 class=\"entry-title td-module-title\"><a href=\"https:\/\/r3media.ro\/fani-stapanul-inelelor-surpriza-sezonul-3-sauron\/\" rel=\"bookmark\" title=\"Fanii \u201eSt\u0103p\u00e2nul Inelelor\u201c ar putea avea o surpriz\u0103 \u00een sezonul 3 din serialul \u201eInelele Puterii\u201c. Sauron se va confrunta cu o creatur\u0103 de temut\">Fanii \u201eSt\u0103p\u00e2nul Inelelor\u201c ar putea avea o surpriz\u0103 \u00een sezonul 3 din serialul \u201eInelele&#8230;<\/a><\/h3>\n<div class=\"td-module-meta-info\"><a href=\"https:\/\/r3media.ro\/category\/actualitate\/\" class=\"td-post-category\">ACTUALITATE<\/a><span class=\"td-post-author-name\"><a href=\"https:\/\/r3media.ro\/author\/oana\/\">Oana Ivan<\/a><span>&#8211;<\/span><\/span><span class=\"td-post-date\"><time class=\"entry-date updated td-module-date\" datetime=\"2026-08-08T00:19:31+03:00\">08\/08\/2026<\/time><\/span><\/div>\n<\/div>\n<\/div>\n<\/div>\n<\/div>\n<div class=\"td-block-row\">\n<div class=\"td-block-span6\">\n<div class=\"td_module_8 td_module_wrap\">\n<div class=\"item-details\">\n<h3 class=\"entry-title td-module-title\"><a href=\"https:\/\/r3media.ro\/david-popovici-fair-play-sportivi-rusi-competitii\/\" rel=\"bookmark\" title=\"David Popovici, fair-play la revenirea sportivilor ru\u0219i \u00een competi\u021bii: Le urez succes, sper s\u0103 fiu mai bun dec\u00e2t ei\">David Popovici, fair-play la revenirea sportivilor ru\u0219i \u00een competi\u021bii: Le urez succes, sper s\u0103&#8230;<\/a><\/h3>\n<div class=\"td-module-meta-info\"><a href=\"https:\/\/r3media.ro\/category\/actualitate\/\" class=\"td-post-category\">ACTUALITATE<\/a><span class=\"td-post-author-name\"><a href=\"https:\/\/r3media.ro\/author\/redactia\/\">Redac\u021bia<\/a><span>&#8211;<\/span><\/span><span class=\"td-post-date\"><time class=\"entry-date updated td-module-date\" datetime=\"2026-08-07T15:07:51+03:00\">07\/08\/2026<\/time><\/span><\/div>\n<\/div>\n<\/div>\n<\/div>\n<div class=\"td-block-span6\">\n<div class=\"td_module_8 td_module_wrap\">\n<div class=\"item-details\">\n<h3 class=\"entry-title td-module-title\"><a href=\"https:\/\/r3media.ro\/kia-recheama-service-prima-generatie-masini-electrice-e-niro-risc-incendiu\/\" rel=\"bookmark\" title=\"Kia recheam\u0103 \u00een service prima genera\u021bie de ma\u0219ini electrice e-Niro din cauza riscului de incendiu\">Kia recheam\u0103 \u00een service prima genera\u021bie de ma\u0219ini electrice e-Niro din cauza riscului de&#8230;<\/a><\/h3>\n<div class=\"td-module-meta-info\"><a href=\"https:\/\/r3media.ro\/category\/actualitate\/\" class=\"td-post-category\">ACTUALITATE<\/a><span class=\"td-post-author-name\"><a href=\"https:\/\/r3media.ro\/author\/oana\/\">Oana Ivan<\/a><span>&#8211;<\/span><\/span><span class=\"td-post-date\"><time class=\"entry-date updated td-module-date\" datetime=\"2026-08-06T17:07:42+03:00\">06\/08\/2026<\/time><\/span><\/div>\n<\/div>\n<\/div>\n<\/div>\n<\/div>\n<div class=\"td-block-row\">\n<div class=\"td-block-span6\">\n<div class=\"td_module_8 td_module_wrap\">\n<div class=\"item-details\">\n<h3 class=\"entry-title td-module-title\"><a href=\"https:\/\/r3media.ro\/drona-gasita-mare-mamaia-zona-loft-video\/\" rel=\"bookmark\" title=\"VIDEO | O dron\u0103 a fost g\u0103sit\u0103 \u00een mare, \u00een Mamaia, \u00een zona Loft\">VIDEO | O dron\u0103 a fost g\u0103sit\u0103 \u00een mare, \u00een Mamaia, \u00een zona Loft<\/a><\/h3>\n<div class=\"td-module-meta-info\"><a href=\"https:\/\/r3media.ro\/category\/actualitate\/\" class=\"td-post-category\">ACTUALITATE<\/a><span class=\"td-post-author-name\"><a href=\"https:\/\/r3media.ro\/author\/oana\/\">Oana Ivan<\/a><span>&#8211;<\/span><\/span><span class=\"td-post-date\"><time class=\"entry-date updated td-module-date\" datetime=\"2026-08-05T21:48:11+03:00\">05\/08\/2026<\/time><\/span><\/div>\n<\/div>\n<\/div>\n<\/div>\n<div class=\"td-block-span6\">\n<div class=\"td_module_8 td_module_wrap\">\n<div class=\"item-details\">\n<h3 class=\"entry-title td-module-title\"><a href=\"https:\/\/r3media.ro\/cand-incepe-scoala-in-2026-structura-an-nou-scolar\/\" rel=\"bookmark\" title=\"C\u00e2nd \u00eencepe \u0219coala \u00een 2026: Structura noului an \u0219colar, vacan\u021bele \u0219i zilele libere\">C\u00e2nd \u00eencepe \u0219coala \u00een 2026: Structura noului an \u0219colar, vacan\u021bele \u0219i zilele libere<\/a><\/h3>\n<div class=\"td-module-meta-info\"><a href=\"https:\/\/r3media.ro\/category\/actualitate\/\" class=\"td-post-category\">ACTUALITATE<\/a><span class=\"td-post-author-name\"><a href=\"https:\/\/r3media.ro\/author\/oana\/\">Oana Ivan<\/a><span>&#8211;<\/span><\/span><span class=\"td-post-date\"><time class=\"entry-date updated td-module-date\" datetime=\"2026-08-03T22:23:20+03:00\">03\/08\/2026<\/time><\/span><\/div>\n<\/div>\n<\/div>\n<\/div>\n<\/div>\n<div class=\"td-block-row\">\n<div class=\"td-block-span6\">\n<div class=\"td_module_8 td_module_wrap\">\n<div class=\"item-details\">\n<h3 class=\"entry-title td-module-title\"><a href=\"https:\/\/r3media.ro\/tara-europa-norvegia-masini-electrice-inmatriculate-cota-ridicata\/\" rel=\"bookmark\" title=\"\u021aara din Europa unde aproape toate ma\u0219inile \u00eenmatriculate sune electrice. Cota a ajuns la 97,6% \u00een iulie\">\u021aara din Europa unde aproape toate ma\u0219inile \u00eenmatriculate sune electrice. Cota a ajuns la&#8230;<\/a><\/h3>\n<div class=\"td-module-meta-info\"><a href=\"https:\/\/r3media.ro\/category\/actualitate\/\" class=\"td-post-category\">ACTUALITATE<\/a><span class=\"td-post-author-name\"><a href=\"https:\/\/r3media.ro\/author\/oana\/\">Oana Ivan<\/a><span>&#8211;<\/span><\/span><span class=\"td-post-date\"><time class=\"entry-date updated td-module-date\" datetime=\"2026-08-03T17:01:21+03:00\">03\/08\/2026<\/time><\/span><\/div>\n<\/div>\n<\/div>\n<\/div>\n<div class=\"td-block-span6\">\n<div class=\"td_module_8 td_module_wrap\">\n<div class=\"item-details\">\n<h3 class=\"entry-title td-module-title\"><a href=\"https:\/\/r3media.ro\/puterea-mitologica-instalata-a-romaniei\/\" rel=\"bookmark\" title=\"Puterea mitologic\u0103 instalat\u0103 a Rom\u00e2niei\">Puterea mitologic\u0103 instalat\u0103 a Rom\u00e2niei<\/a><\/h3>\n<div class=\"td-module-meta-info\"><a href=\"https:\/\/r3media.ro\/category\/opinii\/\" class=\"td-post-category\">OPINII<\/a><span class=\"td-post-author-name\"><a href=\"https:\/\/r3media.ro\/author\/tru\/\">TRU (Traian Ungureanu)<\/a><span>&#8211;<\/span><\/span><span class=\"td-post-date\"><time class=\"entry-date updated td-module-date\" datetime=\"2026-08-02T22:08:04+03:00\">02\/08\/2026<\/time><\/span><\/div>\n<\/div>\n<\/div>\n<\/div>\n<\/div>\n<div class=\"td-block-row\">\n<div class=\"td-block-span6\">\n<div class=\"td_module_8 td_module_wrap\">\n<div class=\"item-details\">\n<h3 class=\"entry-title td-module-title\"><a href=\"https:\/\/r3media.ro\/hyundai-recheama-service-masini-electrice-inster-risc-incendiu\/\" rel=\"bookmark\" title=\"Hyundai recheam\u0103 \u00een service zeci de mii de ma\u0219ini electrice din cauza riscului de incendiu\">Hyundai recheam\u0103 \u00een service zeci de mii de ma\u0219ini electrice din cauza riscului de&#8230;<\/a><\/h3>\n<div class=\"td-module-meta-info\"><a href=\"https:\/\/r3media.ro\/category\/actualitate\/\" class=\"td-post-category\">ACTUALITATE<\/a><span class=\"td-post-author-name\"><a href=\"https:\/\/r3media.ro\/author\/oana\/\">Oana Ivan<\/a><span>&#8211;<\/span><\/span><span class=\"td-post-date\"><time class=\"entry-date updated td-module-date\" datetime=\"2026-08-02T08:34:05+03:00\">02\/08\/2026<\/time><\/span><\/div>\n<\/div>\n<\/div>\n<\/div>\n<div class=\"td-block-span6\">\n<div class=\"td_module_8 td_module_wrap\">\n<div class=\"item-details\">\n<h3 class=\"entry-title td-module-title\"><a href=\"https:\/\/r3media.ro\/dragostea-care-transcende-epoci-descult-in-parc-1967\/\" rel=\"bookmark\" title=\"Dragostea care transcende epoci \u2014 Descul\u021b \u00een parc (1967)\">Dragostea care transcende epoci \u2014 Descul\u021b \u00een parc (1967)<\/a><\/h3>\n<div class=\"td-module-meta-info\"><a href=\"https:\/\/r3media.ro\/category\/opinii\/\" class=\"td-post-category\">OPINII<\/a><span class=\"td-post-author-name\"><a href=\"https:\/\/r3media.ro\/author\/costi_balasoiu\/\">Constantin B\u0103l\u0103\u0219oiu<\/a><span>&#8211;<\/span><\/span><span class=\"td-post-date\"><time class=\"entry-date updated td-module-date\" datetime=\"2026-08-01T13:45:14+03:00\">01\/08\/2026<\/time><\/span><\/div>\n<\/div>\n<\/div>\n<\/div>\n<\/div>\n<\/div>\n<div class=\"td-load-more-wrap td-load-more-infinite-wrap\" id=\"infinite-lm-tdi_20\"><a href=\"https:\/\/r3media.ro\/toti-ma-stie-la-fundulea\/\" class=\"td_ajax_load_more td_ajax_load_more_js\" aria-label=\"\u00cenc\u0103rca\u021bi mai multe\" id=\"next-page-tdi_20\" data-td_block_id=\"tdi_20\">\u00cenc\u0103rca\u021bi mai multe<\/a><\/div>\n<\/div>\n<div class=\"td_block_wrap tdb_single_comments tdi_21 tdb-comm-layout2 td-pb-border-top td_block_template_1\" data-td-block-uid=\"tdi_21\">\n<div class=\"tdb-block-inner td-fix-index\">\n<div class=\"comments\" id=\"comments\">\n<div id=\"respond\" class=\"comment-respond\">\n<h3 id=\"reply-title\" class=\"comment-reply-title\">AI CEVA DE SPUS? <small><a rel=\"nofollow\" id=\"cancel-comment-reply-link\" href=\"https:\/\/r3media.ro\/toti-ma-stie-la-fundulea\/#respond\">Renun\u021ba\u021bi la r\u0103spuns<\/a><\/small><\/h3>\n<div class=\"comment-form-input-wrap td-form-comment\">\n<div class=\"td-warning-comment\">V\u0103 rug\u0103m s\u0103 introduce\u021bi comentariul dvs.!<\/div>\n<\/div>\n<div class=\"comment-form-input-wrap td-form-author\">\n<div class=\"td-warning-author\">Introduce\u021bi aici numele dvs.<\/div>\n<\/div>\n<div class=\"comment-form-input-wrap td-form-email\">\n<div class=\"td-warning-email-error\">A\u021bi introdus o adres\u0103 de e-mail incorect\u0103!<\/div>\n<div class=\"td-warning-email\">V\u0103 rug\u0103m s\u0103 introduce\u021bi adresa dvs. de e-mail aici<\/div>\n<\/div>\n<\/div>\n<\/div>\n<\/div>\n<\/div>\n<\/div>\n<\/div>\n<div class=\"vc_column tdi_23  wpb_column vc_column_container tdc-column td-pb-span4 td-is-sticky\">\n<div class=\"wpb_wrapper\" data-sticky-enabled-on=\"W3RydWUsdHJ1ZSx0cnVlLHRydWVd\" data-sticky-offset=\"20\" data-sticky-is-width-auto=\"W2ZhbHNlLGZhbHNlLGZhbHNlLGZhbHNlXQ==\">\n<div class=\"wpb_wrapper td_block_wrap vc_widget_sidebar tdi_25 \">\n<div class=\"td_block_wrap td_block_7 td_block_widget tdi_26 td-pb-border-top td_block_template_1 td-column-1 td_block_padding\" data-td-block-uid=\"tdi_26\">\n<div class=\"td-block-title-wrap\">\n<h4 class=\"block-title td-block-title\"><span class=\"td-pulldown-size\">Articole RELA\u021aIONATE<\/span><\/h4>\n<\/div>\n<div id=\"tdi_26\" class=\"td_block_inner\">\n<div class=\"td-block-span12\">\n<div class=\"td_module_6 td_module_wrap td-animation-stack\">\n<div class=\"td-module-thumb\"><a href=\"https:\/\/r3media.ro\/radu-naum-david-popovici-dialog-rus\/\" rel=\"bookmark\" class=\"td-image-wrap \" title=\"Ziaristul Radu Naum consider\u0103 c\u0103 dialogul amical dintre David Popovici \u0219i adversarul s\u0103u rus ar fi fost \u201eopera\u021biune ruseasc\u0103\u201d de manipulare\"><img loading=\"lazy\" decoding=\"async\" class=\"entry-thumb\" src=\"https:\/\/r3media.ro\/wp-content\/uploads\/2026\/08\/david-popovici-egor-kornev-100x70.webp\" alt title=\"Ziaristul Radu Naum consider\u0103 c\u0103 dialogul amical dintre David Popovici \u0219i adversarul s\u0103u rus ar fi fost \u201eopera\u021biune ruseasc\u0103\u201d de manipulare\" width=\"100\" height=\"70\"><\/a><\/div>\n<div class=\"item-details\">\n<h3 class=\"entry-title td-module-title\"><a href=\"https:\/\/r3media.ro\/radu-naum-david-popovici-dialog-rus\/\" rel=\"bookmark\" title=\"Ziaristul Radu Naum consider\u0103 c\u0103 dialogul amical dintre David Popovici \u0219i adversarul s\u0103u rus ar fi fost \u201eopera\u021biune ruseasc\u0103\u201d de manipulare\">Ziaristul Radu Naum consider\u0103 c\u0103 dialogul amical dintre David Popovici \u0219i&#8230;<\/a><\/h3>\n<div class=\"td-module-meta-info\"><span class=\"td-post-date\"><time class=\"entry-date updated td-module-date\" datetime=\"2026-08-13T14:24:30+03:00\">13\/08\/2026<\/time><\/span><\/div>\n<\/div>\n<\/div>\n<\/div>\n<div class=\"td-block-span12\">\n<div class=\"td_module_6 td_module_wrap td-animation-stack\">\n<div class=\"td-module-thumb\"><a href=\"https:\/\/r3media.ro\/sri-in-scoli-expert-scuza-monitorizare-radicalizare\/\" rel=\"bookmark\" class=\"td-image-wrap \" title=\"SRI \u00een \u0219coli. Expert: SRI \u0219i \u201eb\u0103e\u021bii\u201d vor folosi aceast\u0103 scuz\u0103 c\u0103 \u201emonitorizeaz\u0103 radicalizarea\u201d ca s\u0103 vin\u0103 dup\u0103 oricine bate la ochi\"><img loading=\"lazy\" decoding=\"async\" class=\"entry-thumb\" src=\"https:\/\/r3media.ro\/wp-content\/uploads\/2026\/02\/supraveghere-mai-spatiu-online-100x70.jpg\" alt title=\"SRI \u00een \u0219coli. Expert: SRI \u0219i \u201eb\u0103e\u021bii\u201d vor folosi aceast\u0103 scuz\u0103 c\u0103 \u201emonitorizeaz\u0103 radicalizarea\u201d ca s\u0103 vin\u0103 dup\u0103 oricine bate la ochi\" width=\"100\" height=\"70\"><\/a><\/div>\n<div class=\"item-details\">\n<h3 class=\"entry-title td-module-title\"><a href=\"https:\/\/r3media.ro\/sri-in-scoli-expert-scuza-monitorizare-radicalizare\/\" rel=\"bookmark\" title=\"SRI \u00een \u0219coli. Expert: SRI \u0219i \u201eb\u0103e\u021bii\u201d vor folosi aceast\u0103 scuz\u0103 c\u0103 \u201emonitorizeaz\u0103 radicalizarea\u201d ca s\u0103 vin\u0103 dup\u0103 oricine bate la ochi\">SRI \u00een \u0219coli. Expert: SRI \u0219i \u201eb\u0103e\u021bii\u201d vor folosi aceast\u0103 scuz\u0103&#8230;<\/a><\/h3>\n<div class=\"td-module-meta-info\"><span class=\"td-post-date\"><time class=\"entry-date updated td-module-date\" datetime=\"2026-08-13T11:20:33+03:00\">13\/08\/2026<\/time><\/span><\/div>\n<\/div>\n<\/div>\n<\/div>\n<div class=\"td-block-span12\">\n<div class=\"td_module_6 td_module_wrap td-animation-stack\">\n<div class=\"td-module-thumb\"><a href=\"https:\/\/r3media.ro\/patriarhul-daniel-duminica-romanilor-migranti-rugaciune-pentru-familiile-despartite\/\" rel=\"bookmark\" class=\"td-image-wrap \" title=\"Patriarhul Daniel, mesaj la Duminica rom\u00e2nilor migran\u021bi: Rug\u0103ciune pentru familiile desp\u0103r\u021bite de distan\u021be\"><img loading=\"lazy\" decoding=\"async\" class=\"entry-thumb\" src=\"https:\/\/r3media.ro\/wp-content\/uploads\/2020\/09\/scrisoare-catre-patriarhul-daniel-100x70.jpg\" alt title=\"Patriarhul Daniel, mesaj la Duminica rom\u00e2nilor migran\u021bi: Rug\u0103ciune pentru familiile desp\u0103r\u021bite de distan\u021be\" width=\"100\" height=\"70\"><\/a><\/div>\n<div class=\"item-details\">\n<h3 class=\"entry-title td-module-title\"><a href=\"https:\/\/r3media.ro\/patriarhul-daniel-duminica-romanilor-migranti-rugaciune-pentru-familiile-despartite\/\" rel=\"bookmark\" title=\"Patriarhul Daniel, mesaj la Duminica rom\u00e2nilor migran\u021bi: Rug\u0103ciune pentru familiile desp\u0103r\u021bite de distan\u021be\">Patriarhul Daniel, mesaj la Duminica rom\u00e2nilor migran\u021bi: Rug\u0103ciune pentru familiile desp\u0103r\u021bite&#8230;<\/a><\/h3>\n<div class=\"td-module-meta-info\"><span class=\"td-post-date\"><time class=\"entry-date updated td-module-date\" datetime=\"2026-08-13T10:38:37+03:00\">13\/08\/2026<\/time><\/span><\/div>\n<\/div>\n<\/div>\n<\/div>\n<div class=\"td-block-span12\">\n<div class=\"td_module_6 td_module_wrap td-animation-stack\">\n<div class=\"td-module-thumb\"><a href=\"https:\/\/r3media.ro\/drona-costinesti-stabilopozi-video\/\" rel=\"bookmark\" class=\"td-image-wrap \" title=\"VIDEO | O dron\u0103 a ajuns la Costine\u0219ti la c\u00e2\u021biva metri de stabilopozi\"><img loading=\"lazy\" decoding=\"async\" class=\"entry-thumb\" src=\"https:\/\/r3media.ro\/wp-content\/uploads\/2026\/07\/plaja-goala-100x70.png\" alt title=\"VIDEO | O dron\u0103 a ajuns la Costine\u0219ti la c\u00e2\u021biva metri de stabilopozi\" width=\"100\" height=\"70\"><\/a><\/div>\n<div class=\"item-details\">\n<h3 class=\"entry-title td-module-title\"><a href=\"https:\/\/r3media.ro\/drona-costinesti-stabilopozi-video\/\" rel=\"bookmark\" title=\"VIDEO | O dron\u0103 a ajuns la Costine\u0219ti la c\u00e2\u021biva metri de stabilopozi\">VIDEO | O dron\u0103 a ajuns la Costine\u0219ti la c\u00e2\u021biva metri&#8230;<\/a><\/h3>\n<div class=\"td-module-meta-info\"><span class=\"td-post-date\"><time class=\"entry-date updated td-module-date\" datetime=\"2026-08-13T10:38:13+03:00\">13\/08\/2026<\/time><\/span><\/div>\n<\/div>\n<\/div>\n<\/div>\n<div class=\"td-block-span12\">\n<div class=\"td_module_6 td_module_wrap td-animation-stack\">\n<div class=\"td-module-thumb\"><a href=\"https:\/\/r3media.ro\/giorgia-meloni-mette-frederiksen-bruxelles-mostenire-crestina\/\" rel=\"bookmark\" class=\"td-image-wrap \" title=\"Giorgia Meloni \u0219i Mette Frederiksen fac front comun \u00eempotriva Bruxelles-ului: Proteja\u021bi mo\u0219tenirea noastr\u0103 cre\u0219tin\u0103\"><img loading=\"lazy\" decoding=\"async\" class=\"entry-thumb\" src=\"https:\/\/r3media.ro\/wp-content\/uploads\/2026\/08\/giorgia-meloni-si-mette-friederiksen-100x70.png\" alt title=\"Giorgia Meloni \u0219i Mette Frederiksen fac front comun \u00eempotriva Bruxelles-ului: Proteja\u021bi mo\u0219tenirea noastr\u0103 cre\u0219tin\u0103\" width=\"100\" height=\"70\"><\/a><\/div>\n<div class=\"item-details\">\n<h3 class=\"entry-title td-module-title\"><a href=\"https:\/\/r3media.ro\/giorgia-meloni-mette-frederiksen-bruxelles-mostenire-crestina\/\" rel=\"bookmark\" title=\"Giorgia Meloni \u0219i Mette Frederiksen fac front comun \u00eempotriva Bruxelles-ului: Proteja\u021bi mo\u0219tenirea noastr\u0103 cre\u0219tin\u0103\">Giorgia Meloni \u0219i Mette Frederiksen fac front comun \u00eempotriva Bruxelles-ului: Proteja\u021bi&#8230;<\/a><\/h3>\n<div class=\"td-module-meta-info\"><span class=\"td-post-date\"><time class=\"entry-date updated td-module-date\" datetime=\"2026-08-13T10:18:29+03:00\">13\/08\/2026<\/time><\/span><\/div>\n<\/div>\n<\/div>\n<\/div>\n<div class=\"td-block-span12\">\n<div class=\"td_module_6 td_module_wrap td-animation-stack\">\n<div class=\"td-module-thumb\"><a href=\"https:\/\/r3media.ro\/video-david-popovici-paris-aur\/\" rel=\"bookmark\" class=\"td-image-wrap \" title=\"VIDEO | David Popovici, rege pentru a treia oar\u0103 la Paris: aur \u0219i record al competi\u021biei la 100 m liber\"><img loading=\"lazy\" decoding=\"async\" class=\"entry-thumb\" src=\"https:\/\/r3media.ro\/wp-content\/uploads\/2026\/08\/david-popovici-100x70.jpeg\" alt title=\"VIDEO | David Popovici, rege pentru a treia oar\u0103 la Paris: aur \u0219i record al competi\u021biei la 100 m liber\" width=\"100\" height=\"70\"><\/a><\/div>\n<div class=\"item-details\">\n<h3 class=\"entry-title td-module-title\"><a href=\"https:\/\/r3media.ro\/video-david-popovici-paris-aur\/\" rel=\"bookmark\" title=\"VIDEO | David Popovici, rege pentru a treia oar\u0103 la Paris: aur \u0219i record al competi\u021biei la 100 m liber\">VIDEO | David Popovici, rege pentru a treia oar\u0103 la Paris:&#8230;<\/a><\/h3>\n<div class=\"td-module-meta-info\"><span class=\"td-post-date\"><time class=\"entry-date updated td-module-date\" datetime=\"2026-08-13T09:55:15+03:00\">13\/08\/2026<\/time><\/span><\/div>\n<\/div>\n<\/div>\n<\/div>\n<div class=\"td-block-span12\">\n<div class=\"td_module_6 td_module_wrap td-animation-stack\">\n<div class=\"td-module-thumb\"><a href=\"https:\/\/r3media.ro\/blocul-national-sindical-bns-nicusor-dan-referendum-revizuirea-constitutiei\/\" rel=\"bookmark\" class=\"td-image-wrap \" title=\"Blocul Na\u021bional Sindical (BNS) \u00eei solicit\u0103 lui Nicu\u0219or Dan s\u0103 ini\u021bieze referendum na\u021bional pentru revizuirea Constitu\u021biei\"><img loading=\"lazy\" decoding=\"async\" class=\"entry-thumb\" src=\"https:\/\/r3media.ro\/wp-content\/uploads\/2025\/06\/nicusor-dan-e1781590710985-100x70.png\" alt title=\"Blocul Na\u021bional Sindical (BNS) \u00eei solicit\u0103 lui Nicu\u0219or Dan s\u0103 ini\u021bieze referendum na\u021bional pentru revizuirea Constitu\u021biei\" width=\"100\" height=\"70\"><\/a><\/div>\n<div class=\"item-details\">\n<h3 class=\"entry-title td-module-title\"><a href=\"https:\/\/r3media.ro\/blocul-national-sindical-bns-nicusor-dan-referendum-revizuirea-constitutiei\/\" rel=\"bookmark\" title=\"Blocul Na\u021bional Sindical (BNS) \u00eei solicit\u0103 lui Nicu\u0219or Dan s\u0103 ini\u021bieze referendum na\u021bional pentru revizuirea Constitu\u021biei\">Blocul Na\u021bional Sindical (BNS) \u00eei solicit\u0103 lui Nicu\u0219or Dan s\u0103 ini\u021bieze&#8230;<\/a><\/h3>\n<div class=\"td-module-meta-info\"><span class=\"td-post-date\"><time class=\"entry-date updated td-module-date\" datetime=\"2026-08-12T14:36:36+03:00\">12\/08\/2026<\/time><\/span><\/div>\n<\/div>\n<\/div>\n<\/div>\n<\/div>\n<\/div>\n<aside class=\"td_block_template_1 widget widget_recent_comments\">\n<h4 class=\"block-title\"><span>INTR\u0102 \u00ceN DISCU\u021aIE!<\/span><\/h4>\n<ul id=\"recentcomments\">\n<li class=\"recentcomments\"><span class=\"comment-author-link\">Dan C.<\/span> la <a href=\"https:\/\/r3media.ro\/trotinetele-electrice-interzise-cernauti\/#comment-40378\">Trotinetele electrice au fost interzise la Cern\u0103u\u021bi<\/a><\/li>\n<li class=\"recentcomments\"><span class=\"comment-author-link\">Nicu<\/span> la <a href=\"https:\/\/r3media.ro\/procedura-oprire-controlata-unitatea-2-reactor-nuclear-cernavoda-scufundare-barje-detonare-stanci\/#comment-40377\">Unitatea 2 de la Centrala Nuclear\u0103 Cernavod\u0103 a intrat \u00een procedura de oprire controlat\u0103. Scufundarea barjelor \u0219i detonarea st\u00e2ncilor de pe Dun\u0103re au avut efect zero<\/a><\/li>\n<li class=\"recentcomments\"><span class=\"comment-author-link\">Mihaela D\u00e2ru<\/span> la <a href=\"https:\/\/r3media.ro\/film-nou-stapanul-inelelor-corect-politic-regizor-andy-serkis-diversitate-tolkien-mitologie-nordica\/#comment-40376\">Noul film \u201eSt\u0103p\u00e2nul Inelelor\u201d nu va fi corect politic. Regizorul Andy Serkis: J.R.R. Tolkien a fost influen\u021bat de mitologia nordic\u0103. Nu vrem o distribu\u021bie de dragul de a bifa c\u0103su\u021be<\/a><\/li>\n<li class=\"recentcomments\"><span class=\"comment-author-link\">Dan<\/span> la <a href=\"https:\/\/r3media.ro\/procedura-oprire-controlata-unitatea-2-reactor-nuclear-cernavoda-scufundare-barje-detonare-stanci\/#comment-40375\">Unitatea 2 de la Centrala Nuclear\u0103 Cernavod\u0103 a intrat \u00een procedura de oprire controlat\u0103. Scufundarea barjelor \u0219i detonarea st\u00e2ncilor de pe Dun\u0103re au avut efect zero<\/a><\/li>\n<li class=\"recentcomments\"><span class=\"comment-author-link\">E.T.<\/span> la <a href=\"https:\/\/r3media.ro\/papi-si-conclavuri-traditie-si-anticlericalism-in-cinema-cei-doi-papi-si-conclavul\/#comment-40374\">Papi \u0219i conclavuri, tradi\u021bie \u0219i anticlericalism \u00een cinema: Cei doi papi \u0219i Conclavul<\/a><\/li>\n<li class=\"recentcomments\"><span class=\"comment-author-link\">Cet\u0103\u021bean<\/span> la <a href=\"https:\/\/r3media.ro\/romania-grupuri-carbune-turceni-craiova-securitate-energetica\/#comment-40373\">Rom\u00e2nia nu va \u00eenchide grupurile pe c\u0103rbune de la Turceni \u0219i Craiova la sf\u00e2r\u0219itul lunii, din cauza riscurilor la adresa securit\u0103\u021bii energetice<\/a><\/li>\n<li class=\"recentcomments\"><span class=\"comment-author-link\">Cet\u0103\u021bean<\/span> la <a href=\"https:\/\/r3media.ro\/dr-pavel-chirila-distinctie-episcopia-caransebesului\/#comment-40372\">Dr. Pavel Chiril\u0103 a fost distins cu cea mai \u00eenalt\u0103 distinc\u021bie pentru mireni a Episcopiei Caransebe\u0219ului<\/a><\/li>\n<\/ul>\n<\/aside>\n<aside class=\"td_block_template_1 widget widget_search\">\n<h4 class=\"block-title\"><span>CAUT\u0102 \u0218I VEI G\u0102SI<\/span><\/h4>\n<\/aside>\n<\/div>\n<\/div>\n<\/div>\n<\/div>\n<\/div>\n<\/div>\n<\/div>\n<p><span class=\"td-page-meta\"><\/span><span class=\"td-page-meta\"><span class=\"td-page-meta\"><\/span><\/span><span class=\"td-page-meta\"><\/span><\/article>\n<\/p>\n<div class=\"td_block_wrap tdb_single_content tdi_18 td-pb-border-top td_block_template_1 td-post-content tagdiv-type\" data-td-block-uid=\"tdi_18\">\n<div class=\"tdb-block-inner td-fix-index\">\n<p><strong>\u00cenc\u0103 una fain\u0103, sc\u0103pat\u0103 \u201epe sub u\u0219\u0103\u201d- autorit\u0103\u021bile islandeze au cerut Comisiei Europene s\u0103 nu intervin\u0103 \u00een referendumul care urmeaz\u0103 s\u0103 aib\u0103 loc \u00een \u021bar\u0103 pe 29 august. Islandezii vor fi a\u0219tepta\u021bi atunci la urne s\u0103 decid\u0103 dac\u0103 statul lor ar trebui s\u0103 continue negocierile (blocate din 2013) privind o posibil\u0103 aderare la UE.<\/strong><\/p>\n<p>F\u0103r\u0103 s\u0103 vreau, \u00eemi revine \u00een minte o fraz\u0103 de pe la teleu care surprinde pe c\u00e2t de accidental, pe at\u00e2t de splendid situa\u021bia: \u201eto\u021bi m\u0103 \u0219tie la Fundulea\u201d!<\/p>\n<p>Umor involuntar, aproape progresist, zis cu dram de seme\u021bie de un cet\u0103\u021bean oarecare al UE.<\/p>\n<p>S\u0103 ne \u00eentoarcem, \u00eens\u0103, pe \u201einsula iubirii\u201d. De UE sau de proprie \u021bar\u0103? Cam asta-i \u00eentrebarea-cheie care a f\u0103cut, doar \u00een ultimele luni, vreo \u0219apte politicieni europeni de rang \u00eenalt s\u0103 ia insula la curtat.<\/p>\n<p>Iar pe premierul Kristr\u00fan Frostad\u00f3ttir \u0219i pe ministrul de externe Katr\u00edn Gunnarsd\u00f3ttir s\u0103 afirme c\u0103 e o chestiune care trebuie decis\u0103 exclusiv de islandezi, f\u0103r\u0103 ingerin\u021be.<\/p>\n<p>UE ar trebui doar s\u0103 r\u0103spund\u0103 la \u00eentreb\u0103rile, nu pu\u021bine, ce \u00eei fr\u0103m\u00e2nt\u0103 pe islandezi, sus\u021bin cei doi oficiali.<\/p>\n<p>\u0218i aici e buba number 2.<\/p>\n<p>Pe de-o parte, avem o UE care \u00een pofida sloganurilor \u0219i a preten\u021biilor de monopol asupra europenit\u0103\u021bii, nu poate face nev\u0103zut faptul c\u0103 are diverse puncte puse prin locuri-cheie de c\u0103tre state emblematice ale \u201elumii bune\u201d: Marea Britanie, care s-a retras, Norvegia sau Elve\u021bia, care prefer\u0103 pe dinafar\u0103, sau Islanda, insula asta strategic\u0103 din nord.<\/p>\n<p>A\u0219a cum nu poate face nev\u0103zut\u0103 nici seria de imbecilit\u0103\u021bi vehiculate seme\u021b ca mostre de deschidere \u0219i fine dar hot\u0103r\u00e2te mi\u0219c\u0103ri strategice, precum inten\u021bia de integrare a unui stat aflat \u00een plin r\u0103zboi cu Rusia sau a Canadei cea de peste m\u0103ri, oceane \u0219i \u021b\u0103ri ca Islanda \u0219i Groenlanda\u2026<\/p>\n<p>\u0218i a\u0219a cum nu mai prea poate ascunde valul suveranist care str\u0103bate spa\u021biul comunitar \u0219i tot mai comunistoid, dintr-o parte \u00een alta.<\/p>\n<p>Pe c\u00e2t\u0103 nevoie are UE \u00een aceste condi\u021bii de o validare la urnele islandeze, pe at\u00e2t este, \u00eens\u0103, de tare, zidul celor trei sute (\u0219i ceva) de mii de islandezi.<\/p>\n<p>Celto-scandinavii \u0103\u0219tia cu limb\u0103 proprie au cel mai vechi parlament cu func\u021bionare continu\u0103 din lume (Althing, fondat \u00een 930), iar identitatea politic\u0103 modern\u0103 a Islandei este construit\u0103 exact pe ideea de suveranitate total\u0103 asupra propriilor resurse.<\/p>\n<p>Vor vrea pescarii islandezi s\u0103 dea din m\u00e2n\u0103 unul dintre cele mai eficiente sisteme de pescuit din lume, de exemplu?<\/p>\n<p>Dar s\u0103 \u00eempart\u0103 la liber resursele care or fi pe insul\u0103 \u0219i s\u0103 pun\u0103 cel mai vechi parlament din lume la cheremul birocra\u021biei bruxelleze? Om vedea.<\/p>\n<p>P\u00e2n\u0103 una-alta, s\u0103 recunoa\u0219tem, \u00een sf\u00e2r\u0219it, o mostr\u0103 de adev\u0103r absolut \u0219i irefutabil: \u201eto\u021bi m\u0103 \u0219tie la Fundulea\u201d!<\/p>\n<p><em>Articol ap\u0103rut ini\u021bial pe <a href=\"https:\/\/demnitatea.info\/2026\/08\/10\/toti-ma-stie-la-fundulea\/\" target=\"_blank\" rel=\"noopener\">Demnitatea<\/a>, preluat cu acordul autorului<\/em><\/p>\n<div class=\"crp_related     crp-masonry\">\n<h2>\u00ceN CONTEXT<\/h2>\n<ul>\n<li><a href=\"https:\/\/r3media.ro\/lectii-de-inapoiere\/\" class=\"crp_link post-119526\"><span class=\"crp_title\">Lec\u021bii de \u00eenapoiere<\/span><\/a><\/li>\n<li><a href=\"https:\/\/r3media.ro\/madalin-ionescu-analiza-la-sange-romania-sfarsit-era-bruxelles-control-rapoarte-jaloane-formule-fiscale\/\" class=\"crp_link post-116062\"><span class=\"crp_title\">Jurnalistul M\u0103d\u0103lin Ionescu face o analiz\u0103 la s\u00e2nge a Rom\u00e2niei: Se simte sf\u00e2r\u0219itul unei ere.\u2026<\/span><\/a><\/li>\n<li><a href=\"https:\/\/r3media.ro\/companii-aeriene-suspendare-sistemul-de-intrare-iesire-ees-al-ue\/\" class=\"crp_link post-119325\"><span class=\"crp_title\">Companiile aeriene cer s\u0103 se suspende sistemul de Intrare\/Ie\u0219ire (EES) al UE<\/span><\/a><\/li>\n<li><a href=\"https:\/\/r3media.ro\/in-numele-legii-sfirsitul\/\" class=\"crp_link post-115376\"><span class=\"crp_title\">\u00cen numele legii, sf\u00eer\u0219itul!<\/span><\/a><\/li>\n<li><a href=\"https:\/\/r3media.ro\/surse-polonia-karol-nawrocki-ordonat-eliminare-steag-uniunea-europeana-birou-prezidential\/\" class=\"crp_link post-112831\"><span class=\"crp_title\">Surse media din Polonia sus\u021bin c\u0103 pre\u0219edintele Karol Nawrocki a ordonat eliminarea steagului\u2026<\/span><\/a><\/li>\n<li><a href=\"https:\/\/r3media.ro\/paternalism-dupa-liberalism-1\/\" class=\"crp_link post-112792\"><span class=\"crp_title\">Paternalism dup\u0103 liberalism (1)<\/span><\/a><\/li>\n<li><a href=\"https:\/\/r3media.ro\/imparateasa-goala-scoasa-la-tabla-corigenta-amanata\/\" class=\"crp_link post-112360\"><span class=\"crp_title\">\u00cemp\u0103r\u0103teasa goal\u0103, scoas\u0103 la tabl\u0103. Corigen\u021ba, am\u00e2nat\u0103<\/span><\/a><\/li>\n<li><a href=\"https:\/\/r3media.ro\/europa-criza-de-petrol\/\" class=\"crp_link post-116502\"><span class=\"crp_title\">Europa ar putea intra \u00een CRIZ\u0102 de petrol<\/span><\/a><\/li>\n<\/ul>\n<\/div>\n<\/div>\n<\/div>\n<p>[analyse_source url=&#8221;https:\/\/r3media.ro\/toti-ma-stie-la-fundulea\/&#8221;]<\/p>\n","protected":false},"excerpt":{"rendered":"<p>[analyse_image type=&#8221;featured&#8221; src=&#8221;https:\/\/r3media.ro\/wp-content\/uploads\/2026\/08\/Islanda-UE.jpghttps:\/\/r3media.ro\/wp-content\/uploads\/2026\/08\/Islanda-UE.jpg&#8221;] OPINII\u201eTo\u021bi m\u0103 \u0219tie la Fundulea\u201d! OPINIIPRIM PLAN\u0218TIRI \u201eTo\u021bi m\u0103 \u0219tie la Fundulea\u201d! Cosmin \u021a\u00eent\u0103 13\/08\/2026 Sursa foto: Demnitatea \u00cenc\u0103 una fain\u0103, sc\u0103pat\u0103 \u201epe sub u\u0219\u0103\u201d- autorit\u0103\u021bile islandeze au cerut Comisiei Europene s\u0103 nu intervin\u0103 \u00een referendumul care urmeaz\u0103 s\u0103 aib\u0103 loc \u00een \u021bar\u0103 pe 29 august. Islandezii vor fi a\u0219tepta\u021bi atunci la [&hellip;]<\/p>\n","protected":false},"author":1,"featured_media":0,"comment_status":"open","ping_status":"","sticky":false,"template":"","format":"standard","meta":{"footnotes":""},"categories":[89],"tags":[226,93],"class_list":["post-2091445","post","type-post","status-publish","format-standard","hentry","category-romania","tag-crawlmanager","tag-r3media-ro"],"_links":{"self":[{"href":"https:\/\/analyse.optim.biz\/index.php?rest_route=\/wp\/v2\/posts\/2091445","targetHints":{"allow":["GET"]}}],"collection":[{"href":"https:\/\/analyse.optim.biz\/index.php?rest_route=\/wp\/v2\/posts"}],"about":[{"href":"https:\/\/analyse.optim.biz\/index.php?rest_route=\/wp\/v2\/types\/post"}],"author":[{"embeddable":true,"href":"https:\/\/analyse.optim.biz\/index.php?rest_route=\/wp\/v2\/users\/1"}],"replies":[{"embeddable":true,"href":"https:\/\/analyse.optim.biz\/index.php?rest_route=%2Fwp%2Fv2%2Fcomments&post=2091445"}],"version-history":[{"count":0,"href":"https:\/\/analyse.optim.biz\/index.php?rest_route=\/wp\/v2\/posts\/2091445\/revisions"}],"wp:attachment":[{"href":"https:\/\/analyse.optim.biz\/index.php?rest_route=%2Fwp%2Fv2%2Fmedia&parent=2091445"}],"wp:term":[{"taxonomy":"category","embeddable":true,"href":"https:\/\/analyse.optim.biz\/index.php?rest_route=%2Fwp%2Fv2%2Fcategories&post=2091445"},{"taxonomy":"post_tag","embeddable":true,"href":"https:\/\/analyse.optim.biz\/index.php?rest_route=%2Fwp%2Fv2%2Ftags&post=2091445"}],"curies":[{"name":"wp","href":"https:\/\/api.w.org\/{rel}","templated":true}]}}