{"id":2091442,"date":"2026-08-13T08:20:33","date_gmt":"2026-08-13T05:20:33","guid":{"rendered":"https:\/\/analyse.optim.biz\/?p=2091442"},"modified":"2026-08-13T08:20:33","modified_gmt":"2026-08-13T05:20:33","slug":"sri-in-scoli-expert-sri-si-baetii-vor-folosi-aceasta-scuza-ca-monitorizeaza-radicalizarea-ca-sa-vina-dupa-oricine-bate-la-ochi","status":"publish","type":"post","link":"https:\/\/analyse.optim.biz\/?p=2091442","title":{"rendered":"SRI \u00een \u0219coli. Expert: SRI \u0219i \u201eb\u0103e\u021bii\u201d vor folosi aceast\u0103 scuz\u0103 c\u0103 \u201emonitorizeaz\u0103 radicalizarea\u201d ca s\u0103 vin\u0103 dup\u0103 oricine bate la ochi"},"content":{"rendered":"<p>[analyse_image type=&#8221;featured&#8221; src=&#8221;https:\/\/r3media.ro\/wp-content\/uploads\/2026\/02\/supraveghere-mai-spatiu-online-e1770900020630.jpghttps:\/\/r3media.ro\/wp-content\/uploads\/2026\/02\/supraveghere-mai-spatiu-online-e1770900020630.jpg&#8221;]<\/p>\n<article id=\"template-id-109\" class=\"post-109 tdb_templates type-tdb_templates status-publish post\">\n<div id=\"tdi_2\" class=\"tdc-zone\">\n<div class=\"tdc_zone tdi_3  wpb_row td-pb-row\">\n<div id=\"tdi_4\" class=\"tdc-row\">\n<div class=\"vc_row tdi_5  wpb_row td-pb-row\">\n<div class=\"vc_column tdi_7  wpb_column vc_column_container tdc-column td-pb-span8\">\n<div class=\"wpb_wrapper\">\n<div class=\"td_block_wrap tdb_breadcrumbs tdi_8 td-pb-border-top td_block_template_1 tdb-breadcrumbs \" data-td-block-uid=\"tdi_8\">\n<div class=\"tdb-block-inner td-fix-index\"><span><a title=\"Vede\u021bi toate articolele \u00een EDUCA\u021aIE\" class=\"tdb-entry-crumb\" href=\"https:\/\/r3media.ro\/category\/educatie\/\">EDUCA\u021aIE<\/a><\/span><span class=\"tdb-bred-no-url-last\">SRI \u00een \u0219coli. Expert: SRI \u0219i \u201eb\u0103e\u021bii\u201d vor folosi aceast\u0103 scuz\u0103 c\u0103&#8230;<\/span><\/div>\n<\/div>\n<div class=\"td_block_wrap tdb_single_categories tdi_9 td-pb-border-top td_block_template_1 \" data-td-block-uid=\"tdi_9\">\n<div class=\"tdb-category td-fix-index\"><a class=\"tdb-entry-category\" href=\"https:\/\/r3media.ro\/category\/educatie\/\">EDUCA\u021aIE<\/a><a class=\"tdb-entry-category\" href=\"https:\/\/r3media.ro\/category\/featured\/\">FEATURED<\/a><a class=\"tdb-entry-category\" href=\"https:\/\/r3media.ro\/category\/stiri\/\">\u0218TIRI<\/a><\/div>\n<\/div>\n<div class=\"td_block_wrap tdb_title tdi_10 tdb-single-title td-pb-border-top td_block_template_1\" data-td-block-uid=\"tdi_10\">\n<div class=\"tdb-block-inner td-fix-index\">\n<h1 class=\"tdb-title-text\">SRI \u00een \u0219coli. Expert: SRI \u0219i \u201eb\u0103e\u021bii\u201d vor folosi aceast\u0103 scuz\u0103 c\u0103 \u201emonitorizeaz\u0103 radicalizarea\u201d ca s\u0103 vin\u0103 dup\u0103 oricine bate la ochi<\/h1>\n<\/div>\n<\/div>\n<div class=\"vc_row_inner tdi_12  vc_row vc_inner wpb_row td-pb-row\">\n<div class=\"vc_column_inner tdi_14  wpb_column vc_column_container tdc-inner-column td-pb-span12\">\n<div class=\"vc_column-inner\">\n<div class=\"wpb_wrapper\">\n<div class=\"td_block_wrap tdb_single_author tdi_15 td-pb-border-top td_block_template_1 tdb-post-meta\" data-td-block-uid=\"tdi_15\">\n<div class=\"tdb-block-inner td-fix-index\">\n<div class=\"tdb-author-name-wrap\"><a class=\"tdb-author-name\" href=\"https:\/\/r3media.ro\/author\/redactia\/\">Redac\u021bia<\/a><\/div>\n<\/div>\n<\/div>\n<div class=\"td_block_wrap tdb_single_date tdi_16 td-pb-border-top td_block_template_1 tdb-post-meta\" data-td-block-uid=\"tdi_16\">\n<div class=\"tdb-block-inner td-fix-index\"><time class=\"entry-date updated td-module-date\" datetime=\"2026-08-13T11:20:33+03:00\">13\/08\/2026<\/time><\/div>\n<\/div>\n<\/div>\n<\/div>\n<\/div>\n<\/div>\n<div class=\"td_block_wrap tdb_single_featured_image tdi_17 tdb-content-horiz-left td-pb-border-top td_block_template_1\" data-td-block-uid=\"tdi_17\">\n<div class=\"tdb-block-inner td-fix-index\">\n<figure><figcaption class=\"tdb-caption-text\">Image by <a href=\"https:\/\/pixabay.com\/users\/geralt-9301\/?utm_source=link-attribution&amp;utm_medium=referral&amp;utm_campaign=image&amp;utm_content=8885061\">Gerd Altmann<\/a> from <a href=\"https:\/\/pixabay.com\/\/?utm_source=link-attribution&amp;utm_medium=referral&amp;utm_campaign=image&amp;utm_content=8885061\">Pixabay<\/a><\/figcaption><\/figure>\n<\/div>\n<\/div>\n<div class=\"td_block_wrap tdb_single_content tdi_18 td-pb-border-top td_block_template_1 td-post-content tagdiv-type\" data-td-block-uid=\"tdi_18\">\n<div class=\"tdb-block-inner td-fix-index\">\n<p><strong>Serviciul Rom\u00e2n de Informa\u021bii (SRI) desf\u0103\u0219oar\u0103 un program prin care profesorii au fost instrui\u021bi s\u0103 previn\u0103 \u201eradicalizarea \u0219i a extremismul violent \u00een sistemul de \u00eenv\u0103\u021b\u0103m\u00e2nt preuniversitar\u201d, scrie<a href=\"https:\/\/snoop.ro\/sri-in-scoli-serviciul-a-instruit-profesori-din-tara-sa-identifice-si-sa-raporteze-elevi-care-ar-putea-ajunge-teroristi\/\" target=\"_blank\" rel=\"noopener\"> Snoop.<\/a><\/strong><\/p>\n<p>Numele proiectului este \u201ePrevisio: Prevenirea radicaliz\u0103rii \u0219i a extremismului violent \u00een sistemul de \u00eenv\u0103\u021b\u0103m\u00e2nt preuniversitar\u201d \u0219i a costat aproape un milion de euro.<\/p>\n<p>\u201ePe l\u00e2ng\u0103 lucr\u0103torii MAI, 1.180 de profesori, inspectori \u0219i consilieri \u0219colari din \u021bar\u0103 au participat la un curs de dou\u0103 zile \u021binut fa\u021b\u0103 \u00een fa\u021b\u0103 de exper\u021bi SRI, \u00een mai multe hoteluri din \u021bar\u0103. Au avut apoi de f\u0103cut exerci\u021bii pe o platform\u0103 dedicat\u0103 proiectului.<\/p>\n<p>Majoritatea cursan\u021bilor sunt din urban \u0219i lucreaz\u0103 \u00een licee, conform inspectoratelor. Dar, \u00een proiect, au fost implicate \u0219i dou\u0103 gr\u0103dini\u021be din Ia\u0219i\u201d, precizeaz\u0103 sursa citat\u0103.<\/p>\n<h2><strong>Prevenire sau control?<\/strong><\/h2>\n<p>Proiectul pare s\u0103 se inspire dup\u0103 un model britanic, \u201ePrevent\u201d, care se desf\u0103\u0219oar\u0103 din 2015, \u00eencoace.<\/p>\n<p>Acolo, \u00eens\u0103, ghidul vorbe\u0219te despre sesizarea Poli\u021biei, care evalueaz\u0103 cazul, nu despre implicarea serviciilor secrete.<\/p>\n<p>Gabriel Elefteriu, expert \u00een securitate rezident \u00een Marea Britanie, a reac\u021bionat afirm\u00e2nd c\u0103 implicarea SRI \u00een \u0219coli poate duce la abuzuri \u00eempotriva celor care au alte p\u0103reri dec\u00e2t puterea.<\/p>\n<p>\u201eAbsolut terifiant, \u00eentr-o tara ca Rom\u00e2nia care e sat SRI f\u0103r\u0103 c\u0103ini \u0219i unde abuzurile grosolane ale *statului* \u00eempotriva cet\u0103\u021benilor sunt la ordinea zilei.<\/p>\n<p>Iar compara\u021bia cu programul Prevent din UK este stupida (nu exista compara\u021bie la nivel de amenin\u021bare de \u201cterorism\u201d Islamic \u0219i nici la nivel de diversitate etnica etc).<\/p>\n<p>Dar Prevent nu mai e de mult (dac\u0103 a fost vreodat\u0103) despre terorismul Islamic. De multi ani programul a fost reorientat c\u0103tre \u201cextrema dreapta\u201d; cazurile de \u201cradicalizare\u201d politica de \u201cdreapta\u201d monitorizate\/indexate sub Prevent sunt CU MULT mai numeroase dec\u00e2t cele de radicalizare Islamica (adev\u0103rata amenin\u021bare). Ultimile cifre, aici:<a href=\"https:\/\/www.itv.com\/news\/2026-08-06\/nearly-10000-people-referred-to-uk-anti-terror-programme-in-record-decade-high\" target=\"_blank\" rel=\"noopener\"> https:\/\/www.itv.com\/news\/2026-08-06\/nearly-10000-people-referred-to-uk-anti-terror-programme-in-record-decade-high<\/a><\/p>\n<p>Cu alte cuvinte, Prevent este un instrument politic ideologic. Tipul acesta de programe fac parte din \u00eencercarea \u201edemocra\u021biilor libere\u201d (nu?\u2026) de a folosi aparatul anti-tero (tehnic\u0103, personal, legisla\u021bie etc) \u00eempotriva disidentei ideologice \u0219i a mi\u0219c\u0103rilor anti-sistem.<\/p>\n<p>E un proces pus \u00een mi\u0219care \u00een Vest de multi ani deja; e mai greu acolo, ca e puternic contestat \u0219i supravegheat de societatea civila, \u0219i acolo mai exista legi, justi\u021bie etc.<\/p>\n<p>In Rom\u00e2nia introducerea acestui program va fi un dezastru pentru ce a mai r\u0103mas din impresia de drepturi \u0219i libert\u0103\u021bi civice. Pentru ca aici totul se face cu TOPORUL, iar SRI \u0219i \u201eb\u0103e\u021bii\u201d vor folosi aceasta scuza c\u0103 \u201emonitorizeaz\u0103 radicalizarea\u201d ca sa vina dup\u0103 oricine bate la ochi. Asta cu \u0219colile e doar \u00eenceputul, desigur. Programul va fi inevitabil extins, probabil foarte rapid (la timp pentru urm\u0103toarele alegeri).<\/p>\n<p>Poate acum devine si mai clar de ce, pentru \u201e\u0219eful sistemului\u201d, \u201ea avea \u0219ef [civil] la SRI nu e o chestiune a\u0219a de important\u0103\u201d.<\/p>\n<p>SRI e \u00een toate \u0219i toate sunt \u00een SRI. De la scoal\u0103\u201d, a scris Elefteriu pe<a href=\"https:\/\/www.facebook.com\/gabriel.elefteriu\/posts\/pfbid02ScCeGiieqa7StoYxBubcvQHX8LeCnHqfFpywr4tTwStSir2dac3cMT277vNK2kDol\" target=\"_blank\" rel=\"noopener\"> facebook.<\/a><\/p>\n<div class=\"crp_related     crp-masonry\">\n<h2>\u00ceN CONTEXT<\/h2>\n<ul>\n<li><a href=\"https:\/\/r3media.ro\/allen-coliban-atacuri-servicii-secrete-dorinta-sefia-sri-usr\/\" class=\"crp_link post-117805\"><span class=\"crp_title\">Allen Coliban lanseaz\u0103 atacuri la adresa serviciilor secrete. \u00cen spate ar sta dorin\u021ba USR de\u2026<\/span><\/a><\/li>\n<li><a href=\"https:\/\/r3media.ro\/zambetul-de-joi-cum-arata-astazi-scoala-va-arata-maine-tara-spiru-haret\/\" class=\"crp_link post-115322\"><span class=\"crp_title\">Z\u00e2mbetul de joi | \u201eCum arat\u0103 ast\u0103zi \u0219coala, va ar\u0103ta m\u00e2ine \u021bara\u201d \u2013 Spiru Haret<\/span><\/a><\/li>\n<li><a href=\"https:\/\/r3media.ro\/theodor-paleologu-sri-ancheta-oameni-like-ambasada-rusiei\/\" class=\"crp_link post-117758\"><span class=\"crp_title\">Theodor Paleologu vrea ca SRI s\u0103 ancheteze oamenii care au dat \u201elike\u201d post\u0103rilor Ambasadei Rusiei<\/span><\/a><\/li>\n<li><a href=\"https:\/\/r3media.ro\/adrian-papahagi-strange-din-dinti-spor-de-doctorat-taiat-servicii-surpriza-sri-primeste-mai-multi-bani-2016\/\" class=\"crp_link post-115421\"><span class=\"crp_title\">Adrian Papahagi str\u00e2nge din din\u021bi \u0219i nu se pl\u00e2nge c\u0103 i se taie sporul de doctorat la\u2026<\/span><\/a><\/li>\n<li><a href=\"https:\/\/r3media.ro\/daniel-david-submineaza-profesorii-din-nou-ministrul-educatiei-vrea-ca-elevii-sa-si-toarne-profesorii-daca-acestia-raspandesc-informatii-false\/\" class=\"crp_link post-114134\"><span class=\"crp_title\">Daniel David submineaz\u0103 profesorii, din nou. Ministrul Educa\u021biei vrea ca elevii s\u0103-\u0219i toarne\u2026<\/span><\/a><\/li>\n<li><a href=\"https:\/\/r3media.ro\/big-brother-baluta-primarie-sector-4-video-supraveghere-non-stop\/\" class=\"crp_link post-118321\"><span class=\"crp_title\">Big Brother B\u0103lu\u021b\u0103: Prim\u0103ria Sectorului 4 a instalat sute de camere video cu care\u2026<\/span><\/a><\/li>\n<li><a href=\"https:\/\/r3media.ro\/gabriel-zbarcea-nicusor-dan-sef-sri-nationalist-suveranist-ue-europa-natiunilor\/\" class=\"crp_link post-112655\"><span class=\"crp_title\">VIDEO | Gabriel Zb\u00e2rcea, omul pe care Nicu\u0219or Dan l-ar dori director la SRI: Eu sunt un\u2026<\/span><\/a><\/li>\n<li><a href=\"https:\/\/r3media.ro\/scoala-prabusita-elevi-tulcea-nicusor-dan-bani-inarmare\/\" class=\"crp_link post-116397\"><span class=\"crp_title\">Peretele unei \u0219coli din Tulcea s-a PR\u0102BU\u0218IT \u00een timpul orelor. \u00cen aceea\u0219i zi, Nicu\u0219or Dan\u2026<\/span><\/a><\/li>\n<\/ul>\n<\/div>\n<\/div>\n<\/div>\n<div class=\"td_block_wrap tdb_single_tags tdi_19 td-pb-border-top td_block_template_1\" data-td-block-uid=\"tdi_19\">\n<div class=\"tdb-block-inner td-fix-index\">\n<ul class=\"tdb-tags\">\n<li><span>SUBIECTE FIERBIN\u021aI<\/span><\/li>\n<li><a href=\"https:\/\/r3media.ro\/tag\/educatia-in-romania\/\">educatia in romania<\/a><\/li>\n<li><a href=\"https:\/\/r3media.ro\/tag\/gabriel-elefteriu\/\">gabriel elefteriu<\/a><\/li>\n<li><a href=\"https:\/\/r3media.ro\/tag\/scoala-romaneasca\/\">\u0219coala rom\u00e2neasc\u0103<\/a><\/li>\n<li><a href=\"https:\/\/r3media.ro\/tag\/serviciul-roman-de-informatii-sri\/\">serviciul roman de informatii (SRI)<\/a><\/li>\n<li><a href=\"https:\/\/r3media.ro\/tag\/supravegherea-populatiei\/\">supravegherea populatiei<\/a><\/li>\n<\/ul>\n<\/div>\n<\/div>\n<div class=\"td_block_wrap td_block_9 tdi_20 td_with_ajax_pagination td-pb-border-top td_block_template_1 td-column-2 td_block_padding td_block_bot_line\" data-td-block-uid=\"tdi_20\">\n<div class=\"td-block-title-wrap\">\n<h4 class=\"block-title td-block-title\"><span class=\"td-pulldown-size\">CITE\u0218TE MAI MULT<\/span><\/h4>\n<\/div>\n<div id=\"tdi_20\" class=\"td_block_inner\">\n<div class=\"td-block-row\">\n<div class=\"td-block-span6\">\n<div class=\"td_module_8 td_module_wrap\">\n<div class=\"item-details\">\n<h3 class=\"entry-title td-module-title\"><a href=\"https:\/\/r3media.ro\/presedintele-serbiei-razboiul-din-ucraina\/\" rel=\"bookmark\" title=\"Pre\u0219edintele Serbiei nu crede c\u0103 r\u0103zboiul din Ucraina se termin\u0103 cur\u00e2nd: Cred c\u0103 ne afl\u0103m la \u00eenceputul unui r\u0103zboi mult, mult mai mare\">Pre\u0219edintele Serbiei nu crede c\u0103 r\u0103zboiul din Ucraina se termin\u0103 cur\u00e2nd: Cred c\u0103 ne&#8230;<\/a><\/h3>\n<div class=\"td-module-meta-info\"><a href=\"https:\/\/r3media.ro\/category\/actualitate\/\" class=\"td-post-category\">ACTUALITATE<\/a><span class=\"td-post-author-name\"><a href=\"https:\/\/r3media.ro\/author\/teodor_stan\/\">Teodor Stan<\/a><span>&#8211;<\/span><\/span><span class=\"td-post-date\"><time class=\"entry-date updated td-module-date\" datetime=\"2026-08-10T12:22:44+03:00\">10\/08\/2026<\/time><\/span><\/div>\n<\/div>\n<\/div>\n<\/div>\n<div class=\"td-block-span6\">\n<div class=\"td_module_8 td_module_wrap\">\n<div class=\"item-details\">\n<h3 class=\"entry-title td-module-title\"><a href=\"https:\/\/r3media.ro\/fara-apa-fara-curent-fara-viitor-cum-au-sacrificat-pro-europenii-romania-pe-altarul-ecologiei-ieftine\/\" rel=\"bookmark\" title=\"F\u0103r\u0103 ap\u0103, f\u0103r\u0103 curent, f\u0103r\u0103 viitor: cum au sacrificat pro-europenii Rom\u00e2nia pe altarul ecologiei ieftine\">F\u0103r\u0103 ap\u0103, f\u0103r\u0103 curent, f\u0103r\u0103 viitor: cum au sacrificat pro-europenii Rom\u00e2nia pe altarul ecologiei&#8230;<\/a><\/h3>\n<div class=\"td-module-meta-info\"><a href=\"https:\/\/r3media.ro\/category\/actualitate\/\" class=\"td-post-category\">ACTUALITATE<\/a><span class=\"td-post-author-name\"><a href=\"https:\/\/r3media.ro\/author\/paul_lazar\/\">Paul-Daniel Laz\u0103r<\/a><span>&#8211;<\/span><\/span><span class=\"td-post-date\"><time class=\"entry-date updated td-module-date\" datetime=\"2026-08-08T22:30:54+03:00\">08\/08\/2026<\/time><\/span><\/div>\n<\/div>\n<\/div>\n<\/div>\n<\/div>\n<div class=\"td-block-row\">\n<div class=\"td-block-span6\">\n<div class=\"td_module_8 td_module_wrap\">\n<div class=\"item-details\">\n<h3 class=\"entry-title td-module-title\"><a href=\"https:\/\/r3media.ro\/show-iluzie-si-realitate-de-la-the-truman-show-la-son-of-a-rich\/\" rel=\"bookmark\" title=\"Show, iluzie \u0219i realitate: de la The Truman Show la Son of a Rich\">Show, iluzie \u0219i realitate: de la The Truman Show la Son of a Rich<\/a><\/h3>\n<div class=\"td-module-meta-info\"><a href=\"https:\/\/r3media.ro\/category\/actualitate\/\" class=\"td-post-category\">ACTUALITATE<\/a><span class=\"td-post-author-name\"><a href=\"https:\/\/r3media.ro\/author\/costi_balasoiu\/\">Constantin B\u0103l\u0103\u0219oiu<\/a><span>&#8211;<\/span><\/span><span class=\"td-post-date\"><time class=\"entry-date updated td-module-date\" datetime=\"2026-08-08T15:30:25+03:00\">08\/08\/2026<\/time><\/span><\/div>\n<\/div>\n<\/div>\n<\/div>\n<div class=\"td-block-span6\">\n<div class=\"td_module_8 td_module_wrap\">\n<div class=\"item-details\">\n<h3 class=\"entry-title td-module-title\"><a href=\"https:\/\/r3media.ro\/fani-stapanul-inelelor-surpriza-sezonul-3-sauron\/\" rel=\"bookmark\" title=\"Fanii \u201eSt\u0103p\u00e2nul Inelelor\u201c ar putea avea o surpriz\u0103 \u00een sezonul 3 din serialul \u201eInelele Puterii\u201c. Sauron se va confrunta cu o creatur\u0103 de temut\">Fanii \u201eSt\u0103p\u00e2nul Inelelor\u201c ar putea avea o surpriz\u0103 \u00een sezonul 3 din serialul \u201eInelele&#8230;<\/a><\/h3>\n<div class=\"td-module-meta-info\"><a href=\"https:\/\/r3media.ro\/category\/actualitate\/\" class=\"td-post-category\">ACTUALITATE<\/a><span class=\"td-post-author-name\"><a href=\"https:\/\/r3media.ro\/author\/oana\/\">Oana Ivan<\/a><span>&#8211;<\/span><\/span><span class=\"td-post-date\"><time class=\"entry-date updated td-module-date\" datetime=\"2026-08-08T00:19:31+03:00\">08\/08\/2026<\/time><\/span><\/div>\n<\/div>\n<\/div>\n<\/div>\n<\/div>\n<div class=\"td-block-row\">\n<div class=\"td-block-span6\">\n<div class=\"td_module_8 td_module_wrap\">\n<div class=\"item-details\">\n<h3 class=\"entry-title td-module-title\"><a href=\"https:\/\/r3media.ro\/david-popovici-fair-play-sportivi-rusi-competitii\/\" rel=\"bookmark\" title=\"David Popovici, fair-play la revenirea sportivilor ru\u0219i \u00een competi\u021bii: Le urez succes, sper s\u0103 fiu mai bun dec\u00e2t ei\">David Popovici, fair-play la revenirea sportivilor ru\u0219i \u00een competi\u021bii: Le urez succes, sper s\u0103&#8230;<\/a><\/h3>\n<div class=\"td-module-meta-info\"><a href=\"https:\/\/r3media.ro\/category\/actualitate\/\" class=\"td-post-category\">ACTUALITATE<\/a><span class=\"td-post-author-name\"><a href=\"https:\/\/r3media.ro\/author\/redactia\/\">Redac\u021bia<\/a><span>&#8211;<\/span><\/span><span class=\"td-post-date\"><time class=\"entry-date updated td-module-date\" datetime=\"2026-08-07T15:07:51+03:00\">07\/08\/2026<\/time><\/span><\/div>\n<\/div>\n<\/div>\n<\/div>\n<div class=\"td-block-span6\">\n<div class=\"td_module_8 td_module_wrap\">\n<div class=\"item-details\">\n<h3 class=\"entry-title td-module-title\"><a href=\"https:\/\/r3media.ro\/kia-recheama-service-prima-generatie-masini-electrice-e-niro-risc-incendiu\/\" rel=\"bookmark\" title=\"Kia recheam\u0103 \u00een service prima genera\u021bie de ma\u0219ini electrice e-Niro din cauza riscului de incendiu\">Kia recheam\u0103 \u00een service prima genera\u021bie de ma\u0219ini electrice e-Niro din cauza riscului de&#8230;<\/a><\/h3>\n<div class=\"td-module-meta-info\"><a href=\"https:\/\/r3media.ro\/category\/actualitate\/\" class=\"td-post-category\">ACTUALITATE<\/a><span class=\"td-post-author-name\"><a href=\"https:\/\/r3media.ro\/author\/oana\/\">Oana Ivan<\/a><span>&#8211;<\/span><\/span><span class=\"td-post-date\"><time class=\"entry-date updated td-module-date\" datetime=\"2026-08-06T17:07:42+03:00\">06\/08\/2026<\/time><\/span><\/div>\n<\/div>\n<\/div>\n<\/div>\n<\/div>\n<div class=\"td-block-row\">\n<div class=\"td-block-span6\">\n<div class=\"td_module_8 td_module_wrap\">\n<div class=\"item-details\">\n<h3 class=\"entry-title td-module-title\"><a href=\"https:\/\/r3media.ro\/drona-gasita-mare-mamaia-zona-loft-video\/\" rel=\"bookmark\" title=\"VIDEO | O dron\u0103 a fost g\u0103sit\u0103 \u00een mare, \u00een Mamaia, \u00een zona Loft\">VIDEO | O dron\u0103 a fost g\u0103sit\u0103 \u00een mare, \u00een Mamaia, \u00een zona Loft<\/a><\/h3>\n<div class=\"td-module-meta-info\"><a href=\"https:\/\/r3media.ro\/category\/actualitate\/\" class=\"td-post-category\">ACTUALITATE<\/a><span class=\"td-post-author-name\"><a href=\"https:\/\/r3media.ro\/author\/oana\/\">Oana Ivan<\/a><span>&#8211;<\/span><\/span><span class=\"td-post-date\"><time class=\"entry-date updated td-module-date\" datetime=\"2026-08-05T21:48:11+03:00\">05\/08\/2026<\/time><\/span><\/div>\n<\/div>\n<\/div>\n<\/div>\n<div class=\"td-block-span6\">\n<div class=\"td_module_8 td_module_wrap\">\n<div class=\"item-details\">\n<h3 class=\"entry-title td-module-title\"><a href=\"https:\/\/r3media.ro\/cand-incepe-scoala-in-2026-structura-an-nou-scolar\/\" rel=\"bookmark\" title=\"C\u00e2nd \u00eencepe \u0219coala \u00een 2026: Structura noului an \u0219colar, vacan\u021bele \u0219i zilele libere\">C\u00e2nd \u00eencepe \u0219coala \u00een 2026: Structura noului an \u0219colar, vacan\u021bele \u0219i zilele libere<\/a><\/h3>\n<div class=\"td-module-meta-info\"><a href=\"https:\/\/r3media.ro\/category\/actualitate\/\" class=\"td-post-category\">ACTUALITATE<\/a><span class=\"td-post-author-name\"><a href=\"https:\/\/r3media.ro\/author\/oana\/\">Oana Ivan<\/a><span>&#8211;<\/span><\/span><span class=\"td-post-date\"><time class=\"entry-date updated td-module-date\" datetime=\"2026-08-03T22:23:20+03:00\">03\/08\/2026<\/time><\/span><\/div>\n<\/div>\n<\/div>\n<\/div>\n<\/div>\n<div class=\"td-block-row\">\n<div class=\"td-block-span6\">\n<div class=\"td_module_8 td_module_wrap\">\n<div class=\"item-details\">\n<h3 class=\"entry-title td-module-title\"><a href=\"https:\/\/r3media.ro\/tara-europa-norvegia-masini-electrice-inmatriculate-cota-ridicata\/\" rel=\"bookmark\" title=\"\u021aara din Europa unde aproape toate ma\u0219inile \u00eenmatriculate sune electrice. Cota a ajuns la 97,6% \u00een iulie\">\u021aara din Europa unde aproape toate ma\u0219inile \u00eenmatriculate sune electrice. Cota a ajuns la&#8230;<\/a><\/h3>\n<div class=\"td-module-meta-info\"><a href=\"https:\/\/r3media.ro\/category\/actualitate\/\" class=\"td-post-category\">ACTUALITATE<\/a><span class=\"td-post-author-name\"><a href=\"https:\/\/r3media.ro\/author\/oana\/\">Oana Ivan<\/a><span>&#8211;<\/span><\/span><span class=\"td-post-date\"><time class=\"entry-date updated td-module-date\" datetime=\"2026-08-03T17:01:21+03:00\">03\/08\/2026<\/time><\/span><\/div>\n<\/div>\n<\/div>\n<\/div>\n<div class=\"td-block-span6\">\n<div class=\"td_module_8 td_module_wrap\">\n<div class=\"item-details\">\n<h3 class=\"entry-title td-module-title\"><a href=\"https:\/\/r3media.ro\/puterea-mitologica-instalata-a-romaniei\/\" rel=\"bookmark\" title=\"Puterea mitologic\u0103 instalat\u0103 a Rom\u00e2niei\">Puterea mitologic\u0103 instalat\u0103 a Rom\u00e2niei<\/a><\/h3>\n<div class=\"td-module-meta-info\"><a href=\"https:\/\/r3media.ro\/category\/opinii\/\" class=\"td-post-category\">OPINII<\/a><span class=\"td-post-author-name\"><a href=\"https:\/\/r3media.ro\/author\/tru\/\">TRU (Traian Ungureanu)<\/a><span>&#8211;<\/span><\/span><span class=\"td-post-date\"><time class=\"entry-date updated td-module-date\" datetime=\"2026-08-02T22:08:04+03:00\">02\/08\/2026<\/time><\/span><\/div>\n<\/div>\n<\/div>\n<\/div>\n<\/div>\n<div class=\"td-block-row\">\n<div class=\"td-block-span6\">\n<div class=\"td_module_8 td_module_wrap\">\n<div class=\"item-details\">\n<h3 class=\"entry-title td-module-title\"><a href=\"https:\/\/r3media.ro\/hyundai-recheama-service-masini-electrice-inster-risc-incendiu\/\" rel=\"bookmark\" title=\"Hyundai recheam\u0103 \u00een service zeci de mii de ma\u0219ini electrice din cauza riscului de incendiu\">Hyundai recheam\u0103 \u00een service zeci de mii de ma\u0219ini electrice din cauza riscului de&#8230;<\/a><\/h3>\n<div class=\"td-module-meta-info\"><a href=\"https:\/\/r3media.ro\/category\/actualitate\/\" class=\"td-post-category\">ACTUALITATE<\/a><span class=\"td-post-author-name\"><a href=\"https:\/\/r3media.ro\/author\/oana\/\">Oana Ivan<\/a><span>&#8211;<\/span><\/span><span class=\"td-post-date\"><time class=\"entry-date updated td-module-date\" datetime=\"2026-08-02T08:34:05+03:00\">02\/08\/2026<\/time><\/span><\/div>\n<\/div>\n<\/div>\n<\/div>\n<div class=\"td-block-span6\">\n<div class=\"td_module_8 td_module_wrap\">\n<div class=\"item-details\">\n<h3 class=\"entry-title td-module-title\"><a href=\"https:\/\/r3media.ro\/dragostea-care-transcende-epoci-descult-in-parc-1967\/\" rel=\"bookmark\" title=\"Dragostea care transcende epoci \u2014 Descul\u021b \u00een parc (1967)\">Dragostea care transcende epoci \u2014 Descul\u021b \u00een parc (1967)<\/a><\/h3>\n<div class=\"td-module-meta-info\"><a href=\"https:\/\/r3media.ro\/category\/opinii\/\" class=\"td-post-category\">OPINII<\/a><span class=\"td-post-author-name\"><a href=\"https:\/\/r3media.ro\/author\/costi_balasoiu\/\">Constantin B\u0103l\u0103\u0219oiu<\/a><span>&#8211;<\/span><\/span><span class=\"td-post-date\"><time class=\"entry-date updated td-module-date\" datetime=\"2026-08-01T13:45:14+03:00\">01\/08\/2026<\/time><\/span><\/div>\n<\/div>\n<\/div>\n<\/div>\n<\/div>\n<\/div>\n<div class=\"td-load-more-wrap td-load-more-infinite-wrap\" id=\"infinite-lm-tdi_20\"><a href=\"https:\/\/r3media.ro\/sri-in-scoli-expert-scuza-monitorizare-radicalizare\/\" class=\"td_ajax_load_more td_ajax_load_more_js\" aria-label=\"\u00cenc\u0103rca\u021bi mai multe\" id=\"next-page-tdi_20\" data-td_block_id=\"tdi_20\">\u00cenc\u0103rca\u021bi mai multe<\/a><\/div>\n<\/div>\n<div class=\"td_block_wrap tdb_single_comments tdi_21 tdb-comm-layout2 td-pb-border-top td_block_template_1\" data-td-block-uid=\"tdi_21\">\n<div class=\"tdb-block-inner td-fix-index\">\n<div class=\"comments\" id=\"comments\">\n<div id=\"respond\" class=\"comment-respond\">\n<h3 id=\"reply-title\" class=\"comment-reply-title\">AI CEVA DE SPUS? <small><a rel=\"nofollow\" id=\"cancel-comment-reply-link\" href=\"https:\/\/r3media.ro\/sri-in-scoli-expert-scuza-monitorizare-radicalizare\/#respond\">Renun\u021ba\u021bi la r\u0103spuns<\/a><\/small><\/h3>\n<div class=\"comment-form-input-wrap td-form-comment\">\n<div class=\"td-warning-comment\">V\u0103 rug\u0103m s\u0103 introduce\u021bi comentariul dvs.!<\/div>\n<\/div>\n<div class=\"comment-form-input-wrap td-form-author\">\n<div class=\"td-warning-author\">Introduce\u021bi aici numele dvs.<\/div>\n<\/div>\n<div class=\"comment-form-input-wrap td-form-email\">\n<div class=\"td-warning-email-error\">A\u021bi introdus o adres\u0103 de e-mail incorect\u0103!<\/div>\n<div class=\"td-warning-email\">V\u0103 rug\u0103m s\u0103 introduce\u021bi adresa dvs. de e-mail aici<\/div>\n<\/div>\n<\/div>\n<\/div>\n<\/div>\n<\/div>\n<\/div>\n<\/div>\n<div class=\"vc_column tdi_23  wpb_column vc_column_container tdc-column td-pb-span4 td-is-sticky\">\n<div class=\"wpb_wrapper\" data-sticky-enabled-on=\"W3RydWUsdHJ1ZSx0cnVlLHRydWVd\" data-sticky-offset=\"20\" data-sticky-is-width-auto=\"W2ZhbHNlLGZhbHNlLGZhbHNlLGZhbHNlXQ==\">\n<div class=\"wpb_wrapper td_block_wrap vc_widget_sidebar tdi_25 \">\n<div class=\"td_block_wrap td_block_7 td_block_widget tdi_26 td-pb-border-top td_block_template_1 td-column-1 td_block_padding\" data-td-block-uid=\"tdi_26\">\n<div class=\"td-block-title-wrap\">\n<h4 class=\"block-title td-block-title\"><span class=\"td-pulldown-size\">Articole RELA\u021aIONATE<\/span><\/h4>\n<\/div>\n<div id=\"tdi_26\" class=\"td_block_inner\">\n<div class=\"td-block-span12\">\n<div class=\"td_module_6 td_module_wrap td-animation-stack\">\n<div class=\"td-module-thumb\"><a href=\"https:\/\/r3media.ro\/radu-naum-david-popovici-dialog-rus\/\" rel=\"bookmark\" class=\"td-image-wrap \" title=\"Ziaristul Radu Naum consider\u0103 c\u0103 dialogul amical dintre David Popovici \u0219i adversarul s\u0103u rus ar fi fost \u201eopera\u021biune ruseasc\u0103\u201d de manipulare\"><img loading=\"lazy\" decoding=\"async\" class=\"entry-thumb\" src=\"https:\/\/r3media.ro\/wp-content\/uploads\/2026\/08\/david-popovici-egor-kornev-100x70.webp\" alt title=\"Ziaristul Radu Naum consider\u0103 c\u0103 dialogul amical dintre David Popovici \u0219i adversarul s\u0103u rus ar fi fost \u201eopera\u021biune ruseasc\u0103\u201d de manipulare\" width=\"100\" height=\"70\"><\/a><\/div>\n<div class=\"item-details\">\n<h3 class=\"entry-title td-module-title\"><a href=\"https:\/\/r3media.ro\/radu-naum-david-popovici-dialog-rus\/\" rel=\"bookmark\" title=\"Ziaristul Radu Naum consider\u0103 c\u0103 dialogul amical dintre David Popovici \u0219i adversarul s\u0103u rus ar fi fost \u201eopera\u021biune ruseasc\u0103\u201d de manipulare\">Ziaristul Radu Naum consider\u0103 c\u0103 dialogul amical dintre David Popovici \u0219i&#8230;<\/a><\/h3>\n<div class=\"td-module-meta-info\"><span class=\"td-post-date\"><time class=\"entry-date updated td-module-date\" datetime=\"2026-08-13T14:24:30+03:00\">13\/08\/2026<\/time><\/span><\/div>\n<\/div>\n<\/div>\n<\/div>\n<div class=\"td-block-span12\">\n<div class=\"td_module_6 td_module_wrap td-animation-stack\">\n<div class=\"td-module-thumb\"><a href=\"https:\/\/r3media.ro\/toti-ma-stie-la-fundulea\/\" rel=\"bookmark\" class=\"td-image-wrap \" title=\"\u201eTo\u021bi m\u0103 \u0219tie la Fundulea\u201d!\"><img loading=\"lazy\" decoding=\"async\" class=\"entry-thumb\" src=\"https:\/\/r3media.ro\/wp-content\/uploads\/2026\/08\/Islanda-UE-100x70.jpg\" alt title=\"\u201eTo\u021bi m\u0103 \u0219tie la Fundulea\u201d!\" width=\"100\" height=\"70\"><\/a><\/div>\n<div class=\"item-details\">\n<h3 class=\"entry-title td-module-title\"><a href=\"https:\/\/r3media.ro\/toti-ma-stie-la-fundulea\/\" rel=\"bookmark\" title=\"\u201eTo\u021bi m\u0103 \u0219tie la Fundulea\u201d!\">\u201eTo\u021bi m\u0103 \u0219tie la Fundulea\u201d!<\/a><\/h3>\n<div class=\"td-module-meta-info\"><span class=\"td-post-date\"><time class=\"entry-date updated td-module-date\" datetime=\"2026-08-13T11:27:34+03:00\">13\/08\/2026<\/time><\/span><\/div>\n<\/div>\n<\/div>\n<\/div>\n<div class=\"td-block-span12\">\n<div class=\"td_module_6 td_module_wrap td-animation-stack\">\n<div class=\"td-module-thumb\"><a href=\"https:\/\/r3media.ro\/patriarhul-daniel-duminica-romanilor-migranti-rugaciune-pentru-familiile-despartite\/\" rel=\"bookmark\" class=\"td-image-wrap \" title=\"Patriarhul Daniel, mesaj la Duminica rom\u00e2nilor migran\u021bi: Rug\u0103ciune pentru familiile desp\u0103r\u021bite de distan\u021be\"><img loading=\"lazy\" decoding=\"async\" class=\"entry-thumb\" src=\"https:\/\/r3media.ro\/wp-content\/uploads\/2020\/09\/scrisoare-catre-patriarhul-daniel-100x70.jpg\" alt title=\"Patriarhul Daniel, mesaj la Duminica rom\u00e2nilor migran\u021bi: Rug\u0103ciune pentru familiile desp\u0103r\u021bite de distan\u021be\" width=\"100\" height=\"70\"><\/a><\/div>\n<div class=\"item-details\">\n<h3 class=\"entry-title td-module-title\"><a href=\"https:\/\/r3media.ro\/patriarhul-daniel-duminica-romanilor-migranti-rugaciune-pentru-familiile-despartite\/\" rel=\"bookmark\" title=\"Patriarhul Daniel, mesaj la Duminica rom\u00e2nilor migran\u021bi: Rug\u0103ciune pentru familiile desp\u0103r\u021bite de distan\u021be\">Patriarhul Daniel, mesaj la Duminica rom\u00e2nilor migran\u021bi: Rug\u0103ciune pentru familiile desp\u0103r\u021bite&#8230;<\/a><\/h3>\n<div class=\"td-module-meta-info\"><span class=\"td-post-date\"><time class=\"entry-date updated td-module-date\" datetime=\"2026-08-13T10:38:37+03:00\">13\/08\/2026<\/time><\/span><\/div>\n<\/div>\n<\/div>\n<\/div>\n<div class=\"td-block-span12\">\n<div class=\"td_module_6 td_module_wrap td-animation-stack\">\n<div class=\"td-module-thumb\"><a href=\"https:\/\/r3media.ro\/drona-costinesti-stabilopozi-video\/\" rel=\"bookmark\" class=\"td-image-wrap \" title=\"VIDEO | O dron\u0103 a ajuns la Costine\u0219ti la c\u00e2\u021biva metri de stabilopozi\"><img loading=\"lazy\" decoding=\"async\" class=\"entry-thumb\" src=\"https:\/\/r3media.ro\/wp-content\/uploads\/2026\/07\/plaja-goala-100x70.png\" alt title=\"VIDEO | O dron\u0103 a ajuns la Costine\u0219ti la c\u00e2\u021biva metri de stabilopozi\" width=\"100\" height=\"70\"><\/a><\/div>\n<div class=\"item-details\">\n<h3 class=\"entry-title td-module-title\"><a href=\"https:\/\/r3media.ro\/drona-costinesti-stabilopozi-video\/\" rel=\"bookmark\" title=\"VIDEO | O dron\u0103 a ajuns la Costine\u0219ti la c\u00e2\u021biva metri de stabilopozi\">VIDEO | O dron\u0103 a ajuns la Costine\u0219ti la c\u00e2\u021biva metri&#8230;<\/a><\/h3>\n<div class=\"td-module-meta-info\"><span class=\"td-post-date\"><time class=\"entry-date updated td-module-date\" datetime=\"2026-08-13T10:38:13+03:00\">13\/08\/2026<\/time><\/span><\/div>\n<\/div>\n<\/div>\n<\/div>\n<div class=\"td-block-span12\">\n<div class=\"td_module_6 td_module_wrap td-animation-stack\">\n<div class=\"td-module-thumb\"><a href=\"https:\/\/r3media.ro\/giorgia-meloni-mette-frederiksen-bruxelles-mostenire-crestina\/\" rel=\"bookmark\" class=\"td-image-wrap \" title=\"Giorgia Meloni \u0219i Mette Frederiksen fac front comun \u00eempotriva Bruxelles-ului: Proteja\u021bi mo\u0219tenirea noastr\u0103 cre\u0219tin\u0103\"><img loading=\"lazy\" decoding=\"async\" class=\"entry-thumb\" src=\"https:\/\/r3media.ro\/wp-content\/uploads\/2026\/08\/giorgia-meloni-si-mette-friederiksen-100x70.png\" alt title=\"Giorgia Meloni \u0219i Mette Frederiksen fac front comun \u00eempotriva Bruxelles-ului: Proteja\u021bi mo\u0219tenirea noastr\u0103 cre\u0219tin\u0103\" width=\"100\" height=\"70\"><\/a><\/div>\n<div class=\"item-details\">\n<h3 class=\"entry-title td-module-title\"><a href=\"https:\/\/r3media.ro\/giorgia-meloni-mette-frederiksen-bruxelles-mostenire-crestina\/\" rel=\"bookmark\" title=\"Giorgia Meloni \u0219i Mette Frederiksen fac front comun \u00eempotriva Bruxelles-ului: Proteja\u021bi mo\u0219tenirea noastr\u0103 cre\u0219tin\u0103\">Giorgia Meloni \u0219i Mette Frederiksen fac front comun \u00eempotriva Bruxelles-ului: Proteja\u021bi&#8230;<\/a><\/h3>\n<div class=\"td-module-meta-info\"><span class=\"td-post-date\"><time class=\"entry-date updated td-module-date\" datetime=\"2026-08-13T10:18:29+03:00\">13\/08\/2026<\/time><\/span><\/div>\n<\/div>\n<\/div>\n<\/div>\n<div class=\"td-block-span12\">\n<div class=\"td_module_6 td_module_wrap td-animation-stack\">\n<div class=\"td-module-thumb\"><a href=\"https:\/\/r3media.ro\/video-david-popovici-paris-aur\/\" rel=\"bookmark\" class=\"td-image-wrap \" title=\"VIDEO | David Popovici, rege pentru a treia oar\u0103 la Paris: aur \u0219i record al competi\u021biei la 100 m liber\"><img loading=\"lazy\" decoding=\"async\" class=\"entry-thumb\" src=\"https:\/\/r3media.ro\/wp-content\/uploads\/2026\/08\/david-popovici-100x70.jpeg\" alt title=\"VIDEO | David Popovici, rege pentru a treia oar\u0103 la Paris: aur \u0219i record al competi\u021biei la 100 m liber\" width=\"100\" height=\"70\"><\/a><\/div>\n<div class=\"item-details\">\n<h3 class=\"entry-title td-module-title\"><a href=\"https:\/\/r3media.ro\/video-david-popovici-paris-aur\/\" rel=\"bookmark\" title=\"VIDEO | David Popovici, rege pentru a treia oar\u0103 la Paris: aur \u0219i record al competi\u021biei la 100 m liber\">VIDEO | David Popovici, rege pentru a treia oar\u0103 la Paris:&#8230;<\/a><\/h3>\n<div class=\"td-module-meta-info\"><span class=\"td-post-date\"><time class=\"entry-date updated td-module-date\" datetime=\"2026-08-13T09:55:15+03:00\">13\/08\/2026<\/time><\/span><\/div>\n<\/div>\n<\/div>\n<\/div>\n<div class=\"td-block-span12\">\n<div class=\"td_module_6 td_module_wrap td-animation-stack\">\n<div class=\"td-module-thumb\"><a href=\"https:\/\/r3media.ro\/blocul-national-sindical-bns-nicusor-dan-referendum-revizuirea-constitutiei\/\" rel=\"bookmark\" class=\"td-image-wrap \" title=\"Blocul Na\u021bional Sindical (BNS) \u00eei solicit\u0103 lui Nicu\u0219or Dan s\u0103 ini\u021bieze referendum na\u021bional pentru revizuirea Constitu\u021biei\"><img loading=\"lazy\" decoding=\"async\" class=\"entry-thumb\" src=\"https:\/\/r3media.ro\/wp-content\/uploads\/2025\/06\/nicusor-dan-e1781590710985-100x70.png\" alt title=\"Blocul Na\u021bional Sindical (BNS) \u00eei solicit\u0103 lui Nicu\u0219or Dan s\u0103 ini\u021bieze referendum na\u021bional pentru revizuirea Constitu\u021biei\" width=\"100\" height=\"70\"><\/a><\/div>\n<div class=\"item-details\">\n<h3 class=\"entry-title td-module-title\"><a href=\"https:\/\/r3media.ro\/blocul-national-sindical-bns-nicusor-dan-referendum-revizuirea-constitutiei\/\" rel=\"bookmark\" title=\"Blocul Na\u021bional Sindical (BNS) \u00eei solicit\u0103 lui Nicu\u0219or Dan s\u0103 ini\u021bieze referendum na\u021bional pentru revizuirea Constitu\u021biei\">Blocul Na\u021bional Sindical (BNS) \u00eei solicit\u0103 lui Nicu\u0219or Dan s\u0103 ini\u021bieze&#8230;<\/a><\/h3>\n<div class=\"td-module-meta-info\"><span class=\"td-post-date\"><time class=\"entry-date updated td-module-date\" datetime=\"2026-08-12T14:36:36+03:00\">12\/08\/2026<\/time><\/span><\/div>\n<\/div>\n<\/div>\n<\/div>\n<\/div>\n<\/div>\n<aside class=\"td_block_template_1 widget widget_recent_comments\">\n<h4 class=\"block-title\"><span>INTR\u0102 \u00ceN DISCU\u021aIE!<\/span><\/h4>\n<ul id=\"recentcomments\">\n<li class=\"recentcomments\"><span class=\"comment-author-link\">Dan C.<\/span> la <a href=\"https:\/\/r3media.ro\/trotinetele-electrice-interzise-cernauti\/#comment-40378\">Trotinetele electrice au fost interzise la Cern\u0103u\u021bi<\/a><\/li>\n<li class=\"recentcomments\"><span class=\"comment-author-link\">Nicu<\/span> la <a href=\"https:\/\/r3media.ro\/procedura-oprire-controlata-unitatea-2-reactor-nuclear-cernavoda-scufundare-barje-detonare-stanci\/#comment-40377\">Unitatea 2 de la Centrala Nuclear\u0103 Cernavod\u0103 a intrat \u00een procedura de oprire controlat\u0103. Scufundarea barjelor \u0219i detonarea st\u00e2ncilor de pe Dun\u0103re au avut efect zero<\/a><\/li>\n<li class=\"recentcomments\"><span class=\"comment-author-link\">Mihaela D\u00e2ru<\/span> la <a href=\"https:\/\/r3media.ro\/film-nou-stapanul-inelelor-corect-politic-regizor-andy-serkis-diversitate-tolkien-mitologie-nordica\/#comment-40376\">Noul film \u201eSt\u0103p\u00e2nul Inelelor\u201d nu va fi corect politic. Regizorul Andy Serkis: J.R.R. Tolkien a fost influen\u021bat de mitologia nordic\u0103. Nu vrem o distribu\u021bie de dragul de a bifa c\u0103su\u021be<\/a><\/li>\n<li class=\"recentcomments\"><span class=\"comment-author-link\">Dan<\/span> la <a href=\"https:\/\/r3media.ro\/procedura-oprire-controlata-unitatea-2-reactor-nuclear-cernavoda-scufundare-barje-detonare-stanci\/#comment-40375\">Unitatea 2 de la Centrala Nuclear\u0103 Cernavod\u0103 a intrat \u00een procedura de oprire controlat\u0103. Scufundarea barjelor \u0219i detonarea st\u00e2ncilor de pe Dun\u0103re au avut efect zero<\/a><\/li>\n<li class=\"recentcomments\"><span class=\"comment-author-link\">E.T.<\/span> la <a href=\"https:\/\/r3media.ro\/papi-si-conclavuri-traditie-si-anticlericalism-in-cinema-cei-doi-papi-si-conclavul\/#comment-40374\">Papi \u0219i conclavuri, tradi\u021bie \u0219i anticlericalism \u00een cinema: Cei doi papi \u0219i Conclavul<\/a><\/li>\n<li class=\"recentcomments\"><span class=\"comment-author-link\">Cet\u0103\u021bean<\/span> la <a href=\"https:\/\/r3media.ro\/romania-grupuri-carbune-turceni-craiova-securitate-energetica\/#comment-40373\">Rom\u00e2nia nu va \u00eenchide grupurile pe c\u0103rbune de la Turceni \u0219i Craiova la sf\u00e2r\u0219itul lunii, din cauza riscurilor la adresa securit\u0103\u021bii energetice<\/a><\/li>\n<li class=\"recentcomments\"><span class=\"comment-author-link\">Cet\u0103\u021bean<\/span> la <a href=\"https:\/\/r3media.ro\/dr-pavel-chirila-distinctie-episcopia-caransebesului\/#comment-40372\">Dr. Pavel Chiril\u0103 a fost distins cu cea mai \u00eenalt\u0103 distinc\u021bie pentru mireni a Episcopiei Caransebe\u0219ului<\/a><\/li>\n<\/ul>\n<\/aside>\n<aside class=\"td_block_template_1 widget widget_search\">\n<h4 class=\"block-title\"><span>CAUT\u0102 \u0218I VEI G\u0102SI<\/span><\/h4>\n<\/aside>\n<\/div>\n<\/div>\n<\/div>\n<\/div>\n<\/div>\n<\/div>\n<\/div>\n<p><span class=\"td-page-meta\"><\/span><span class=\"td-page-meta\"><span class=\"td-page-meta\"><\/span><\/span><span class=\"td-page-meta\"><\/span><\/article>\n<\/p>\n<div class=\"td_block_wrap tdb_single_content tdi_18 td-pb-border-top td_block_template_1 td-post-content tagdiv-type\" data-td-block-uid=\"tdi_18\">\n<div class=\"tdb-block-inner td-fix-index\">\n<p><strong>Serviciul Rom\u00e2n de Informa\u021bii (SRI) desf\u0103\u0219oar\u0103 un program prin care profesorii au fost instrui\u021bi s\u0103 previn\u0103 \u201eradicalizarea \u0219i a extremismul violent \u00een sistemul de \u00eenv\u0103\u021b\u0103m\u00e2nt preuniversitar\u201d, scrie<a href=\"https:\/\/snoop.ro\/sri-in-scoli-serviciul-a-instruit-profesori-din-tara-sa-identifice-si-sa-raporteze-elevi-care-ar-putea-ajunge-teroristi\/\" target=\"_blank\" rel=\"noopener\"> Snoop.<\/a><\/strong><\/p>\n<p>Numele proiectului este \u201ePrevisio: Prevenirea radicaliz\u0103rii \u0219i a extremismului violent \u00een sistemul de \u00eenv\u0103\u021b\u0103m\u00e2nt preuniversitar\u201d \u0219i a costat aproape un milion de euro.<\/p>\n<p>\u201ePe l\u00e2ng\u0103 lucr\u0103torii MAI, 1.180 de profesori, inspectori \u0219i consilieri \u0219colari din \u021bar\u0103 au participat la un curs de dou\u0103 zile \u021binut fa\u021b\u0103 \u00een fa\u021b\u0103 de exper\u021bi SRI, \u00een mai multe hoteluri din \u021bar\u0103. Au avut apoi de f\u0103cut exerci\u021bii pe o platform\u0103 dedicat\u0103 proiectului.<\/p>\n<p>Majoritatea cursan\u021bilor sunt din urban \u0219i lucreaz\u0103 \u00een licee, conform inspectoratelor. Dar, \u00een proiect, au fost implicate \u0219i dou\u0103 gr\u0103dini\u021be din Ia\u0219i\u201d, precizeaz\u0103 sursa citat\u0103.<\/p>\n<h2><strong>Prevenire sau control?<\/strong><\/h2>\n<p>Proiectul pare s\u0103 se inspire dup\u0103 un model britanic, \u201ePrevent\u201d, care se desf\u0103\u0219oar\u0103 din 2015, \u00eencoace.<\/p>\n<p>Acolo, \u00eens\u0103, ghidul vorbe\u0219te despre sesizarea Poli\u021biei, care evalueaz\u0103 cazul, nu despre implicarea serviciilor secrete.<\/p>\n<p>Gabriel Elefteriu, expert \u00een securitate rezident \u00een Marea Britanie, a reac\u021bionat afirm\u00e2nd c\u0103 implicarea SRI \u00een \u0219coli poate duce la abuzuri \u00eempotriva celor care au alte p\u0103reri dec\u00e2t puterea.<\/p>\n<p>\u201eAbsolut terifiant, \u00eentr-o tara ca Rom\u00e2nia care e sat SRI f\u0103r\u0103 c\u0103ini \u0219i unde abuzurile grosolane ale *statului* \u00eempotriva cet\u0103\u021benilor sunt la ordinea zilei.<\/p>\n<p>Iar compara\u021bia cu programul Prevent din UK este stupida (nu exista compara\u021bie la nivel de amenin\u021bare de \u201cterorism\u201d Islamic \u0219i nici la nivel de diversitate etnica etc).<\/p>\n<p>Dar Prevent nu mai e de mult (dac\u0103 a fost vreodat\u0103) despre terorismul Islamic. De multi ani programul a fost reorientat c\u0103tre \u201cextrema dreapta\u201d; cazurile de \u201cradicalizare\u201d politica de \u201cdreapta\u201d monitorizate\/indexate sub Prevent sunt CU MULT mai numeroase dec\u00e2t cele de radicalizare Islamica (adev\u0103rata amenin\u021bare). Ultimile cifre, aici:<a href=\"https:\/\/www.itv.com\/news\/2026-08-06\/nearly-10000-people-referred-to-uk-anti-terror-programme-in-record-decade-high\" target=\"_blank\" rel=\"noopener\"> https:\/\/www.itv.com\/news\/2026-08-06\/nearly-10000-people-referred-to-uk-anti-terror-programme-in-record-decade-high<\/a><\/p>\n<p>Cu alte cuvinte, Prevent este un instrument politic ideologic. Tipul acesta de programe fac parte din \u00eencercarea \u201edemocra\u021biilor libere\u201d (nu?\u2026) de a folosi aparatul anti-tero (tehnic\u0103, personal, legisla\u021bie etc) \u00eempotriva disidentei ideologice \u0219i a mi\u0219c\u0103rilor anti-sistem.<\/p>\n<p>E un proces pus \u00een mi\u0219care \u00een Vest de multi ani deja; e mai greu acolo, ca e puternic contestat \u0219i supravegheat de societatea civila, \u0219i acolo mai exista legi, justi\u021bie etc.<\/p>\n<p>In Rom\u00e2nia introducerea acestui program va fi un dezastru pentru ce a mai r\u0103mas din impresia de drepturi \u0219i libert\u0103\u021bi civice. Pentru ca aici totul se face cu TOPORUL, iar SRI \u0219i \u201eb\u0103e\u021bii\u201d vor folosi aceasta scuza c\u0103 \u201emonitorizeaz\u0103 radicalizarea\u201d ca sa vina dup\u0103 oricine bate la ochi. Asta cu \u0219colile e doar \u00eenceputul, desigur. Programul va fi inevitabil extins, probabil foarte rapid (la timp pentru urm\u0103toarele alegeri).<\/p>\n<p>Poate acum devine si mai clar de ce, pentru \u201e\u0219eful sistemului\u201d, \u201ea avea \u0219ef [civil] la SRI nu e o chestiune a\u0219a de important\u0103\u201d.<\/p>\n<p>SRI e \u00een toate \u0219i toate sunt \u00een SRI. De la scoal\u0103\u201d, a scris Elefteriu pe<a href=\"https:\/\/www.facebook.com\/gabriel.elefteriu\/posts\/pfbid02ScCeGiieqa7StoYxBubcvQHX8LeCnHqfFpywr4tTwStSir2dac3cMT277vNK2kDol\" target=\"_blank\" rel=\"noopener\"> facebook.<\/a><\/p>\n<div class=\"crp_related     crp-masonry\">\n<h2>\u00ceN CONTEXT<\/h2>\n<ul>\n<li><a href=\"https:\/\/r3media.ro\/allen-coliban-atacuri-servicii-secrete-dorinta-sefia-sri-usr\/\" class=\"crp_link post-117805\"><span class=\"crp_title\">Allen Coliban lanseaz\u0103 atacuri la adresa serviciilor secrete. \u00cen spate ar sta dorin\u021ba USR de\u2026<\/span><\/a><\/li>\n<li><a href=\"https:\/\/r3media.ro\/zambetul-de-joi-cum-arata-astazi-scoala-va-arata-maine-tara-spiru-haret\/\" class=\"crp_link post-115322\"><span class=\"crp_title\">Z\u00e2mbetul de joi | \u201eCum arat\u0103 ast\u0103zi \u0219coala, va ar\u0103ta m\u00e2ine \u021bara\u201d \u2013 Spiru Haret<\/span><\/a><\/li>\n<li><a href=\"https:\/\/r3media.ro\/theodor-paleologu-sri-ancheta-oameni-like-ambasada-rusiei\/\" class=\"crp_link post-117758\"><span class=\"crp_title\">Theodor Paleologu vrea ca SRI s\u0103 ancheteze oamenii care au dat \u201elike\u201d post\u0103rilor Ambasadei Rusiei<\/span><\/a><\/li>\n<li><a href=\"https:\/\/r3media.ro\/adrian-papahagi-strange-din-dinti-spor-de-doctorat-taiat-servicii-surpriza-sri-primeste-mai-multi-bani-2016\/\" class=\"crp_link post-115421\"><span class=\"crp_title\">Adrian Papahagi str\u00e2nge din din\u021bi \u0219i nu se pl\u00e2nge c\u0103 i se taie sporul de doctorat la\u2026<\/span><\/a><\/li>\n<li><a href=\"https:\/\/r3media.ro\/daniel-david-submineaza-profesorii-din-nou-ministrul-educatiei-vrea-ca-elevii-sa-si-toarne-profesorii-daca-acestia-raspandesc-informatii-false\/\" class=\"crp_link post-114134\"><span class=\"crp_title\">Daniel David submineaz\u0103 profesorii, din nou. Ministrul Educa\u021biei vrea ca elevii s\u0103-\u0219i toarne\u2026<\/span><\/a><\/li>\n<li><a href=\"https:\/\/r3media.ro\/big-brother-baluta-primarie-sector-4-video-supraveghere-non-stop\/\" class=\"crp_link post-118321\"><span class=\"crp_title\">Big Brother B\u0103lu\u021b\u0103: Prim\u0103ria Sectorului 4 a instalat sute de camere video cu care\u2026<\/span><\/a><\/li>\n<li><a href=\"https:\/\/r3media.ro\/gabriel-zbarcea-nicusor-dan-sef-sri-nationalist-suveranist-ue-europa-natiunilor\/\" class=\"crp_link post-112655\"><span class=\"crp_title\">VIDEO | Gabriel Zb\u00e2rcea, omul pe care Nicu\u0219or Dan l-ar dori director la SRI: Eu sunt un\u2026<\/span><\/a><\/li>\n<li><a href=\"https:\/\/r3media.ro\/scoala-prabusita-elevi-tulcea-nicusor-dan-bani-inarmare\/\" class=\"crp_link post-116397\"><span class=\"crp_title\">Peretele unei \u0219coli din Tulcea s-a PR\u0102BU\u0218IT \u00een timpul orelor. \u00cen aceea\u0219i zi, Nicu\u0219or Dan\u2026<\/span><\/a><\/li>\n<\/ul>\n<\/div>\n<\/div>\n<\/div>\n<p>[analyse_source url=&#8221;https:\/\/r3media.ro\/sri-in-scoli-expert-scuza-monitorizare-radicalizare\/&#8221;]<\/p>\n","protected":false},"excerpt":{"rendered":"<p>[analyse_image type=&#8221;featured&#8221; src=&#8221;https:\/\/r3media.ro\/wp-content\/uploads\/2026\/02\/supraveghere-mai-spatiu-online-e1770900020630.jpghttps:\/\/r3media.ro\/wp-content\/uploads\/2026\/02\/supraveghere-mai-spatiu-online-e1770900020630.jpg&#8221;] EDUCA\u021aIESRI \u00een \u0219coli. Expert: SRI \u0219i \u201eb\u0103e\u021bii\u201d vor folosi aceast\u0103 scuz\u0103 c\u0103&#8230; EDUCA\u021aIEFEATURED\u0218TIRI SRI \u00een \u0219coli. Expert: SRI \u0219i \u201eb\u0103e\u021bii\u201d vor folosi aceast\u0103 scuz\u0103 c\u0103 \u201emonitorizeaz\u0103 radicalizarea\u201d ca s\u0103 vin\u0103 dup\u0103 oricine bate la ochi Redac\u021bia 13\/08\/2026 Image by Gerd Altmann from Pixabay Serviciul Rom\u00e2n de Informa\u021bii (SRI) desf\u0103\u0219oar\u0103 un program prin [&hellip;]<\/p>\n","protected":false},"author":1,"featured_media":0,"comment_status":"open","ping_status":"","sticky":false,"template":"","format":"standard","meta":{"footnotes":""},"categories":[89],"tags":[226,93],"class_list":["post-2091442","post","type-post","status-publish","format-standard","hentry","category-romania","tag-crawlmanager","tag-r3media-ro"],"_links":{"self":[{"href":"https:\/\/analyse.optim.biz\/index.php?rest_route=\/wp\/v2\/posts\/2091442","targetHints":{"allow":["GET"]}}],"collection":[{"href":"https:\/\/analyse.optim.biz\/index.php?rest_route=\/wp\/v2\/posts"}],"about":[{"href":"https:\/\/analyse.optim.biz\/index.php?rest_route=\/wp\/v2\/types\/post"}],"author":[{"embeddable":true,"href":"https:\/\/analyse.optim.biz\/index.php?rest_route=\/wp\/v2\/users\/1"}],"replies":[{"embeddable":true,"href":"https:\/\/analyse.optim.biz\/index.php?rest_route=%2Fwp%2Fv2%2Fcomments&post=2091442"}],"version-history":[{"count":0,"href":"https:\/\/analyse.optim.biz\/index.php?rest_route=\/wp\/v2\/posts\/2091442\/revisions"}],"wp:attachment":[{"href":"https:\/\/analyse.optim.biz\/index.php?rest_route=%2Fwp%2Fv2%2Fmedia&parent=2091442"}],"wp:term":[{"taxonomy":"category","embeddable":true,"href":"https:\/\/analyse.optim.biz\/index.php?rest_route=%2Fwp%2Fv2%2Fcategories&post=2091442"},{"taxonomy":"post_tag","embeddable":true,"href":"https:\/\/analyse.optim.biz\/index.php?rest_route=%2Fwp%2Fv2%2Ftags&post=2091442"}],"curies":[{"name":"wp","href":"https:\/\/api.w.org\/{rel}","templated":true}]}}