{"id":2091441,"date":"2026-08-13T09:01:45","date_gmt":"2026-08-13T06:01:45","guid":{"rendered":"https:\/\/analyse.optim.biz\/?p=2091441"},"modified":"2026-08-13T09:01:45","modified_gmt":"2026-08-13T06:01:45","slug":"ample-descinderi-in-trei-judete-printre-care-si-suceava-pentru-destructurarea-a-doua-grupari","status":"publish","type":"post","link":"https:\/\/analyse.optim.biz\/?p=2091441","title":{"rendered":"Ample descinderi, \u00een trei jude\u021be, printre care \u0219i Suceava, pentru destructurarea a dou\u0103 grup\u0103ri"},"content":{"rendered":"<p>[analyse_image type=&#8221;featured&#8221; src=&#8221;https:\/\/www.informatiata.ro\/wp-content\/uploads\/2026\/08\/perchez-1-1024&#215;804.jpg&#8221;]<\/p>\n<div class=\"td-post-content tagdiv-type\">\n<div class=\"td-post-featured-image\"><a href=\"https:\/\/www.informatiata.ro\/wp-content\/uploads\/2026\/08\/perchez-1-scaled.jpg\" data-caption><img loading=\"lazy\" decoding=\"async\" width=\"696\" height=\"547\" class=\"entry-thumb td-modal-image\" src=\"https:\/\/www.informatiata.ro\/wp-content\/uploads\/2026\/08\/perchez-1-696x547.jpg\" alt title=\"perchez\"><img loading=\"lazy\" decoding=\"async\" width=\"696\" height=\"547\" class=\"entry-thumb td-modal-image\" src=\"https:\/\/www.informatiata.ro\/wp-content\/uploads\/2026\/08\/perchez-1-696x547.jpg\" alt title=\"perchez\"><\/a><\/div>\n<p>Ample descinderi, \u00een trei jude\u021be, printre care \u0219i Suceava, pentru destructurarea a dou\u0103 grup\u0103ri infrac\u021bionale.<\/p>\n<p>Vineri, 13 august 2026, procurorii Direc\u021biei de Investigare a Infrac\u021biunilor de Criminalitate Organizat\u0103 \u0219i Terorism \u2013 Biroul Teritorial Neam\u021b, \u00eempreun\u0103 cu poli\u021bi\u0219tii Serviciului de Combatere a Criminalit\u0103\u021bii Organizate Neam\u021b, au pus \u00een aplicare 60 de mandate de perchezi\u021bie domiciliar\u0103 pe raza jude\u021belor Neam\u021b, Ia\u0219i \u0219i Suceava, \u00eentr-un dosar penal privind s\u0103v\u00e2r\u0219irea infrac\u021biunilor de constituire a unui grup infrac\u021bional organizat \u0219i contraband\u0103 asimilat\u0103 \u00een form\u0103 continuat\u0103.<\/p>\n<div class=\"td-a-rec td-a-rec-id-content_inlineright  tdi_7 td_block_template_1\"><img loading=\"lazy\" decoding=\"async\" class=\"aligncenter size-full wp-image-65868\" src=\"https:\/\/www.informatiata.ro\/wp-content\/uploads\/2026\/08\/SAVCOM-5.gif\" alt width=\"299\" height=\"250\"><img loading=\"lazy\" decoding=\"async\" class=\"aligncenter size-full wp-image-65868\" src=\"https:\/\/www.informatiata.ro\/wp-content\/uploads\/2026\/08\/SAVCOM-5.gif\" alt width=\"299\" height=\"250\"><img loading=\"lazy\" decoding=\"async\" class=\"aligncenter size-full wp-image-65869\" src=\"https:\/\/www.informatiata.ro\/wp-content\/uploads\/2026\/08\/FACOS-4.gif\" alt width=\"300\" height=\"250\"><img loading=\"lazy\" decoding=\"async\" class=\"aligncenter size-full wp-image-65869\" src=\"https:\/\/www.informatiata.ro\/wp-content\/uploads\/2026\/08\/FACOS-4.gif\" alt width=\"300\" height=\"250\"><\/div>\n<p>Din probatoriul administrat \u00een cauz\u0103 a rezultat c\u0103, \u00eencep\u00e2nd cu anul 2024, respectiv 2025, pe raza ora\u0219ului T\u00e2rgu Neam\u021b s-au constituit, \u00een scopul ob\u021binerii unor importante beneficii materiale, dou\u0103 grup\u0103ri de criminalitate organizat\u0103, formate din cet\u0103\u021beni rom\u00e2ni \u0219i moldoveni, aflate \u00eentr-o str\u00e2ns\u0103 leg\u0103tur\u0103 infrac\u021bional\u0103, specializate \u00een contrabanda cu \u021bigarete.<\/p>\n<p>Ambele grupuri infrac\u021bionale au ac\u021bionat \u00een mod similar, cu excep\u021bia faptului c\u0103 cea de a doua a fost format\u0103 din mai mul\u021bi membri afla\u021bi pe diverse paliere infrac\u021bionale, cu roluri prestabilite \u0219i sarcini clar trasate de c\u0103tre liderul grup\u0103rii \u00eenc\u0103 de la \u00eenceputul constituirii.<\/p>\n<p>De asemenea, din actele de urm\u0103rire penal\u0103 a reie\u0219it c\u0103 al doilea grup infrac\u021bional organizat a comportat un caracter transfrontalier, cu arie opera\u021bional\u0103 pe raza jude\u021belor Neam\u021b, Ia\u0219i, Suceava \u0219i cu zone de v\u00e2nzare a \u021bigaretelor at\u00e2t \u00een Rom\u00e2nia, c\u00e2t \u0219i \u00een Italia, Germania \u0219i Regatul Unit al Marii Britanii \u0219i al Irlandei de Nord.<\/p>\n<p>Pe parcursul cercet\u0103rilor au fost indisponibilizate diverse cantit\u0103\u021bi de \u021bigarete comercializate de c\u0103tre membrii grupurilor de criminalitate organizat\u0103.<\/p>\n<p>Audierile urmeaz\u0103 s\u0103 se desf\u0103\u0219oare la sediul DIICOT \u2013 Biroul Teritorial Neam\u021b.<\/p>\n<p>Ac\u021biunea beneficiaz\u0103 de sprijinul poli\u021bi\u0219tilor brig\u0103zilor de combatere a criminalit\u0103\u021bii organizate Bac\u0103u, Suceava, Ia\u0219i, Gala\u021bi, Ploie\u0219ti \u0219i serviciilor de combatere a criminalit\u0103\u021bii organizate Buz\u0103u, Harghita, Vaslui, Boto\u0219ani \u0219i D\u00e2mbovi\u021ba, Inspectoratului de Poli\u021bie Jude\u021bean Neam\u021b \u0219i jandarmilor Inspectoratului de Jandarmi Jude\u021bean Neam\u021b \u0219i grup\u0103rilor mobile de jandarmi Bac\u0103u \u0219i T\u00e2rgu Mure\u0219.<br \/><img loading=\"lazy\" decoding=\"async\" class=\"aligncenter size-large wp-image-65909\" src=\"https:\/\/www.informatiata.ro\/wp-content\/uploads\/2026\/08\/IMG-20260813-WA0022-768x1024.jpg\" alt width=\"696\" height=\"928\"><img loading=\"lazy\" decoding=\"async\" class=\"aligncenter size-large wp-image-65909\" src=\"https:\/\/www.informatiata.ro\/wp-content\/uploads\/2026\/08\/IMG-20260813-WA0022-768x1024.jpg\" alt width=\"696\" height=\"928\"><\/p>\n<div class=\"td-a-rec td-a-rec-id-content_bottom  td-rec-hide-on-m tdi_8 td_block_template_1\"><img loading=\"lazy\" decoding=\"async\" class=\"aligncenter size-full wp-image-65603\" src=\"https:\/\/www.informatiata.ro\/wp-content\/uploads\/2026\/07\/SAVCOM-19.gif\" alt width=\"299\" height=\"250\"><img loading=\"lazy\" decoding=\"async\" class=\"aligncenter size-full wp-image-65603\" src=\"https:\/\/www.informatiata.ro\/wp-content\/uploads\/2026\/07\/SAVCOM-19.gif\" alt width=\"299\" height=\"250\"><img loading=\"lazy\" decoding=\"async\" class=\"aligncenter size-full wp-image-65604\" src=\"https:\/\/www.informatiata.ro\/wp-content\/uploads\/2026\/07\/FACOS-16.gif\" alt width=\"300\" height=\"250\"><img loading=\"lazy\" decoding=\"async\" class=\"aligncenter size-full wp-image-65604\" src=\"https:\/\/www.informatiata.ro\/wp-content\/uploads\/2026\/07\/FACOS-16.gif\" alt width=\"300\" height=\"250\"><\/div>\n<\/div>\n<p>[analyse_source url=&#8221;https:\/\/www.informatiata.ro\/ample-descinderi-grupari-infractionale-suceava\/&#8221;]<\/p>\n","protected":false},"excerpt":{"rendered":"<p>[analyse_image type=&#8221;featured&#8221; src=&#8221;https:\/\/www.informatiata.ro\/wp-content\/uploads\/2026\/08\/perchez-1-1024&#215;804.jpg&#8221;] Ample descinderi, \u00een trei jude\u021be, printre care \u0219i Suceava, pentru destructurarea a dou\u0103 grup\u0103ri infrac\u021bionale. Vineri, 13 august 2026, procurorii Direc\u021biei de Investigare a Infrac\u021biunilor de Criminalitate Organizat\u0103 \u0219i Terorism \u2013 Biroul Teritorial Neam\u021b, \u00eempreun\u0103 cu poli\u021bi\u0219tii Serviciului de Combatere a Criminalit\u0103\u021bii Organizate Neam\u021b, au pus \u00een aplicare 60 de mandate de [&hellip;]<\/p>\n","protected":false},"author":1,"featured_media":0,"comment_status":"open","ping_status":"","sticky":false,"template":"","format":"standard","meta":{"footnotes":""},"categories":[89],"tags":[226,167],"class_list":["post-2091441","post","type-post","status-publish","format-standard","hentry","category-romania","tag-crawlmanager","tag-informatiata-ro"],"_links":{"self":[{"href":"https:\/\/analyse.optim.biz\/index.php?rest_route=\/wp\/v2\/posts\/2091441","targetHints":{"allow":["GET"]}}],"collection":[{"href":"https:\/\/analyse.optim.biz\/index.php?rest_route=\/wp\/v2\/posts"}],"about":[{"href":"https:\/\/analyse.optim.biz\/index.php?rest_route=\/wp\/v2\/types\/post"}],"author":[{"embeddable":true,"href":"https:\/\/analyse.optim.biz\/index.php?rest_route=\/wp\/v2\/users\/1"}],"replies":[{"embeddable":true,"href":"https:\/\/analyse.optim.biz\/index.php?rest_route=%2Fwp%2Fv2%2Fcomments&post=2091441"}],"version-history":[{"count":0,"href":"https:\/\/analyse.optim.biz\/index.php?rest_route=\/wp\/v2\/posts\/2091441\/revisions"}],"wp:attachment":[{"href":"https:\/\/analyse.optim.biz\/index.php?rest_route=%2Fwp%2Fv2%2Fmedia&parent=2091441"}],"wp:term":[{"taxonomy":"category","embeddable":true,"href":"https:\/\/analyse.optim.biz\/index.php?rest_route=%2Fwp%2Fv2%2Fcategories&post=2091441"},{"taxonomy":"post_tag","embeddable":true,"href":"https:\/\/analyse.optim.biz\/index.php?rest_route=%2Fwp%2Fv2%2Ftags&post=2091441"}],"curies":[{"name":"wp","href":"https:\/\/api.w.org\/{rel}","templated":true}]}}