{"id":2091439,"date":"2026-08-13T07:38:37","date_gmt":"2026-08-13T04:38:37","guid":{"rendered":"https:\/\/analyse.optim.biz\/?p=2091439"},"modified":"2026-08-13T07:38:37","modified_gmt":"2026-08-13T04:38:37","slug":"patriarhul-daniel-mesaj-la-duminica-romanilor-migranti-rugaciune-pentru-familiile-despartite-de-distante","status":"publish","type":"post","link":"https:\/\/analyse.optim.biz\/?p=2091439","title":{"rendered":"Patriarhul Daniel, mesaj la Duminica rom\u00e2nilor migran\u021bi: Rug\u0103ciune pentru familiile desp\u0103r\u021bite de distan\u021be"},"content":{"rendered":"<p>[analyse_image type=&#8221;featured&#8221; src=&#8221;https:\/\/r3media.ro\/wp-content\/uploads\/2020\/09\/scrisoare-catre-patriarhul-daniel.jpghttps:\/\/r3media.ro\/wp-content\/uploads\/2020\/09\/scrisoare-catre-patriarhul-daniel.jpg&#8221;]<\/p>\n<article id=\"template-id-109\" class=\"post-109 tdb_templates type-tdb_templates status-publish post\">\n<div id=\"tdi_2\" class=\"tdc-zone\">\n<div class=\"tdc_zone tdi_3  wpb_row td-pb-row\">\n<div id=\"tdi_4\" class=\"tdc-row\">\n<div class=\"vc_row tdi_5  wpb_row td-pb-row\">\n<div class=\"vc_column tdi_7  wpb_column vc_column_container tdc-column td-pb-span8\">\n<div class=\"wpb_wrapper\">\n<div class=\"td_block_wrap tdb_breadcrumbs tdi_8 td-pb-border-top td_block_template_1 tdb-breadcrumbs \" data-td-block-uid=\"tdi_8\">\n<div class=\"tdb-block-inner td-fix-index\"><span><a title=\"Vede\u021bi toate articolele \u00een PRIM PLAN\" class=\"tdb-entry-crumb\" href=\"https:\/\/r3media.ro\/category\/stiri-prim-plan\/\">PRIM PLAN<\/a><\/span><span class=\"tdb-bred-no-url-last\">Patriarhul Daniel, mesaj la Duminica rom\u00e2nilor migran\u021bi: Rug\u0103ciune pentru familiile desp\u0103r\u021bite de&#8230;<\/span><\/div>\n<\/div>\n<div class=\"td_block_wrap tdb_single_categories tdi_9 td-pb-border-top td_block_template_1 \" data-td-block-uid=\"tdi_9\">\n<div class=\"tdb-category td-fix-index\"><a class=\"tdb-entry-category\" href=\"https:\/\/r3media.ro\/category\/stiri-prim-plan\/\">PRIM PLAN<\/a><a class=\"tdb-entry-category\" href=\"https:\/\/r3media.ro\/category\/stiri\/\">\u0218TIRI<\/a><\/div>\n<\/div>\n<div class=\"td_block_wrap tdb_title tdi_10 tdb-single-title td-pb-border-top td_block_template_1\" data-td-block-uid=\"tdi_10\">\n<div class=\"tdb-block-inner td-fix-index\">\n<h1 class=\"tdb-title-text\">Patriarhul Daniel, mesaj la Duminica rom\u00e2nilor migran\u021bi: Rug\u0103ciune pentru familiile desp\u0103r\u021bite de distan\u021be<\/h1>\n<\/div>\n<\/div>\n<div class=\"vc_row_inner tdi_12  vc_row vc_inner wpb_row td-pb-row\">\n<div class=\"vc_column_inner tdi_14  wpb_column vc_column_container tdc-inner-column td-pb-span12\">\n<div class=\"vc_column-inner\">\n<div class=\"wpb_wrapper\">\n<div class=\"td_block_wrap tdb_single_author tdi_15 td-pb-border-top td_block_template_1 tdb-post-meta\" data-td-block-uid=\"tdi_15\">\n<div class=\"tdb-block-inner td-fix-index\">\n<div class=\"tdb-author-name-wrap\"><a class=\"tdb-author-name\" href=\"https:\/\/r3media.ro\/author\/redactia\/\">Redac\u021bia<\/a><\/div>\n<\/div>\n<\/div>\n<div class=\"td_block_wrap tdb_single_date tdi_16 td-pb-border-top td_block_template_1 tdb-post-meta\" data-td-block-uid=\"tdi_16\">\n<div class=\"tdb-block-inner td-fix-index\"><time class=\"entry-date updated td-module-date\" datetime=\"2026-08-13T10:38:37+03:00\">13\/08\/2026<\/time><\/div>\n<\/div>\n<\/div>\n<\/div>\n<\/div>\n<\/div>\n<div class=\"td_block_wrap tdb_single_featured_image tdi_17 tdb-content-horiz-left td-pb-border-top td_block_template_1\" data-td-block-uid=\"tdi_17\">\n<div class=\"tdb-block-inner td-fix-index\">\n<figure><figcaption class=\"tdb-caption-text\">Sursa foto: Radio Rena\u0219terea<\/figcaption><\/figure>\n<\/div>\n<\/div>\n<div class=\"td_block_wrap tdb_single_content tdi_18 td-pb-border-top td_block_template_1 td-post-content tagdiv-type\" data-td-block-uid=\"tdi_18\">\n<div class=\"tdb-block-inner td-fix-index\">\n<p><strong>PF Daniel, Patriarhul Bisericii Ortodoxe Rom\u00e2ne, a transmis un mesaj cu prilejul Duminicii migran\u021bilor rom\u00e2ni, care va fi marcat\u0103 duminic\u0103, 16 august 2026.<\/strong><\/p>\n<p>Textul, intitulat \u201e\u00cen biseric\u0103, rom\u00e2nii din str\u0103in\u0103tate se simt ca acas\u0103\u201d, a fost f\u0103cut public printr-un comunicat al Patriarhiei Rom\u00e2ne trimis pe adresa R3media.<\/p>\n<p>Ziua este dedicat\u0103 rug\u0103ciunii \u0219i comuniunii cu rom\u00e2nii afla\u021bi departe de \u021bar\u0103 \u0219i se celebreaz\u0103 anual \u00een prima duminic\u0103 de dup\u0103 s\u0103rb\u0103toarea Adormirii Maicii Domnului. A fost instituit\u0103 prin hot\u0103r\u00e2rea Sf\u00e2ntului Sinod \u00een 2009, continu\u00e2nd o ini\u021biativ\u0103 \u00eenceput\u0103 \u00een 2006 \u00een Mitropolia Moldovei \u0219i Bucovinei, ca form\u0103 de grij\u0103 pastoral\u0103 fa\u021b\u0103 de milioanele de rom\u00e2ni care tr\u0103iesc \u0219i lucreaz\u0103 \u00een afara Rom\u00e2niei.<\/p>\n<p>Mesajul de anul acesta este construit \u00een jurul temei familiei, \u00een contextul \u00een care Sf\u00e2ntul Sinod a proclamat 2026 drept Anul omagial al pastora\u021biei familiei cre\u0219tine \u0219i Anul comemorativ al sfintelor femei din calendar.<\/p>\n<p>\u201eTr\u0103im \u00eentr-o vreme \u00een care institu\u021bia familiei, at\u00e2t \u00een \u021bar\u0103, c\u00e2t \u0219i \u00een diaspora, se confrunt\u0103 cu provoc\u0103ri multiple\u201d, constat\u0103 Patriarhul, care adaug\u0103 c\u0103 rolul familiei \u00een Biseric\u0103 \u0219i \u00een societate \u201enecesit\u0103 o \u00een\u021belegere \u0219i o apreciere mai profunde\u201d.<\/p>\n<p>\u00centre direc\u021biile pastorale enumerate se num\u0103r\u0103 educa\u021bia cre\u0219tin\u0103 a copiilor, preg\u0103tirea tinerilor pentru c\u0103s\u0103torie \u0219i \u00eent\u0103rirea leg\u0103turilor dintre membrii familiei.<\/p>\n<p>\u00cent\u00e2ist\u0103t\u0103torul BOR precizeaz\u0103 c\u0103 \u201eBiserica se roag\u0103 pentru familiile desp\u0103r\u021bite de distan\u021be, pentru copiii r\u0103ma\u0219i acas\u0103, pentru p\u0103rin\u021bii care \u00ee\u0219i a\u0219teapt\u0103 fiii \u0219i fiicele\u201d \u0219i pentru to\u021bi cei care poart\u0103 dorul locurilor natale.<\/p>\n<p>El aminte\u0219te c\u0103 experien\u021ba str\u0103mut\u0103rii apare \u0219i \u00een istoria biblic\u0103 \u2014 chemarea lui Avraam, via\u021ba lui Iosif departe de casa p\u0103rinteasc\u0103, exilul poporului ales \u2014 \u0219i c\u0103 M\u00e2ntuitorul \u00censu\u0219i a luat, \u00een copil\u0103rie, calea Egiptului, \u00eempreun\u0103 cu Fecioara Maria \u0219i Dreptul Iosif.<\/p>\n<p>\u201eBiserica prive\u0219te cu iubire \u0219i responsabilitate spre to\u021bi cei care tr\u0103iesc departe de patria lor, \u0219tiind c\u0103 Dumnezeu este aproape de fiecare om aflat printre str\u0103ini\u201d, se arat\u0103 \u00een mesaj.<\/p>\n<p>Un capitol distinct este dedicat parohiilor ortodoxe rom\u00e2ne\u0219ti din afara \u021b\u0103rii, care, potrivit Patriarhului, \u201eau devenit adev\u0103rate c\u0103mine duhovnice\u0219ti, locuri \u00een care credin\u021ba ortodox\u0103, limba rom\u00e2n\u0103 \u0219i tradi\u021biile rom\u00e2ne\u0219ti sunt p\u0103strate \u0219i transmise copiilor \u0219i tinerilor\u201d.<\/p>\n<p>Activitatea pastoral\u0103, liturgic\u0103, filantropic\u0103 \u0219i cultural\u0103 a Bisericii \u00een diaspora este prezentat\u0103 drept un factor care sus\u021bine unitatea familiei \u0219i dialogul cu valorile spirituale \u0219i culturale ale \u021b\u0103rilor-gazd\u0103.<\/p>\n<p>Patriarhul \u00ee\u0219i exprim\u0103 dorin\u021ba ca familiile rom\u00e2nilor din str\u0103in\u0103tate \u201es\u0103 nasc\u0103 \u0219i s\u0103 creasc\u0103 oameni credincio\u0219i, harnici \u0219i darnici, iubitori ai spiritualit\u0103\u021bii rom\u00e2ne\u0219ti \u0219i promotori ai prieteniei \u00eentre popoare\u201d.<\/p>\n<p>\u00cen final, \u00eei \u00eendeamn\u0103 pe cei r\u0103ma\u0219i \u00een \u021bar\u0103 s\u0103 p\u0103streze vie leg\u0103tura sufleteasc\u0103 cu cei pleca\u021bi: \u201eS\u0103 \u00eei purt\u0103m \u00een rug\u0103ciune, s\u0103 \u00eei primim pe to\u021bi cu dragoste c\u00e2nd se \u00eentorc acas\u0103\u201d.<\/p>\n<p>Mesajul se \u00eencheie cu o rug\u0103ciune pentru rom\u00e2nii din afara Rom\u00e2niei, c\u0103rora Patriarhul le dore\u0219te \u201epace \u0219i s\u0103n\u0103tate, bucurie \u0219i speran\u021b\u0103, statornicie \u00een credin\u021ba ortodox\u0103 \u0219i comuniune fr\u0103\u021beasc\u0103\u201d.<\/p>\n<div class=\"crp_related     crp-masonry\">\n<h2>\u00ceN CONTEXT<\/h2>\n<ul>\n<li><a href=\"https:\/\/r3media.ro\/cu-mahnire-despre-masina-de-pulverizat-sfinti-pe-pereti\/\" class=\"crp_link post-114470\"><span class=\"crp_title\">CU M\u00c2HNIRE, DESPRE MA\u0218INA DE PULVERIZAT SFIN\u021aI PE PERE\u021aI<\/span><\/a><\/li>\n<li><a href=\"https:\/\/r3media.ro\/patriarhul-daniel-familie-confort-egoist-criza-demografica-influenta-ecrane-copii\/\" class=\"crp_link post-116904\"><span class=\"crp_title\">Patriarhul Daniel, despre criza familiei: confortul egoist a dus la pr\u0103bu\u0219irea demografic\u0103.\u2026<\/span><\/a><\/li>\n<li><a href=\"https:\/\/r3media.ro\/suedia-autoritati-parinti-fara-telefoane-copii-patriarhul-daniel\/\" class=\"crp_link post-117464\"><span class=\"crp_title\">Suedia: Autorit\u0103\u021bile \u00eendeamn\u0103 p\u0103rin\u021bii s\u0103 lase telefoanele c\u00e2nd sunt cu copiii. \u0218i\u2026<\/span><\/a><\/li>\n<li><a href=\"https:\/\/r3media.ro\/30-septembrie-alegerea-pf-daniel-ca-patriarh-al-romaniei\/\" class=\"crp_link post-2403\"><span class=\"crp_title\">30 septembrie: 18 ani de la alegerea PF Daniel ca Patriarh al Rom\u00e2niei<\/span><\/a><\/li>\n<li><a href=\"https:\/\/r3media.ro\/patriarhul-daniel-romanii-iubesc-traditia-crestina-bimilenara-ideologie-filozofie\/\" class=\"crp_link post-118283\"><span class=\"crp_title\">Patriarhul Daniel: Rom\u00e2nii iubesc tradi\u021bia lor cre\u0219tin\u0103 bimilenar\u0103 mai mult dec\u00e2t orice\u2026<\/span><\/a><\/li>\n<li><a href=\"https:\/\/r3media.ro\/1-iunie-ziua-copilului\/\" class=\"crp_link post-21640\"><span class=\"crp_title\">1 iunie, Ziua Copilului: 7 sfaturi ale Patriarhului Daniel cu privire la educa\u021bia copiilor<\/span><\/a><\/li>\n<li><a href=\"https:\/\/r3media.ro\/contradictiile-catedralei\/\" class=\"crp_link post-113815\"><span class=\"crp_title\">Contradic\u021biile Catedralei<\/span><\/a><\/li>\n<li><a href=\"https:\/\/r3media.ro\/video-romanii-din-diaspora-facut-dreptate-in-felul-lor-cumparat-bilete-concerte-delia-madrid-valencia-artista-anulare\/\" class=\"crp_link post-114294\"><span class=\"crp_title\">VIDEO | Rom\u00e2nii din diaspora \u0219i-au f\u0103cut dreptate \u00een felul lor: Nu au cump\u0103rat bilete la\u2026<\/span><\/a><\/li>\n<\/ul>\n<\/div>\n<\/div>\n<\/div>\n<div class=\"td_block_wrap tdb_single_tags tdi_19 td-pb-border-top td_block_template_1\" data-td-block-uid=\"tdi_19\">\n<div class=\"tdb-block-inner td-fix-index\">\n<ul class=\"tdb-tags\">\n<li><span>SUBIECTE FIERBIN\u021aI<\/span><\/li>\n<li><a href=\"https:\/\/r3media.ro\/tag\/duminica-romanilor-migranti\/\">duminica romanilor migranti<\/a><\/li>\n<li><a href=\"https:\/\/r3media.ro\/tag\/patriarhul-daniel\/\">patriarhul Daniel<\/a><\/li>\n<li><a href=\"https:\/\/r3media.ro\/tag\/romanii-din-diaspora\/\">romanii din diaspora<\/a><\/li>\n<\/ul>\n<\/div>\n<\/div>\n<div class=\"td_block_wrap td_block_9 tdi_20 td_with_ajax_pagination td-pb-border-top td_block_template_1 td-column-2 td_block_padding td_block_bot_line\" data-td-block-uid=\"tdi_20\">\n<div class=\"td-block-title-wrap\">\n<h4 class=\"block-title td-block-title\"><span class=\"td-pulldown-size\">CITE\u0218TE MAI MULT<\/span><\/h4>\n<\/div>\n<div id=\"tdi_20\" class=\"td_block_inner\">\n<div class=\"td-block-row\">\n<div class=\"td-block-span6\">\n<div class=\"td_module_8 td_module_wrap\">\n<div class=\"item-details\">\n<h3 class=\"entry-title td-module-title\"><a href=\"https:\/\/r3media.ro\/presedintele-serbiei-razboiul-din-ucraina\/\" rel=\"bookmark\" title=\"Pre\u0219edintele Serbiei nu crede c\u0103 r\u0103zboiul din Ucraina se termin\u0103 cur\u00e2nd: Cred c\u0103 ne afl\u0103m la \u00eenceputul unui r\u0103zboi mult, mult mai mare\">Pre\u0219edintele Serbiei nu crede c\u0103 r\u0103zboiul din Ucraina se termin\u0103 cur\u00e2nd: Cred c\u0103 ne&#8230;<\/a><\/h3>\n<div class=\"td-module-meta-info\"><a href=\"https:\/\/r3media.ro\/category\/actualitate\/\" class=\"td-post-category\">ACTUALITATE<\/a><span class=\"td-post-author-name\"><a href=\"https:\/\/r3media.ro\/author\/teodor_stan\/\">Teodor Stan<\/a><span>&#8211;<\/span><\/span><span class=\"td-post-date\"><time class=\"entry-date updated td-module-date\" datetime=\"2026-08-10T12:22:44+03:00\">10\/08\/2026<\/time><\/span><\/div>\n<\/div>\n<\/div>\n<\/div>\n<div class=\"td-block-span6\">\n<div class=\"td_module_8 td_module_wrap\">\n<div class=\"item-details\">\n<h3 class=\"entry-title td-module-title\"><a href=\"https:\/\/r3media.ro\/fara-apa-fara-curent-fara-viitor-cum-au-sacrificat-pro-europenii-romania-pe-altarul-ecologiei-ieftine\/\" rel=\"bookmark\" title=\"F\u0103r\u0103 ap\u0103, f\u0103r\u0103 curent, f\u0103r\u0103 viitor: cum au sacrificat pro-europenii Rom\u00e2nia pe altarul ecologiei ieftine\">F\u0103r\u0103 ap\u0103, f\u0103r\u0103 curent, f\u0103r\u0103 viitor: cum au sacrificat pro-europenii Rom\u00e2nia pe altarul ecologiei&#8230;<\/a><\/h3>\n<div class=\"td-module-meta-info\"><a href=\"https:\/\/r3media.ro\/category\/actualitate\/\" class=\"td-post-category\">ACTUALITATE<\/a><span class=\"td-post-author-name\"><a href=\"https:\/\/r3media.ro\/author\/paul_lazar\/\">Paul-Daniel Laz\u0103r<\/a><span>&#8211;<\/span><\/span><span class=\"td-post-date\"><time class=\"entry-date updated td-module-date\" datetime=\"2026-08-08T22:30:54+03:00\">08\/08\/2026<\/time><\/span><\/div>\n<\/div>\n<\/div>\n<\/div>\n<\/div>\n<div class=\"td-block-row\">\n<div class=\"td-block-span6\">\n<div class=\"td_module_8 td_module_wrap\">\n<div class=\"item-details\">\n<h3 class=\"entry-title td-module-title\"><a href=\"https:\/\/r3media.ro\/show-iluzie-si-realitate-de-la-the-truman-show-la-son-of-a-rich\/\" rel=\"bookmark\" title=\"Show, iluzie \u0219i realitate: de la The Truman Show la Son of a Rich\">Show, iluzie \u0219i realitate: de la The Truman Show la Son of a Rich<\/a><\/h3>\n<div class=\"td-module-meta-info\"><a href=\"https:\/\/r3media.ro\/category\/actualitate\/\" class=\"td-post-category\">ACTUALITATE<\/a><span class=\"td-post-author-name\"><a href=\"https:\/\/r3media.ro\/author\/costi_balasoiu\/\">Constantin B\u0103l\u0103\u0219oiu<\/a><span>&#8211;<\/span><\/span><span class=\"td-post-date\"><time class=\"entry-date updated td-module-date\" datetime=\"2026-08-08T15:30:25+03:00\">08\/08\/2026<\/time><\/span><\/div>\n<\/div>\n<\/div>\n<\/div>\n<div class=\"td-block-span6\">\n<div class=\"td_module_8 td_module_wrap\">\n<div class=\"item-details\">\n<h3 class=\"entry-title td-module-title\"><a href=\"https:\/\/r3media.ro\/fani-stapanul-inelelor-surpriza-sezonul-3-sauron\/\" rel=\"bookmark\" title=\"Fanii \u201eSt\u0103p\u00e2nul Inelelor\u201c ar putea avea o surpriz\u0103 \u00een sezonul 3 din serialul \u201eInelele Puterii\u201c. Sauron se va confrunta cu o creatur\u0103 de temut\">Fanii \u201eSt\u0103p\u00e2nul Inelelor\u201c ar putea avea o surpriz\u0103 \u00een sezonul 3 din serialul \u201eInelele&#8230;<\/a><\/h3>\n<div class=\"td-module-meta-info\"><a href=\"https:\/\/r3media.ro\/category\/actualitate\/\" class=\"td-post-category\">ACTUALITATE<\/a><span class=\"td-post-author-name\"><a href=\"https:\/\/r3media.ro\/author\/oana\/\">Oana Ivan<\/a><span>&#8211;<\/span><\/span><span class=\"td-post-date\"><time class=\"entry-date updated td-module-date\" datetime=\"2026-08-08T00:19:31+03:00\">08\/08\/2026<\/time><\/span><\/div>\n<\/div>\n<\/div>\n<\/div>\n<\/div>\n<div class=\"td-block-row\">\n<div class=\"td-block-span6\">\n<div class=\"td_module_8 td_module_wrap\">\n<div class=\"item-details\">\n<h3 class=\"entry-title td-module-title\"><a href=\"https:\/\/r3media.ro\/david-popovici-fair-play-sportivi-rusi-competitii\/\" rel=\"bookmark\" title=\"David Popovici, fair-play la revenirea sportivilor ru\u0219i \u00een competi\u021bii: Le urez succes, sper s\u0103 fiu mai bun dec\u00e2t ei\">David Popovici, fair-play la revenirea sportivilor ru\u0219i \u00een competi\u021bii: Le urez succes, sper s\u0103&#8230;<\/a><\/h3>\n<div class=\"td-module-meta-info\"><a href=\"https:\/\/r3media.ro\/category\/actualitate\/\" class=\"td-post-category\">ACTUALITATE<\/a><span class=\"td-post-author-name\"><a href=\"https:\/\/r3media.ro\/author\/redactia\/\">Redac\u021bia<\/a><span>&#8211;<\/span><\/span><span class=\"td-post-date\"><time class=\"entry-date updated td-module-date\" datetime=\"2026-08-07T15:07:51+03:00\">07\/08\/2026<\/time><\/span><\/div>\n<\/div>\n<\/div>\n<\/div>\n<div class=\"td-block-span6\">\n<div class=\"td_module_8 td_module_wrap\">\n<div class=\"item-details\">\n<h3 class=\"entry-title td-module-title\"><a href=\"https:\/\/r3media.ro\/kia-recheama-service-prima-generatie-masini-electrice-e-niro-risc-incendiu\/\" rel=\"bookmark\" title=\"Kia recheam\u0103 \u00een service prima genera\u021bie de ma\u0219ini electrice e-Niro din cauza riscului de incendiu\">Kia recheam\u0103 \u00een service prima genera\u021bie de ma\u0219ini electrice e-Niro din cauza riscului de&#8230;<\/a><\/h3>\n<div class=\"td-module-meta-info\"><a href=\"https:\/\/r3media.ro\/category\/actualitate\/\" class=\"td-post-category\">ACTUALITATE<\/a><span class=\"td-post-author-name\"><a href=\"https:\/\/r3media.ro\/author\/oana\/\">Oana Ivan<\/a><span>&#8211;<\/span><\/span><span class=\"td-post-date\"><time class=\"entry-date updated td-module-date\" datetime=\"2026-08-06T17:07:42+03:00\">06\/08\/2026<\/time><\/span><\/div>\n<\/div>\n<\/div>\n<\/div>\n<\/div>\n<div class=\"td-block-row\">\n<div class=\"td-block-span6\">\n<div class=\"td_module_8 td_module_wrap\">\n<div class=\"item-details\">\n<h3 class=\"entry-title td-module-title\"><a href=\"https:\/\/r3media.ro\/drona-gasita-mare-mamaia-zona-loft-video\/\" rel=\"bookmark\" title=\"VIDEO | O dron\u0103 a fost g\u0103sit\u0103 \u00een mare, \u00een Mamaia, \u00een zona Loft\">VIDEO | O dron\u0103 a fost g\u0103sit\u0103 \u00een mare, \u00een Mamaia, \u00een zona Loft<\/a><\/h3>\n<div class=\"td-module-meta-info\"><a href=\"https:\/\/r3media.ro\/category\/actualitate\/\" class=\"td-post-category\">ACTUALITATE<\/a><span class=\"td-post-author-name\"><a href=\"https:\/\/r3media.ro\/author\/oana\/\">Oana Ivan<\/a><span>&#8211;<\/span><\/span><span class=\"td-post-date\"><time class=\"entry-date updated td-module-date\" datetime=\"2026-08-05T21:48:11+03:00\">05\/08\/2026<\/time><\/span><\/div>\n<\/div>\n<\/div>\n<\/div>\n<div class=\"td-block-span6\">\n<div class=\"td_module_8 td_module_wrap\">\n<div class=\"item-details\">\n<h3 class=\"entry-title td-module-title\"><a href=\"https:\/\/r3media.ro\/cand-incepe-scoala-in-2026-structura-an-nou-scolar\/\" rel=\"bookmark\" title=\"C\u00e2nd \u00eencepe \u0219coala \u00een 2026: Structura noului an \u0219colar, vacan\u021bele \u0219i zilele libere\">C\u00e2nd \u00eencepe \u0219coala \u00een 2026: Structura noului an \u0219colar, vacan\u021bele \u0219i zilele libere<\/a><\/h3>\n<div class=\"td-module-meta-info\"><a href=\"https:\/\/r3media.ro\/category\/actualitate\/\" class=\"td-post-category\">ACTUALITATE<\/a><span class=\"td-post-author-name\"><a href=\"https:\/\/r3media.ro\/author\/oana\/\">Oana Ivan<\/a><span>&#8211;<\/span><\/span><span class=\"td-post-date\"><time class=\"entry-date updated td-module-date\" datetime=\"2026-08-03T22:23:20+03:00\">03\/08\/2026<\/time><\/span><\/div>\n<\/div>\n<\/div>\n<\/div>\n<\/div>\n<div class=\"td-block-row\">\n<div class=\"td-block-span6\">\n<div class=\"td_module_8 td_module_wrap\">\n<div class=\"item-details\">\n<h3 class=\"entry-title td-module-title\"><a href=\"https:\/\/r3media.ro\/tara-europa-norvegia-masini-electrice-inmatriculate-cota-ridicata\/\" rel=\"bookmark\" title=\"\u021aara din Europa unde aproape toate ma\u0219inile \u00eenmatriculate sune electrice. Cota a ajuns la 97,6% \u00een iulie\">\u021aara din Europa unde aproape toate ma\u0219inile \u00eenmatriculate sune electrice. Cota a ajuns la&#8230;<\/a><\/h3>\n<div class=\"td-module-meta-info\"><a href=\"https:\/\/r3media.ro\/category\/actualitate\/\" class=\"td-post-category\">ACTUALITATE<\/a><span class=\"td-post-author-name\"><a href=\"https:\/\/r3media.ro\/author\/oana\/\">Oana Ivan<\/a><span>&#8211;<\/span><\/span><span class=\"td-post-date\"><time class=\"entry-date updated td-module-date\" datetime=\"2026-08-03T17:01:21+03:00\">03\/08\/2026<\/time><\/span><\/div>\n<\/div>\n<\/div>\n<\/div>\n<div class=\"td-block-span6\">\n<div class=\"td_module_8 td_module_wrap\">\n<div class=\"item-details\">\n<h3 class=\"entry-title td-module-title\"><a href=\"https:\/\/r3media.ro\/puterea-mitologica-instalata-a-romaniei\/\" rel=\"bookmark\" title=\"Puterea mitologic\u0103 instalat\u0103 a Rom\u00e2niei\">Puterea mitologic\u0103 instalat\u0103 a Rom\u00e2niei<\/a><\/h3>\n<div class=\"td-module-meta-info\"><a href=\"https:\/\/r3media.ro\/category\/opinii\/\" class=\"td-post-category\">OPINII<\/a><span class=\"td-post-author-name\"><a href=\"https:\/\/r3media.ro\/author\/tru\/\">TRU (Traian Ungureanu)<\/a><span>&#8211;<\/span><\/span><span class=\"td-post-date\"><time class=\"entry-date updated td-module-date\" datetime=\"2026-08-02T22:08:04+03:00\">02\/08\/2026<\/time><\/span><\/div>\n<\/div>\n<\/div>\n<\/div>\n<\/div>\n<div class=\"td-block-row\">\n<div class=\"td-block-span6\">\n<div class=\"td_module_8 td_module_wrap\">\n<div class=\"item-details\">\n<h3 class=\"entry-title td-module-title\"><a href=\"https:\/\/r3media.ro\/hyundai-recheama-service-masini-electrice-inster-risc-incendiu\/\" rel=\"bookmark\" title=\"Hyundai recheam\u0103 \u00een service zeci de mii de ma\u0219ini electrice din cauza riscului de incendiu\">Hyundai recheam\u0103 \u00een service zeci de mii de ma\u0219ini electrice din cauza riscului de&#8230;<\/a><\/h3>\n<div class=\"td-module-meta-info\"><a href=\"https:\/\/r3media.ro\/category\/actualitate\/\" class=\"td-post-category\">ACTUALITATE<\/a><span class=\"td-post-author-name\"><a href=\"https:\/\/r3media.ro\/author\/oana\/\">Oana Ivan<\/a><span>&#8211;<\/span><\/span><span class=\"td-post-date\"><time class=\"entry-date updated td-module-date\" datetime=\"2026-08-02T08:34:05+03:00\">02\/08\/2026<\/time><\/span><\/div>\n<\/div>\n<\/div>\n<\/div>\n<div class=\"td-block-span6\">\n<div class=\"td_module_8 td_module_wrap\">\n<div class=\"item-details\">\n<h3 class=\"entry-title td-module-title\"><a href=\"https:\/\/r3media.ro\/dragostea-care-transcende-epoci-descult-in-parc-1967\/\" rel=\"bookmark\" title=\"Dragostea care transcende epoci \u2014 Descul\u021b \u00een parc (1967)\">Dragostea care transcende epoci \u2014 Descul\u021b \u00een parc (1967)<\/a><\/h3>\n<div class=\"td-module-meta-info\"><a href=\"https:\/\/r3media.ro\/category\/opinii\/\" class=\"td-post-category\">OPINII<\/a><span class=\"td-post-author-name\"><a href=\"https:\/\/r3media.ro\/author\/costi_balasoiu\/\">Constantin B\u0103l\u0103\u0219oiu<\/a><span>&#8211;<\/span><\/span><span class=\"td-post-date\"><time class=\"entry-date updated td-module-date\" datetime=\"2026-08-01T13:45:14+03:00\">01\/08\/2026<\/time><\/span><\/div>\n<\/div>\n<\/div>\n<\/div>\n<\/div>\n<\/div>\n<div class=\"td-load-more-wrap td-load-more-infinite-wrap\" id=\"infinite-lm-tdi_20\"><a href=\"https:\/\/r3media.ro\/patriarhul-daniel-duminica-romanilor-migranti-rugaciune-pentru-familiile-despartite\/\" class=\"td_ajax_load_more td_ajax_load_more_js\" aria-label=\"\u00cenc\u0103rca\u021bi mai multe\" id=\"next-page-tdi_20\" data-td_block_id=\"tdi_20\">\u00cenc\u0103rca\u021bi mai multe<\/a><\/div>\n<\/div>\n<div class=\"td_block_wrap tdb_single_comments tdi_21 tdb-comm-layout2 td-pb-border-top td_block_template_1\" data-td-block-uid=\"tdi_21\">\n<div class=\"tdb-block-inner td-fix-index\">\n<div class=\"comments\" id=\"comments\">\n<div id=\"respond\" class=\"comment-respond\">\n<h3 id=\"reply-title\" class=\"comment-reply-title\">AI CEVA DE SPUS? <small><a rel=\"nofollow\" id=\"cancel-comment-reply-link\" href=\"https:\/\/r3media.ro\/patriarhul-daniel-duminica-romanilor-migranti-rugaciune-pentru-familiile-despartite\/#respond\">Renun\u021ba\u021bi la r\u0103spuns<\/a><\/small><\/h3>\n<div class=\"comment-form-input-wrap td-form-comment\">\n<div class=\"td-warning-comment\">V\u0103 rug\u0103m s\u0103 introduce\u021bi comentariul dvs.!<\/div>\n<\/div>\n<div class=\"comment-form-input-wrap td-form-author\">\n<div class=\"td-warning-author\">Introduce\u021bi aici numele dvs.<\/div>\n<\/div>\n<div class=\"comment-form-input-wrap td-form-email\">\n<div class=\"td-warning-email-error\">A\u021bi introdus o adres\u0103 de e-mail incorect\u0103!<\/div>\n<div class=\"td-warning-email\">V\u0103 rug\u0103m s\u0103 introduce\u021bi adresa dvs. de e-mail aici<\/div>\n<\/div>\n<\/div>\n<\/div>\n<\/div>\n<\/div>\n<\/div>\n<\/div>\n<div class=\"vc_column tdi_23  wpb_column vc_column_container tdc-column td-pb-span4 td-is-sticky\">\n<div class=\"wpb_wrapper\" data-sticky-enabled-on=\"W3RydWUsdHJ1ZSx0cnVlLHRydWVd\" data-sticky-offset=\"20\" data-sticky-is-width-auto=\"W2ZhbHNlLGZhbHNlLGZhbHNlLGZhbHNlXQ==\">\n<div class=\"wpb_wrapper td_block_wrap vc_widget_sidebar tdi_25 \">\n<div class=\"td_block_wrap td_block_7 td_block_widget tdi_26 td-pb-border-top td_block_template_1 td-column-1 td_block_padding\" data-td-block-uid=\"tdi_26\">\n<div class=\"td-block-title-wrap\">\n<h4 class=\"block-title td-block-title\"><span class=\"td-pulldown-size\">Articole RELA\u021aIONATE<\/span><\/h4>\n<\/div>\n<div id=\"tdi_26\" class=\"td_block_inner\">\n<div class=\"td-block-span12\">\n<div class=\"td_module_6 td_module_wrap td-animation-stack\">\n<div class=\"td-module-thumb\"><a href=\"https:\/\/r3media.ro\/radu-naum-david-popovici-dialog-rus\/\" rel=\"bookmark\" class=\"td-image-wrap \" title=\"Ziaristul Radu Naum consider\u0103 c\u0103 dialogul amical dintre David Popovici \u0219i adversarul s\u0103u rus ar fi fost \u201eopera\u021biune ruseasc\u0103\u201d de manipulare\"><img loading=\"lazy\" decoding=\"async\" class=\"entry-thumb\" src=\"https:\/\/r3media.ro\/wp-content\/uploads\/2026\/08\/david-popovici-egor-kornev-100x70.webp\" alt title=\"Ziaristul Radu Naum consider\u0103 c\u0103 dialogul amical dintre David Popovici \u0219i adversarul s\u0103u rus ar fi fost \u201eopera\u021biune ruseasc\u0103\u201d de manipulare\" width=\"100\" height=\"70\"><\/a><\/div>\n<div class=\"item-details\">\n<h3 class=\"entry-title td-module-title\"><a href=\"https:\/\/r3media.ro\/radu-naum-david-popovici-dialog-rus\/\" rel=\"bookmark\" title=\"Ziaristul Radu Naum consider\u0103 c\u0103 dialogul amical dintre David Popovici \u0219i adversarul s\u0103u rus ar fi fost \u201eopera\u021biune ruseasc\u0103\u201d de manipulare\">Ziaristul Radu Naum consider\u0103 c\u0103 dialogul amical dintre David Popovici \u0219i&#8230;<\/a><\/h3>\n<div class=\"td-module-meta-info\"><span class=\"td-post-date\"><time class=\"entry-date updated td-module-date\" datetime=\"2026-08-13T14:24:30+03:00\">13\/08\/2026<\/time><\/span><\/div>\n<\/div>\n<\/div>\n<\/div>\n<div class=\"td-block-span12\">\n<div class=\"td_module_6 td_module_wrap td-animation-stack\">\n<div class=\"td-module-thumb\"><a href=\"https:\/\/r3media.ro\/toti-ma-stie-la-fundulea\/\" rel=\"bookmark\" class=\"td-image-wrap \" title=\"\u201eTo\u021bi m\u0103 \u0219tie la Fundulea\u201d!\"><img loading=\"lazy\" decoding=\"async\" class=\"entry-thumb\" src=\"https:\/\/r3media.ro\/wp-content\/uploads\/2026\/08\/Islanda-UE-100x70.jpg\" alt title=\"\u201eTo\u021bi m\u0103 \u0219tie la Fundulea\u201d!\" width=\"100\" height=\"70\"><\/a><\/div>\n<div class=\"item-details\">\n<h3 class=\"entry-title td-module-title\"><a href=\"https:\/\/r3media.ro\/toti-ma-stie-la-fundulea\/\" rel=\"bookmark\" title=\"\u201eTo\u021bi m\u0103 \u0219tie la Fundulea\u201d!\">\u201eTo\u021bi m\u0103 \u0219tie la Fundulea\u201d!<\/a><\/h3>\n<div class=\"td-module-meta-info\"><span class=\"td-post-date\"><time class=\"entry-date updated td-module-date\" datetime=\"2026-08-13T11:27:34+03:00\">13\/08\/2026<\/time><\/span><\/div>\n<\/div>\n<\/div>\n<\/div>\n<div class=\"td-block-span12\">\n<div class=\"td_module_6 td_module_wrap td-animation-stack\">\n<div class=\"td-module-thumb\"><a href=\"https:\/\/r3media.ro\/sri-in-scoli-expert-scuza-monitorizare-radicalizare\/\" rel=\"bookmark\" class=\"td-image-wrap \" title=\"SRI \u00een \u0219coli. Expert: SRI \u0219i \u201eb\u0103e\u021bii\u201d vor folosi aceast\u0103 scuz\u0103 c\u0103 \u201emonitorizeaz\u0103 radicalizarea\u201d ca s\u0103 vin\u0103 dup\u0103 oricine bate la ochi\"><img loading=\"lazy\" decoding=\"async\" class=\"entry-thumb\" src=\"https:\/\/r3media.ro\/wp-content\/uploads\/2026\/02\/supraveghere-mai-spatiu-online-100x70.jpg\" alt title=\"SRI \u00een \u0219coli. Expert: SRI \u0219i \u201eb\u0103e\u021bii\u201d vor folosi aceast\u0103 scuz\u0103 c\u0103 \u201emonitorizeaz\u0103 radicalizarea\u201d ca s\u0103 vin\u0103 dup\u0103 oricine bate la ochi\" width=\"100\" height=\"70\"><\/a><\/div>\n<div class=\"item-details\">\n<h3 class=\"entry-title td-module-title\"><a href=\"https:\/\/r3media.ro\/sri-in-scoli-expert-scuza-monitorizare-radicalizare\/\" rel=\"bookmark\" title=\"SRI \u00een \u0219coli. Expert: SRI \u0219i \u201eb\u0103e\u021bii\u201d vor folosi aceast\u0103 scuz\u0103 c\u0103 \u201emonitorizeaz\u0103 radicalizarea\u201d ca s\u0103 vin\u0103 dup\u0103 oricine bate la ochi\">SRI \u00een \u0219coli. Expert: SRI \u0219i \u201eb\u0103e\u021bii\u201d vor folosi aceast\u0103 scuz\u0103&#8230;<\/a><\/h3>\n<div class=\"td-module-meta-info\"><span class=\"td-post-date\"><time class=\"entry-date updated td-module-date\" datetime=\"2026-08-13T11:20:33+03:00\">13\/08\/2026<\/time><\/span><\/div>\n<\/div>\n<\/div>\n<\/div>\n<div class=\"td-block-span12\">\n<div class=\"td_module_6 td_module_wrap td-animation-stack\">\n<div class=\"td-module-thumb\"><a href=\"https:\/\/r3media.ro\/drona-costinesti-stabilopozi-video\/\" rel=\"bookmark\" class=\"td-image-wrap \" title=\"VIDEO | O dron\u0103 a ajuns la Costine\u0219ti la c\u00e2\u021biva metri de stabilopozi\"><img loading=\"lazy\" decoding=\"async\" class=\"entry-thumb\" src=\"https:\/\/r3media.ro\/wp-content\/uploads\/2026\/07\/plaja-goala-100x70.png\" alt title=\"VIDEO | O dron\u0103 a ajuns la Costine\u0219ti la c\u00e2\u021biva metri de stabilopozi\" width=\"100\" height=\"70\"><\/a><\/div>\n<div class=\"item-details\">\n<h3 class=\"entry-title td-module-title\"><a href=\"https:\/\/r3media.ro\/drona-costinesti-stabilopozi-video\/\" rel=\"bookmark\" title=\"VIDEO | O dron\u0103 a ajuns la Costine\u0219ti la c\u00e2\u021biva metri de stabilopozi\">VIDEO | O dron\u0103 a ajuns la Costine\u0219ti la c\u00e2\u021biva metri&#8230;<\/a><\/h3>\n<div class=\"td-module-meta-info\"><span class=\"td-post-date\"><time class=\"entry-date updated td-module-date\" datetime=\"2026-08-13T10:38:13+03:00\">13\/08\/2026<\/time><\/span><\/div>\n<\/div>\n<\/div>\n<\/div>\n<div class=\"td-block-span12\">\n<div class=\"td_module_6 td_module_wrap td-animation-stack\">\n<div class=\"td-module-thumb\"><a href=\"https:\/\/r3media.ro\/giorgia-meloni-mette-frederiksen-bruxelles-mostenire-crestina\/\" rel=\"bookmark\" class=\"td-image-wrap \" title=\"Giorgia Meloni \u0219i Mette Frederiksen fac front comun \u00eempotriva Bruxelles-ului: Proteja\u021bi mo\u0219tenirea noastr\u0103 cre\u0219tin\u0103\"><img loading=\"lazy\" decoding=\"async\" class=\"entry-thumb\" src=\"https:\/\/r3media.ro\/wp-content\/uploads\/2026\/08\/giorgia-meloni-si-mette-friederiksen-100x70.png\" alt title=\"Giorgia Meloni \u0219i Mette Frederiksen fac front comun \u00eempotriva Bruxelles-ului: Proteja\u021bi mo\u0219tenirea noastr\u0103 cre\u0219tin\u0103\" width=\"100\" height=\"70\"><\/a><\/div>\n<div class=\"item-details\">\n<h3 class=\"entry-title td-module-title\"><a href=\"https:\/\/r3media.ro\/giorgia-meloni-mette-frederiksen-bruxelles-mostenire-crestina\/\" rel=\"bookmark\" title=\"Giorgia Meloni \u0219i Mette Frederiksen fac front comun \u00eempotriva Bruxelles-ului: Proteja\u021bi mo\u0219tenirea noastr\u0103 cre\u0219tin\u0103\">Giorgia Meloni \u0219i Mette Frederiksen fac front comun \u00eempotriva Bruxelles-ului: Proteja\u021bi&#8230;<\/a><\/h3>\n<div class=\"td-module-meta-info\"><span class=\"td-post-date\"><time class=\"entry-date updated td-module-date\" datetime=\"2026-08-13T10:18:29+03:00\">13\/08\/2026<\/time><\/span><\/div>\n<\/div>\n<\/div>\n<\/div>\n<div class=\"td-block-span12\">\n<div class=\"td_module_6 td_module_wrap td-animation-stack\">\n<div class=\"td-module-thumb\"><a href=\"https:\/\/r3media.ro\/video-david-popovici-paris-aur\/\" rel=\"bookmark\" class=\"td-image-wrap \" title=\"VIDEO | David Popovici, rege pentru a treia oar\u0103 la Paris: aur \u0219i record al competi\u021biei la 100 m liber\"><img loading=\"lazy\" decoding=\"async\" class=\"entry-thumb\" src=\"https:\/\/r3media.ro\/wp-content\/uploads\/2026\/08\/david-popovici-100x70.jpeg\" alt title=\"VIDEO | David Popovici, rege pentru a treia oar\u0103 la Paris: aur \u0219i record al competi\u021biei la 100 m liber\" width=\"100\" height=\"70\"><\/a><\/div>\n<div class=\"item-details\">\n<h3 class=\"entry-title td-module-title\"><a href=\"https:\/\/r3media.ro\/video-david-popovici-paris-aur\/\" rel=\"bookmark\" title=\"VIDEO | David Popovici, rege pentru a treia oar\u0103 la Paris: aur \u0219i record al competi\u021biei la 100 m liber\">VIDEO | David Popovici, rege pentru a treia oar\u0103 la Paris:&#8230;<\/a><\/h3>\n<div class=\"td-module-meta-info\"><span class=\"td-post-date\"><time class=\"entry-date updated td-module-date\" datetime=\"2026-08-13T09:55:15+03:00\">13\/08\/2026<\/time><\/span><\/div>\n<\/div>\n<\/div>\n<\/div>\n<div class=\"td-block-span12\">\n<div class=\"td_module_6 td_module_wrap td-animation-stack\">\n<div class=\"td-module-thumb\"><a href=\"https:\/\/r3media.ro\/blocul-national-sindical-bns-nicusor-dan-referendum-revizuirea-constitutiei\/\" rel=\"bookmark\" class=\"td-image-wrap \" title=\"Blocul Na\u021bional Sindical (BNS) \u00eei solicit\u0103 lui Nicu\u0219or Dan s\u0103 ini\u021bieze referendum na\u021bional pentru revizuirea Constitu\u021biei\"><img loading=\"lazy\" decoding=\"async\" class=\"entry-thumb\" src=\"https:\/\/r3media.ro\/wp-content\/uploads\/2025\/06\/nicusor-dan-e1781590710985-100x70.png\" alt title=\"Blocul Na\u021bional Sindical (BNS) \u00eei solicit\u0103 lui Nicu\u0219or Dan s\u0103 ini\u021bieze referendum na\u021bional pentru revizuirea Constitu\u021biei\" width=\"100\" height=\"70\"><\/a><\/div>\n<div class=\"item-details\">\n<h3 class=\"entry-title td-module-title\"><a href=\"https:\/\/r3media.ro\/blocul-national-sindical-bns-nicusor-dan-referendum-revizuirea-constitutiei\/\" rel=\"bookmark\" title=\"Blocul Na\u021bional Sindical (BNS) \u00eei solicit\u0103 lui Nicu\u0219or Dan s\u0103 ini\u021bieze referendum na\u021bional pentru revizuirea Constitu\u021biei\">Blocul Na\u021bional Sindical (BNS) \u00eei solicit\u0103 lui Nicu\u0219or Dan s\u0103 ini\u021bieze&#8230;<\/a><\/h3>\n<div class=\"td-module-meta-info\"><span class=\"td-post-date\"><time class=\"entry-date updated td-module-date\" datetime=\"2026-08-12T14:36:36+03:00\">12\/08\/2026<\/time><\/span><\/div>\n<\/div>\n<\/div>\n<\/div>\n<\/div>\n<\/div>\n<aside class=\"td_block_template_1 widget widget_recent_comments\">\n<h4 class=\"block-title\"><span>INTR\u0102 \u00ceN DISCU\u021aIE!<\/span><\/h4>\n<ul id=\"recentcomments\">\n<li class=\"recentcomments\"><span class=\"comment-author-link\">Dan C.<\/span> la <a href=\"https:\/\/r3media.ro\/trotinetele-electrice-interzise-cernauti\/#comment-40378\">Trotinetele electrice au fost interzise la Cern\u0103u\u021bi<\/a><\/li>\n<li class=\"recentcomments\"><span class=\"comment-author-link\">Nicu<\/span> la <a href=\"https:\/\/r3media.ro\/procedura-oprire-controlata-unitatea-2-reactor-nuclear-cernavoda-scufundare-barje-detonare-stanci\/#comment-40377\">Unitatea 2 de la Centrala Nuclear\u0103 Cernavod\u0103 a intrat \u00een procedura de oprire controlat\u0103. Scufundarea barjelor \u0219i detonarea st\u00e2ncilor de pe Dun\u0103re au avut efect zero<\/a><\/li>\n<li class=\"recentcomments\"><span class=\"comment-author-link\">Mihaela D\u00e2ru<\/span> la <a href=\"https:\/\/r3media.ro\/film-nou-stapanul-inelelor-corect-politic-regizor-andy-serkis-diversitate-tolkien-mitologie-nordica\/#comment-40376\">Noul film \u201eSt\u0103p\u00e2nul Inelelor\u201d nu va fi corect politic. Regizorul Andy Serkis: J.R.R. Tolkien a fost influen\u021bat de mitologia nordic\u0103. Nu vrem o distribu\u021bie de dragul de a bifa c\u0103su\u021be<\/a><\/li>\n<li class=\"recentcomments\"><span class=\"comment-author-link\">Dan<\/span> la <a href=\"https:\/\/r3media.ro\/procedura-oprire-controlata-unitatea-2-reactor-nuclear-cernavoda-scufundare-barje-detonare-stanci\/#comment-40375\">Unitatea 2 de la Centrala Nuclear\u0103 Cernavod\u0103 a intrat \u00een procedura de oprire controlat\u0103. Scufundarea barjelor \u0219i detonarea st\u00e2ncilor de pe Dun\u0103re au avut efect zero<\/a><\/li>\n<li class=\"recentcomments\"><span class=\"comment-author-link\">E.T.<\/span> la <a href=\"https:\/\/r3media.ro\/papi-si-conclavuri-traditie-si-anticlericalism-in-cinema-cei-doi-papi-si-conclavul\/#comment-40374\">Papi \u0219i conclavuri, tradi\u021bie \u0219i anticlericalism \u00een cinema: Cei doi papi \u0219i Conclavul<\/a><\/li>\n<li class=\"recentcomments\"><span class=\"comment-author-link\">Cet\u0103\u021bean<\/span> la <a href=\"https:\/\/r3media.ro\/romania-grupuri-carbune-turceni-craiova-securitate-energetica\/#comment-40373\">Rom\u00e2nia nu va \u00eenchide grupurile pe c\u0103rbune de la Turceni \u0219i Craiova la sf\u00e2r\u0219itul lunii, din cauza riscurilor la adresa securit\u0103\u021bii energetice<\/a><\/li>\n<li class=\"recentcomments\"><span class=\"comment-author-link\">Cet\u0103\u021bean<\/span> la <a href=\"https:\/\/r3media.ro\/dr-pavel-chirila-distinctie-episcopia-caransebesului\/#comment-40372\">Dr. Pavel Chiril\u0103 a fost distins cu cea mai \u00eenalt\u0103 distinc\u021bie pentru mireni a Episcopiei Caransebe\u0219ului<\/a><\/li>\n<\/ul>\n<\/aside>\n<aside class=\"td_block_template_1 widget widget_search\">\n<h4 class=\"block-title\"><span>CAUT\u0102 \u0218I VEI G\u0102SI<\/span><\/h4>\n<\/aside>\n<\/div>\n<\/div>\n<\/div>\n<\/div>\n<\/div>\n<\/div>\n<\/div>\n<p><span class=\"td-page-meta\"><\/span><span class=\"td-page-meta\"><span class=\"td-page-meta\"><\/span><\/span><span class=\"td-page-meta\"><\/span><\/article>\n<\/p>\n<div class=\"td_block_wrap tdb_single_content tdi_18 td-pb-border-top td_block_template_1 td-post-content tagdiv-type\" data-td-block-uid=\"tdi_18\">\n<div class=\"tdb-block-inner td-fix-index\">\n<p><strong>PF Daniel, Patriarhul Bisericii Ortodoxe Rom\u00e2ne, a transmis un mesaj cu prilejul Duminicii migran\u021bilor rom\u00e2ni, care va fi marcat\u0103 duminic\u0103, 16 august 2026.<\/strong><\/p>\n<p>Textul, intitulat \u201e\u00cen biseric\u0103, rom\u00e2nii din str\u0103in\u0103tate se simt ca acas\u0103\u201d, a fost f\u0103cut public printr-un comunicat al Patriarhiei Rom\u00e2ne trimis pe adresa R3media.<\/p>\n<p>Ziua este dedicat\u0103 rug\u0103ciunii \u0219i comuniunii cu rom\u00e2nii afla\u021bi departe de \u021bar\u0103 \u0219i se celebreaz\u0103 anual \u00een prima duminic\u0103 de dup\u0103 s\u0103rb\u0103toarea Adormirii Maicii Domnului. A fost instituit\u0103 prin hot\u0103r\u00e2rea Sf\u00e2ntului Sinod \u00een 2009, continu\u00e2nd o ini\u021biativ\u0103 \u00eenceput\u0103 \u00een 2006 \u00een Mitropolia Moldovei \u0219i Bucovinei, ca form\u0103 de grij\u0103 pastoral\u0103 fa\u021b\u0103 de milioanele de rom\u00e2ni care tr\u0103iesc \u0219i lucreaz\u0103 \u00een afara Rom\u00e2niei.<\/p>\n<p>Mesajul de anul acesta este construit \u00een jurul temei familiei, \u00een contextul \u00een care Sf\u00e2ntul Sinod a proclamat 2026 drept Anul omagial al pastora\u021biei familiei cre\u0219tine \u0219i Anul comemorativ al sfintelor femei din calendar.<\/p>\n<p>\u201eTr\u0103im \u00eentr-o vreme \u00een care institu\u021bia familiei, at\u00e2t \u00een \u021bar\u0103, c\u00e2t \u0219i \u00een diaspora, se confrunt\u0103 cu provoc\u0103ri multiple\u201d, constat\u0103 Patriarhul, care adaug\u0103 c\u0103 rolul familiei \u00een Biseric\u0103 \u0219i \u00een societate \u201enecesit\u0103 o \u00een\u021belegere \u0219i o apreciere mai profunde\u201d.<\/p>\n<p>\u00centre direc\u021biile pastorale enumerate se num\u0103r\u0103 educa\u021bia cre\u0219tin\u0103 a copiilor, preg\u0103tirea tinerilor pentru c\u0103s\u0103torie \u0219i \u00eent\u0103rirea leg\u0103turilor dintre membrii familiei.<\/p>\n<p>\u00cent\u00e2ist\u0103t\u0103torul BOR precizeaz\u0103 c\u0103 \u201eBiserica se roag\u0103 pentru familiile desp\u0103r\u021bite de distan\u021be, pentru copiii r\u0103ma\u0219i acas\u0103, pentru p\u0103rin\u021bii care \u00ee\u0219i a\u0219teapt\u0103 fiii \u0219i fiicele\u201d \u0219i pentru to\u021bi cei care poart\u0103 dorul locurilor natale.<\/p>\n<p>El aminte\u0219te c\u0103 experien\u021ba str\u0103mut\u0103rii apare \u0219i \u00een istoria biblic\u0103 \u2014 chemarea lui Avraam, via\u021ba lui Iosif departe de casa p\u0103rinteasc\u0103, exilul poporului ales \u2014 \u0219i c\u0103 M\u00e2ntuitorul \u00censu\u0219i a luat, \u00een copil\u0103rie, calea Egiptului, \u00eempreun\u0103 cu Fecioara Maria \u0219i Dreptul Iosif.<\/p>\n<p>\u201eBiserica prive\u0219te cu iubire \u0219i responsabilitate spre to\u021bi cei care tr\u0103iesc departe de patria lor, \u0219tiind c\u0103 Dumnezeu este aproape de fiecare om aflat printre str\u0103ini\u201d, se arat\u0103 \u00een mesaj.<\/p>\n<p>Un capitol distinct este dedicat parohiilor ortodoxe rom\u00e2ne\u0219ti din afara \u021b\u0103rii, care, potrivit Patriarhului, \u201eau devenit adev\u0103rate c\u0103mine duhovnice\u0219ti, locuri \u00een care credin\u021ba ortodox\u0103, limba rom\u00e2n\u0103 \u0219i tradi\u021biile rom\u00e2ne\u0219ti sunt p\u0103strate \u0219i transmise copiilor \u0219i tinerilor\u201d.<\/p>\n<p>Activitatea pastoral\u0103, liturgic\u0103, filantropic\u0103 \u0219i cultural\u0103 a Bisericii \u00een diaspora este prezentat\u0103 drept un factor care sus\u021bine unitatea familiei \u0219i dialogul cu valorile spirituale \u0219i culturale ale \u021b\u0103rilor-gazd\u0103.<\/p>\n<p>Patriarhul \u00ee\u0219i exprim\u0103 dorin\u021ba ca familiile rom\u00e2nilor din str\u0103in\u0103tate \u201es\u0103 nasc\u0103 \u0219i s\u0103 creasc\u0103 oameni credincio\u0219i, harnici \u0219i darnici, iubitori ai spiritualit\u0103\u021bii rom\u00e2ne\u0219ti \u0219i promotori ai prieteniei \u00eentre popoare\u201d.<\/p>\n<p>\u00cen final, \u00eei \u00eendeamn\u0103 pe cei r\u0103ma\u0219i \u00een \u021bar\u0103 s\u0103 p\u0103streze vie leg\u0103tura sufleteasc\u0103 cu cei pleca\u021bi: \u201eS\u0103 \u00eei purt\u0103m \u00een rug\u0103ciune, s\u0103 \u00eei primim pe to\u021bi cu dragoste c\u00e2nd se \u00eentorc acas\u0103\u201d.<\/p>\n<p>Mesajul se \u00eencheie cu o rug\u0103ciune pentru rom\u00e2nii din afara Rom\u00e2niei, c\u0103rora Patriarhul le dore\u0219te \u201epace \u0219i s\u0103n\u0103tate, bucurie \u0219i speran\u021b\u0103, statornicie \u00een credin\u021ba ortodox\u0103 \u0219i comuniune fr\u0103\u021beasc\u0103\u201d.<\/p>\n<div class=\"crp_related     crp-masonry\">\n<h2>\u00ceN CONTEXT<\/h2>\n<ul>\n<li><a href=\"https:\/\/r3media.ro\/cu-mahnire-despre-masina-de-pulverizat-sfinti-pe-pereti\/\" class=\"crp_link post-114470\"><span class=\"crp_title\">CU M\u00c2HNIRE, DESPRE MA\u0218INA DE PULVERIZAT SFIN\u021aI PE PERE\u021aI<\/span><\/a><\/li>\n<li><a href=\"https:\/\/r3media.ro\/patriarhul-daniel-familie-confort-egoist-criza-demografica-influenta-ecrane-copii\/\" class=\"crp_link post-116904\"><span class=\"crp_title\">Patriarhul Daniel, despre criza familiei: confortul egoist a dus la pr\u0103bu\u0219irea demografic\u0103.\u2026<\/span><\/a><\/li>\n<li><a href=\"https:\/\/r3media.ro\/suedia-autoritati-parinti-fara-telefoane-copii-patriarhul-daniel\/\" class=\"crp_link post-117464\"><span class=\"crp_title\">Suedia: Autorit\u0103\u021bile \u00eendeamn\u0103 p\u0103rin\u021bii s\u0103 lase telefoanele c\u00e2nd sunt cu copiii. \u0218i\u2026<\/span><\/a><\/li>\n<li><a href=\"https:\/\/r3media.ro\/30-septembrie-alegerea-pf-daniel-ca-patriarh-al-romaniei\/\" class=\"crp_link post-2403\"><span class=\"crp_title\">30 septembrie: 18 ani de la alegerea PF Daniel ca Patriarh al Rom\u00e2niei<\/span><\/a><\/li>\n<li><a href=\"https:\/\/r3media.ro\/patriarhul-daniel-romanii-iubesc-traditia-crestina-bimilenara-ideologie-filozofie\/\" class=\"crp_link post-118283\"><span class=\"crp_title\">Patriarhul Daniel: Rom\u00e2nii iubesc tradi\u021bia lor cre\u0219tin\u0103 bimilenar\u0103 mai mult dec\u00e2t orice\u2026<\/span><\/a><\/li>\n<li><a href=\"https:\/\/r3media.ro\/1-iunie-ziua-copilului\/\" class=\"crp_link post-21640\"><span class=\"crp_title\">1 iunie, Ziua Copilului: 7 sfaturi ale Patriarhului Daniel cu privire la educa\u021bia copiilor<\/span><\/a><\/li>\n<li><a href=\"https:\/\/r3media.ro\/contradictiile-catedralei\/\" class=\"crp_link post-113815\"><span class=\"crp_title\">Contradic\u021biile Catedralei<\/span><\/a><\/li>\n<li><a href=\"https:\/\/r3media.ro\/video-romanii-din-diaspora-facut-dreptate-in-felul-lor-cumparat-bilete-concerte-delia-madrid-valencia-artista-anulare\/\" class=\"crp_link post-114294\"><span class=\"crp_title\">VIDEO | Rom\u00e2nii din diaspora \u0219i-au f\u0103cut dreptate \u00een felul lor: Nu au cump\u0103rat bilete la\u2026<\/span><\/a><\/li>\n<\/ul>\n<\/div>\n<\/div>\n<\/div>\n<p>[analyse_source url=&#8221;https:\/\/r3media.ro\/patriarhul-daniel-duminica-romanilor-migranti-rugaciune-pentru-familiile-despartite\/&#8221;]<\/p>\n","protected":false},"excerpt":{"rendered":"<p>[analyse_image type=&#8221;featured&#8221; src=&#8221;https:\/\/r3media.ro\/wp-content\/uploads\/2020\/09\/scrisoare-catre-patriarhul-daniel.jpghttps:\/\/r3media.ro\/wp-content\/uploads\/2020\/09\/scrisoare-catre-patriarhul-daniel.jpg&#8221;] PRIM PLANPatriarhul Daniel, mesaj la Duminica rom\u00e2nilor migran\u021bi: Rug\u0103ciune pentru familiile desp\u0103r\u021bite de&#8230; PRIM PLAN\u0218TIRI Patriarhul Daniel, mesaj la Duminica rom\u00e2nilor migran\u021bi: Rug\u0103ciune pentru familiile desp\u0103r\u021bite de distan\u021be Redac\u021bia 13\/08\/2026 Sursa foto: Radio Rena\u0219terea PF Daniel, Patriarhul Bisericii Ortodoxe Rom\u00e2ne, a transmis un mesaj cu prilejul Duminicii migran\u021bilor rom\u00e2ni, care va fi [&hellip;]<\/p>\n","protected":false},"author":1,"featured_media":0,"comment_status":"open","ping_status":"","sticky":false,"template":"","format":"standard","meta":{"footnotes":""},"categories":[89],"tags":[226,93],"class_list":["post-2091439","post","type-post","status-publish","format-standard","hentry","category-romania","tag-crawlmanager","tag-r3media-ro"],"_links":{"self":[{"href":"https:\/\/analyse.optim.biz\/index.php?rest_route=\/wp\/v2\/posts\/2091439","targetHints":{"allow":["GET"]}}],"collection":[{"href":"https:\/\/analyse.optim.biz\/index.php?rest_route=\/wp\/v2\/posts"}],"about":[{"href":"https:\/\/analyse.optim.biz\/index.php?rest_route=\/wp\/v2\/types\/post"}],"author":[{"embeddable":true,"href":"https:\/\/analyse.optim.biz\/index.php?rest_route=\/wp\/v2\/users\/1"}],"replies":[{"embeddable":true,"href":"https:\/\/analyse.optim.biz\/index.php?rest_route=%2Fwp%2Fv2%2Fcomments&post=2091439"}],"version-history":[{"count":0,"href":"https:\/\/analyse.optim.biz\/index.php?rest_route=\/wp\/v2\/posts\/2091439\/revisions"}],"wp:attachment":[{"href":"https:\/\/analyse.optim.biz\/index.php?rest_route=%2Fwp%2Fv2%2Fmedia&parent=2091439"}],"wp:term":[{"taxonomy":"category","embeddable":true,"href":"https:\/\/analyse.optim.biz\/index.php?rest_route=%2Fwp%2Fv2%2Fcategories&post=2091439"},{"taxonomy":"post_tag","embeddable":true,"href":"https:\/\/analyse.optim.biz\/index.php?rest_route=%2Fwp%2Fv2%2Ftags&post=2091439"}],"curies":[{"name":"wp","href":"https:\/\/api.w.org\/{rel}","templated":true}]}}