{"id":2091438,"date":"2026-08-13T07:30:59","date_gmt":"2026-08-13T04:30:59","guid":{"rendered":"https:\/\/analyse.optim.biz\/?p=2091438"},"modified":"2026-08-13T07:30:59","modified_gmt":"2026-08-13T04:30:59","slug":"sofer-retinut-dupa-ce-a-produs-accident-cu-o-alcoolemie-la-volan-de-peste-4-miligrame-alcool-in-sange","status":"publish","type":"post","link":"https:\/\/analyse.optim.biz\/?p=2091438","title":{"rendered":"\u0218ofer re\u021binut dup\u0103 ce a produs accident cu o alcoolemie la volan de peste 4 miligrame alcool \u00een s\u00e2nge &#8211;"},"content":{"rendered":"<p>[analyse_image type=&#8221;featured&#8221; src=&#8221;https:\/\/www.informatiata.ro\/wp-content\/uploads\/2026\/08\/control-pol.jpg&#8221;]<\/p>\n<div class=\"td-post-content tagdiv-type\">\n<div class=\"td-post-featured-image\"><a href=\"https:\/\/www.informatiata.ro\/wp-content\/uploads\/2026\/08\/control-pol.jpg\" data-caption><img loading=\"lazy\" decoding=\"async\" width=\"696\" height=\"1239\" class=\"entry-thumb td-modal-image\" src=\"https:\/\/www.informatiata.ro\/wp-content\/uploads\/2026\/08\/control-pol-696x1239.jpg\" alt title=\"control pol\"><\/a><\/div>\n<p>\u0218ofer re\u021binut dup\u0103 ce a produs accident cu o alcoolemie la volan de peste 4 miligrame alcool \u00een s\u00e2nge. Este vorba despre un b\u0103rbat de 47 de ani, din Siret.<\/p>\n<p>Poli\u021bi\u0219tii din cadrul Poli\u021biei Ora\u0219ului Siret au re\u021binut \u00een arest un \u0219ofer 47 de ani, din Siret pentru conducerea unui vehicul \u00een stare avansat\u0103 de ebrietate, dup\u0103 administrarea materialului probator, inclusiv a buletinului toxicologic transmis de Serviciul Medicin\u0103 Legal\u0103, prin care s-a stabilit c\u0103 \u0219oferul avea la prima prob\u0103 o alcoolemie de <strong>4,19 mg\/l alcool pur \u00een s\u00e2nge<\/strong>, iar la proba a doua<strong> 4,02 mg\/l alcool pur \u00een s\u00e2nge.<\/strong><\/p>\n<div class=\"td-a-rec td-a-rec-id-content_inlineright  tdi_7 td_block_template_1\"><img loading=\"lazy\" decoding=\"async\" class=\"aligncenter size-full wp-image-65868\" src=\"https:\/\/www.informatiata.ro\/wp-content\/uploads\/2026\/08\/SAVCOM-5.gif\" alt width=\"299\" height=\"250\"><img loading=\"lazy\" decoding=\"async\" class=\"aligncenter size-full wp-image-65868\" src=\"https:\/\/www.informatiata.ro\/wp-content\/uploads\/2026\/08\/SAVCOM-5.gif\" alt width=\"299\" height=\"250\"><img loading=\"lazy\" decoding=\"async\" class=\"aligncenter size-full wp-image-65869\" src=\"https:\/\/www.informatiata.ro\/wp-content\/uploads\/2026\/08\/FACOS-4.gif\" alt width=\"300\" height=\"250\"><img loading=\"lazy\" decoding=\"async\" class=\"aligncenter size-full wp-image-65869\" src=\"https:\/\/www.informatiata.ro\/wp-content\/uploads\/2026\/08\/FACOS-4.gif\" alt width=\"300\" height=\"250\"><\/div>\n<p>La nivelul Poli\u021biei ora\u0219ului Siret s-a constituit escort\u0103 care l-a transportat pe suspect la C.R.A.P. din cadrul I.P.J. Suceava.<\/p>\n<p>Anterior, la 09.08.2026, ora 00:35, lucr\u0103torii Poli\u021biei Ora\u0219ului Siret, au fost sesiza\u021bi prin SNUAU 112 cu privire la faptul c\u0103 un autoturism a acro\u0219at un vehicul parcat \u0219i un gard \u00een Siret, strada 28 Noiembrie.<\/p>\n<p>Patrula de siguran\u021b\u0103 public\u0103 s-a deplasat la fa\u021ba locului ocazie cu care a fost identificat un b\u0103rbat de 47 de ani, din Siret, care a condus autoturismul proprietate persoanal\u0103 marca Ford S-max pe strada 28 Noiembrie \u00een direc\u021bia de mers dinspre zona central\u0103 a ora\u0219ului Siret c\u0103tre comuna Mu\u0219eni\u021ba, condi\u021bii \u00een care a acro\u0219at frontal un autoturism BMW parcat regulamentar. Ambele vehicule au fost avariate.<\/p>\n<p>Ulterior, b\u0103rbatul \u0219i-a continuat deplasarea \u0219i a parcat autoturismul marca Ford \u00eentr-o parcare din zona \u0218colii de soferi Siret, \u0219i a \u00eencercat s\u0103 mearg\u0103 c\u0103tre locuin\u021ba sa, \u00eens\u0103 din cauza st\u0103rii de ebrietate a c\u0103zut lovindu-se \u00een zona fe\u021bei.<\/p>\n<p>Pentrui c\u0103 individul era r\u0103nit, la fa\u021ba locului a fost solicitat\u0103 interven\u021bia unui echipaj de ambulan\u021b\u0103 pentru acordarea de \u00eengrijiri medicale.<\/p>\n<p>El a fost testat cu aparatul alcooltest, rezult\u00e2nd o valoare de 1,99 mg\/l alcool pur \u00een aerul expirat.<\/p>\n<p>Av\u00e2nd \u00een vedere leziunile suferite \u00een urma c\u0103z\u0103turii precum \u0219i rezultaul test\u0103rii cu aparatul etilometru, \u0219oferul a fost transportat de c\u0103tre echipajul de ambulan\u021b\u0103 la spital pentru acordarea de \u00eengrijiri medicale \u0219i pentru recoltarea de probe biologice de s\u00e2nge \u00een vederea stabilirii cu exactitate a alcoolemiei.<\/p>\n<p>\u00cen cauz\u0103 s-a \u00eentocmit dosar penal cu privire la s\u0103v\u00e2r\u0219irea infrac\u021biunii de \u201eConducerea unui vehicul sub influen\u0163a alcoolului sau a altor substan\u0163e\u201d.<\/p>\n<p>\u00a0<\/p>\n<p>\u00a0<\/p>\n<p>\u00a0<\/p>\n<blockquote>\n<p>\u00a0<\/p>\n<\/blockquote>\n<div class=\"td-a-rec td-a-rec-id-content_bottom  td-rec-hide-on-m tdi_8 td_block_template_1\"><img loading=\"lazy\" decoding=\"async\" class=\"aligncenter size-full wp-image-65603\" src=\"https:\/\/www.informatiata.ro\/wp-content\/uploads\/2026\/07\/SAVCOM-19.gif\" alt width=\"299\" height=\"250\"><img loading=\"lazy\" decoding=\"async\" class=\"aligncenter size-full wp-image-65603\" src=\"https:\/\/www.informatiata.ro\/wp-content\/uploads\/2026\/07\/SAVCOM-19.gif\" alt width=\"299\" height=\"250\"><img loading=\"lazy\" decoding=\"async\" class=\"aligncenter size-full wp-image-65604\" src=\"https:\/\/www.informatiata.ro\/wp-content\/uploads\/2026\/07\/FACOS-16.gif\" alt width=\"300\" height=\"250\"><img loading=\"lazy\" decoding=\"async\" class=\"aligncenter size-full wp-image-65604\" src=\"https:\/\/www.informatiata.ro\/wp-content\/uploads\/2026\/07\/FACOS-16.gif\" alt width=\"300\" height=\"250\"><\/div>\n<\/div>\n<p>[analyse_source url=&#8221;https:\/\/www.informatiata.ro\/sofer-retinut-pt-alcoolemie-uriasa-accident\/&#8221;]<\/p>\n","protected":false},"excerpt":{"rendered":"<p>[analyse_image type=&#8221;featured&#8221; src=&#8221;https:\/\/www.informatiata.ro\/wp-content\/uploads\/2026\/08\/control-pol.jpg&#8221;] \u0218ofer re\u021binut dup\u0103 ce a produs accident cu o alcoolemie la volan de peste 4 miligrame alcool \u00een s\u00e2nge. Este vorba despre un b\u0103rbat de 47 de ani, din Siret. Poli\u021bi\u0219tii din cadrul Poli\u021biei Ora\u0219ului Siret au re\u021binut \u00een arest un \u0219ofer 47 de ani, din Siret pentru conducerea unui vehicul \u00een [&hellip;]<\/p>\n","protected":false},"author":1,"featured_media":0,"comment_status":"open","ping_status":"","sticky":false,"template":"","format":"standard","meta":{"footnotes":""},"categories":[89],"tags":[226,167],"class_list":["post-2091438","post","type-post","status-publish","format-standard","hentry","category-romania","tag-crawlmanager","tag-informatiata-ro"],"_links":{"self":[{"href":"https:\/\/analyse.optim.biz\/index.php?rest_route=\/wp\/v2\/posts\/2091438","targetHints":{"allow":["GET"]}}],"collection":[{"href":"https:\/\/analyse.optim.biz\/index.php?rest_route=\/wp\/v2\/posts"}],"about":[{"href":"https:\/\/analyse.optim.biz\/index.php?rest_route=\/wp\/v2\/types\/post"}],"author":[{"embeddable":true,"href":"https:\/\/analyse.optim.biz\/index.php?rest_route=\/wp\/v2\/users\/1"}],"replies":[{"embeddable":true,"href":"https:\/\/analyse.optim.biz\/index.php?rest_route=%2Fwp%2Fv2%2Fcomments&post=2091438"}],"version-history":[{"count":0,"href":"https:\/\/analyse.optim.biz\/index.php?rest_route=\/wp\/v2\/posts\/2091438\/revisions"}],"wp:attachment":[{"href":"https:\/\/analyse.optim.biz\/index.php?rest_route=%2Fwp%2Fv2%2Fmedia&parent=2091438"}],"wp:term":[{"taxonomy":"category","embeddable":true,"href":"https:\/\/analyse.optim.biz\/index.php?rest_route=%2Fwp%2Fv2%2Fcategories&post=2091438"},{"taxonomy":"post_tag","embeddable":true,"href":"https:\/\/analyse.optim.biz\/index.php?rest_route=%2Fwp%2Fv2%2Ftags&post=2091438"}],"curies":[{"name":"wp","href":"https:\/\/api.w.org\/{rel}","templated":true}]}}