{"id":2091434,"date":"2026-08-13T07:18:29","date_gmt":"2026-08-13T04:18:29","guid":{"rendered":"https:\/\/analyse.optim.biz\/?p=2091434"},"modified":"2026-08-13T07:18:29","modified_gmt":"2026-08-13T04:18:29","slug":"giorgia-meloni-si-mette-frederiksen-fac-front-comun-impotriva-bruxelles-ului-protejati-mostenirea-noastra-crestina","status":"publish","type":"post","link":"https:\/\/analyse.optim.biz\/?p=2091434","title":{"rendered":"Giorgia Meloni \u0219i Mette Frederiksen fac front comun \u00eempotriva Bruxelles-ului: Proteja\u021bi mo\u0219tenirea noastr\u0103 cre\u0219tin\u0103"},"content":{"rendered":"<p>[analyse_image type=&#8221;featured&#8221; src=&#8221;https:\/\/r3media.ro\/wp-content\/uploads\/2026\/08\/giorgia-meloni-si-mette-friederiksen-e1786605497184.pnghttps:\/\/r3media.ro\/wp-content\/uploads\/2026\/08\/giorgia-meloni-si-mette-friederiksen-e1786605497184.png&#8221;]<\/p>\n<article id=\"template-id-109\" class=\"post-109 tdb_templates type-tdb_templates status-publish post\">\n<div id=\"tdi_2\" class=\"tdc-zone\">\n<div class=\"tdc_zone tdi_3  wpb_row td-pb-row\">\n<div id=\"tdi_4\" class=\"tdc-row\">\n<div class=\"vc_row tdi_5  wpb_row td-pb-row\">\n<div class=\"vc_column tdi_7  wpb_column vc_column_container tdc-column td-pb-span8\">\n<div class=\"wpb_wrapper\">\n<div class=\"td_block_wrap tdb_breadcrumbs tdi_8 td-pb-border-top td_block_template_1 tdb-breadcrumbs \" data-td-block-uid=\"tdi_8\">\n<div class=\"tdb-block-inner td-fix-index\"><span><a title=\"Vede\u021bi toate articolele \u00een FEATURED\" class=\"tdb-entry-crumb\" href=\"https:\/\/r3media.ro\/category\/featured\/\">FEATURED<\/a><\/span><span class=\"tdb-bred-no-url-last\">Giorgia Meloni \u0219i Mette Frederiksen fac front comun \u00eempotriva Bruxelles-ului: Proteja\u021bi mo\u0219tenirea&#8230;<\/span><\/div>\n<\/div>\n<div class=\"td_block_wrap tdb_single_categories tdi_9 td-pb-border-top td_block_template_1 \" data-td-block-uid=\"tdi_9\">\n<div class=\"tdb-category td-fix-index\"><a class=\"tdb-entry-category\" href=\"https:\/\/r3media.ro\/category\/featured\/\">FEATURED<\/a><a class=\"tdb-entry-category\" href=\"https:\/\/r3media.ro\/category\/stiri\/\">\u0218TIRI<\/a><\/div>\n<\/div>\n<div class=\"td_block_wrap tdb_title tdi_10 tdb-single-title td-pb-border-top td_block_template_1\" data-td-block-uid=\"tdi_10\">\n<div class=\"tdb-block-inner td-fix-index\">\n<h1 class=\"tdb-title-text\">Giorgia Meloni \u0219i Mette Frederiksen fac front comun \u00eempotriva Bruxelles-ului: Proteja\u021bi mo\u0219tenirea noastr\u0103 cre\u0219tin\u0103<\/h1>\n<\/div>\n<\/div>\n<div class=\"vc_row_inner tdi_12  vc_row vc_inner wpb_row td-pb-row\">\n<div class=\"vc_column_inner tdi_14  wpb_column vc_column_container tdc-inner-column td-pb-span12\">\n<div class=\"vc_column-inner\">\n<div class=\"wpb_wrapper\">\n<div class=\"td_block_wrap tdb_single_author tdi_15 td-pb-border-top td_block_template_1 tdb-post-meta\" data-td-block-uid=\"tdi_15\">\n<div class=\"tdb-block-inner td-fix-index\">\n<div class=\"tdb-author-name-wrap\"><a class=\"tdb-author-name\" href=\"https:\/\/r3media.ro\/author\/oana\/\">Oana Ivan<\/a><\/div>\n<\/div>\n<\/div>\n<div class=\"td_block_wrap tdb_single_date tdi_16 td-pb-border-top td_block_template_1 tdb-post-meta\" data-td-block-uid=\"tdi_16\">\n<div class=\"tdb-block-inner td-fix-index\"><time class=\"entry-date updated td-module-date\" datetime=\"2026-08-13T10:18:29+03:00\">13\/08\/2026<\/time><\/div>\n<\/div>\n<\/div>\n<\/div>\n<\/div>\n<\/div>\n<div class=\"td_block_wrap tdb_single_featured_image tdi_17 tdb-content-horiz-left td-pb-border-top td_block_template_1\" data-td-block-uid=\"tdi_17\">\n<div class=\"tdb-block-inner td-fix-index\">\n<figure><figcaption class=\"tdb-caption-text\">Surs\u0103 &#8211; Giorgia Meloni<\/figcaption><\/figure>\n<\/div>\n<\/div>\n<div class=\"td_block_wrap tdb_single_content tdi_18 td-pb-border-top td_block_template_1 td-post-content tagdiv-type\" data-td-block-uid=\"tdi_18\">\n<div class=\"tdb-block-inner td-fix-index\">\n<p><strong>Premierii Italiei \u0219i Danemarcei, <a href=\"https:\/\/r3media.ro\/tag\/giorgia-meloni\/\" target=\"_blank\" rel=\"noopener\">Giorgia Meloni<\/a> \u0219i Mette Frederiksen, au f\u0103cut un apel comun pentru o abordare european\u0103 mai dur\u0103 a migra\u021biei, conform <a href=\"https:\/\/europeanconservative.com\/articles\/news\/protect-our-christian-heritage-italian-and-danish-pms-rally-europe-against-mass-migration\/\" target=\"_blank\" rel=\"noopener\">European Conservative<\/a>.<\/strong><\/p>\n<p>Chiar dac\u0103 au viziuni politice diferite, cele dou\u0103 au transmis \u201eUn mesaj comun pentru Europa\u201d, pe 10 august. Ele au declarat c\u0103 Europa trebuie s\u0103 limiteze imigra\u021bia necontrolat\u0103 \u0219i s\u0103-\u0219i apere mo\u0219tenirea cultural\u0103 cre\u0219tin\u0103.<\/p>\n<p>\u201eNu accept\u0103m imigra\u021bia necontrolat\u0103 \u00een Europa\u201d, au scris cele dou\u0103.<\/p>\n<p>Interven\u021bia vine \u00een urma unei scrisori conduse de Danemarca \u0219i Italia, semnat\u0103 de 22 de state membre ale UE, dup\u0103 ce aproximativ <a href=\"https:\/\/r3media.ro\/spania-asediu-migranti-exclava-ceuta-africa-madrid-trupe-securitate-video\/\" target=\"_blank\" rel=\"noopener\"><strong>60.000 de migran\u021bi au intrat \u00een Ceuta<\/strong><\/a>. Scrisoarea respectiv\u0103 a criticat politicile spaniole de imigra\u021bie \u0219i a avertizat c\u0103 disputa ar putea amenin\u021ba spa\u021biul Schengen.<\/p>\n<h2><strong>Giorgia Meloni \u0219i Mette Frederiksen fac front comun \u00eempotriva Bruxelles-ului<\/strong><\/h2>\n<p>\u00a0<\/p>\n<p>Giorgia Meloni \u0219i Mette Frederiksen au sus\u021binut c\u0103 migra\u021bia \u00een mas\u0103 a sporit presiunea asupra serviciilor publice. Totodat\u0103, a contribuit la criminalitate, inclusiv infrac\u021biuni violente, trafic de droguri \u0219i violen\u021b\u0103 sexual\u0103. Aceast\u0103 situa\u021bie a dus la o erodare a \u00eencrederii cet\u0103\u021benilor \u00een guverne \u0219i institu\u021biile publice.<\/p>\n<p>Cele dou\u0103 au subliniat eforturile de clarificare a modului \u00een care obliga\u021biile interna\u021bionale privind drepturile omului se aplic\u0103 deport\u0103rilor, al\u0103turi de Regulamentul UE privind returnarea, adoptat recent, \u0219i de prevederile sale privind centrele de returnare \u00een \u021b\u0103rile ter\u021be. De asemenea, au promis c\u0103 vor continua s\u0103 caute \u201esolu\u021bii inovatoare\u201d \u00een continuare.<\/p>\n<p>Totu\u0219i, au specificat c\u0103 o politic\u0103 de returnare mai dur\u0103 \u201enu este suficient\u0103\u201d.<\/p>\n<p>\u201eRespectul pentru legile noastre trebuie s\u0103 mearg\u0103 m\u00e2n\u0103 \u00een m\u00e2n\u0103 cu respectul pentru valorile europene\u201d, au scris ele, aplic\u00e2nd acest principiu at\u00e2t migra\u021biei legale, c\u00e2t \u0219i celei ilegale.<\/p>\n<p>Meloni \u0219i Friederiksen au legat politica de migra\u021bie de integrarea cultural\u0103. Ei au argumentat c\u0103 persoanele care se stabilesc \u00een Europa ar trebui s\u0103 respecte valorile \u021b\u0103rilor gazd\u0103. Nu au stabilit un test mai amplu de asimilare.<\/p>\n<p>\u201eAm\u00e2ndou\u0103 suntem m\u00e2ndre de mo\u0219tenirea cultural\u0103 cre\u0219tin\u0103 a Europei \u0219i dorim s\u0103 o protej\u0103m\u201d, au scris ele.<\/p>\n<p>Cei doi lideri au ad\u0103ugat c\u0103 cei care fac din Europa casa lor ar trebui s\u0103 respecte valorile europene \u0219i s\u0103 nu \u00eencerce s\u0103 impun\u0103 moduri de via\u021b\u0103 pe care europenii nu le \u00eemp\u0103rt\u0103\u0219esc.<\/p>\n<h2><strong>Criza din Ceuta, o provocare pentru Uniunea European\u0103<\/strong><\/h2>\n<p>\u00a0<\/p>\n<p>La finalul lunii iulie, mii de migran\u021bi, mul\u021bi elibera\u021bi din \u00eenchisori din Africa, au luat cu asalt exclava spaniol\u0103 Ceuta. Ei au \u00eenotat din Maroc \u0219i au intrat \u00een Spania, pe m\u0103sur\u0103 ce Madridul a trimis trupe pentru a consolida securitatea.<\/p>\n<p>Cel pu\u021bin 18 persoane s-au \u00eenecat \u00een timp ce \u00eencercau s\u0103 ajung\u0103 la Ceuta. Oficialii locali au cerut ajutorul Madridului dup\u0103 o cre\u0219tere recent\u0103 a tentativelor de traversare a frontierei.<\/p>\n<p>Ceuta, situat\u0103 pe coasta de nord a Marocului, este separat\u0103 de Spania continental\u0103 prin Str\u00e2mtoarea Gibraltar. De mul\u021bi ani, exclava a fost un punct central pentru\u00a0<strong><a href=\"https:\/\/r3media.ro\/tag\/migranti-europa\/\" target=\"_blank\" rel=\"noopener\">migran\u021bii<\/a><\/strong>\u00a0care \u00eencercau s\u0103 ajung\u0103 \u00een Europa.<\/p>\n<p>Al\u0103turi de Melilla, Ceuta a fost mult timp un punct de conflict \u00een rela\u021biile diplomatice dintre Maroc \u0219i Spania. Madridul sus\u021bine c\u0103 ambele teritorii sunt parte integrant\u0103 a Spaniei \u0219i au acela\u0219i statut ca regiunile continentale semi-autonome.<\/p>\n<div class=\"crp_related     crp-masonry\">\n<h2>\u00ceN CONTEXT<\/h2>\n<ul>\n<li><a href=\"https:\/\/r3media.ro\/giorgia-meloni-replica-donald-trump-italia\/\" class=\"crp_link post-118642\"><span class=\"crp_title\">Giorgia Meloni \u0219terge pe jos cu Donald Trump, dup\u0103 ultimele declara\u021bii despre liderul de la\u2026<\/span><\/a><\/li>\n<li><a href=\"https:\/\/r3media.ro\/meloni-smetie-trump-sua-poza-italia-natiune-suverana\/\" class=\"crp_link post-118731\"><span class=\"crp_title\">Meloni \u00eei mai d\u0103 o smetie lui Trump dup\u0103 ce pre\u0219edintele SUA a insistat c\u0103 italianca l-a\u2026<\/span><\/a><\/li>\n<li><a href=\"https:\/\/r3media.ro\/conflict-donald-trump-giorgia-meloni-romania-aliante\/\" class=\"crp_link post-118828\"><span class=\"crp_title\">Ce ascunde conflictul Donald Trump &#8211; Giorgia Meloni? Rom\u00e2nia s\u0103 renun\u021be la iluzia c\u0103\u2026<\/span><\/a><\/li>\n<li><a href=\"https:\/\/r3media.ro\/george-simion-reconfirmat-vicepresedinte-al-ecr\/\" class=\"crp_link post-118675\"><span class=\"crp_title\">George Simion, reconfirmat vicepre\u0219edinte al ECR<\/span><\/a><\/li>\n<li><a href=\"https:\/\/r3media.ro\/traian-basescu-romania-rol-europa-rusia\/\" class=\"crp_link post-116231\"><span class=\"crp_title\">Traian B\u0103sescu spune c\u0103 Rom\u00e2nia nu va avea niciun rol \u00een viitoarele discu\u021bii ale Europei cu\u2026<\/span><\/a><\/li>\n<li><a href=\"https:\/\/r3media.ro\/israel-patriarh-latin-ierusalim-florii-catolice-giorgia-meloni\/\" class=\"crp_link post-115656\"><span class=\"crp_title\">Poli\u021bia israelian\u0103 l-a \u00eempiedicat pe Patriarhul latin al Ierusalimului s\u0103 slujeasc\u0103 de\u2026<\/span><\/a><\/li>\n<li><a href=\"https:\/\/r3media.ro\/spaniolii-critica-premier-pedro-sanchez-tara-iad-lumea-a-treia-migranti\/\" class=\"crp_link post-120683\"><span class=\"crp_title\">Spaniolii \u00eel critic\u0103 pe premierul Pedro Sanchez pentru c\u0103 a transformat \u021bara \u00eentr-un iad \u201ede\u2026<\/span><\/a><\/li>\n<li><a href=\"https:\/\/r3media.ro\/masacru-scoala-catolica-sua-atacator-transgender-lgbt-mesaje-ucide-donald-trump-arme-ucis-copii\/\" class=\"crp_link post-112677\"><span class=\"crp_title\">Masacru la o \u0219coal\u0103 catolic\u0103 din SUA: Atacatorul LGBT avea mesajul \u201eucide-l pe Donald Trump\u201d\u2026<\/span><\/a><\/li>\n<\/ul>\n<\/div>\n<\/div>\n<\/div>\n<div class=\"td_block_wrap tdb_single_tags tdi_19 td-pb-border-top td_block_template_1\" data-td-block-uid=\"tdi_19\">\n<div class=\"tdb-block-inner td-fix-index\">\n<ul class=\"tdb-tags\">\n<li><span>SUBIECTE FIERBIN\u021aI<\/span><\/li>\n<li><a href=\"https:\/\/r3media.ro\/tag\/crestini-persecutati\/\">cre\u0219tini persecuta\u021bi<\/a><\/li>\n<li><a href=\"https:\/\/r3media.ro\/tag\/giorgia-meloni\/\">giorgia meloni<\/a><\/li>\n<li><a href=\"https:\/\/r3media.ro\/tag\/invazie-migranti\/\">invazie migranti<\/a><\/li>\n<li><a href=\"https:\/\/r3media.ro\/tag\/mette-frederiksen\/\">Mette Frederiksen<\/a><\/li>\n<\/ul>\n<\/div>\n<\/div>\n<div class=\"td_block_wrap td_block_9 tdi_20 td_with_ajax_pagination td-pb-border-top td_block_template_1 td-column-2 td_block_padding td_block_bot_line\" data-td-block-uid=\"tdi_20\">\n<div class=\"td-block-title-wrap\">\n<h4 class=\"block-title td-block-title\"><span class=\"td-pulldown-size\">CITE\u0218TE MAI MULT<\/span><\/h4>\n<\/div>\n<div id=\"tdi_20\" class=\"td_block_inner\">\n<div class=\"td-block-row\">\n<div class=\"td-block-span6\">\n<div class=\"td_module_8 td_module_wrap\">\n<div class=\"item-details\">\n<h3 class=\"entry-title td-module-title\"><a href=\"https:\/\/r3media.ro\/presedintele-serbiei-razboiul-din-ucraina\/\" rel=\"bookmark\" title=\"Pre\u0219edintele Serbiei nu crede c\u0103 r\u0103zboiul din Ucraina se termin\u0103 cur\u00e2nd: Cred c\u0103 ne afl\u0103m la \u00eenceputul unui r\u0103zboi mult, mult mai mare\">Pre\u0219edintele Serbiei nu crede c\u0103 r\u0103zboiul din Ucraina se termin\u0103 cur\u00e2nd: Cred c\u0103 ne&#8230;<\/a><\/h3>\n<div class=\"td-module-meta-info\"><a href=\"https:\/\/r3media.ro\/category\/actualitate\/\" class=\"td-post-category\">ACTUALITATE<\/a><span class=\"td-post-author-name\"><a href=\"https:\/\/r3media.ro\/author\/teodor_stan\/\">Teodor Stan<\/a><span>&#8211;<\/span><\/span><span class=\"td-post-date\"><time class=\"entry-date updated td-module-date\" datetime=\"2026-08-10T12:22:44+03:00\">10\/08\/2026<\/time><\/span><\/div>\n<\/div>\n<\/div>\n<\/div>\n<div class=\"td-block-span6\">\n<div class=\"td_module_8 td_module_wrap\">\n<div class=\"item-details\">\n<h3 class=\"entry-title td-module-title\"><a href=\"https:\/\/r3media.ro\/fara-apa-fara-curent-fara-viitor-cum-au-sacrificat-pro-europenii-romania-pe-altarul-ecologiei-ieftine\/\" rel=\"bookmark\" title=\"F\u0103r\u0103 ap\u0103, f\u0103r\u0103 curent, f\u0103r\u0103 viitor: cum au sacrificat pro-europenii Rom\u00e2nia pe altarul ecologiei ieftine\">F\u0103r\u0103 ap\u0103, f\u0103r\u0103 curent, f\u0103r\u0103 viitor: cum au sacrificat pro-europenii Rom\u00e2nia pe altarul ecologiei&#8230;<\/a><\/h3>\n<div class=\"td-module-meta-info\"><a href=\"https:\/\/r3media.ro\/category\/actualitate\/\" class=\"td-post-category\">ACTUALITATE<\/a><span class=\"td-post-author-name\"><a href=\"https:\/\/r3media.ro\/author\/paul_lazar\/\">Paul-Daniel Laz\u0103r<\/a><span>&#8211;<\/span><\/span><span class=\"td-post-date\"><time class=\"entry-date updated td-module-date\" datetime=\"2026-08-08T22:30:54+03:00\">08\/08\/2026<\/time><\/span><\/div>\n<\/div>\n<\/div>\n<\/div>\n<\/div>\n<div class=\"td-block-row\">\n<div class=\"td-block-span6\">\n<div class=\"td_module_8 td_module_wrap\">\n<div class=\"item-details\">\n<h3 class=\"entry-title td-module-title\"><a href=\"https:\/\/r3media.ro\/show-iluzie-si-realitate-de-la-the-truman-show-la-son-of-a-rich\/\" rel=\"bookmark\" title=\"Show, iluzie \u0219i realitate: de la The Truman Show la Son of a Rich\">Show, iluzie \u0219i realitate: de la The Truman Show la Son of a Rich<\/a><\/h3>\n<div class=\"td-module-meta-info\"><a href=\"https:\/\/r3media.ro\/category\/actualitate\/\" class=\"td-post-category\">ACTUALITATE<\/a><span class=\"td-post-author-name\"><a href=\"https:\/\/r3media.ro\/author\/costi_balasoiu\/\">Constantin B\u0103l\u0103\u0219oiu<\/a><span>&#8211;<\/span><\/span><span class=\"td-post-date\"><time class=\"entry-date updated td-module-date\" datetime=\"2026-08-08T15:30:25+03:00\">08\/08\/2026<\/time><\/span><\/div>\n<\/div>\n<\/div>\n<\/div>\n<div class=\"td-block-span6\">\n<div class=\"td_module_8 td_module_wrap\">\n<div class=\"item-details\">\n<h3 class=\"entry-title td-module-title\"><a href=\"https:\/\/r3media.ro\/fani-stapanul-inelelor-surpriza-sezonul-3-sauron\/\" rel=\"bookmark\" title=\"Fanii \u201eSt\u0103p\u00e2nul Inelelor\u201c ar putea avea o surpriz\u0103 \u00een sezonul 3 din serialul \u201eInelele Puterii\u201c. Sauron se va confrunta cu o creatur\u0103 de temut\">Fanii \u201eSt\u0103p\u00e2nul Inelelor\u201c ar putea avea o surpriz\u0103 \u00een sezonul 3 din serialul \u201eInelele&#8230;<\/a><\/h3>\n<div class=\"td-module-meta-info\"><a href=\"https:\/\/r3media.ro\/category\/actualitate\/\" class=\"td-post-category\">ACTUALITATE<\/a><span class=\"td-post-author-name\"><a href=\"https:\/\/r3media.ro\/author\/oana\/\">Oana Ivan<\/a><span>&#8211;<\/span><\/span><span class=\"td-post-date\"><time class=\"entry-date updated td-module-date\" datetime=\"2026-08-08T00:19:31+03:00\">08\/08\/2026<\/time><\/span><\/div>\n<\/div>\n<\/div>\n<\/div>\n<\/div>\n<div class=\"td-block-row\">\n<div class=\"td-block-span6\">\n<div class=\"td_module_8 td_module_wrap\">\n<div class=\"item-details\">\n<h3 class=\"entry-title td-module-title\"><a href=\"https:\/\/r3media.ro\/david-popovici-fair-play-sportivi-rusi-competitii\/\" rel=\"bookmark\" title=\"David Popovici, fair-play la revenirea sportivilor ru\u0219i \u00een competi\u021bii: Le urez succes, sper s\u0103 fiu mai bun dec\u00e2t ei\">David Popovici, fair-play la revenirea sportivilor ru\u0219i \u00een competi\u021bii: Le urez succes, sper s\u0103&#8230;<\/a><\/h3>\n<div class=\"td-module-meta-info\"><a href=\"https:\/\/r3media.ro\/category\/actualitate\/\" class=\"td-post-category\">ACTUALITATE<\/a><span class=\"td-post-author-name\"><a href=\"https:\/\/r3media.ro\/author\/redactia\/\">Redac\u021bia<\/a><span>&#8211;<\/span><\/span><span class=\"td-post-date\"><time class=\"entry-date updated td-module-date\" datetime=\"2026-08-07T15:07:51+03:00\">07\/08\/2026<\/time><\/span><\/div>\n<\/div>\n<\/div>\n<\/div>\n<div class=\"td-block-span6\">\n<div class=\"td_module_8 td_module_wrap\">\n<div class=\"item-details\">\n<h3 class=\"entry-title td-module-title\"><a href=\"https:\/\/r3media.ro\/kia-recheama-service-prima-generatie-masini-electrice-e-niro-risc-incendiu\/\" rel=\"bookmark\" title=\"Kia recheam\u0103 \u00een service prima genera\u021bie de ma\u0219ini electrice e-Niro din cauza riscului de incendiu\">Kia recheam\u0103 \u00een service prima genera\u021bie de ma\u0219ini electrice e-Niro din cauza riscului de&#8230;<\/a><\/h3>\n<div class=\"td-module-meta-info\"><a href=\"https:\/\/r3media.ro\/category\/actualitate\/\" class=\"td-post-category\">ACTUALITATE<\/a><span class=\"td-post-author-name\"><a href=\"https:\/\/r3media.ro\/author\/oana\/\">Oana Ivan<\/a><span>&#8211;<\/span><\/span><span class=\"td-post-date\"><time class=\"entry-date updated td-module-date\" datetime=\"2026-08-06T17:07:42+03:00\">06\/08\/2026<\/time><\/span><\/div>\n<\/div>\n<\/div>\n<\/div>\n<\/div>\n<div class=\"td-block-row\">\n<div class=\"td-block-span6\">\n<div class=\"td_module_8 td_module_wrap\">\n<div class=\"item-details\">\n<h3 class=\"entry-title td-module-title\"><a href=\"https:\/\/r3media.ro\/drona-gasita-mare-mamaia-zona-loft-video\/\" rel=\"bookmark\" title=\"VIDEO | O dron\u0103 a fost g\u0103sit\u0103 \u00een mare, \u00een Mamaia, \u00een zona Loft\">VIDEO | O dron\u0103 a fost g\u0103sit\u0103 \u00een mare, \u00een Mamaia, \u00een zona Loft<\/a><\/h3>\n<div class=\"td-module-meta-info\"><a href=\"https:\/\/r3media.ro\/category\/actualitate\/\" class=\"td-post-category\">ACTUALITATE<\/a><span class=\"td-post-author-name\"><a href=\"https:\/\/r3media.ro\/author\/oana\/\">Oana Ivan<\/a><span>&#8211;<\/span><\/span><span class=\"td-post-date\"><time class=\"entry-date updated td-module-date\" datetime=\"2026-08-05T21:48:11+03:00\">05\/08\/2026<\/time><\/span><\/div>\n<\/div>\n<\/div>\n<\/div>\n<div class=\"td-block-span6\">\n<div class=\"td_module_8 td_module_wrap\">\n<div class=\"item-details\">\n<h3 class=\"entry-title td-module-title\"><a href=\"https:\/\/r3media.ro\/cand-incepe-scoala-in-2026-structura-an-nou-scolar\/\" rel=\"bookmark\" title=\"C\u00e2nd \u00eencepe \u0219coala \u00een 2026: Structura noului an \u0219colar, vacan\u021bele \u0219i zilele libere\">C\u00e2nd \u00eencepe \u0219coala \u00een 2026: Structura noului an \u0219colar, vacan\u021bele \u0219i zilele libere<\/a><\/h3>\n<div class=\"td-module-meta-info\"><a href=\"https:\/\/r3media.ro\/category\/actualitate\/\" class=\"td-post-category\">ACTUALITATE<\/a><span class=\"td-post-author-name\"><a href=\"https:\/\/r3media.ro\/author\/oana\/\">Oana Ivan<\/a><span>&#8211;<\/span><\/span><span class=\"td-post-date\"><time class=\"entry-date updated td-module-date\" datetime=\"2026-08-03T22:23:20+03:00\">03\/08\/2026<\/time><\/span><\/div>\n<\/div>\n<\/div>\n<\/div>\n<\/div>\n<div class=\"td-block-row\">\n<div class=\"td-block-span6\">\n<div class=\"td_module_8 td_module_wrap\">\n<div class=\"item-details\">\n<h3 class=\"entry-title td-module-title\"><a href=\"https:\/\/r3media.ro\/tara-europa-norvegia-masini-electrice-inmatriculate-cota-ridicata\/\" rel=\"bookmark\" title=\"\u021aara din Europa unde aproape toate ma\u0219inile \u00eenmatriculate sune electrice. Cota a ajuns la 97,6% \u00een iulie\">\u021aara din Europa unde aproape toate ma\u0219inile \u00eenmatriculate sune electrice. Cota a ajuns la&#8230;<\/a><\/h3>\n<div class=\"td-module-meta-info\"><a href=\"https:\/\/r3media.ro\/category\/actualitate\/\" class=\"td-post-category\">ACTUALITATE<\/a><span class=\"td-post-author-name\"><a href=\"https:\/\/r3media.ro\/author\/oana\/\">Oana Ivan<\/a><span>&#8211;<\/span><\/span><span class=\"td-post-date\"><time class=\"entry-date updated td-module-date\" datetime=\"2026-08-03T17:01:21+03:00\">03\/08\/2026<\/time><\/span><\/div>\n<\/div>\n<\/div>\n<\/div>\n<div class=\"td-block-span6\">\n<div class=\"td_module_8 td_module_wrap\">\n<div class=\"item-details\">\n<h3 class=\"entry-title td-module-title\"><a href=\"https:\/\/r3media.ro\/puterea-mitologica-instalata-a-romaniei\/\" rel=\"bookmark\" title=\"Puterea mitologic\u0103 instalat\u0103 a Rom\u00e2niei\">Puterea mitologic\u0103 instalat\u0103 a Rom\u00e2niei<\/a><\/h3>\n<div class=\"td-module-meta-info\"><a href=\"https:\/\/r3media.ro\/category\/opinii\/\" class=\"td-post-category\">OPINII<\/a><span class=\"td-post-author-name\"><a href=\"https:\/\/r3media.ro\/author\/tru\/\">TRU (Traian Ungureanu)<\/a><span>&#8211;<\/span><\/span><span class=\"td-post-date\"><time class=\"entry-date updated td-module-date\" datetime=\"2026-08-02T22:08:04+03:00\">02\/08\/2026<\/time><\/span><\/div>\n<\/div>\n<\/div>\n<\/div>\n<\/div>\n<div class=\"td-block-row\">\n<div class=\"td-block-span6\">\n<div class=\"td_module_8 td_module_wrap\">\n<div class=\"item-details\">\n<h3 class=\"entry-title td-module-title\"><a href=\"https:\/\/r3media.ro\/hyundai-recheama-service-masini-electrice-inster-risc-incendiu\/\" rel=\"bookmark\" title=\"Hyundai recheam\u0103 \u00een service zeci de mii de ma\u0219ini electrice din cauza riscului de incendiu\">Hyundai recheam\u0103 \u00een service zeci de mii de ma\u0219ini electrice din cauza riscului de&#8230;<\/a><\/h3>\n<div class=\"td-module-meta-info\"><a href=\"https:\/\/r3media.ro\/category\/actualitate\/\" class=\"td-post-category\">ACTUALITATE<\/a><span class=\"td-post-author-name\"><a href=\"https:\/\/r3media.ro\/author\/oana\/\">Oana Ivan<\/a><span>&#8211;<\/span><\/span><span class=\"td-post-date\"><time class=\"entry-date updated td-module-date\" datetime=\"2026-08-02T08:34:05+03:00\">02\/08\/2026<\/time><\/span><\/div>\n<\/div>\n<\/div>\n<\/div>\n<div class=\"td-block-span6\">\n<div class=\"td_module_8 td_module_wrap\">\n<div class=\"item-details\">\n<h3 class=\"entry-title td-module-title\"><a href=\"https:\/\/r3media.ro\/dragostea-care-transcende-epoci-descult-in-parc-1967\/\" rel=\"bookmark\" title=\"Dragostea care transcende epoci \u2014 Descul\u021b \u00een parc (1967)\">Dragostea care transcende epoci \u2014 Descul\u021b \u00een parc (1967)<\/a><\/h3>\n<div class=\"td-module-meta-info\"><a href=\"https:\/\/r3media.ro\/category\/opinii\/\" class=\"td-post-category\">OPINII<\/a><span class=\"td-post-author-name\"><a href=\"https:\/\/r3media.ro\/author\/costi_balasoiu\/\">Constantin B\u0103l\u0103\u0219oiu<\/a><span>&#8211;<\/span><\/span><span class=\"td-post-date\"><time class=\"entry-date updated td-module-date\" datetime=\"2026-08-01T13:45:14+03:00\">01\/08\/2026<\/time><\/span><\/div>\n<\/div>\n<\/div>\n<\/div>\n<\/div>\n<\/div>\n<div class=\"td-load-more-wrap td-load-more-infinite-wrap\" id=\"infinite-lm-tdi_20\"><a href=\"https:\/\/r3media.ro\/giorgia-meloni-mette-frederiksen-bruxelles-mostenire-crestina\/\" class=\"td_ajax_load_more td_ajax_load_more_js\" aria-label=\"\u00cenc\u0103rca\u021bi mai multe\" id=\"next-page-tdi_20\" data-td_block_id=\"tdi_20\">\u00cenc\u0103rca\u021bi mai multe<\/a><\/div>\n<\/div>\n<div class=\"td_block_wrap tdb_single_comments tdi_21 tdb-comm-layout2 td-pb-border-top td_block_template_1\" data-td-block-uid=\"tdi_21\">\n<div class=\"tdb-block-inner td-fix-index\">\n<div class=\"comments\" id=\"comments\">\n<div id=\"respond\" class=\"comment-respond\">\n<h3 id=\"reply-title\" class=\"comment-reply-title\">AI CEVA DE SPUS? <small><a rel=\"nofollow\" id=\"cancel-comment-reply-link\" href=\"https:\/\/r3media.ro\/giorgia-meloni-mette-frederiksen-bruxelles-mostenire-crestina\/#respond\">Renun\u021ba\u021bi la r\u0103spuns<\/a><\/small><\/h3>\n<div class=\"comment-form-input-wrap td-form-comment\">\n<div class=\"td-warning-comment\">V\u0103 rug\u0103m s\u0103 introduce\u021bi comentariul dvs.!<\/div>\n<\/div>\n<div class=\"comment-form-input-wrap td-form-author\">\n<div class=\"td-warning-author\">Introduce\u021bi aici numele dvs.<\/div>\n<\/div>\n<div class=\"comment-form-input-wrap td-form-email\">\n<div class=\"td-warning-email-error\">A\u021bi introdus o adres\u0103 de e-mail incorect\u0103!<\/div>\n<div class=\"td-warning-email\">V\u0103 rug\u0103m s\u0103 introduce\u021bi adresa dvs. de e-mail aici<\/div>\n<\/div>\n<\/div>\n<\/div>\n<\/div>\n<\/div>\n<\/div>\n<\/div>\n<div class=\"vc_column tdi_23  wpb_column vc_column_container tdc-column td-pb-span4 td-is-sticky\">\n<div class=\"wpb_wrapper\" data-sticky-enabled-on=\"W3RydWUsdHJ1ZSx0cnVlLHRydWVd\" data-sticky-offset=\"20\" data-sticky-is-width-auto=\"W2ZhbHNlLGZhbHNlLGZhbHNlLGZhbHNlXQ==\">\n<div class=\"wpb_wrapper td_block_wrap vc_widget_sidebar tdi_25 \">\n<div class=\"td_block_wrap td_block_7 td_block_widget tdi_26 td-pb-border-top td_block_template_1 td-column-1 td_block_padding\" data-td-block-uid=\"tdi_26\">\n<div class=\"td-block-title-wrap\">\n<h4 class=\"block-title td-block-title\"><span class=\"td-pulldown-size\">Articole RELA\u021aIONATE<\/span><\/h4>\n<\/div>\n<div id=\"tdi_26\" class=\"td_block_inner\">\n<div class=\"td-block-span12\">\n<div class=\"td_module_6 td_module_wrap td-animation-stack\">\n<div class=\"td-module-thumb\"><a href=\"https:\/\/r3media.ro\/radu-naum-david-popovici-dialog-rus\/\" rel=\"bookmark\" class=\"td-image-wrap \" title=\"Ziaristul Radu Naum consider\u0103 c\u0103 dialogul amical dintre David Popovici \u0219i adversarul s\u0103u rus ar fi fost \u201eopera\u021biune ruseasc\u0103\u201d de manipulare\"><img loading=\"lazy\" decoding=\"async\" class=\"entry-thumb\" src=\"https:\/\/r3media.ro\/wp-content\/uploads\/2026\/08\/david-popovici-egor-kornev-100x70.webp\" alt title=\"Ziaristul Radu Naum consider\u0103 c\u0103 dialogul amical dintre David Popovici \u0219i adversarul s\u0103u rus ar fi fost \u201eopera\u021biune ruseasc\u0103\u201d de manipulare\" width=\"100\" height=\"70\"><\/a><\/div>\n<div class=\"item-details\">\n<h3 class=\"entry-title td-module-title\"><a href=\"https:\/\/r3media.ro\/radu-naum-david-popovici-dialog-rus\/\" rel=\"bookmark\" title=\"Ziaristul Radu Naum consider\u0103 c\u0103 dialogul amical dintre David Popovici \u0219i adversarul s\u0103u rus ar fi fost \u201eopera\u021biune ruseasc\u0103\u201d de manipulare\">Ziaristul Radu Naum consider\u0103 c\u0103 dialogul amical dintre David Popovici \u0219i&#8230;<\/a><\/h3>\n<div class=\"td-module-meta-info\"><span class=\"td-post-date\"><time class=\"entry-date updated td-module-date\" datetime=\"2026-08-13T14:24:30+03:00\">13\/08\/2026<\/time><\/span><\/div>\n<\/div>\n<\/div>\n<\/div>\n<div class=\"td-block-span12\">\n<div class=\"td_module_6 td_module_wrap td-animation-stack\">\n<div class=\"td-module-thumb\"><a href=\"https:\/\/r3media.ro\/toti-ma-stie-la-fundulea\/\" rel=\"bookmark\" class=\"td-image-wrap \" title=\"\u201eTo\u021bi m\u0103 \u0219tie la Fundulea\u201d!\"><img loading=\"lazy\" decoding=\"async\" class=\"entry-thumb\" src=\"https:\/\/r3media.ro\/wp-content\/uploads\/2026\/08\/Islanda-UE-100x70.jpg\" alt title=\"\u201eTo\u021bi m\u0103 \u0219tie la Fundulea\u201d!\" width=\"100\" height=\"70\"><\/a><\/div>\n<div class=\"item-details\">\n<h3 class=\"entry-title td-module-title\"><a href=\"https:\/\/r3media.ro\/toti-ma-stie-la-fundulea\/\" rel=\"bookmark\" title=\"\u201eTo\u021bi m\u0103 \u0219tie la Fundulea\u201d!\">\u201eTo\u021bi m\u0103 \u0219tie la Fundulea\u201d!<\/a><\/h3>\n<div class=\"td-module-meta-info\"><span class=\"td-post-date\"><time class=\"entry-date updated td-module-date\" datetime=\"2026-08-13T11:27:34+03:00\">13\/08\/2026<\/time><\/span><\/div>\n<\/div>\n<\/div>\n<\/div>\n<div class=\"td-block-span12\">\n<div class=\"td_module_6 td_module_wrap td-animation-stack\">\n<div class=\"td-module-thumb\"><a href=\"https:\/\/r3media.ro\/sri-in-scoli-expert-scuza-monitorizare-radicalizare\/\" rel=\"bookmark\" class=\"td-image-wrap \" title=\"SRI \u00een \u0219coli. Expert: SRI \u0219i \u201eb\u0103e\u021bii\u201d vor folosi aceast\u0103 scuz\u0103 c\u0103 \u201emonitorizeaz\u0103 radicalizarea\u201d ca s\u0103 vin\u0103 dup\u0103 oricine bate la ochi\"><img loading=\"lazy\" decoding=\"async\" class=\"entry-thumb\" src=\"https:\/\/r3media.ro\/wp-content\/uploads\/2026\/02\/supraveghere-mai-spatiu-online-100x70.jpg\" alt title=\"SRI \u00een \u0219coli. Expert: SRI \u0219i \u201eb\u0103e\u021bii\u201d vor folosi aceast\u0103 scuz\u0103 c\u0103 \u201emonitorizeaz\u0103 radicalizarea\u201d ca s\u0103 vin\u0103 dup\u0103 oricine bate la ochi\" width=\"100\" height=\"70\"><\/a><\/div>\n<div class=\"item-details\">\n<h3 class=\"entry-title td-module-title\"><a href=\"https:\/\/r3media.ro\/sri-in-scoli-expert-scuza-monitorizare-radicalizare\/\" rel=\"bookmark\" title=\"SRI \u00een \u0219coli. Expert: SRI \u0219i \u201eb\u0103e\u021bii\u201d vor folosi aceast\u0103 scuz\u0103 c\u0103 \u201emonitorizeaz\u0103 radicalizarea\u201d ca s\u0103 vin\u0103 dup\u0103 oricine bate la ochi\">SRI \u00een \u0219coli. Expert: SRI \u0219i \u201eb\u0103e\u021bii\u201d vor folosi aceast\u0103 scuz\u0103&#8230;<\/a><\/h3>\n<div class=\"td-module-meta-info\"><span class=\"td-post-date\"><time class=\"entry-date updated td-module-date\" datetime=\"2026-08-13T11:20:33+03:00\">13\/08\/2026<\/time><\/span><\/div>\n<\/div>\n<\/div>\n<\/div>\n<div class=\"td-block-span12\">\n<div class=\"td_module_6 td_module_wrap td-animation-stack\">\n<div class=\"td-module-thumb\"><a href=\"https:\/\/r3media.ro\/patriarhul-daniel-duminica-romanilor-migranti-rugaciune-pentru-familiile-despartite\/\" rel=\"bookmark\" class=\"td-image-wrap \" title=\"Patriarhul Daniel, mesaj la Duminica rom\u00e2nilor migran\u021bi: Rug\u0103ciune pentru familiile desp\u0103r\u021bite de distan\u021be\"><img loading=\"lazy\" decoding=\"async\" class=\"entry-thumb\" src=\"https:\/\/r3media.ro\/wp-content\/uploads\/2020\/09\/scrisoare-catre-patriarhul-daniel-100x70.jpg\" alt title=\"Patriarhul Daniel, mesaj la Duminica rom\u00e2nilor migran\u021bi: Rug\u0103ciune pentru familiile desp\u0103r\u021bite de distan\u021be\" width=\"100\" height=\"70\"><\/a><\/div>\n<div class=\"item-details\">\n<h3 class=\"entry-title td-module-title\"><a href=\"https:\/\/r3media.ro\/patriarhul-daniel-duminica-romanilor-migranti-rugaciune-pentru-familiile-despartite\/\" rel=\"bookmark\" title=\"Patriarhul Daniel, mesaj la Duminica rom\u00e2nilor migran\u021bi: Rug\u0103ciune pentru familiile desp\u0103r\u021bite de distan\u021be\">Patriarhul Daniel, mesaj la Duminica rom\u00e2nilor migran\u021bi: Rug\u0103ciune pentru familiile desp\u0103r\u021bite&#8230;<\/a><\/h3>\n<div class=\"td-module-meta-info\"><span class=\"td-post-date\"><time class=\"entry-date updated td-module-date\" datetime=\"2026-08-13T10:38:37+03:00\">13\/08\/2026<\/time><\/span><\/div>\n<\/div>\n<\/div>\n<\/div>\n<div class=\"td-block-span12\">\n<div class=\"td_module_6 td_module_wrap td-animation-stack\">\n<div class=\"td-module-thumb\"><a href=\"https:\/\/r3media.ro\/drona-costinesti-stabilopozi-video\/\" rel=\"bookmark\" class=\"td-image-wrap \" title=\"VIDEO | O dron\u0103 a ajuns la Costine\u0219ti la c\u00e2\u021biva metri de stabilopozi\"><img loading=\"lazy\" decoding=\"async\" class=\"entry-thumb\" src=\"https:\/\/r3media.ro\/wp-content\/uploads\/2026\/07\/plaja-goala-100x70.png\" alt title=\"VIDEO | O dron\u0103 a ajuns la Costine\u0219ti la c\u00e2\u021biva metri de stabilopozi\" width=\"100\" height=\"70\"><\/a><\/div>\n<div class=\"item-details\">\n<h3 class=\"entry-title td-module-title\"><a href=\"https:\/\/r3media.ro\/drona-costinesti-stabilopozi-video\/\" rel=\"bookmark\" title=\"VIDEO | O dron\u0103 a ajuns la Costine\u0219ti la c\u00e2\u021biva metri de stabilopozi\">VIDEO | O dron\u0103 a ajuns la Costine\u0219ti la c\u00e2\u021biva metri&#8230;<\/a><\/h3>\n<div class=\"td-module-meta-info\"><span class=\"td-post-date\"><time class=\"entry-date updated td-module-date\" datetime=\"2026-08-13T10:38:13+03:00\">13\/08\/2026<\/time><\/span><\/div>\n<\/div>\n<\/div>\n<\/div>\n<div class=\"td-block-span12\">\n<div class=\"td_module_6 td_module_wrap td-animation-stack\">\n<div class=\"td-module-thumb\"><a href=\"https:\/\/r3media.ro\/video-david-popovici-paris-aur\/\" rel=\"bookmark\" class=\"td-image-wrap \" title=\"VIDEO | David Popovici, rege pentru a treia oar\u0103 la Paris: aur \u0219i record al competi\u021biei la 100 m liber\"><img loading=\"lazy\" decoding=\"async\" class=\"entry-thumb\" src=\"https:\/\/r3media.ro\/wp-content\/uploads\/2026\/08\/david-popovici-100x70.jpeg\" alt title=\"VIDEO | David Popovici, rege pentru a treia oar\u0103 la Paris: aur \u0219i record al competi\u021biei la 100 m liber\" width=\"100\" height=\"70\"><\/a><\/div>\n<div class=\"item-details\">\n<h3 class=\"entry-title td-module-title\"><a href=\"https:\/\/r3media.ro\/video-david-popovici-paris-aur\/\" rel=\"bookmark\" title=\"VIDEO | David Popovici, rege pentru a treia oar\u0103 la Paris: aur \u0219i record al competi\u021biei la 100 m liber\">VIDEO | David Popovici, rege pentru a treia oar\u0103 la Paris:&#8230;<\/a><\/h3>\n<div class=\"td-module-meta-info\"><span class=\"td-post-date\"><time class=\"entry-date updated td-module-date\" datetime=\"2026-08-13T09:55:15+03:00\">13\/08\/2026<\/time><\/span><\/div>\n<\/div>\n<\/div>\n<\/div>\n<div class=\"td-block-span12\">\n<div class=\"td_module_6 td_module_wrap td-animation-stack\">\n<div class=\"td-module-thumb\"><a href=\"https:\/\/r3media.ro\/blocul-national-sindical-bns-nicusor-dan-referendum-revizuirea-constitutiei\/\" rel=\"bookmark\" class=\"td-image-wrap \" title=\"Blocul Na\u021bional Sindical (BNS) \u00eei solicit\u0103 lui Nicu\u0219or Dan s\u0103 ini\u021bieze referendum na\u021bional pentru revizuirea Constitu\u021biei\"><img loading=\"lazy\" decoding=\"async\" class=\"entry-thumb\" src=\"https:\/\/r3media.ro\/wp-content\/uploads\/2025\/06\/nicusor-dan-e1781590710985-100x70.png\" alt title=\"Blocul Na\u021bional Sindical (BNS) \u00eei solicit\u0103 lui Nicu\u0219or Dan s\u0103 ini\u021bieze referendum na\u021bional pentru revizuirea Constitu\u021biei\" width=\"100\" height=\"70\"><\/a><\/div>\n<div class=\"item-details\">\n<h3 class=\"entry-title td-module-title\"><a href=\"https:\/\/r3media.ro\/blocul-national-sindical-bns-nicusor-dan-referendum-revizuirea-constitutiei\/\" rel=\"bookmark\" title=\"Blocul Na\u021bional Sindical (BNS) \u00eei solicit\u0103 lui Nicu\u0219or Dan s\u0103 ini\u021bieze referendum na\u021bional pentru revizuirea Constitu\u021biei\">Blocul Na\u021bional Sindical (BNS) \u00eei solicit\u0103 lui Nicu\u0219or Dan s\u0103 ini\u021bieze&#8230;<\/a><\/h3>\n<div class=\"td-module-meta-info\"><span class=\"td-post-date\"><time class=\"entry-date updated td-module-date\" datetime=\"2026-08-12T14:36:36+03:00\">12\/08\/2026<\/time><\/span><\/div>\n<\/div>\n<\/div>\n<\/div>\n<\/div>\n<\/div>\n<aside class=\"td_block_template_1 widget widget_recent_comments\">\n<h4 class=\"block-title\"><span>INTR\u0102 \u00ceN DISCU\u021aIE!<\/span><\/h4>\n<ul id=\"recentcomments\">\n<li class=\"recentcomments\"><span class=\"comment-author-link\">Dan C.<\/span> la <a href=\"https:\/\/r3media.ro\/trotinetele-electrice-interzise-cernauti\/#comment-40378\">Trotinetele electrice au fost interzise la Cern\u0103u\u021bi<\/a><\/li>\n<li class=\"recentcomments\"><span class=\"comment-author-link\">Nicu<\/span> la <a href=\"https:\/\/r3media.ro\/procedura-oprire-controlata-unitatea-2-reactor-nuclear-cernavoda-scufundare-barje-detonare-stanci\/#comment-40377\">Unitatea 2 de la Centrala Nuclear\u0103 Cernavod\u0103 a intrat \u00een procedura de oprire controlat\u0103. Scufundarea barjelor \u0219i detonarea st\u00e2ncilor de pe Dun\u0103re au avut efect zero<\/a><\/li>\n<li class=\"recentcomments\"><span class=\"comment-author-link\">Mihaela D\u00e2ru<\/span> la <a href=\"https:\/\/r3media.ro\/film-nou-stapanul-inelelor-corect-politic-regizor-andy-serkis-diversitate-tolkien-mitologie-nordica\/#comment-40376\">Noul film \u201eSt\u0103p\u00e2nul Inelelor\u201d nu va fi corect politic. Regizorul Andy Serkis: J.R.R. Tolkien a fost influen\u021bat de mitologia nordic\u0103. Nu vrem o distribu\u021bie de dragul de a bifa c\u0103su\u021be<\/a><\/li>\n<li class=\"recentcomments\"><span class=\"comment-author-link\">Dan<\/span> la <a href=\"https:\/\/r3media.ro\/procedura-oprire-controlata-unitatea-2-reactor-nuclear-cernavoda-scufundare-barje-detonare-stanci\/#comment-40375\">Unitatea 2 de la Centrala Nuclear\u0103 Cernavod\u0103 a intrat \u00een procedura de oprire controlat\u0103. Scufundarea barjelor \u0219i detonarea st\u00e2ncilor de pe Dun\u0103re au avut efect zero<\/a><\/li>\n<li class=\"recentcomments\"><span class=\"comment-author-link\">E.T.<\/span> la <a href=\"https:\/\/r3media.ro\/papi-si-conclavuri-traditie-si-anticlericalism-in-cinema-cei-doi-papi-si-conclavul\/#comment-40374\">Papi \u0219i conclavuri, tradi\u021bie \u0219i anticlericalism \u00een cinema: Cei doi papi \u0219i Conclavul<\/a><\/li>\n<li class=\"recentcomments\"><span class=\"comment-author-link\">Cet\u0103\u021bean<\/span> la <a href=\"https:\/\/r3media.ro\/romania-grupuri-carbune-turceni-craiova-securitate-energetica\/#comment-40373\">Rom\u00e2nia nu va \u00eenchide grupurile pe c\u0103rbune de la Turceni \u0219i Craiova la sf\u00e2r\u0219itul lunii, din cauza riscurilor la adresa securit\u0103\u021bii energetice<\/a><\/li>\n<li class=\"recentcomments\"><span class=\"comment-author-link\">Cet\u0103\u021bean<\/span> la <a href=\"https:\/\/r3media.ro\/dr-pavel-chirila-distinctie-episcopia-caransebesului\/#comment-40372\">Dr. Pavel Chiril\u0103 a fost distins cu cea mai \u00eenalt\u0103 distinc\u021bie pentru mireni a Episcopiei Caransebe\u0219ului<\/a><\/li>\n<\/ul>\n<\/aside>\n<aside class=\"td_block_template_1 widget widget_search\">\n<h4 class=\"block-title\"><span>CAUT\u0102 \u0218I VEI G\u0102SI<\/span><\/h4>\n<\/aside>\n<\/div>\n<\/div>\n<\/div>\n<\/div>\n<\/div>\n<\/div>\n<\/div>\n<p><span class=\"td-page-meta\"><\/span><span class=\"td-page-meta\"><span class=\"td-page-meta\"><\/span><\/span><span class=\"td-page-meta\"><\/span><\/article>\n<\/p>\n<div class=\"td_block_wrap tdb_single_content tdi_18 td-pb-border-top td_block_template_1 td-post-content tagdiv-type\" data-td-block-uid=\"tdi_18\">\n<div class=\"tdb-block-inner td-fix-index\">\n<p><strong>Premierii Italiei \u0219i Danemarcei, <a href=\"https:\/\/r3media.ro\/tag\/giorgia-meloni\/\" target=\"_blank\" rel=\"noopener\">Giorgia Meloni<\/a> \u0219i Mette Frederiksen, au f\u0103cut un apel comun pentru o abordare european\u0103 mai dur\u0103 a migra\u021biei, conform <a href=\"https:\/\/europeanconservative.com\/articles\/news\/protect-our-christian-heritage-italian-and-danish-pms-rally-europe-against-mass-migration\/\" target=\"_blank\" rel=\"noopener\">European Conservative<\/a>.<\/strong><\/p>\n<p>Chiar dac\u0103 au viziuni politice diferite, cele dou\u0103 au transmis \u201eUn mesaj comun pentru Europa\u201d, pe 10 august. Ele au declarat c\u0103 Europa trebuie s\u0103 limiteze imigra\u021bia necontrolat\u0103 \u0219i s\u0103-\u0219i apere mo\u0219tenirea cultural\u0103 cre\u0219tin\u0103.<\/p>\n<p>\u201eNu accept\u0103m imigra\u021bia necontrolat\u0103 \u00een Europa\u201d, au scris cele dou\u0103.<\/p>\n<p>Interven\u021bia vine \u00een urma unei scrisori conduse de Danemarca \u0219i Italia, semnat\u0103 de 22 de state membre ale UE, dup\u0103 ce aproximativ <a href=\"https:\/\/r3media.ro\/spania-asediu-migranti-exclava-ceuta-africa-madrid-trupe-securitate-video\/\" target=\"_blank\" rel=\"noopener\"><strong>60.000 de migran\u021bi au intrat \u00een Ceuta<\/strong><\/a>. Scrisoarea respectiv\u0103 a criticat politicile spaniole de imigra\u021bie \u0219i a avertizat c\u0103 disputa ar putea amenin\u021ba spa\u021biul Schengen.<\/p>\n<h2><strong>Giorgia Meloni \u0219i Mette Frederiksen fac front comun \u00eempotriva Bruxelles-ului<\/strong><\/h2>\n<p>\u00a0<\/p>\n<p>Giorgia Meloni \u0219i Mette Frederiksen au sus\u021binut c\u0103 migra\u021bia \u00een mas\u0103 a sporit presiunea asupra serviciilor publice. Totodat\u0103, a contribuit la criminalitate, inclusiv infrac\u021biuni violente, trafic de droguri \u0219i violen\u021b\u0103 sexual\u0103. Aceast\u0103 situa\u021bie a dus la o erodare a \u00eencrederii cet\u0103\u021benilor \u00een guverne \u0219i institu\u021biile publice.<\/p>\n<p>Cele dou\u0103 au subliniat eforturile de clarificare a modului \u00een care obliga\u021biile interna\u021bionale privind drepturile omului se aplic\u0103 deport\u0103rilor, al\u0103turi de Regulamentul UE privind returnarea, adoptat recent, \u0219i de prevederile sale privind centrele de returnare \u00een \u021b\u0103rile ter\u021be. De asemenea, au promis c\u0103 vor continua s\u0103 caute \u201esolu\u021bii inovatoare\u201d \u00een continuare.<\/p>\n<p>Totu\u0219i, au specificat c\u0103 o politic\u0103 de returnare mai dur\u0103 \u201enu este suficient\u0103\u201d.<\/p>\n<p>\u201eRespectul pentru legile noastre trebuie s\u0103 mearg\u0103 m\u00e2n\u0103 \u00een m\u00e2n\u0103 cu respectul pentru valorile europene\u201d, au scris ele, aplic\u00e2nd acest principiu at\u00e2t migra\u021biei legale, c\u00e2t \u0219i celei ilegale.<\/p>\n<p>Meloni \u0219i Friederiksen au legat politica de migra\u021bie de integrarea cultural\u0103. Ei au argumentat c\u0103 persoanele care se stabilesc \u00een Europa ar trebui s\u0103 respecte valorile \u021b\u0103rilor gazd\u0103. Nu au stabilit un test mai amplu de asimilare.<\/p>\n<p>\u201eAm\u00e2ndou\u0103 suntem m\u00e2ndre de mo\u0219tenirea cultural\u0103 cre\u0219tin\u0103 a Europei \u0219i dorim s\u0103 o protej\u0103m\u201d, au scris ele.<\/p>\n<p>Cei doi lideri au ad\u0103ugat c\u0103 cei care fac din Europa casa lor ar trebui s\u0103 respecte valorile europene \u0219i s\u0103 nu \u00eencerce s\u0103 impun\u0103 moduri de via\u021b\u0103 pe care europenii nu le \u00eemp\u0103rt\u0103\u0219esc.<\/p>\n<h2><strong>Criza din Ceuta, o provocare pentru Uniunea European\u0103<\/strong><\/h2>\n<p>\u00a0<\/p>\n<p>La finalul lunii iulie, mii de migran\u021bi, mul\u021bi elibera\u021bi din \u00eenchisori din Africa, au luat cu asalt exclava spaniol\u0103 Ceuta. Ei au \u00eenotat din Maroc \u0219i au intrat \u00een Spania, pe m\u0103sur\u0103 ce Madridul a trimis trupe pentru a consolida securitatea.<\/p>\n<p>Cel pu\u021bin 18 persoane s-au \u00eenecat \u00een timp ce \u00eencercau s\u0103 ajung\u0103 la Ceuta. Oficialii locali au cerut ajutorul Madridului dup\u0103 o cre\u0219tere recent\u0103 a tentativelor de traversare a frontierei.<\/p>\n<p>Ceuta, situat\u0103 pe coasta de nord a Marocului, este separat\u0103 de Spania continental\u0103 prin Str\u00e2mtoarea Gibraltar. De mul\u021bi ani, exclava a fost un punct central pentru\u00a0<strong><a href=\"https:\/\/r3media.ro\/tag\/migranti-europa\/\" target=\"_blank\" rel=\"noopener\">migran\u021bii<\/a><\/strong>\u00a0care \u00eencercau s\u0103 ajung\u0103 \u00een Europa.<\/p>\n<p>Al\u0103turi de Melilla, Ceuta a fost mult timp un punct de conflict \u00een rela\u021biile diplomatice dintre Maroc \u0219i Spania. Madridul sus\u021bine c\u0103 ambele teritorii sunt parte integrant\u0103 a Spaniei \u0219i au acela\u0219i statut ca regiunile continentale semi-autonome.<\/p>\n<div class=\"crp_related     crp-masonry\">\n<h2>\u00ceN CONTEXT<\/h2>\n<ul>\n<li><a href=\"https:\/\/r3media.ro\/giorgia-meloni-replica-donald-trump-italia\/\" class=\"crp_link post-118642\"><span class=\"crp_title\">Giorgia Meloni \u0219terge pe jos cu Donald Trump, dup\u0103 ultimele declara\u021bii despre liderul de la\u2026<\/span><\/a><\/li>\n<li><a href=\"https:\/\/r3media.ro\/meloni-smetie-trump-sua-poza-italia-natiune-suverana\/\" class=\"crp_link post-118731\"><span class=\"crp_title\">Meloni \u00eei mai d\u0103 o smetie lui Trump dup\u0103 ce pre\u0219edintele SUA a insistat c\u0103 italianca l-a\u2026<\/span><\/a><\/li>\n<li><a href=\"https:\/\/r3media.ro\/conflict-donald-trump-giorgia-meloni-romania-aliante\/\" class=\"crp_link post-118828\"><span class=\"crp_title\">Ce ascunde conflictul Donald Trump &#8211; Giorgia Meloni? Rom\u00e2nia s\u0103 renun\u021be la iluzia c\u0103\u2026<\/span><\/a><\/li>\n<li><a href=\"https:\/\/r3media.ro\/george-simion-reconfirmat-vicepresedinte-al-ecr\/\" class=\"crp_link post-118675\"><span class=\"crp_title\">George Simion, reconfirmat vicepre\u0219edinte al ECR<\/span><\/a><\/li>\n<li><a href=\"https:\/\/r3media.ro\/traian-basescu-romania-rol-europa-rusia\/\" class=\"crp_link post-116231\"><span class=\"crp_title\">Traian B\u0103sescu spune c\u0103 Rom\u00e2nia nu va avea niciun rol \u00een viitoarele discu\u021bii ale Europei cu\u2026<\/span><\/a><\/li>\n<li><a href=\"https:\/\/r3media.ro\/israel-patriarh-latin-ierusalim-florii-catolice-giorgia-meloni\/\" class=\"crp_link post-115656\"><span class=\"crp_title\">Poli\u021bia israelian\u0103 l-a \u00eempiedicat pe Patriarhul latin al Ierusalimului s\u0103 slujeasc\u0103 de\u2026<\/span><\/a><\/li>\n<li><a href=\"https:\/\/r3media.ro\/spaniolii-critica-premier-pedro-sanchez-tara-iad-lumea-a-treia-migranti\/\" class=\"crp_link post-120683\"><span class=\"crp_title\">Spaniolii \u00eel critic\u0103 pe premierul Pedro Sanchez pentru c\u0103 a transformat \u021bara \u00eentr-un iad \u201ede\u2026<\/span><\/a><\/li>\n<li><a href=\"https:\/\/r3media.ro\/masacru-scoala-catolica-sua-atacator-transgender-lgbt-mesaje-ucide-donald-trump-arme-ucis-copii\/\" class=\"crp_link post-112677\"><span class=\"crp_title\">Masacru la o \u0219coal\u0103 catolic\u0103 din SUA: Atacatorul LGBT avea mesajul \u201eucide-l pe Donald Trump\u201d\u2026<\/span><\/a><\/li>\n<\/ul>\n<\/div>\n<\/div>\n<\/div>\n<p>[analyse_source url=&#8221;https:\/\/r3media.ro\/giorgia-meloni-mette-frederiksen-bruxelles-mostenire-crestina\/&#8221;]<\/p>\n","protected":false},"excerpt":{"rendered":"<p>[analyse_image type=&#8221;featured&#8221; src=&#8221;https:\/\/r3media.ro\/wp-content\/uploads\/2026\/08\/giorgia-meloni-si-mette-friederiksen-e1786605497184.pnghttps:\/\/r3media.ro\/wp-content\/uploads\/2026\/08\/giorgia-meloni-si-mette-friederiksen-e1786605497184.png&#8221;] FEATUREDGiorgia Meloni \u0219i Mette Frederiksen fac front comun \u00eempotriva Bruxelles-ului: Proteja\u021bi mo\u0219tenirea&#8230; FEATURED\u0218TIRI Giorgia Meloni \u0219i Mette Frederiksen fac front comun \u00eempotriva Bruxelles-ului: Proteja\u021bi mo\u0219tenirea noastr\u0103 cre\u0219tin\u0103 Oana Ivan 13\/08\/2026 Surs\u0103 &#8211; Giorgia Meloni Premierii Italiei \u0219i Danemarcei, Giorgia Meloni \u0219i Mette Frederiksen, au f\u0103cut un apel comun pentru o abordare european\u0103 [&hellip;]<\/p>\n","protected":false},"author":1,"featured_media":0,"comment_status":"open","ping_status":"","sticky":false,"template":"","format":"standard","meta":{"footnotes":""},"categories":[89],"tags":[226,93],"class_list":["post-2091434","post","type-post","status-publish","format-standard","hentry","category-romania","tag-crawlmanager","tag-r3media-ro"],"_links":{"self":[{"href":"https:\/\/analyse.optim.biz\/index.php?rest_route=\/wp\/v2\/posts\/2091434","targetHints":{"allow":["GET"]}}],"collection":[{"href":"https:\/\/analyse.optim.biz\/index.php?rest_route=\/wp\/v2\/posts"}],"about":[{"href":"https:\/\/analyse.optim.biz\/index.php?rest_route=\/wp\/v2\/types\/post"}],"author":[{"embeddable":true,"href":"https:\/\/analyse.optim.biz\/index.php?rest_route=\/wp\/v2\/users\/1"}],"replies":[{"embeddable":true,"href":"https:\/\/analyse.optim.biz\/index.php?rest_route=%2Fwp%2Fv2%2Fcomments&post=2091434"}],"version-history":[{"count":0,"href":"https:\/\/analyse.optim.biz\/index.php?rest_route=\/wp\/v2\/posts\/2091434\/revisions"}],"wp:attachment":[{"href":"https:\/\/analyse.optim.biz\/index.php?rest_route=%2Fwp%2Fv2%2Fmedia&parent=2091434"}],"wp:term":[{"taxonomy":"category","embeddable":true,"href":"https:\/\/analyse.optim.biz\/index.php?rest_route=%2Fwp%2Fv2%2Fcategories&post=2091434"},{"taxonomy":"post_tag","embeddable":true,"href":"https:\/\/analyse.optim.biz\/index.php?rest_route=%2Fwp%2Fv2%2Ftags&post=2091434"}],"curies":[{"name":"wp","href":"https:\/\/api.w.org\/{rel}","templated":true}]}}