{"id":2091419,"date":"2026-08-13T09:04:02","date_gmt":"2026-08-13T06:04:02","guid":{"rendered":"https:\/\/analyse.optim.biz\/?p=2091419"},"modified":"2026-08-13T09:04:02","modified_gmt":"2026-08-13T06:04:02","slug":"operatiune-de-amploare-in-trei-judete-60-de-perchezitii-la-doua-grupari-de-contrabanda-cu-tigari-reteaua-ajungea-pana-in-marea-britanie","status":"publish","type":"post","link":"https:\/\/analyse.optim.biz\/?p=2091419","title":{"rendered":"Opera\u021biune de amploare \u00een trei jude\u021be: 60 de perchezi\u021bii la dou\u0103 grup\u0103ri de contraband\u0103 cu \u021big\u0103ri. Re\u021beaua ajungea p\u00e2n\u0103 \u00een Marea Britanie"},"content":{"rendered":"<p>[analyse_image type=&#8221;featured&#8221; src=&#8221;https:\/\/60m.ro\/wp-content\/uploads\/2026\/08\/diicot-politia-de-fronteira-descinderi.webp&#8221;]<\/p>\n<div class=\"articleBody\" data-key=\"articleBody\">\nPoli\u021bi\u0219tii \u0219i procurorii DIICOT au f\u0103cut, joi, 60 de\u00a0perchezi\u021bii\u00a0\u00een jude\u021bele Neam\u021b, Ia\u0219i \u0219i Suceava, \u00eentr-un dosar care vizeaz\u0103 dou\u0103 grup\u0103ri formate din cet\u0103\u021beni rom\u00e2ni \u0219i moldoveni. Suspec\u021bii ar fi comercializat \u021big\u0103ri de contraband\u0103 at\u00e2t \u00een Rom\u00e2nia, c\u00e2t \u0219i \u00een Italia, Germania \u0219i Marea Britanie.<\/p>\n<p>Poli\u021bi\u0219tii Serviciului de Combatere a Criminalit\u0103\u021bii Organizate Neam\u021b \u0219i procurorii DIICOT \u2013 Biroul Teritorial Neam\u021b au pus \u00een aplicare, joi, 13 august, 60 de mandate de\u00a0perchezi\u021bie domiciliar\u0103.<\/p>\n<p>Descinderile au avut loc \u00een jude\u021bele Neam\u021b, Ia\u0219i \u0219i Suceava, \u00eentr-un dosar privind constituirea unui grup infrac\u021bional organizat \u0219i contraband\u0103 asimilat\u0103 \u00een form\u0103 continuat\u0103.<\/p>\n<p>Dou\u0103 grup\u0103ri legate \u00eentre ele ar fi ac\u021bionat din T\u00e2rgu Neam\u021b<\/p>\n<p>Potrivit anchetatorilor, \u00eencep\u00e2nd din 2024, respectiv 2025, \u00een ora\u0219ul T\u00e2rgu Neam\u021b s-ar fi constituit dou\u0103 grup\u0103ri de criminalitate organizat\u0103, formate din cet\u0103\u021beni rom\u00e2ni \u0219i moldoveni.<\/p>\n<p>Cele dou\u0103 grup\u0103ri ar fi fost str\u00e2ns legate \u00eentre ele \u0219i s-ar fi specializat \u00een contrabanda cu \u021big\u0103ri, activitatea av\u00e2nd ca scop ob\u021binerea unor importante beneficii materiale.<\/p>\n<p>Anchetatorii sus\u021bin c\u0103 a doua grupare ar fi avut mai mul\u021bi membri, organiza\u021bi pe diferite niveluri. Ace\u0219tia ar fi primit roluri \u0219i sarcini precise, stabilite \u00eenc\u0103 de la constituirea grup\u0103rii de c\u0103tre presupusul lider.<\/p>\n<p>\u021aig\u0103rile ar fi fost v\u00e2ndute \u00een Rom\u00e2nia \u0219i \u00een alte trei \u021b\u0103ri<\/p>\n<p>Cea de-a doua grupare ar fi avut un caracter transfrontalier \u0219i ar fi ac\u021bionat \u00een jude\u021bele Neam\u021b, Ia\u0219i \u0219i Suceava.<\/p>\n<p>\u021aig\u0103rile de contraband\u0103 ar fi fost comercializate at\u00e2t \u00een Rom\u00e2nia, c\u00e2t \u0219i \u00een Italia, Germania \u0219i Regatul Unit. Pe parcursul cercet\u0103rilor, autorit\u0103\u021bile au indisponibilizat mai multe cantit\u0103\u021bi de \u021bigarete despre care suspecteaz\u0103 c\u0103 erau distribuite de membrii celor dou\u0103 grup\u0103ri.<\/p>\n<p>Persoanele vizate de opera\u021biune urmeaz\u0103 s\u0103 fie audiate la sediul DIICOT \u2013 Biroul Teritorial Neam\u021b.<\/p>\n<p>Ac\u021biunea a beneficiat de sprijinul mai multor brig\u0103zi \u0219i servicii de combatere a criminalit\u0103\u021bii organizate, precum \u0219i al poli\u021bi\u0219tilor \u0219i jandarmilor din mai multe jude\u021be.<\/p>\n<p>Persoanele cercetate beneficiaz\u0103 de prezum\u021bia de nevinov\u0103\u021bie pe parcursul procesului penal.\n<\/p><\/div>\n<p>[analyse_source url=&#8221;https:\/\/60m.ro\/operatiune-de-amploare-in-trei-judete-60-de-perchezitii-la-doua-grupari-de-contrabanda-cu-tigari-reteaua-ajungea-pana-in-marea-britanie\/&#8221;]<\/p>\n","protected":false},"excerpt":{"rendered":"<p>[analyse_image type=&#8221;featured&#8221; src=&#8221;https:\/\/60m.ro\/wp-content\/uploads\/2026\/08\/diicot-politia-de-fronteira-descinderi.webp&#8221;] Poli\u021bi\u0219tii \u0219i procurorii DIICOT au f\u0103cut, joi, 60 de\u00a0perchezi\u021bii\u00a0\u00een jude\u021bele Neam\u021b, Ia\u0219i \u0219i Suceava, \u00eentr-un dosar care vizeaz\u0103 dou\u0103 grup\u0103ri formate din cet\u0103\u021beni rom\u00e2ni \u0219i moldoveni. Suspec\u021bii ar fi comercializat \u021big\u0103ri de contraband\u0103 at\u00e2t \u00een Rom\u00e2nia, c\u00e2t \u0219i \u00een Italia, Germania \u0219i Marea Britanie. Poli\u021bi\u0219tii Serviciului de Combatere a Criminalit\u0103\u021bii Organizate Neam\u021b [&hellip;]<\/p>\n","protected":false},"author":1,"featured_media":0,"comment_status":"open","ping_status":"","sticky":false,"template":"","format":"standard","meta":{"footnotes":""},"categories":[89],"tags":[100,226],"class_list":["post-2091419","post","type-post","status-publish","format-standard","hentry","category-romania","tag-60m-ro","tag-crawlmanager"],"_links":{"self":[{"href":"https:\/\/analyse.optim.biz\/index.php?rest_route=\/wp\/v2\/posts\/2091419","targetHints":{"allow":["GET"]}}],"collection":[{"href":"https:\/\/analyse.optim.biz\/index.php?rest_route=\/wp\/v2\/posts"}],"about":[{"href":"https:\/\/analyse.optim.biz\/index.php?rest_route=\/wp\/v2\/types\/post"}],"author":[{"embeddable":true,"href":"https:\/\/analyse.optim.biz\/index.php?rest_route=\/wp\/v2\/users\/1"}],"replies":[{"embeddable":true,"href":"https:\/\/analyse.optim.biz\/index.php?rest_route=%2Fwp%2Fv2%2Fcomments&post=2091419"}],"version-history":[{"count":0,"href":"https:\/\/analyse.optim.biz\/index.php?rest_route=\/wp\/v2\/posts\/2091419\/revisions"}],"wp:attachment":[{"href":"https:\/\/analyse.optim.biz\/index.php?rest_route=%2Fwp%2Fv2%2Fmedia&parent=2091419"}],"wp:term":[{"taxonomy":"category","embeddable":true,"href":"https:\/\/analyse.optim.biz\/index.php?rest_route=%2Fwp%2Fv2%2Fcategories&post=2091419"},{"taxonomy":"post_tag","embeddable":true,"href":"https:\/\/analyse.optim.biz\/index.php?rest_route=%2Fwp%2Fv2%2Ftags&post=2091419"}],"curies":[{"name":"wp","href":"https:\/\/api.w.org\/{rel}","templated":true}]}}