{"id":2091415,"date":"2026-08-13T09:50:30","date_gmt":"2026-08-13T06:50:30","guid":{"rendered":"https:\/\/analyse.optim.biz\/?p=2091415"},"modified":"2026-08-13T09:50:30","modified_gmt":"2026-08-13T06:50:30","slug":"a-murit-mitica-marcu-fostul-mare-fotbalist-al-gloriei-buzau-motoreta-care-a-adus-experienta-craiovei-in-crang","status":"publish","type":"post","link":"https:\/\/analyse.optim.biz\/?p=2091415","title":{"rendered":"A murit Mitic\u0103 Marcu, fostul mare fotbalist al Gloriei Buz\u0103u, \u201eMotoreta\u201d care a adus experien\u021ba Craiovei \u00een Cr\u00e2ng"},"content":{"rendered":"<p>[analyse_image type=&#8221;featured&#8221; src=&#8221;https:\/\/gazetabuzoiana.ro\/wp-content\/uploads\/2026\/08\/Dumitru-Marcu-500px.jpg&#8221;]<\/p>\n<div class=\"entry-content entry clearfix\">\n<p class=\"wp-block-paragraph\">Fotbalul buzoian pierde unul dintre numele importante care au \u00eembr\u0103cat tricoul Gloriei \u00een prima divizie. Dumitru \u201eMitic\u0103\u201d Marcu, fost interna\u021bional rom\u00e2n \u0219i dublu campion al Rom\u00e2niei cu Universitatea Craiova, a murit joi, 13 august 2026, la v\u00e2rsta de 76 de ani.<\/p>\n<figure class=\"wp-block-image size-full\"><img loading=\"lazy\" decoding=\"async\" width=\"643\" height=\"643\" src=\"https:\/\/gazetabuzoiana.ro\/wp-content\/uploads\/2026\/08\/1-4.jpeg\" alt class=\"wp-image-22097\"><\/figure>\n<p class=\"wp-block-paragraph\">Vestea a fost anun\u021bat\u0103 \u00een aceast\u0103 diminea\u021b\u0103 de jurnalistul sportiv Vali Mocanu, care a transmis un mesaj emo\u021bionant despre fostul fotbalist:<strong><mark class=\"has-inline-color has-vivid-red-color\"> \u201eMitic\u0103 Marcu a hot\u0103r\u00e2t s\u0103 plece s\u0103 dribleze \u00eengerii. Cu Pele \u0219i Maradona, cu Balaci \u0219i cu Dobrin.\u201d<\/mark><\/strong><\/p>\n<p class=\"wp-block-paragraph\">Decesul a fost confirmat \u0219i de Federa\u021bia Rom\u00e2n\u0103 de Fotbal, care a transmis c\u0103 Dumitru Marcu a \u00eencetat din via\u021b\u0103 la 76 de ani \u0219i l-a evocat drept fost interna\u021bional rom\u00e2n \u0219i dublu campion na\u021bional cu Universitatea Craiova.<\/p>\n<p class=\"wp-block-paragraph\">Pentru Buz\u0103u, Mitic\u0103 Marcu nu a fost doar un nume important venit din fotbalul mare. El a evoluat pentru Gloria Buz\u0103u \u00eentre 1984 \u0219i 1987, \u00een ultima parte a unei cariere care \u00eel purtase prin tricourile Stelei \u0219i Universit\u0103\u021bii Craiova.<\/p>\n<p class=\"wp-block-paragraph\">A ajuns la Gloria dup\u0103 experien\u021bele de la \u201eMecanic\u0103 Fin\u0103 Bucure\u0219ti\u201d \u0219i \u201eSteaua\u201d, iar prezen\u021ba sa \u00een forma\u021bia buzoian\u0103 a \u00eensemnat un plus de experien\u021b\u0103 pentru echipa care evolua pe prima scen\u0103 a fotbalului rom\u00e2nesc. Surse de arhiv\u0103 \u00eel indic\u0103 drept unul dintre juc\u0103torii importan\u021bi ai Gloriei din acea perioad\u0103.<\/p>\n<p class=\"wp-block-paragraph\">Marcu a venit la Buz\u0103u la o v\u00e2rst\u0103 la care mul\u021bi fotbali\u0219ti se apropiau deja de finalul carierei, \u00eens\u0103 a continuat s\u0103 impresioneze prin vivacitatea sa. Tocmai aceast\u0103 calitate i-a adus \u0219i porecla \u201eMotoreta\u201d, nume sub care a r\u0103mas cunoscut \u00een lumea fotbalului.<\/p>\n<p class=\"wp-block-paragraph\">Dumitru Marcu \u0219i-a construit cea mai important\u0103 parte a carierei la \u201eUniversitatea Craiova\u201d, pentru care a evoluat \u00eentre 1972 \u0219i 1980. \u00cen cele opt sezoane petrecute \u00een B\u0103nie a str\u00e2ns peste 200 de apari\u021bii \u0219i a c\u00e2\u0219tigat de dou\u0103 ori campionatul, \u00een 1974 \u0219i 1980. A mai cucerit Cupa Rom\u00e2niei cu Steaua, \u00een 1971, \u0219i de dou\u0103 ori cu Universitatea Craiova, \u00een 1977 \u0219i 1978.<\/p>\n<p class=\"wp-block-paragraph\">A \u00eembr\u0103cat \u0219i tricoul echipei na\u021bionale a Rom\u00e2niei. FRF consemneaz\u0103 16 selec\u021bii \u0219i trei goluri pentru prima reprezentativ\u0103.<\/p>\n<p class=\"wp-block-paragraph\">Potrivit arhivelor statistice, \u00een \u00eentreaga sa carier\u0103 de prim\u0103 lig\u0103 a adunat 283 de meciuri \u0219i 83 de goluri, iar perioada de la Gloria Buz\u0103u a fost ultima sa experien\u021b\u0103 ca fotbalist \u00een Divizia A.<\/p>\n<p class=\"wp-block-paragraph\">Ultima sa apari\u021bie \u00een prima divizie a venit \u00een toamna lui 1986, \u00een tricoul Gloriei Buz\u0103u. Dup\u0103 sezonul 1986-1987, cariera de juc\u0103tor a lui Mitic\u0103 Marcu avea s\u0103 se \u00eencheie.<\/p>\n<p class=\"wp-block-paragraph\">Mesajul lui Vali Mocanu readuce \u00een prim-plan imaginea fotbalistului care a r\u0103mas \u00een memoria celor care l-au v\u0103zut juc\u00e2nd prin tehnica \u0219i stilul s\u0103u:<strong><mark class=\"has-inline-color has-vivid-red-color\"> \u201eO s\u0103 ne lipseasc\u0103 driblingul s\u0103u\u201d<\/mark><\/strong><\/p>\n<p class=\"wp-block-paragraph\">Pentru fotbalul buzoian, dispari\u021bia lui Mitic\u0103 Marcu \u00eenseamn\u0103 plecarea unui juc\u0103tor care a f\u0103cut leg\u0103tura \u00eentre genera\u021bia marilor fotbali\u0219ti ai Universit\u0103\u021bii Craiova \u0219i una dintre perioadele importante din istoria Gloriei Buz\u0103u.<\/p>\n<p class=\"wp-block-paragraph\">Federa\u021bia Rom\u00e2n\u0103 de Fotbal a transmis condolean\u021be familiei, prietenilor \u0219i tuturor celor care l-au cunoscut.<\/p>\n<p class=\"wp-block-paragraph\"><strong>Sursa: <\/strong>FRF, arhive sportive, Vali Mocanu<\/p>\n<div class=\"post-bottom-meta post-bottom-tags post-tags-modern\">\n<div class=\"post-bottom-meta-title\"> Etichete<\/div>\n<p><span class=\"tagcloud\"><a href=\"https:\/\/gazetabuzoiana.ro\/tag\/deces\/\" rel=\"tag\">deces<\/a><a href=\"https:\/\/gazetabuzoiana.ro\/tag\/divizia-a\/\" rel=\"tag\">Divizia A<\/a><a href=\"https:\/\/gazetabuzoiana.ro\/tag\/dumitru-marcu\/\" rel=\"tag\">Dumitru Marcu<\/a><a href=\"https:\/\/gazetabuzoiana.ro\/tag\/fotbal-buzoian\/\" rel=\"tag\">fotbal buzoian<\/a><a href=\"https:\/\/gazetabuzoiana.ro\/tag\/fotbal-romanesc\/\" rel=\"tag\">fotbal rom\u00e2nesc<\/a><a href=\"https:\/\/gazetabuzoiana.ro\/tag\/fotbalisti\/\" rel=\"tag\">fotbali\u0219ti<\/a><a href=\"https:\/\/gazetabuzoiana.ro\/tag\/frf\/\" rel=\"tag\">FRF<\/a><a href=\"https:\/\/gazetabuzoiana.ro\/tag\/gloria-buzau-2\/\" rel=\"tag\">Gloria Buz\u0103u<\/a><a href=\"https:\/\/gazetabuzoiana.ro\/tag\/mitica-marcu\/\" rel=\"tag\">Mitic\u0103 Marcu<\/a><a href=\"https:\/\/gazetabuzoiana.ro\/tag\/motoreta\/\" rel=\"tag\">Motoreta<\/a><a href=\"https:\/\/gazetabuzoiana.ro\/tag\/universitatea-craiova\/\" rel=\"tag\">Universitatea Craiova<\/a><\/span><\/div>\n<\/div>\n<p>[analyse_source url=&#8221;https:\/\/gazetabuzoiana.ro\/2026\/08\/13\/a-murit-mitica-marcu-fostul-mare-fotbalist-al-gloriei-buzau-motoreta-care-a-adus-experienta-craiovei-in-crang\/&#8221;]<\/p>\n","protected":false},"excerpt":{"rendered":"<p>[analyse_image type=&#8221;featured&#8221; src=&#8221;https:\/\/gazetabuzoiana.ro\/wp-content\/uploads\/2026\/08\/Dumitru-Marcu-500px.jpg&#8221;] Fotbalul buzoian pierde unul dintre numele importante care au \u00eembr\u0103cat tricoul Gloriei \u00een prima divizie. Dumitru \u201eMitic\u0103\u201d Marcu, fost interna\u021bional rom\u00e2n \u0219i dublu campion al Rom\u00e2niei cu Universitatea Craiova, a murit joi, 13 august 2026, la v\u00e2rsta de 76 de ani. Vestea a fost anun\u021bat\u0103 \u00een aceast\u0103 diminea\u021b\u0103 de jurnalistul sportiv Vali [&hellip;]<\/p>\n","protected":false},"author":1,"featured_media":0,"comment_status":"open","ping_status":"","sticky":false,"template":"","format":"standard","meta":{"footnotes":""},"categories":[2],"tags":[226,38],"class_list":["post-2091415","post","type-post","status-publish","format-standard","hentry","category-politics","tag-crawlmanager","tag-gazetabuzoiana-ro"],"_links":{"self":[{"href":"https:\/\/analyse.optim.biz\/index.php?rest_route=\/wp\/v2\/posts\/2091415","targetHints":{"allow":["GET"]}}],"collection":[{"href":"https:\/\/analyse.optim.biz\/index.php?rest_route=\/wp\/v2\/posts"}],"about":[{"href":"https:\/\/analyse.optim.biz\/index.php?rest_route=\/wp\/v2\/types\/post"}],"author":[{"embeddable":true,"href":"https:\/\/analyse.optim.biz\/index.php?rest_route=\/wp\/v2\/users\/1"}],"replies":[{"embeddable":true,"href":"https:\/\/analyse.optim.biz\/index.php?rest_route=%2Fwp%2Fv2%2Fcomments&post=2091415"}],"version-history":[{"count":0,"href":"https:\/\/analyse.optim.biz\/index.php?rest_route=\/wp\/v2\/posts\/2091415\/revisions"}],"wp:attachment":[{"href":"https:\/\/analyse.optim.biz\/index.php?rest_route=%2Fwp%2Fv2%2Fmedia&parent=2091415"}],"wp:term":[{"taxonomy":"category","embeddable":true,"href":"https:\/\/analyse.optim.biz\/index.php?rest_route=%2Fwp%2Fv2%2Fcategories&post=2091415"},{"taxonomy":"post_tag","embeddable":true,"href":"https:\/\/analyse.optim.biz\/index.php?rest_route=%2Fwp%2Fv2%2Ftags&post=2091415"}],"curies":[{"name":"wp","href":"https:\/\/api.w.org\/{rel}","templated":true}]}}