{"id":2091414,"date":"2026-08-13T09:16:17","date_gmt":"2026-08-13T06:16:17","guid":{"rendered":"https:\/\/analyse.optim.biz\/?p=2091414"},"modified":"2026-08-13T09:16:17","modified_gmt":"2026-08-13T06:16:17","slug":"ultima-ora-din-nou-se-sparge-asfaltul-proaspat-de-pe-bulevardul-nicolae-balcescu-si-pe-rascoalei-1907-sunt-interventii-similare","status":"publish","type":"post","link":"https:\/\/analyse.optim.biz\/?p=2091414","title":{"rendered":"ULTIMA OR\u0102 | Din nou se sparge asfaltul proasp\u0103t de pe Bulevardul Nicolae B\u0103lcescu. \u0218i pe \u201eR\u0103scoalei 1907\u201d sunt interven\u021bii similare"},"content":{"rendered":"<p>[analyse_image type=&#8221;featured&#8221; src=&#8221;https:\/\/gazetabuzoiana.ro\/wp-content\/uploads\/2026\/08\/a-3.jpeg&#8221;]<\/p>\n<div class=\"entry-content entry clearfix\">\n<p class=\"wp-block-paragraph\">Bulevardul Nicolae B\u0103lcescu, asfaltat \u00een urm\u0103 cu aproximativ dou\u0103 luni \u0219i jum\u0103tate, este din nou spart pentru o interven\u021bie la re\u021beaua de gaze. Interven\u021bia a \u00eenceput ieri \u0219i, \u00een aceea\u0219i zi, lucr\u0103ri similare au fost semnalate \u0219i pe strada \u201eR\u0103scoalei 1907\u201d, o alt\u0103 arter\u0103 reabilitat\u0103 recent \u00een cadrul aceluia\u0219i proiect de modernizare.<\/p>\n<figure class=\"wp-block-image size-full\"><img loading=\"lazy\" decoding=\"async\" width=\"986\" height=\"729\" src=\"https:\/\/gazetabuzoiana.ro\/wp-content\/uploads\/2026\/08\/b-1.jpeg\" alt class=\"wp-image-22089\"><\/figure>\n<p class=\"wp-block-paragraph\">Imaginile transmise de cititorii no\u0219tri arat\u0103 zona de pe Bulevardul \u201eNicolae B\u0103lcescu\u201d delimitat\u0103 cu bariere \u0219i indicatoare temporare, \u00een timp ce carosabilul proasp\u0103t ref\u0103cut este din nou afectat de lucr\u0103ri.<\/p>\n<p class=\"wp-block-paragraph\">Potrivit informa\u021biilor transmise de Prim\u0103ria Buz\u0103u, este vorba despre o nou\u0103 problem\u0103 la re\u021beaua de gaze.<\/p>\n<p class=\"wp-block-paragraph\"><strong><mark class=\"has-inline-color has-vivid-red-color\">\u201eNi s-a transmis c\u0103 este vorba despre o sc\u0103pare de gaze. \u0218i pe R\u0103scoalei la fel. Pe bulevard, la c\u00e2\u021biva metri de interven\u021bia de interven\u021bia lor recent\u0103\u201d<\/mark><\/strong>, a transmis municipalitatea, prin vocea viceprimarului Ionu\u021b Apostu.<\/p>\n<p class=\"wp-block-paragraph\">Situa\u021bia este cu at\u00e2t mai neobi\u0219nuit\u0103 cu c\u00e2t \u00een aceea\u0219i zon\u0103 s-a intervenit pentru o problem\u0103 la re\u021beaua de gaze de cur\u00e2nd, la scurt timp dup\u0103 asfaltarea bulevardului.<\/p>\n<p class=\"wp-block-paragraph\">De aceast\u0103 dat\u0103, viceprimarul municipiului Buz\u0103u, Ionu\u021b Apostu, s-a declarat nepl\u0103cut surprins de situa\u021bie \u0219i spune c\u0103 nu crede c\u0103 este vorba despre o simpl\u0103 coinciden\u021b\u0103. Viceprimarul suspecteaz\u0103 c\u0103 noua problem\u0103 ar putea avea leg\u0103tur\u0103 cu modul \u00een care a fost executat\u0103 interven\u021bia precedent\u0103.<\/p>\n<p class=\"wp-block-paragraph\"><strong><mark class=\"has-inline-color has-vivid-red-color\">\u201eNu cred c\u0103 este o coinciden\u021b\u0103. B\u0103nuiesc c\u0103 nu s-a f\u0103cut bine treaba data trecut\u0103\u201d<\/mark>,<\/strong> a spus Ionu\u021b Apostu.<\/p>\n<p class=\"wp-block-paragraph\"> Pentru a se stabili dac\u0103 cele dou\u0103 interven\u021bii au leg\u0103tur\u0103 \u00eentre ele se a\u0219teapt\u0103 un punct de vedere al operatorului re\u021belei de gaze \u0219i de precizarea exact\u0103 a cauzei noii defec\u021biuni.<\/p>\n<p class=\"wp-block-paragraph\">Bulevardul Nicolae B\u0103lcescu, recent reabilitat, a facut parte din proiectul <em>\u201eReabilitarea \u0219i modernizarea a 14 str\u0103zi din municipiul Buz\u0103u\u201d,<\/em> finan\u021bat prin Programul Na\u021bional de Investi\u021bii <em>\u201eAnghel Saligny\u201d<\/em>.<\/p>\n<p class=\"wp-block-paragraph\">Pentru \u00eentregul proiect, contractul de execu\u021bie a fost atribuit \u00een 2025 pentru suma de aproximativ 56,63 milioane de lei f\u0103r\u0103 TVA, lucr\u0103rile viz\u00e2nd nu doar asfaltarea, ci \u0219i infrastructura rutier\u0103, trotuarele, pistele pentru biciclete, parc\u0103rile, spa\u021biile verzi \u0219i alte elemente de infrastructur\u0103.<\/p>\n<p class=\"wp-block-paragraph\">\u00cen luna iunie, la scurt timp dup\u0103 finalizarea asfalt\u0103rii, pe bulevardul Nicolae B\u0103lcescu a avut loc deja o interven\u021bie a Distrigaz pentru \u201eremediere defect\u201d.<\/p>\n<p class=\"wp-block-paragraph\"><em>Gazeta Buzoian\u0103<\/em> a relatat atunci situa\u021bia \u0219i a atras aten\u021bia asupra problemei accesului la re\u021belele subterane dup\u0103 refacerea carosabilului.<\/p>\n<p class=\"wp-block-paragraph\">Acum, la aproximativ o lun\u0103 de la acea interven\u021bie, carosabilul este din nou delimitat \u0219i se intervine \u00een aceea\u0219i zon\u0103.<\/p>\n<p class=\"wp-block-paragraph\">A\u0219a cum am mai spus, viceprimarul Ionu\u021b Apostu nu consider\u0103 c\u0103 este o simpl\u0103 coinciden\u021b\u0103 \u0219i suspecteaz\u0103 c\u0103 problema ar putea <\/p>\n<p class=\"wp-block-paragraph\">Tot ieri a fost semnalat\u0103 o interven\u021bie \u0219i pe strada R\u0103scoalei 1907.<\/p>\n<figure class=\"wp-block-image size-large\"><img decoding=\"async\" loading=\"lazy\" width=\"1024\" height=\"568\" src=\"https:\/\/gazetabuzoiana.ro\/wp-content\/uploads\/2026\/08\/a-2-1024x568.jpeg\" alt class=\"wp-image-22084\"><\/figure>\n<p class=\"wp-block-paragraph\">Imaginile publicate \u00een grupul InfoTrafic Buz\u0103u #1 arat\u0103 o zon\u0103 de lucr\u0103ri delimitat\u0103 cu bariere \u0219i indicatoare, inclusiv semnul de limitare a vitezei la 30 km\/h \u0219i indicatoare pentru ocolirea obstacolului.<\/p>\n<p class=\"wp-block-paragraph\">Potrivit informa\u021biilor transmise de Prim\u0103ria Buz\u0103u, \u0219i aici este vorba despre o problem\u0103 la re\u021beaua de gaze.<\/p>\n<p class=\"wp-block-paragraph\">R\u0103scoalei 1907 este, la r\u00e2ndul ei, inclus\u0103 \u00een proiectul de modernizare a celor 14 str\u0103zi \u0219i are, conform documenta\u021biei tehnice, o lungime de 918 metri. <\/p>\n<div class=\"post-bottom-meta post-bottom-tags post-tags-modern\">\n<div class=\"post-bottom-meta-title\"> Etichete<\/div>\n<p><span class=\"tagcloud\"><a href=\"https:\/\/gazetabuzoiana.ro\/tag\/anghel-saligny\/\" rel=\"tag\">Anghel Saligny<\/a><a href=\"https:\/\/gazetabuzoiana.ro\/tag\/asfalt-spart\/\" rel=\"tag\">asfalt spart<\/a><a href=\"https:\/\/gazetabuzoiana.ro\/tag\/asfaltare-bulevardul-nicolae-balcescu\/\" rel=\"tag\">asfaltare Bulevardul Nicolae B\u0103lcescu<\/a><a href=\"https:\/\/gazetabuzoiana.ro\/tag\/bulevardul-nicolae-balcescu-2\/\" rel=\"tag\">Bulevardul Nicolae B\u0103lcescu<\/a><a href=\"https:\/\/gazetabuzoiana.ro\/tag\/buzau-2\/\" rel=\"tag\">Buz\u0103u<\/a><a href=\"https:\/\/gazetabuzoiana.ro\/tag\/carosabil-buzau\/\" rel=\"tag\">carosabil Buz\u0103u<\/a><a href=\"https:\/\/gazetabuzoiana.ro\/tag\/distrigaz-sud-retele\/\" rel=\"tag\">Distrigaz Sud Re\u021bele<\/a><a href=\"https:\/\/gazetabuzoiana.ro\/tag\/infrastructura-buzau\/\" rel=\"tag\">infrastructur\u0103 Buz\u0103u<\/a><a href=\"https:\/\/gazetabuzoiana.ro\/tag\/interventie-gaze\/\" rel=\"tag\">interven\u021bie gaze<\/a><a href=\"https:\/\/gazetabuzoiana.ro\/tag\/ionut-apostu\/\" rel=\"tag\">Ionu\u021b Apostu<\/a><a href=\"https:\/\/gazetabuzoiana.ro\/tag\/lucrari-gaze\/\" rel=\"tag\">lucr\u0103ri gaze<\/a><a href=\"https:\/\/gazetabuzoiana.ro\/tag\/lucrari-utilitati\/\" rel=\"tag\">lucr\u0103ri utilit\u0103\u021bi<\/a><a href=\"https:\/\/gazetabuzoiana.ro\/tag\/primaria-buzau\/\" rel=\"tag\">Prim\u0103ria Buz\u0103u<\/a><a href=\"https:\/\/gazetabuzoiana.ro\/tag\/reabilitare-strazi-buzau\/\" rel=\"tag\">reabilitare str\u0103zi Buz\u0103u<\/a><a href=\"https:\/\/gazetabuzoiana.ro\/tag\/retele-gaze\/\" rel=\"tag\">re\u021bele gaze<\/a><a href=\"https:\/\/gazetabuzoiana.ro\/tag\/strada-rascoalei-1907\/\" rel=\"tag\">strada R\u0103scoalei 1907<\/a><\/span><\/div>\n<\/div>\n<p>[analyse_source url=&#8221;https:\/\/gazetabuzoiana.ro\/2026\/08\/13\/ultima-ora-din-nou-se-sparge-asfaltul-proaspat-de-pe-bulevardul-nicolae-balcescu-si-pe-rascoalei-1907-sunt-interventii-la-gaze\/&#8221;]<\/p>\n","protected":false},"excerpt":{"rendered":"<p>[analyse_image type=&#8221;featured&#8221; src=&#8221;https:\/\/gazetabuzoiana.ro\/wp-content\/uploads\/2026\/08\/a-3.jpeg&#8221;] Bulevardul Nicolae B\u0103lcescu, asfaltat \u00een urm\u0103 cu aproximativ dou\u0103 luni \u0219i jum\u0103tate, este din nou spart pentru o interven\u021bie la re\u021beaua de gaze. Interven\u021bia a \u00eenceput ieri \u0219i, \u00een aceea\u0219i zi, lucr\u0103ri similare au fost semnalate \u0219i pe strada \u201eR\u0103scoalei 1907\u201d, o alt\u0103 arter\u0103 reabilitat\u0103 recent \u00een cadrul aceluia\u0219i proiect de modernizare. [&hellip;]<\/p>\n","protected":false},"author":1,"featured_media":0,"comment_status":"open","ping_status":"","sticky":false,"template":"","format":"standard","meta":{"footnotes":""},"categories":[2],"tags":[226,38],"class_list":["post-2091414","post","type-post","status-publish","format-standard","hentry","category-politics","tag-crawlmanager","tag-gazetabuzoiana-ro"],"_links":{"self":[{"href":"https:\/\/analyse.optim.biz\/index.php?rest_route=\/wp\/v2\/posts\/2091414","targetHints":{"allow":["GET"]}}],"collection":[{"href":"https:\/\/analyse.optim.biz\/index.php?rest_route=\/wp\/v2\/posts"}],"about":[{"href":"https:\/\/analyse.optim.biz\/index.php?rest_route=\/wp\/v2\/types\/post"}],"author":[{"embeddable":true,"href":"https:\/\/analyse.optim.biz\/index.php?rest_route=\/wp\/v2\/users\/1"}],"replies":[{"embeddable":true,"href":"https:\/\/analyse.optim.biz\/index.php?rest_route=%2Fwp%2Fv2%2Fcomments&post=2091414"}],"version-history":[{"count":0,"href":"https:\/\/analyse.optim.biz\/index.php?rest_route=\/wp\/v2\/posts\/2091414\/revisions"}],"wp:attachment":[{"href":"https:\/\/analyse.optim.biz\/index.php?rest_route=%2Fwp%2Fv2%2Fmedia&parent=2091414"}],"wp:term":[{"taxonomy":"category","embeddable":true,"href":"https:\/\/analyse.optim.biz\/index.php?rest_route=%2Fwp%2Fv2%2Fcategories&post=2091414"},{"taxonomy":"post_tag","embeddable":true,"href":"https:\/\/analyse.optim.biz\/index.php?rest_route=%2Fwp%2Fv2%2Ftags&post=2091414"}],"curies":[{"name":"wp","href":"https:\/\/api.w.org\/{rel}","templated":true}]}}