{"id":2091405,"date":"2026-08-12T16:46:00","date_gmt":"2026-08-12T13:46:00","guid":{"rendered":"https:\/\/analyse.optim.biz\/?p=2091405"},"modified":"2026-08-12T16:46:00","modified_gmt":"2026-08-12T13:46:00","slug":"arhitect-sef-la-cj-buzau-dupa-5-ani-de-incercari-esuate-functia-va-fi-ocupata-prin-transfer","status":"publish","type":"post","link":"https:\/\/analyse.optim.biz\/?p=2091405","title":{"rendered":"Arhitect-\u0219ef la CJ Buz\u0103u. Dup\u0103 5 ani de \u00eencerc\u0103ri e\u0219uate, func\u021bia va fi ocupat\u0103 prin transfer"},"content":{"rendered":"<p>[analyse_image type=&#8221;featured&#8221; src=&#8221;https:\/\/www.campusbuzau.ro\/wp-content\/uploads\/2025\/06\/sediu-cj-buzau.jpghttps:\/\/www.campusbuzau.ro\/wp-content\/uploads\/2025\/06\/sediu-cj-buzau.jpg&#8221;]<\/p>\n<div class=\"entry-content\">\n<p><strong><em><mark class=\"has-inline-color has-maincolor-color\">Consiliul Jude\u021bean Buz\u0103u ar putea avea, c\u00e2t de cur\u00e2nd, un arhitect-\u0219ef. Func\u021bia urmeaz\u0103 s\u0103 fie ocupat\u0103 chiar p\u00e2n\u0103 la sf\u00e2r\u0219itul lunii august de c\u0103tre un buzoian care \u0219i-ar fi dat acordul pentru a fi \u00eencadrat pe acest post, prin transfer de la Ministerul Dezvolt\u0103rii.<\/mark><\/em><\/strong><\/p>\n<p>Pre\u0219edintele CJ Buz\u0103u, Marcel Ciolacu, a anun\u021bat c\u0103 acesta nu este singurul buzoian care dore\u0219te s\u0103 renun\u021be la o func\u021bie important\u0103 \u00eentr-o institu\u021bie public\u0103 central\u0103 pentru a veni s\u0103 lucreze la Consiliul Jude\u021bean Buz\u0103u.<\/p>\n<p>Toate concursurile de arhitect-\u0219ef, organizate de Consiliul Jude\u021bean Buz\u0103u \u00een ultimii 5 ani, nu au reu\u0219it s\u0103 rezolve aceast\u0103 problem\u0103.La ultimul concurs, organizat luna trecut\u0103, niciunul dintre cei trei candida\u021bi \u00eenscri\u0219i nu a reu\u0219it s\u0103 ob\u021bin\u0103 minim 70 de puncte la proba scris\u0103. <\/p>\n<p>Func\u021bia public\u0103 de arhitect\u2011\u0219ef al unui consiliu jude\u021bean implic\u0103 o palet\u0103 larg\u0103 de atribu\u021bii \u0219i responsabilit\u0103\u021bi. Pe l\u00e2ng\u0103 avizarea documenta\u021biilor de urbanism, arhitectul\u2011\u0219ef verific\u0103 \u0219i emite avize pentru Planurile Urbanistice Zonale (PUZ) \u0219i Planurile Urbanistice de Detaliu (PUD).<\/p>\n<figure class=\"wp-block-embed is-type-video is-provider-youtube wp-block-embed-youtube wp-embed-aspect-16-9 wp-has-aspect-ratio\">\n<div class=\"wp-block-embed__wrapper\">\n<iframe loading=\"lazy\" title=\"ARHITECT-SEF DE LA CONSILIUL JUDE\u0162EAN, FUNC\u0162IE OCUPAT\u0102 PRIN TRANSFER\" width=\"500\" height=\"281\" src=\"https:\/\/www.youtube.com\/embed\/9vDY-RZ3ha8?feature=oembed\" frameborder allow=\"accelerometer; autoplay; clipboard-write; encrypted-media; gyroscope; picture-in-picture; web-share\" referrerpolicy=\"strict-origin-when-cross-origin\" allowfullscreen><\/iframe>\n<\/div>\n<\/figure>\n<\/div>\n<p>[analyse_source url=&#8221;https:\/\/www.campusbuzau.ro\/arhitect-sef-la-cj-buzau-dupa-5-ani-de-incercari-esuate-functia-va-fi-ocupata-prin-transfer\/&#8221;]<\/p>\n","protected":false},"excerpt":{"rendered":"<p>[analyse_image type=&#8221;featured&#8221; src=&#8221;https:\/\/www.campusbuzau.ro\/wp-content\/uploads\/2025\/06\/sediu-cj-buzau.jpghttps:\/\/www.campusbuzau.ro\/wp-content\/uploads\/2025\/06\/sediu-cj-buzau.jpg&#8221;] Consiliul Jude\u021bean Buz\u0103u ar putea avea, c\u00e2t de cur\u00e2nd, un arhitect-\u0219ef. Func\u021bia urmeaz\u0103 s\u0103 fie ocupat\u0103 chiar p\u00e2n\u0103 la sf\u00e2r\u0219itul lunii august de c\u0103tre un buzoian care \u0219i-ar fi dat acordul pentru a fi \u00eencadrat pe acest post, prin transfer de la Ministerul Dezvolt\u0103rii. Pre\u0219edintele CJ Buz\u0103u, Marcel Ciolacu, a anun\u021bat c\u0103 [&hellip;]<\/p>\n","protected":false},"author":1,"featured_media":0,"comment_status":"open","ping_status":"","sticky":false,"template":"","format":"standard","meta":{"footnotes":""},"categories":[2],"tags":[118,226],"class_list":["post-2091405","post","type-post","status-publish","format-standard","hentry","category-politics","tag-campusbuzau-ro","tag-crawlmanager"],"_links":{"self":[{"href":"https:\/\/analyse.optim.biz\/index.php?rest_route=\/wp\/v2\/posts\/2091405","targetHints":{"allow":["GET"]}}],"collection":[{"href":"https:\/\/analyse.optim.biz\/index.php?rest_route=\/wp\/v2\/posts"}],"about":[{"href":"https:\/\/analyse.optim.biz\/index.php?rest_route=\/wp\/v2\/types\/post"}],"author":[{"embeddable":true,"href":"https:\/\/analyse.optim.biz\/index.php?rest_route=\/wp\/v2\/users\/1"}],"replies":[{"embeddable":true,"href":"https:\/\/analyse.optim.biz\/index.php?rest_route=%2Fwp%2Fv2%2Fcomments&post=2091405"}],"version-history":[{"count":0,"href":"https:\/\/analyse.optim.biz\/index.php?rest_route=\/wp\/v2\/posts\/2091405\/revisions"}],"wp:attachment":[{"href":"https:\/\/analyse.optim.biz\/index.php?rest_route=%2Fwp%2Fv2%2Fmedia&parent=2091405"}],"wp:term":[{"taxonomy":"category","embeddable":true,"href":"https:\/\/analyse.optim.biz\/index.php?rest_route=%2Fwp%2Fv2%2Fcategories&post=2091405"},{"taxonomy":"post_tag","embeddable":true,"href":"https:\/\/analyse.optim.biz\/index.php?rest_route=%2Fwp%2Fv2%2Ftags&post=2091405"}],"curies":[{"name":"wp","href":"https:\/\/api.w.org\/{rel}","templated":true}]}}