{"id":209135,"date":"2014-03-22T13:36:47","date_gmt":"2014-03-22T10:36:47","guid":{"rendered":"https:\/\/analyse.optim.biz\/?p=209135"},"modified":"2014-03-22T13:36:47","modified_gmt":"2014-03-22T10:36:47","slug":"traian-basescu-vladimir-putin-nu-se-va-opri-la-crimeea-se-uita-cu-jind-la-gurile-dunarii","status":"publish","type":"post","link":"https:\/\/analyse.optim.biz\/?p=209135","title":{"rendered":"Traian B\u0103sescu: Vladimir Putin nu se va opri la Crimeea. Se uit\u0103 cu jind la gurile Dun\u0103rii"},"content":{"rendered":"<div class=\"entry data-app-meta data-app-meta-article\" data-embed-base-url-canonical=\"https:\/\/www.digi24.ro\/embed\/stiri\/actualitate\/politica\/traian-basescu-vladimir-putin-nu-se-va-opri-la-crimeea-se-uita-cu-jind-la-gurile-dunarii-218476\">Pre\u015fedintele Traian B\u0103sescu a spus, s\u00e2mb\u0103t\u0103, c\u0103 el crede c\u0103 pre\u015fedintele Federa\u0163iei Ruse, Vladimir Putin, se uit\u0103 cu jind la gurile Dun\u0103rii, \u015feful statului amintind afirma\u0163ia sa c\u0103 \u201eMarea Neagr\u0103 este lac rusesc\u201d, pentru care a fost blamat, dar care acum este o realitate. \u00a0<\/p>\n<p data-index=\"1\"><img decoding=\"async\" src=\"https:\/\/analyse.optim.biz\/wp-content\/uploads\/2024\/09\/otvhotiwmtjjmddkywe4ywm2mdnkzdhmzge2zda0yty-thumb_.jpg\" data-skip-htmlfix=\"1\" title=\"otvhotiwmtjjmddkywe4ywm2mdnkzdhmzge2zda0yty-thumb_\"><\/p>\n<p data-index=\"2\">\u201eAceste riscuri exist\u0103. M\u0103surile care s-au luat au vrut s\u0103 fie un semnal c\u0103 lumea civilizat\u0103 nu accept\u0103 modul \u00een care se manifest\u0103 Federa\u0163ia Rus\u0103 \u015fi Vladimir Putin. Este o agresiune la adresa Ucrainei.<\/p>\n<p data-index=\"3\">Cred c\u0103 vor mai urma acte de agresiune, nu \u00eempotriva statelor NATO, dar acolo unde NATO nu exist\u0103, pentru Putin nu exist\u0103. \u00cen g\u00e2ndirea pre\u015fedintelui Putin exist\u0103 bunul plac al domniei sale.<\/p>\n<p data-index=\"4\">Sunt \u00eengrijorat de evolu\u0163iile viitoare, chiar dac\u0103 nu exist\u0103 un pericol direct de agresiune la adresa Rom\u00e2niei.<\/p>\n<p data-index=\"5\">Schimbarea frontierelor \u00een regiune nu este exclus\u0103 \u015fi poate cei care m-au blamat c\u00e2nd am spus Marea Neagr\u0103 &#8211; lac rusesc, acum, dup\u0103 ce v\u0103d Crimeea luat\u0103, poate \u00eemi vor da dreptate.<\/p>\n<p data-index=\"6\">Expresia este una care define\u015fte o realitate politic\u0103, dar \u015fi militar\u0103. Acum, \u00een Marea Neagr\u0103, Federa\u0163ia Rus\u0103 face ce vrea prin dispunerea reurselor militare.<\/p>\n<p data-index=\"7\">Totul p\u00e2n\u0103 la teritoriul statelor NATO. Aici avem \u015fi noi interese \u00eempreun\u0103 cu alia\u0163ii, prietenii din UE obiectivul major trebuie s\u0103 fie tractarea c\u00e2t mai rapid\u0103 c\u0103tre \u015fi \u00een Uniunea European\u0103 a Republici Moldova\u201d, a declarat Traian B\u0103sescu.<\/p>\n<\/div>\n<p> Source URL: https:\/\/www.digi24.ro\/stiri\/actualitate\/politica\/traian-basescu-vladimir-putin-nu-se-va-opri-la-crimeea-se-uita-cu-jind-la-gurile-dunarii-218476<\/p>\n","protected":false},"excerpt":{"rendered":"<p>Pre\u015fedintele Traian B\u0103sescu a spus, s\u00e2mb\u0103t\u0103, c\u0103 el crede c\u0103 pre\u015fedintele Federa\u0163iei Ruse, Vladimir Putin, se uit\u0103 cu jind la gurile Dun\u0103rii, \u015feful statului amintind afirma\u0163ia sa c\u0103 \u201eMarea Neagr\u0103 este lac rusesc\u201d, pentru care a fost blamat, dar care acum este o realitate. \u00a0 \u201eAceste riscuri exist\u0103. M\u0103surile care s-au luat au vrut s\u0103 [&hellip;]<\/p>\n","protected":false},"author":1,"featured_media":209136,"comment_status":"open","ping_status":"","sticky":false,"template":"","format":"standard","meta":{"footnotes":""},"categories":[2],"tags":[11],"class_list":["post-209135","post","type-post","status-publish","format-standard","has-post-thumbnail","hentry","category-politics","tag-digi24"],"_links":{"self":[{"href":"https:\/\/analyse.optim.biz\/index.php?rest_route=\/wp\/v2\/posts\/209135","targetHints":{"allow":["GET"]}}],"collection":[{"href":"https:\/\/analyse.optim.biz\/index.php?rest_route=\/wp\/v2\/posts"}],"about":[{"href":"https:\/\/analyse.optim.biz\/index.php?rest_route=\/wp\/v2\/types\/post"}],"author":[{"embeddable":true,"href":"https:\/\/analyse.optim.biz\/index.php?rest_route=\/wp\/v2\/users\/1"}],"replies":[{"embeddable":true,"href":"https:\/\/analyse.optim.biz\/index.php?rest_route=%2Fwp%2Fv2%2Fcomments&post=209135"}],"version-history":[{"count":0,"href":"https:\/\/analyse.optim.biz\/index.php?rest_route=\/wp\/v2\/posts\/209135\/revisions"}],"wp:featuredmedia":[{"embeddable":true,"href":"https:\/\/analyse.optim.biz\/index.php?rest_route=\/wp\/v2\/media\/209136"}],"wp:attachment":[{"href":"https:\/\/analyse.optim.biz\/index.php?rest_route=%2Fwp%2Fv2%2Fmedia&parent=209135"}],"wp:term":[{"taxonomy":"category","embeddable":true,"href":"https:\/\/analyse.optim.biz\/index.php?rest_route=%2Fwp%2Fv2%2Fcategories&post=209135"},{"taxonomy":"post_tag","embeddable":true,"href":"https:\/\/analyse.optim.biz\/index.php?rest_route=%2Fwp%2Fv2%2Ftags&post=209135"}],"curies":[{"name":"wp","href":"https:\/\/api.w.org\/{rel}","templated":true}]}}