{"id":209132,"date":"2014-03-22T15:02:51","date_gmt":"2014-03-22T12:02:51","guid":{"rendered":"https:\/\/analyse.optim.biz\/?p=209132"},"modified":"2014-03-22T15:02:51","modified_gmt":"2014-03-22T12:02:51","slug":"v-ponta-domnii-si-doamnele-din-alianta-psd-pc-unpr-nu-se-vor-comporta-ca-cele-doua-tate-create-de-t-basescu","status":"publish","type":"post","link":"https:\/\/analyse.optim.biz\/?p=209132","title":{"rendered":"V. Ponta: Domnii \u015fi doamnele din Alian\u0163a PSD-PC-UNPR nu se vor comporta ca cele dou\u0103 \u0163a\u0163e create de T. B\u0103sescu"},"content":{"rendered":"<div class=\"entry data-app-meta data-app-meta-article\" data-embed-base-url-canonical=\"https:\/\/www.digi24.ro\/embed\/stiri\/actualitate\/politica\/v-ponta-domnii-si-doamnele-din-alianta-psd-pc-unpr-nu-se-vor-comporta-ca-cele-doua-tate-create-de-t-basescu-218486\">\n<p data-index=\"1\">\u00a0<img decoding=\"async\" src=\"https:\/\/analyse.optim.biz\/wp-content\/uploads\/2024\/09\/odm3nja5ztq3otc3mwq0mmy5odnhyzcynzlknmm2-thumb_.jpg\" data-skip-htmlfix=\"1\" title=\"odm3nja5ztq3otc3mwq0mmy5odnhyzcynzlknmm2-thumb_\"><\/p>\n<p data-index=\"2\">\u201eVor vorbi de bine despre Rom\u00e2nia, niciodat\u0103 nu vor vorbi de r\u0103u despre \u0163ara pe care o reprezint\u0103, a\u015fa cum au f\u0103cut-o, din p\u0103cate, al\u0163ii, vor sus\u0163ine interesele noastre na\u0163ionale \u015fi interesele noastre politice \u00een cadrul PE\u201d, a spus Ponta.<\/p>\n<p data-index=\"3\">Pre\u015fedintele social-democrat a mai spus c\u0103 alian\u0163a va avea \u201eo campanie pozitiv\u0103\u201d, \u00een care va spune oamenilor ce a reu\u015fit s\u0103 fac\u0103 p\u00e2n\u0103 acum, ce vrea s\u0103 facem \u00een continuare \u015fi ce dore\u015fte s\u0103 fac\u0103 \u00een PE.<\/p>\n<p data-index=\"4\">\u201eDac\u0103 al\u0163ii vor avea campanii negative, e problema lor, dar cred c\u0103 noi avem foarte multe lucruri pe care le-am f\u0103cut deja \u015fi oamenii a\u015fteapt\u0103, \u00een primul \u015fi \u00een primul r\u00e2nd, mai mult bun-sim\u0163, mai mult\u0103 civiliza\u0163ie, mai mult\u0103 construc\u0163ie, mai mult\u0103 capacitate de a-i reprezenta pe ei cu adev\u0103rat\u201d, a subliniat Ponta.<\/p>\n<p data-index=\"5\">Acesta a explicat c\u0103 domnii \u015fi doamnele din PSD-PC-UNPR nu se vor comporta \u201eca un fel de \u0163a\u0163e europene\u201d, a\u015fa cum au f\u0103cut \u201ecele dou\u0103 crea\u0163ii\u201d ale pre\u015fedintelui Traian B\u0103sescu.<\/p>\n<p data-index=\"6\">\u201ePot s\u0103 v\u0103 garantez c\u0103 doamnele \u015fi domnii care ne vor reprezenta \u00een PE nu vor face cum am v\u0103zut \u00een aceast\u0103 s\u0103pt\u0103m\u00e2n\u0103 cu dou\u0103 doamne care s-au comportat \u015fi se comport\u0103 a\u015fa ca un fel de \u0163a\u0163e europene, se ceart\u0103 \u00eentre ele. Am\u00e2ndou\u0103, sigur, crea\u0163ii, la propriu sau la figurat, ale domnului pre\u015fedinte B\u0103sescu. Cred c\u0103 e o ru\u015fine ceea ce vedem \u015fi v\u0103 garantez, \u00een numele tuturor doamnelor \u015fi domnilor afla\u0163i pe lista noastr\u0103, c\u0103 din partea candida\u0163ilor no\u015ftri ve\u0163i avea atitudini care s\u0103-i fac\u0103 pe rom\u00e2ni s\u0103 se simt\u0103 m\u00e2ndri c\u0103 sunt reprezenta\u0163i \u00een PE\u201d, a spus Ponta.<\/p>\n<p data-index=\"7\">\u00centrebat cum se \u00eempac\u0103 ideea de campanie pozitiv\u0103 \u015fi declara\u0163iile &#8220;neacademice&#8221; la adresa Elenei B\u0103sescu \u015fi Monica Macovei, Ponta i-a spus unui jurnalist c\u0103 \u00ee\u015fi cere scuze dac\u0103 l-a lezat \u00een vreun fel. \u201eEu nu vreau s\u0103 v\u0103 afectez sensibilitatea legat\u0103 de doamna B\u0103sescu \u015fi de doamna Macovei\u201d, a precizat liderul social-democrat.<\/p>\n<p data-index=\"8\">La 18 martie, europarlamentarul Elena B\u0103sescu a lansat, pe blogul s\u0103u, un atac la adresa Monic\u0103i Macovei. \u201eSpre deosebire de Monica Macovei, eu am primit \u00een 2009 \u00eencrederea a peste 200.000 de rom\u00e2ni, nu m-am ascuns pe o list\u0103. Singura mea candidatur\u0103 electoral\u0103 a fost un succes, \u00een timp ce doamna europarlamentar, de\u015fi dintr-o genera\u0163ie cu peste 20 de ani mai \u00een v\u00e2rst\u0103 ca mine, nu a avut acest curaj\u201d, a scris Elena B\u0103sescu.<\/p>\n<p data-index=\"9\">\u00cen plus, ea a sus\u0163inut c\u0103 a fost \u201emai activ\u0103\u201d dec\u00e2t Monica Macovei.<\/p>\n<p data-index=\"10\">Totodat\u0103, Elena B\u0103sescu a afirmat c\u0103 Monica Macovei a ajuns \u015fefa Delega\u0163iei pentru cooperarea dintre UE \u015fi Republica Moldova \u201enu datorit\u0103 talentelor sale remarcabile pe zona de politic\u0103 extern\u0103 sau a cunoa\u015fterii situa\u0163iei din Basarabia, ci datorit\u0103 sprijinului primit de la pre\u015fedintele Rom\u00e2niei\u201d.<\/p>\n<\/div>\n<p> Source URL: https:\/\/www.digi24.ro\/stiri\/actualitate\/politica\/v-ponta-domnii-si-doamnele-din-alianta-psd-pc-unpr-nu-se-vor-comporta-ca-cele-doua-tate-create-de-t-basescu-218486<\/p>\n","protected":false},"excerpt":{"rendered":"<p>\u00a0 \u201eVor vorbi de bine despre Rom\u00e2nia, niciodat\u0103 nu vor vorbi de r\u0103u despre \u0163ara pe care o reprezint\u0103, a\u015fa cum au f\u0103cut-o, din p\u0103cate, al\u0163ii, vor sus\u0163ine interesele noastre na\u0163ionale \u015fi interesele noastre politice \u00een cadrul PE\u201d, a spus Ponta. Pre\u015fedintele social-democrat a mai spus c\u0103 alian\u0163a va avea \u201eo campanie pozitiv\u0103\u201d, \u00een care [&hellip;]<\/p>\n","protected":false},"author":1,"featured_media":209133,"comment_status":"open","ping_status":"","sticky":false,"template":"","format":"standard","meta":{"footnotes":""},"categories":[2],"tags":[11],"class_list":["post-209132","post","type-post","status-publish","format-standard","has-post-thumbnail","hentry","category-politics","tag-digi24"],"_links":{"self":[{"href":"https:\/\/analyse.optim.biz\/index.php?rest_route=\/wp\/v2\/posts\/209132","targetHints":{"allow":["GET"]}}],"collection":[{"href":"https:\/\/analyse.optim.biz\/index.php?rest_route=\/wp\/v2\/posts"}],"about":[{"href":"https:\/\/analyse.optim.biz\/index.php?rest_route=\/wp\/v2\/types\/post"}],"author":[{"embeddable":true,"href":"https:\/\/analyse.optim.biz\/index.php?rest_route=\/wp\/v2\/users\/1"}],"replies":[{"embeddable":true,"href":"https:\/\/analyse.optim.biz\/index.php?rest_route=%2Fwp%2Fv2%2Fcomments&post=209132"}],"version-history":[{"count":0,"href":"https:\/\/analyse.optim.biz\/index.php?rest_route=\/wp\/v2\/posts\/209132\/revisions"}],"wp:featuredmedia":[{"embeddable":true,"href":"https:\/\/analyse.optim.biz\/index.php?rest_route=\/wp\/v2\/media\/209133"}],"wp:attachment":[{"href":"https:\/\/analyse.optim.biz\/index.php?rest_route=%2Fwp%2Fv2%2Fmedia&parent=209132"}],"wp:term":[{"taxonomy":"category","embeddable":true,"href":"https:\/\/analyse.optim.biz\/index.php?rest_route=%2Fwp%2Fv2%2Fcategories&post=209132"},{"taxonomy":"post_tag","embeddable":true,"href":"https:\/\/analyse.optim.biz\/index.php?rest_route=%2Fwp%2Fv2%2Ftags&post=209132"}],"curies":[{"name":"wp","href":"https:\/\/api.w.org\/{rel}","templated":true}]}}