{"id":209121,"date":"2014-03-13T20:56:44","date_gmt":"2014-03-13T17:56:44","guid":{"rendered":"https:\/\/analyse.optim.biz\/?p=209121"},"modified":"2014-03-13T20:56:44","modified_gmt":"2014-03-13T17:56:44","slug":"exclusiv-digi24-vona-gabor-il-apreciez-pe-politicianul-vladimir-putin-si-sper-sa-ne-intalnim-cat-mai-curand","status":"publish","type":"post","link":"https:\/\/analyse.optim.biz\/?p=209121","title":{"rendered":"EXCLUSIV DIGI24. Vona Gabor: \u00cel apreciez pe politicianul Vladimir Putin \u0219i sper s\u0103 ne \u00eent\u00e2lnim c\u00e2t mai cur\u00e2nd"},"content":{"rendered":"<div class=\"entry data-app-meta data-app-meta-article\" data-embed-base-url-canonical=\"https:\/\/www.digi24.ro\/embed\/stiri\/actualitate\/politica\/exclusiv-digi24-vona-gabor-il-apreciez-pe-politicianul-vladimir-putin-si-sper-sa-ne-intalnim-cat-mai-curand-214220\">\n<p data-index=\"1\"><em><strong>Cum comenta\u021bi inten\u021bia statului rom\u00e2n de a v\u0103 declara persoan\u0103 indezirabil\u0103?<\/strong><\/em><\/p>\n<p data-index=\"2\">Am trimis scrisoare deschis\u0103 at\u00e2t pre\u0219edintelui Traian B\u0103sescu, c\u00e2t \u0219i premierului Victor Ponta, \u00een care am descris tot ceea ce g\u00e2ndesc legat de acest subiect.<strong> Eu cred c\u0103 nu am \u00eenc\u0103lcat nicio lege,<\/strong> ca acest pas (declararea ca persona non grata \u00een Rom\u00e2nia,<em><strong> n.r.<\/strong><\/em>) s\u0103 fie unul justificat. Resping cu fermitate aceast\u0103 posibilitate \u0219i v\u0103d \u00een spatele acestor idei politice nimic altceva dec\u00e2t inten\u021bii de a provoca isterii cu scopuri pur electorale.<\/p>\n<p data-index=\"3\"><em><strong>Cum comenta\u021bi afirma\u021biile lui Laszlo Tokes, care leag\u0103 situa\u021bia din \u021ainutul Secuiesc cu situa\u021bia din Crimeea?<\/strong><\/em><\/p>\n<p data-index=\"4\">Sarcina organiza\u021biilor maghiare, a partidelor maghiare \u0219i a \u00eentregii societ\u0103\u021bi maghiare, precum \u0219i a clasei politice din secuime este de a face statul rom\u00e2n s\u0103 \u00een\u021beleag\u0103 c\u0103 autonomia \u021ainutului Secuiesc nu este important\u0103 doar pentru secuime. Nu doar secuii vor deveni mai puternici prin aceast\u0103 autonomie. <strong>V\u0103 garantez c\u0103 statul rom\u00e2n \u0219i rom\u00e2nii nu vor avea probleme. Autonomia aceasta ar putea chiar \u00eent\u0103ri Rom\u00e2nia.<\/strong><\/p>\n<p data-index=\"5\"><em><strong>Ce rela\u021bii ave\u021bi cu pre\u0219edintele rus, Vladimir Putin?<\/strong><\/em><\/p>\n<p data-index=\"6\">Nu am nicio leg\u0103tur\u0103 personal\u0103 cu el,<strong> dar \u00eei apreciez foarte mult activitatea politic\u0103<\/strong> \u0219i sper s\u0103 ne \u00eent\u00e2lnim c\u00e2t mai cur\u00e2nd.<\/p>\n<\/div>\n<p> Source URL: https:\/\/www.digi24.ro\/stiri\/actualitate\/politica\/exclusiv-digi24-vona-gabor-il-apreciez-pe-politicianul-vladimir-putin-si-sper-sa-ne-intalnim-cat-mai-curand-214220<\/p>\n","protected":false},"excerpt":{"rendered":"<p>Cum comenta\u021bi inten\u021bia statului rom\u00e2n de a v\u0103 declara persoan\u0103 indezirabil\u0103? Am trimis scrisoare deschis\u0103 at\u00e2t pre\u0219edintelui Traian B\u0103sescu, c\u00e2t \u0219i premierului Victor Ponta, \u00een care am descris tot ceea ce g\u00e2ndesc legat de acest subiect. Eu cred c\u0103 nu am \u00eenc\u0103lcat nicio lege, ca acest pas (declararea ca persona non grata \u00een Rom\u00e2nia, n.r.) [&hellip;]<\/p>\n","protected":false},"author":1,"featured_media":209122,"comment_status":"open","ping_status":"","sticky":false,"template":"","format":"standard","meta":{"footnotes":""},"categories":[2],"tags":[11],"class_list":["post-209121","post","type-post","status-publish","format-standard","has-post-thumbnail","hentry","category-politics","tag-digi24"],"_links":{"self":[{"href":"https:\/\/analyse.optim.biz\/index.php?rest_route=\/wp\/v2\/posts\/209121","targetHints":{"allow":["GET"]}}],"collection":[{"href":"https:\/\/analyse.optim.biz\/index.php?rest_route=\/wp\/v2\/posts"}],"about":[{"href":"https:\/\/analyse.optim.biz\/index.php?rest_route=\/wp\/v2\/types\/post"}],"author":[{"embeddable":true,"href":"https:\/\/analyse.optim.biz\/index.php?rest_route=\/wp\/v2\/users\/1"}],"replies":[{"embeddable":true,"href":"https:\/\/analyse.optim.biz\/index.php?rest_route=%2Fwp%2Fv2%2Fcomments&post=209121"}],"version-history":[{"count":0,"href":"https:\/\/analyse.optim.biz\/index.php?rest_route=\/wp\/v2\/posts\/209121\/revisions"}],"wp:featuredmedia":[{"embeddable":true,"href":"https:\/\/analyse.optim.biz\/index.php?rest_route=\/wp\/v2\/media\/209122"}],"wp:attachment":[{"href":"https:\/\/analyse.optim.biz\/index.php?rest_route=%2Fwp%2Fv2%2Fmedia&parent=209121"}],"wp:term":[{"taxonomy":"category","embeddable":true,"href":"https:\/\/analyse.optim.biz\/index.php?rest_route=%2Fwp%2Fv2%2Fcategories&post=209121"},{"taxonomy":"post_tag","embeddable":true,"href":"https:\/\/analyse.optim.biz\/index.php?rest_route=%2Fwp%2Fv2%2Ftags&post=209121"}],"curies":[{"name":"wp","href":"https:\/\/api.w.org\/{rel}","templated":true}]}}