{"id":2091113,"date":"2026-08-13T08:30:23","date_gmt":"2026-08-13T05:30:23","guid":{"rendered":"https:\/\/analyse.optim.biz\/?p=2091113"},"modified":"2026-08-13T08:30:23","modified_gmt":"2026-08-13T05:30:23","slug":"elevii-din-dudestii-noi-vor-invata-din-toamna-intr-o-scoala-modernizata","status":"publish","type":"post","link":"https:\/\/analyse.optim.biz\/?p=2091113","title":{"rendered":"Elevii din Dude\u0219tii Noi vor \u00eenv\u0103\u021ba din toamn\u0103 \u00eentr-o \u0219coal\u0103 modernizat\u0103"},"content":{"rendered":"<p>[analyse_image type=&#8221;featured&#8221; src=&#8221;https:\/\/www.tion.ro\/wp-content\/uploads\/2026\/08\/+otf\/1200&#215;630\/p+rPDTnX4j1bGY4U9ykJ6U5PVF9WRVJZX1NFQ57Uvn__xsakfHlf__xjMfk2wQ2__jprOhv7VbPpnh0p9RQsPJhB2W7r5jrNyzhdHHuQArca2x79pq1vNUNax0uqvk=\/660960977265617426095593594728833761996117494404382n.jpg&#8221;]<\/p>\n<article id=\"post-2333538\" class>\n<div class=\"entry-content clearfix\">\n<div class=\"enewsArticleContent\">\n<p>Pre\u0219edintele Consiliului Jude\u021bean Timi\u0219, Alfred Simonis, a anun\u021bat c\u0103 a fost la Dude\u0219tii Noi, al\u0103turi de primarul comunei, Ion Go\u0219a. Potrivit acestuia, este primul dintre parteneriatele \u00eencheiate de CJ Timi\u0219 cu prim\u0103riile din jude\u021b care ajunge la final.<\/p>\n<p>\u00cen cadrul proiectului au fost realizate lucr\u0103ri de reabilitare, modernizare \u0219i extindere a cl\u0103dirii \u0219colii, precum \u0219i amenajarea \u0219i dotarea spa\u021biilor destinate activit\u0103\u021bilor educa\u021bionale.<\/p>\n<p>Potrivit administra\u021biei locale, investi\u021bia a inclus modernizarea s\u0103lilor de clas\u0103 \u0219i a infrastructurii existente, extinderea spa\u021biilor \u0219colare, \u00eembun\u0103t\u0103\u021birea condi\u021biilor de siguran\u021b\u0103 \u0219i confort \u0219i dotarea unit\u0103\u021bii cu echipamente necesare desf\u0103\u0219ur\u0103rii activit\u0103\u021bilor didactice.<\/p>\n<p>De lucr\u0103ri s-a ocupat constructorul SC Alex-Dia SRL, iar proiectarea a fost realizat\u0103 de SC Proiect AIC SRL.<\/p>\n<h3><strong>Proiect \u00eenceput \u00een 2020 \u0219i continuat prin noul program regional<\/strong><\/h3>\n<p>Primul contract de finan\u021bare pentru realizarea investi\u021biei a fost semnat \u00een septembrie 2020, \u00een cadrul Programului Opera\u021bional Regional 2014-2020. Lucr\u0103rile au \u00eenceput \u00een noiembrie 2022.<\/p>\n<p>Pentru a putea fi finalizat, proiectul a fost etapizat \u00een vara anului 2024 \u0219i inclus \u00een Programul Regional Vest 2021-2027, gestionat de Agen\u021bia pentru Dezvoltare Regional\u0103 Vest. \u00cen anul 2025, Consiliul Jude\u021bean Timi\u0219 a intrat \u00een proiect \u00een calitate de partener \u0219i a contribuit cu 5 milioane de lei pentru acoperirea unor cheltuieli necesare finaliz\u0103rii investi\u021biei.<\/p>\n<p>Proiectul a fost \u00eenceput \u00een 2020, printr-un contract de finan\u021bare \u00een cadrul Programului Opera\u021bional Regional 2014-2020, iar lucr\u0103rile au \u00eenceput \u00een noiembrie 2022. \u00cen 2024, investi\u021bia a fost etapizat\u0103 \u0219i inclus\u0103 \u00een Programul Regional Vest 2021-2027, pentru a putea fi finalizat\u0103.<\/p>\n<h3><strong>Simonis: \u201eNu \u021binem cont de culoarea politic\u0103 a administra\u021biei\u201d<\/strong><\/h3>\n<p>Alfred Simonis spune c\u0103 sprijinul acordat administra\u021biilor locale are rolul de a permite finalizarea unor investi\u021bii care, \u00een lipsa fondurilor necesare pentru cheltuielile neeligibile sau cofinan\u021bare, ar putea r\u0103m\u00e2ne blocate.<\/p>\n<blockquote>\n<p>\u201eNu vreau ca proiecte importante s\u0103 r\u0103m\u00e2n\u0103 neterminate doar pentru c\u0103 o comun\u0103 sau un ora\u0219 nu au suficien\u021bi bani pentru a acoperi partea de cofinan\u021bare sau cheltuielile care nu pot fi decontate din fonduri europene\u201d, a transmis pre\u0219edintele CJ Timi\u0219.<\/p>\n<\/blockquote>\n<p>Potrivit acestuia, proiectele sunt sprijinite indiferent de culoarea politic\u0103 a administra\u021biilor locale.<\/p>\n<blockquote>\n<p>\u201eRepet ceea ce am spus \u00een ultimii doi ani: intervenim acolo unde sprijinul Consiliului Jude\u021bean poate face diferen\u021ba dintre un proiect blocat \u0219i o investi\u021bie dus\u0103 p\u00e2n\u0103 la cap\u0103t. Pentru c\u0103 nu \u021binem cont de culoarea politic\u0103 a administra\u021biei\u201d, a ad\u0103ugat Simonis.<\/p>\n<\/blockquote>\n<p><img decoding=\"async\" loading=\"lazy\" class=\"aligncenter size-large wp-image-2333541\" src=\"https:\/\/www.tion.ro\/wp-content\/uploads\/2026\/08\/660960877426782310471148246091247064701664712672595n.jpg\" alt width=\"768\" height=\"1024\"><\/p>\n<p>\u00a0<\/p>\n<div class=\"fbShareLikeTwitterAndEmailContainer\">\n<div class=\"wrapper\">\n<div class=\"email\">\n<div id=\"mailto-pop\" class=\"pop-form pop-form-mailto\">\n<div class=\"pop-form-header\">\n<h4>Trimite articolul<\/h4>\n<p><a class=\"pop-form-close\">X<\/a><\/div>\n<\/div>\n<\/div>\n<\/div>\n<\/div>\n<div class=\"comments\">\n<div class=\"top\">\n<div class=\"commentsNumber\"><span class=\"number\">0<\/span><span class=\"text\">Comentarii<\/span><\/div>\n<\/div>\n<div class=\"center\">\n<div id=\"respond\" class=\"comment-respond\">\n<h3 id=\"reply-title\" class=\"comment-reply-title\"><small><a rel=\"nofollow\" id=\"cancel-comment-reply-link\" href=\"https:\/\/www.tion.ro\/stirile-judetului-timis\/elevii-din-dudestii-noi-vor-invata-din-toamna-intr-o-scoala-modernizata-2333538\/#respond\">Cancel reply<\/a><\/small><\/h3>\n<p class=\"comment-notes\"><span id=\"email-notes\">Your email address will not be published.<\/span><span class=\"required-field-message\">Required fields are marked <span class=\"required\">*<\/span><\/span><\/p>\n<p class=\"commentFormComment\"><span id=\"commentFormCount\"><br \/>\n                            inca<br \/>\n                            <span id=\"countCommentText\">1000<\/span><br \/>\n                            caractere ramase<br \/>\n                        <\/span><\/p>\n<\/div>\n<\/div>\n<div class=\"bottom\">\n<p class=\"forumDisclaimerHuRo\">\n            Citi\u021bi principiile noastre de moderare <a href=\"https:\/\/www.tion.ro\/reguli-postare-comentarii\/\" target=\"_blank\">aici<\/a>!\n        <\/p>\n<\/div>\n<\/div>\n<\/div>\n<\/div>\n<\/article>\n<div class=\"entry-content clearfix\">\n<div class=\"enewsArticleContent\">\n<p>Pre\u0219edintele Consiliului Jude\u021bean Timi\u0219, Alfred Simonis, a anun\u021bat c\u0103 a fost la Dude\u0219tii Noi, al\u0103turi de primarul comunei, Ion Go\u0219a. Potrivit acestuia, este primul dintre parteneriatele \u00eencheiate de CJ Timi\u0219 cu prim\u0103riile din jude\u021b care ajunge la final.<\/p>\n<p>\u00cen cadrul proiectului au fost realizate lucr\u0103ri de reabilitare, modernizare \u0219i extindere a cl\u0103dirii \u0219colii, precum \u0219i amenajarea \u0219i dotarea spa\u021biilor destinate activit\u0103\u021bilor educa\u021bionale.<\/p>\n<p>Potrivit administra\u021biei locale, investi\u021bia a inclus modernizarea s\u0103lilor de clas\u0103 \u0219i a infrastructurii existente, extinderea spa\u021biilor \u0219colare, \u00eembun\u0103t\u0103\u021birea condi\u021biilor de siguran\u021b\u0103 \u0219i confort \u0219i dotarea unit\u0103\u021bii cu echipamente necesare desf\u0103\u0219ur\u0103rii activit\u0103\u021bilor didactice.<\/p>\n<p>De lucr\u0103ri s-a ocupat constructorul SC Alex-Dia SRL, iar proiectarea a fost realizat\u0103 de SC Proiect AIC SRL.<\/p>\n<h3><strong>Proiect \u00eenceput \u00een 2020 \u0219i continuat prin noul program regional<\/strong><\/h3>\n<p>Primul contract de finan\u021bare pentru realizarea investi\u021biei a fost semnat \u00een septembrie 2020, \u00een cadrul Programului Opera\u021bional Regional 2014-2020. Lucr\u0103rile au \u00eenceput \u00een noiembrie 2022.<\/p>\n<p>Pentru a putea fi finalizat, proiectul a fost etapizat \u00een vara anului 2024 \u0219i inclus \u00een Programul Regional Vest 2021-2027, gestionat de Agen\u021bia pentru Dezvoltare Regional\u0103 Vest. \u00cen anul 2025, Consiliul Jude\u021bean Timi\u0219 a intrat \u00een proiect \u00een calitate de partener \u0219i a contribuit cu 5 milioane de lei pentru acoperirea unor cheltuieli necesare finaliz\u0103rii investi\u021biei.<\/p>\n<p>Proiectul a fost \u00eenceput \u00een 2020, printr-un contract de finan\u021bare \u00een cadrul Programului Opera\u021bional Regional 2014-2020, iar lucr\u0103rile au \u00eenceput \u00een noiembrie 2022. \u00cen 2024, investi\u021bia a fost etapizat\u0103 \u0219i inclus\u0103 \u00een Programul Regional Vest 2021-2027, pentru a putea fi finalizat\u0103.<\/p>\n<h3><strong>Simonis: \u201eNu \u021binem cont de culoarea politic\u0103 a administra\u021biei\u201d<\/strong><\/h3>\n<p>Alfred Simonis spune c\u0103 sprijinul acordat administra\u021biilor locale are rolul de a permite finalizarea unor investi\u021bii care, \u00een lipsa fondurilor necesare pentru cheltuielile neeligibile sau cofinan\u021bare, ar putea r\u0103m\u00e2ne blocate.<\/p>\n<blockquote>\n<p>\u201eNu vreau ca proiecte importante s\u0103 r\u0103m\u00e2n\u0103 neterminate doar pentru c\u0103 o comun\u0103 sau un ora\u0219 nu au suficien\u021bi bani pentru a acoperi partea de cofinan\u021bare sau cheltuielile care nu pot fi decontate din fonduri europene\u201d, a transmis pre\u0219edintele CJ Timi\u0219.<\/p>\n<\/blockquote>\n<p>Potrivit acestuia, proiectele sunt sprijinite indiferent de culoarea politic\u0103 a administra\u021biilor locale.<\/p>\n<blockquote>\n<p>\u201eRepet ceea ce am spus \u00een ultimii doi ani: intervenim acolo unde sprijinul Consiliului Jude\u021bean poate face diferen\u021ba dintre un proiect blocat \u0219i o investi\u021bie dus\u0103 p\u00e2n\u0103 la cap\u0103t. Pentru c\u0103 nu \u021binem cont de culoarea politic\u0103 a administra\u021biei\u201d, a ad\u0103ugat Simonis.<\/p>\n<\/blockquote>\n<p><img decoding=\"async\" loading=\"lazy\" class=\"aligncenter size-large wp-image-2333541\" src=\"https:\/\/www.tion.ro\/wp-content\/uploads\/2026\/08\/660960877426782310471148246091247064701664712672595n.jpg\" alt width=\"768\" height=\"1024\"><\/p>\n<p>\u00a0<\/p>\n<div class=\"fbShareLikeTwitterAndEmailContainer\">\n<div class=\"wrapper\">\n<div class=\"email\">\n<div id=\"mailto-pop\" class=\"pop-form pop-form-mailto\">\n<div class=\"pop-form-header\">\n<h4>Trimite articolul<\/h4>\n<p><a class=\"pop-form-close\">X<\/a><\/div>\n<\/div>\n<\/div>\n<\/div>\n<\/div>\n<div class=\"comments\">\n<div class=\"top\">\n<div class=\"commentsNumber\"><span class=\"number\">0<\/span><span class=\"text\">Comentarii<\/span><\/div>\n<\/div>\n<div class=\"center\">\n<div id=\"respond\" class=\"comment-respond\">\n<h3 id=\"reply-title\" class=\"comment-reply-title\"><small><a rel=\"nofollow\" id=\"cancel-comment-reply-link\" href=\"https:\/\/www.tion.ro\/stirile-judetului-timis\/elevii-din-dudestii-noi-vor-invata-din-toamna-intr-o-scoala-modernizata-2333538\/#respond\">Cancel reply<\/a><\/small><\/h3>\n<p class=\"comment-notes\"><span id=\"email-notes\">Your email address will not be published.<\/span><span class=\"required-field-message\">Required fields are marked <span class=\"required\">*<\/span><\/span><\/p>\n<p class=\"commentFormComment\"><span id=\"commentFormCount\"><br \/>\n                            inca<br \/>\n                            <span id=\"countCommentText\">1000<\/span><br \/>\n                            caractere ramase<br \/>\n                        <\/span><\/p>\n<\/div>\n<\/div>\n<div class=\"bottom\">\n<p class=\"forumDisclaimerHuRo\">\n            Citi\u021bi principiile noastre de moderare <a href=\"https:\/\/www.tion.ro\/reguli-postare-comentarii\/\" target=\"_blank\">aici<\/a>!\n        <\/p>\n<\/div>\n<\/div>\n<\/div>\n<\/div>\n<p>[analyse_source url=&#8221;https:\/\/www.tion.ro\/stirile-judetului-timis\/elevii-din-dudestii-noi-vor-invata-din-toamna-intr-o-scoala-modernizata-2333538\/&#8221;]<\/p>\n","protected":false},"excerpt":{"rendered":"<p>[analyse_image type=&#8221;featured&#8221; src=&#8221;https:\/\/www.tion.ro\/wp-content\/uploads\/2026\/08\/+otf\/1200&#215;630\/p+rPDTnX4j1bGY4U9ykJ6U5PVF9WRVJZX1NFQ57Uvn__xsakfHlf__xjMfk2wQ2__jprOhv7VbPpnh0p9RQsPJhB2W7r5jrNyzhdHHuQArca2x79pq1vNUNax0uqvk=\/660960977265617426095593594728833761996117494404382n.jpg&#8221;] Pre\u0219edintele Consiliului Jude\u021bean Timi\u0219, Alfred Simonis, a anun\u021bat c\u0103 a fost la Dude\u0219tii Noi, al\u0103turi de primarul comunei, Ion Go\u0219a. Potrivit acestuia, este primul dintre parteneriatele \u00eencheiate de CJ Timi\u0219 cu prim\u0103riile din jude\u021b care ajunge la final. \u00cen cadrul proiectului au fost realizate lucr\u0103ri de reabilitare, modernizare \u0219i extindere a cl\u0103dirii [&hellip;]<\/p>\n","protected":false},"author":1,"featured_media":0,"comment_status":"open","ping_status":"","sticky":false,"template":"","format":"standard","meta":{"footnotes":""},"categories":[89],"tags":[226,191],"class_list":["post-2091113","post","type-post","status-publish","format-standard","hentry","category-romania","tag-crawlmanager","tag-tion-ro"],"_links":{"self":[{"href":"https:\/\/analyse.optim.biz\/index.php?rest_route=\/wp\/v2\/posts\/2091113","targetHints":{"allow":["GET"]}}],"collection":[{"href":"https:\/\/analyse.optim.biz\/index.php?rest_route=\/wp\/v2\/posts"}],"about":[{"href":"https:\/\/analyse.optim.biz\/index.php?rest_route=\/wp\/v2\/types\/post"}],"author":[{"embeddable":true,"href":"https:\/\/analyse.optim.biz\/index.php?rest_route=\/wp\/v2\/users\/1"}],"replies":[{"embeddable":true,"href":"https:\/\/analyse.optim.biz\/index.php?rest_route=%2Fwp%2Fv2%2Fcomments&post=2091113"}],"version-history":[{"count":0,"href":"https:\/\/analyse.optim.biz\/index.php?rest_route=\/wp\/v2\/posts\/2091113\/revisions"}],"wp:attachment":[{"href":"https:\/\/analyse.optim.biz\/index.php?rest_route=%2Fwp%2Fv2%2Fmedia&parent=2091113"}],"wp:term":[{"taxonomy":"category","embeddable":true,"href":"https:\/\/analyse.optim.biz\/index.php?rest_route=%2Fwp%2Fv2%2Fcategories&post=2091113"},{"taxonomy":"post_tag","embeddable":true,"href":"https:\/\/analyse.optim.biz\/index.php?rest_route=%2Fwp%2Fv2%2Ftags&post=2091113"}],"curies":[{"name":"wp","href":"https:\/\/api.w.org\/{rel}","templated":true}]}}