{"id":2091107,"date":"2026-08-13T07:40:33","date_gmt":"2026-08-13T04:40:33","guid":{"rendered":"https:\/\/analyse.optim.biz\/?p=2091107"},"modified":"2026-08-13T07:40:33","modified_gmt":"2026-08-13T04:40:33","slug":"ruga-de-la-remetea-mare-doua-zile-de-muzica-si-traditie-cine-urca-pe-scena","status":"publish","type":"post","link":"https:\/\/analyse.optim.biz\/?p=2091107","title":{"rendered":"Ruga de la Remetea Mare, dou\u0103 zile de muzic\u0103 \u0219i tradi\u021bie. Cine urc\u0103 pe scen\u0103"},"content":{"rendered":"<p>[analyse_image type=&#8221;featured&#8221; src=&#8221;https:\/\/www.tion.ro\/wp-content\/uploads\/2024\/06\/+otf\/1200&#215;630\/QrXiNfjR+GkN6iyr7y8FGk5PVF9WRVJZX1NFQxFzaQCXE__lUZ3lLBqmmW538rzxJT4jEMUS3mLLAG+pgXzqfvrnUmhQlc74PTBJGg1Hm4nmBbV4K+UpbdMSWvv8=\/9042108andreeavoica.jpg&#8221;]<\/p>\n<article id=\"post-2333019\" class>\n<div class=\"entry-content clearfix\">\n<div class=\"enewsArticleContent\">\n<p>Evenimentele \u00eencep s\u00e2mb\u0103t\u0103, 15 august, de la ora 18:00, la Biserica Ortodox\u0103 din Remetea Mare, unde va avea loc tradi\u021bionala t\u0103iere a colacului.<\/p>\n<p>De la ora 19:00, s\u0103rb\u0103toarea se mut\u0103 pe Strada Prim\u0103riei, unde este preg\u0103tit un program artistic pentru toate v\u00e2rstele.<\/p>\n<p>Pe scen\u0103 vor urca Andreea Voica, Alexia Nicole Alb, Daria Popescu, DJ Krystel &amp; Robo\u021bii Kara Sound, dar \u0219i membrii Ansamblului \u201eFlori Reme\u021bene\u201d.<\/p>\n<p>Petrecerea continu\u0103 \u0219i duminic\u0103, 16 august, c\u00e2nd scena din Remetea Mare va g\u0103zdui noi recitaluri.<\/p>\n<p>Publicul \u00eei va putea vedea \u0219i asculta pe Dumitru Teleag\u0103 Meka, Florin Boita, Slageana Marinescu, Ioana Stan \u0219i Daria Popescu.<\/p>\n<p>Organizatorii \u00eei invit\u0103 pe locuitorii comunei \u0219i pe to\u021bi cei care iubesc tradi\u021biile b\u0103n\u0103\u021bene s\u0103 participe la cele dou\u0103 zile de s\u0103rb\u0103toare \u0219i s\u0103 se bucure \u00eempreun\u0103 de muzic\u0103, dans \u0219i atmosfera specific\u0103 rugii b\u0103n\u0103\u021bene.<\/p>\n<div class=\"fbShareLikeTwitterAndEmailContainer\">\n<div class=\"wrapper\">\n<div class=\"email\">\n<div id=\"mailto-pop\" class=\"pop-form pop-form-mailto\">\n<div class=\"pop-form-header\">\n<h4>Trimite articolul<\/h4>\n<p><a class=\"pop-form-close\">X<\/a><\/div>\n<\/div>\n<\/div>\n<\/div>\n<\/div>\n<div class=\"tagsContainer\">\n<div class=\"tagsLabel\">Taguri:<\/div>\n<div class=\"tags\">\n<div class=\"tag\"><a href=\"https:\/\/www.tion.ro\/cimke\/andreea-voica\" rel=\"tag\"><span class=\"link\">Andreea Voica<\/span><span class=\"separator\">,<\/span><\/a><\/div>\n<div class=\"tag\"><a href=\"https:\/\/www.tion.ro\/cimke\/remetea-mare\" rel=\"tag\"><span class=\"link\">remetea mare<\/span><span class=\"separator\">,<\/span><\/a><\/div>\n<div class=\"tag\"><a href=\"https:\/\/www.tion.ro\/cimke\/ruga\" rel=\"tag\"><span class=\"link\">ruga<\/span><\/a><\/div>\n<\/div>\n<\/div>\n<div class=\"comments\">\n<div class=\"top\">\n<div class=\"commentsNumber\"><span class=\"number\">0<\/span><span class=\"text\">Comentarii<\/span><\/div>\n<\/div>\n<div class=\"center\">\n<div id=\"respond\" class=\"comment-respond\">\n<h3 id=\"reply-title\" class=\"comment-reply-title\"><small><a rel=\"nofollow\" id=\"cancel-comment-reply-link\" href=\"https:\/\/www.tion.ro\/stirile-judetului-timis\/ruga-de-la-remetea-mare-doua-zile-de-muzica-si-traditie-cine-urca-pe-scena-2333019\/#respond\">Cancel reply<\/a><\/small><\/h3>\n<p class=\"comment-notes\"><span id=\"email-notes\">Your email address will not be published.<\/span><span class=\"required-field-message\">Required fields are marked <span class=\"required\">*<\/span><\/span><\/p>\n<p class=\"commentFormComment\"><span id=\"commentFormCount\"><br \/>\n                            inca<br \/>\n                            <span id=\"countCommentText\">1000<\/span><br \/>\n                            caractere ramase<br \/>\n                        <\/span><\/p>\n<\/div>\n<\/div>\n<div class=\"bottom\">\n<p class=\"forumDisclaimerHuRo\">\n            Citi\u021bi principiile noastre de moderare <a href=\"https:\/\/www.tion.ro\/reguli-postare-comentarii\/\" target=\"_blank\">aici<\/a>!\n        <\/p>\n<\/div>\n<\/div>\n<\/div>\n<\/div>\n<\/article>\n<div class=\"entry-content clearfix\">\n<div class=\"enewsArticleContent\">\n<p>Evenimentele \u00eencep s\u00e2mb\u0103t\u0103, 15 august, de la ora 18:00, la Biserica Ortodox\u0103 din Remetea Mare, unde va avea loc tradi\u021bionala t\u0103iere a colacului.<\/p>\n<p>De la ora 19:00, s\u0103rb\u0103toarea se mut\u0103 pe Strada Prim\u0103riei, unde este preg\u0103tit un program artistic pentru toate v\u00e2rstele.<\/p>\n<p>Pe scen\u0103 vor urca Andreea Voica, Alexia Nicole Alb, Daria Popescu, DJ Krystel &amp; Robo\u021bii Kara Sound, dar \u0219i membrii Ansamblului \u201eFlori Reme\u021bene\u201d.<\/p>\n<p>Petrecerea continu\u0103 \u0219i duminic\u0103, 16 august, c\u00e2nd scena din Remetea Mare va g\u0103zdui noi recitaluri.<\/p>\n<p>Publicul \u00eei va putea vedea \u0219i asculta pe Dumitru Teleag\u0103 Meka, Florin Boita, Slageana Marinescu, Ioana Stan \u0219i Daria Popescu.<\/p>\n<p>Organizatorii \u00eei invit\u0103 pe locuitorii comunei \u0219i pe to\u021bi cei care iubesc tradi\u021biile b\u0103n\u0103\u021bene s\u0103 participe la cele dou\u0103 zile de s\u0103rb\u0103toare \u0219i s\u0103 se bucure \u00eempreun\u0103 de muzic\u0103, dans \u0219i atmosfera specific\u0103 rugii b\u0103n\u0103\u021bene.<\/p>\n<div class=\"fbShareLikeTwitterAndEmailContainer\">\n<div class=\"wrapper\">\n<div class=\"email\">\n<div id=\"mailto-pop\" class=\"pop-form pop-form-mailto\">\n<div class=\"pop-form-header\">\n<h4>Trimite articolul<\/h4>\n<p><a class=\"pop-form-close\">X<\/a><\/div>\n<\/div>\n<\/div>\n<\/div>\n<\/div>\n<div class=\"tagsContainer\">\n<div class=\"tagsLabel\">Taguri:<\/div>\n<div class=\"tags\">\n<div class=\"tag\"><a href=\"https:\/\/www.tion.ro\/cimke\/andreea-voica\" rel=\"tag\"><span class=\"link\">Andreea Voica<\/span><span class=\"separator\">,<\/span><\/a><\/div>\n<div class=\"tag\"><a href=\"https:\/\/www.tion.ro\/cimke\/remetea-mare\" rel=\"tag\"><span class=\"link\">remetea mare<\/span><span class=\"separator\">,<\/span><\/a><\/div>\n<div class=\"tag\"><a href=\"https:\/\/www.tion.ro\/cimke\/ruga\" rel=\"tag\"><span class=\"link\">ruga<\/span><\/a><\/div>\n<\/div>\n<\/div>\n<div class=\"comments\">\n<div class=\"top\">\n<div class=\"commentsNumber\"><span class=\"number\">0<\/span><span class=\"text\">Comentarii<\/span><\/div>\n<\/div>\n<div class=\"center\">\n<div id=\"respond\" class=\"comment-respond\">\n<h3 id=\"reply-title\" class=\"comment-reply-title\"><small><a rel=\"nofollow\" id=\"cancel-comment-reply-link\" href=\"https:\/\/www.tion.ro\/stirile-judetului-timis\/ruga-de-la-remetea-mare-doua-zile-de-muzica-si-traditie-cine-urca-pe-scena-2333019\/#respond\">Cancel reply<\/a><\/small><\/h3>\n<p class=\"comment-notes\"><span id=\"email-notes\">Your email address will not be published.<\/span><span class=\"required-field-message\">Required fields are marked <span class=\"required\">*<\/span><\/span><\/p>\n<p class=\"commentFormComment\"><span id=\"commentFormCount\"><br \/>\n                            inca<br \/>\n                            <span id=\"countCommentText\">1000<\/span><br \/>\n                            caractere ramase<br \/>\n                        <\/span><\/p>\n<\/div>\n<\/div>\n<div class=\"bottom\">\n<p class=\"forumDisclaimerHuRo\">\n            Citi\u021bi principiile noastre de moderare <a href=\"https:\/\/www.tion.ro\/reguli-postare-comentarii\/\" target=\"_blank\">aici<\/a>!\n        <\/p>\n<\/div>\n<\/div>\n<\/div>\n<\/div>\n<p>[analyse_source url=&#8221;https:\/\/www.tion.ro\/stirile-judetului-timis\/ruga-de-la-remetea-mare-doua-zile-de-muzica-si-traditie-cine-urca-pe-scena-2333019\/&#8221;]<\/p>\n","protected":false},"excerpt":{"rendered":"<p>[analyse_image type=&#8221;featured&#8221; src=&#8221;https:\/\/www.tion.ro\/wp-content\/uploads\/2024\/06\/+otf\/1200&#215;630\/QrXiNfjR+GkN6iyr7y8FGk5PVF9WRVJZX1NFQxFzaQCXE__lUZ3lLBqmmW538rzxJT4jEMUS3mLLAG+pgXzqfvrnUmhQlc74PTBJGg1Hm4nmBbV4K+UpbdMSWvv8=\/9042108andreeavoica.jpg&#8221;] Evenimentele \u00eencep s\u00e2mb\u0103t\u0103, 15 august, de la ora 18:00, la Biserica Ortodox\u0103 din Remetea Mare, unde va avea loc tradi\u021bionala t\u0103iere a colacului. De la ora 19:00, s\u0103rb\u0103toarea se mut\u0103 pe Strada Prim\u0103riei, unde este preg\u0103tit un program artistic pentru toate v\u00e2rstele. Pe scen\u0103 vor urca Andreea Voica, Alexia Nicole Alb, Daria [&hellip;]<\/p>\n","protected":false},"author":1,"featured_media":0,"comment_status":"open","ping_status":"","sticky":false,"template":"","format":"standard","meta":{"footnotes":""},"categories":[89],"tags":[226,191],"class_list":["post-2091107","post","type-post","status-publish","format-standard","hentry","category-romania","tag-crawlmanager","tag-tion-ro"],"_links":{"self":[{"href":"https:\/\/analyse.optim.biz\/index.php?rest_route=\/wp\/v2\/posts\/2091107","targetHints":{"allow":["GET"]}}],"collection":[{"href":"https:\/\/analyse.optim.biz\/index.php?rest_route=\/wp\/v2\/posts"}],"about":[{"href":"https:\/\/analyse.optim.biz\/index.php?rest_route=\/wp\/v2\/types\/post"}],"author":[{"embeddable":true,"href":"https:\/\/analyse.optim.biz\/index.php?rest_route=\/wp\/v2\/users\/1"}],"replies":[{"embeddable":true,"href":"https:\/\/analyse.optim.biz\/index.php?rest_route=%2Fwp%2Fv2%2Fcomments&post=2091107"}],"version-history":[{"count":0,"href":"https:\/\/analyse.optim.biz\/index.php?rest_route=\/wp\/v2\/posts\/2091107\/revisions"}],"wp:attachment":[{"href":"https:\/\/analyse.optim.biz\/index.php?rest_route=%2Fwp%2Fv2%2Fmedia&parent=2091107"}],"wp:term":[{"taxonomy":"category","embeddable":true,"href":"https:\/\/analyse.optim.biz\/index.php?rest_route=%2Fwp%2Fv2%2Fcategories&post=2091107"},{"taxonomy":"post_tag","embeddable":true,"href":"https:\/\/analyse.optim.biz\/index.php?rest_route=%2Fwp%2Fv2%2Ftags&post=2091107"}],"curies":[{"name":"wp","href":"https:\/\/api.w.org\/{rel}","templated":true}]}}