{"id":2091103,"date":"2026-08-13T06:53:04","date_gmt":"2026-08-13T03:53:04","guid":{"rendered":"https:\/\/analyse.optim.biz\/?p=2091103"},"modified":"2026-08-13T06:53:04","modified_gmt":"2026-08-13T03:53:04","slug":"sport-pentru-o-cauza-nobila-cheile-nerei-mountain-bike-trail-run-race-revine-la-sasca-romana","status":"publish","type":"post","link":"https:\/\/analyse.optim.biz\/?p=2091103","title":{"rendered":"Sport pentru o cauz\u0103 nobil\u0103. Cheile Nerei Mountain Bike &amp; Trail Run Race revine la Sasca Rom\u00e2n\u0103"},"content":{"rendered":"<p>[analyse_image type=&#8221;featured&#8221; src=&#8221;https:\/\/www.tion.ro\/wp-content\/uploads\/2026\/08\/+otf\/1200&#215;630\/6546335cursacheilenereibiciclete.jpg&#8221;]<\/p>\n<article id=\"post-2333139\" class>\n<div class=\"entry-content clearfix\">\n<div class=\"enewsArticleContent\">\n<p>Iubitorii de ciclism montan \u0219i alergare pe trasee de munte sunt a\u0219tepta\u021bi \u00een unul dintre cele mai spectaculoase peisaje din Banat, \u00een zona Cheilor Nerei. Participan\u021bii vor putea alege \u00eentre probele de MTB \u0219i Trail Run, iar evenimentul se adreseaz\u0103 at\u00e2t sportivilor experimenta\u021bi, c\u00e2t \u0219i celor care vor s\u0103 descopere zona prin mi\u0219care.<\/p>\n<p>Dincolo de competi\u021bie \u0219i de peisajele spectaculoase, evenimentul are o important\u0103 component\u0103 caritabil\u0103. \u00cen cele \u0219apte edi\u021bii desf\u0103\u0219urate p\u00e2n\u0103 acum, comunitatea Cheile Nerei MTB &amp; Trail Run, \u00eempreun\u0103 cu Clubul Kiwanis Timi\u0219oara, a reu\u0219it s\u0103 doneze echipamente medicale esen\u021biale \u00een valoare de peste 350.000 de lei.<\/p>\n<p>La edi\u021bia din acest an, organizatorii continu\u0103 campania \u00een sprijinul medicilor \u0219i micilor pacien\u021bi de la Institutul de Boli Cardiovasculare din Timi\u0219oara. Pentru copiii diagnostica\u021bi cu malforma\u021bii cardiace, echipamentele moderne necesare \u00een Terapia Intensiv\u0103 pot \u00eensemna o \u0219ans\u0103 \u00een plus la via\u021b\u0103.<\/p>\n<blockquote>\n<p>\u201eFiecare b\u0103taie de inim\u0103 pe traseu ajut\u0103 o alt\u0103 inim\u0103 s\u0103 bat\u0103!\u201d este mesajul care \u00eenso\u021be\u0219te edi\u021bia din acest an.<\/p>\n<\/blockquote>\n<p>Programul evenimentului nu este dedicat exclusiv competitorilor. Participan\u021bii pot veni \u00eempreun\u0103 cu familia, iar organizatorii preg\u0103tesc \u0219i o curs\u0103 pentru copii, precum \u0219i un concert \u00een aer liber.<\/p>\n<p>Astfel, weekendul din 5-6 septembrie \u00ee\u0219i propune s\u0103 transforme zona Sasca Rom\u00e2n\u0103 \u00eentr-un punct de \u00eent\u00e2lnire pentru sportivi, familii \u0219i iubitori ai naturii.<\/p>\n<p>Fiecare participant contribuie, prin prezen\u021ba sa, la sus\u021binerea cauzei caritabile.<\/p>\n<p>Te po\u021bi \u00eenscrie <strong><a href=\"https:\/\/www.sascabike.ro\/\" target=\"_blank\" rel=\"noopener\">AICI<\/a><\/strong><\/p>\n<p>\u00a0<\/p>\n<div class=\"fbShareLikeTwitterAndEmailContainer\">\n<div class=\"wrapper\">\n<div class=\"email\">\n<div id=\"mailto-pop\" class=\"pop-form pop-form-mailto\">\n<div class=\"pop-form-header\">\n<h4>Trimite articolul<\/h4>\n<p><a class=\"pop-form-close\">X<\/a><\/div>\n<\/div>\n<\/div>\n<\/div>\n<\/div>\n<div class=\"tagsContainer\">\n<div class=\"tagsLabel\">Taguri:<\/div>\n<div class=\"tags\">\n<div class=\"tag\"><a href=\"https:\/\/www.tion.ro\/cimke\/cheile-nerei\" rel=\"tag\"><span class=\"link\">cheile nerei<\/span><span class=\"separator\">,<\/span><\/a><\/div>\n<div class=\"tag\"><a href=\"https:\/\/www.tion.ro\/cimke\/cursa-caritabila\" rel=\"tag\"><span class=\"link\">curs\u0103 caritabil\u0103<\/span><span class=\"separator\">,<\/span><\/a><\/div>\n<div class=\"tag\"><a href=\"https:\/\/www.tion.ro\/cimke\/trail-run\" rel=\"tag\"><span class=\"link\">trail run<\/span><\/a><\/div>\n<\/div>\n<\/div>\n<div class=\"comments\">\n<div class=\"top\">\n<div class=\"commentsNumber\"><span class=\"number\">0<\/span><span class=\"text\">Comentarii<\/span><\/div>\n<\/div>\n<div class=\"center\">\n<div id=\"respond\" class=\"comment-respond\">\n<h3 id=\"reply-title\" class=\"comment-reply-title\"><small><a rel=\"nofollow\" id=\"cancel-comment-reply-link\" href=\"https:\/\/www.tion.ro\/stirile-judetului-timis\/sport-pentru-o-cauza-nobila-cheile-nerei-mountain-bike-trail-run-race-revine-la-sasca-romana-2333139\/#respond\">Cancel reply<\/a><\/small><\/h3>\n<p class=\"comment-notes\"><span id=\"email-notes\">Your email address will not be published.<\/span><span class=\"required-field-message\">Required fields are marked <span class=\"required\">*<\/span><\/span><\/p>\n<p class=\"commentFormComment\"><span id=\"commentFormCount\"><br \/>\n                            inca<br \/>\n                            <span id=\"countCommentText\">1000<\/span><br \/>\n                            caractere ramase<br \/>\n                        <\/span><\/p>\n<\/div>\n<\/div>\n<div class=\"bottom\">\n<p class=\"forumDisclaimerHuRo\">\n            Citi\u021bi principiile noastre de moderare <a href=\"https:\/\/www.tion.ro\/reguli-postare-comentarii\/\" target=\"_blank\">aici<\/a>!\n        <\/p>\n<\/div>\n<\/div>\n<\/div>\n<\/div>\n<\/article>\n<div class=\"entry-content clearfix\">\n<div class=\"enewsArticleContent\">\n<p>Iubitorii de ciclism montan \u0219i alergare pe trasee de munte sunt a\u0219tepta\u021bi \u00een unul dintre cele mai spectaculoase peisaje din Banat, \u00een zona Cheilor Nerei. Participan\u021bii vor putea alege \u00eentre probele de MTB \u0219i Trail Run, iar evenimentul se adreseaz\u0103 at\u00e2t sportivilor experimenta\u021bi, c\u00e2t \u0219i celor care vor s\u0103 descopere zona prin mi\u0219care.<\/p>\n<p>Dincolo de competi\u021bie \u0219i de peisajele spectaculoase, evenimentul are o important\u0103 component\u0103 caritabil\u0103. \u00cen cele \u0219apte edi\u021bii desf\u0103\u0219urate p\u00e2n\u0103 acum, comunitatea Cheile Nerei MTB &amp; Trail Run, \u00eempreun\u0103 cu Clubul Kiwanis Timi\u0219oara, a reu\u0219it s\u0103 doneze echipamente medicale esen\u021biale \u00een valoare de peste 350.000 de lei.<\/p>\n<p>La edi\u021bia din acest an, organizatorii continu\u0103 campania \u00een sprijinul medicilor \u0219i micilor pacien\u021bi de la Institutul de Boli Cardiovasculare din Timi\u0219oara. Pentru copiii diagnostica\u021bi cu malforma\u021bii cardiace, echipamentele moderne necesare \u00een Terapia Intensiv\u0103 pot \u00eensemna o \u0219ans\u0103 \u00een plus la via\u021b\u0103.<\/p>\n<blockquote>\n<p>\u201eFiecare b\u0103taie de inim\u0103 pe traseu ajut\u0103 o alt\u0103 inim\u0103 s\u0103 bat\u0103!\u201d este mesajul care \u00eenso\u021be\u0219te edi\u021bia din acest an.<\/p>\n<\/blockquote>\n<p>Programul evenimentului nu este dedicat exclusiv competitorilor. Participan\u021bii pot veni \u00eempreun\u0103 cu familia, iar organizatorii preg\u0103tesc \u0219i o curs\u0103 pentru copii, precum \u0219i un concert \u00een aer liber.<\/p>\n<p>Astfel, weekendul din 5-6 septembrie \u00ee\u0219i propune s\u0103 transforme zona Sasca Rom\u00e2n\u0103 \u00eentr-un punct de \u00eent\u00e2lnire pentru sportivi, familii \u0219i iubitori ai naturii.<\/p>\n<p>Fiecare participant contribuie, prin prezen\u021ba sa, la sus\u021binerea cauzei caritabile.<\/p>\n<p>Te po\u021bi \u00eenscrie <strong><a href=\"https:\/\/www.sascabike.ro\/\" target=\"_blank\" rel=\"noopener\">AICI<\/a><\/strong><\/p>\n<p>\u00a0<\/p>\n<div class=\"fbShareLikeTwitterAndEmailContainer\">\n<div class=\"wrapper\">\n<div class=\"email\">\n<div id=\"mailto-pop\" class=\"pop-form pop-form-mailto\">\n<div class=\"pop-form-header\">\n<h4>Trimite articolul<\/h4>\n<p><a class=\"pop-form-close\">X<\/a><\/div>\n<\/div>\n<\/div>\n<\/div>\n<\/div>\n<div class=\"tagsContainer\">\n<div class=\"tagsLabel\">Taguri:<\/div>\n<div class=\"tags\">\n<div class=\"tag\"><a href=\"https:\/\/www.tion.ro\/cimke\/cheile-nerei\" rel=\"tag\"><span class=\"link\">cheile nerei<\/span><span class=\"separator\">,<\/span><\/a><\/div>\n<div class=\"tag\"><a href=\"https:\/\/www.tion.ro\/cimke\/cursa-caritabila\" rel=\"tag\"><span class=\"link\">curs\u0103 caritabil\u0103<\/span><span class=\"separator\">,<\/span><\/a><\/div>\n<div class=\"tag\"><a href=\"https:\/\/www.tion.ro\/cimke\/trail-run\" rel=\"tag\"><span class=\"link\">trail run<\/span><\/a><\/div>\n<\/div>\n<\/div>\n<div class=\"comments\">\n<div class=\"top\">\n<div class=\"commentsNumber\"><span class=\"number\">0<\/span><span class=\"text\">Comentarii<\/span><\/div>\n<\/div>\n<div class=\"center\">\n<div id=\"respond\" class=\"comment-respond\">\n<h3 id=\"reply-title\" class=\"comment-reply-title\"><small><a rel=\"nofollow\" id=\"cancel-comment-reply-link\" href=\"https:\/\/www.tion.ro\/stirile-judetului-timis\/sport-pentru-o-cauza-nobila-cheile-nerei-mountain-bike-trail-run-race-revine-la-sasca-romana-2333139\/#respond\">Cancel reply<\/a><\/small><\/h3>\n<p class=\"comment-notes\"><span id=\"email-notes\">Your email address will not be published.<\/span><span class=\"required-field-message\">Required fields are marked <span class=\"required\">*<\/span><\/span><\/p>\n<p class=\"commentFormComment\"><span id=\"commentFormCount\"><br \/>\n                            inca<br \/>\n                            <span id=\"countCommentText\">1000<\/span><br \/>\n                            caractere ramase<br \/>\n                        <\/span><\/p>\n<\/div>\n<\/div>\n<div class=\"bottom\">\n<p class=\"forumDisclaimerHuRo\">\n            Citi\u021bi principiile noastre de moderare <a href=\"https:\/\/www.tion.ro\/reguli-postare-comentarii\/\" target=\"_blank\">aici<\/a>!\n        <\/p>\n<\/div>\n<\/div>\n<\/div>\n<\/div>\n<p>[analyse_source url=&#8221;https:\/\/www.tion.ro\/stirile-judetului-timis\/sport-pentru-o-cauza-nobila-cheile-nerei-mountain-bike-trail-run-race-revine-la-sasca-romana-2333139\/&#8221;]<\/p>\n","protected":false},"excerpt":{"rendered":"<p>[analyse_image type=&#8221;featured&#8221; src=&#8221;https:\/\/www.tion.ro\/wp-content\/uploads\/2026\/08\/+otf\/1200&#215;630\/6546335cursacheilenereibiciclete.jpg&#8221;] Iubitorii de ciclism montan \u0219i alergare pe trasee de munte sunt a\u0219tepta\u021bi \u00een unul dintre cele mai spectaculoase peisaje din Banat, \u00een zona Cheilor Nerei. Participan\u021bii vor putea alege \u00eentre probele de MTB \u0219i Trail Run, iar evenimentul se adreseaz\u0103 at\u00e2t sportivilor experimenta\u021bi, c\u00e2t \u0219i celor care vor s\u0103 descopere zona prin [&hellip;]<\/p>\n","protected":false},"author":1,"featured_media":0,"comment_status":"open","ping_status":"","sticky":false,"template":"","format":"standard","meta":{"footnotes":""},"categories":[89],"tags":[226,191],"class_list":["post-2091103","post","type-post","status-publish","format-standard","hentry","category-romania","tag-crawlmanager","tag-tion-ro"],"_links":{"self":[{"href":"https:\/\/analyse.optim.biz\/index.php?rest_route=\/wp\/v2\/posts\/2091103","targetHints":{"allow":["GET"]}}],"collection":[{"href":"https:\/\/analyse.optim.biz\/index.php?rest_route=\/wp\/v2\/posts"}],"about":[{"href":"https:\/\/analyse.optim.biz\/index.php?rest_route=\/wp\/v2\/types\/post"}],"author":[{"embeddable":true,"href":"https:\/\/analyse.optim.biz\/index.php?rest_route=\/wp\/v2\/users\/1"}],"replies":[{"embeddable":true,"href":"https:\/\/analyse.optim.biz\/index.php?rest_route=%2Fwp%2Fv2%2Fcomments&post=2091103"}],"version-history":[{"count":0,"href":"https:\/\/analyse.optim.biz\/index.php?rest_route=\/wp\/v2\/posts\/2091103\/revisions"}],"wp:attachment":[{"href":"https:\/\/analyse.optim.biz\/index.php?rest_route=%2Fwp%2Fv2%2Fmedia&parent=2091103"}],"wp:term":[{"taxonomy":"category","embeddable":true,"href":"https:\/\/analyse.optim.biz\/index.php?rest_route=%2Fwp%2Fv2%2Fcategories&post=2091103"},{"taxonomy":"post_tag","embeddable":true,"href":"https:\/\/analyse.optim.biz\/index.php?rest_route=%2Fwp%2Fv2%2Ftags&post=2091103"}],"curies":[{"name":"wp","href":"https:\/\/api.w.org\/{rel}","templated":true}]}}