{"id":209110,"date":"2014-03-13T22:43:14","date_gmt":"2014-03-13T19:43:14","guid":{"rendered":"https:\/\/analyse.optim.biz\/?p=209110"},"modified":"2014-03-13T22:43:14","modified_gmt":"2014-03-13T19:43:14","slug":"emil-hurezeanu-vona-gabor-este-un-antieuropean-sadea-si-un-adept-declarat-al-uniunii-eurasiatice","status":"publish","type":"post","link":"https:\/\/analyse.optim.biz\/?p=209110","title":{"rendered":"Emil Hurezeanu: Vona Gabor este un antieuropean sadea \u0219i un adept declarat al Uniunii Eurasiatice"},"content":{"rendered":"<div class=\"entry data-app-meta data-app-meta-article\" data-embed-base-url-canonical=\"https:\/\/www.digi24.ro\/embed\/stiri\/actualitate\/politica\/emil-hurezeanu-vona-gabor-este-un-antieuropean-sadea-si-un-adept-declarat-al-uniunii-eurasiatice-214235\">\n<p data-index=\"1\">\u201eNoi \u00eel interpret\u0103m, \u00een ultimele zile, drept un na\u021bionalist antirom\u00e2n \u0219i antisemit. Omul este mai complex dec\u00e2t at\u00e2t. Omul este un antieuropean sadea \u0219i un adept declarat al Uniunii Eurasiatice.<em><strong> El viziteaz\u0103, \u00een ultimii 2-3 ani, frecvent Federa\u021bia Rus\u0103, d\u0103 interviuri pe spa\u021bii mari, \u00een care \u00ee\u0219i expune, f\u0103r\u0103 complexe, antieuropenismul funciar \u0219i partizanatul pro-eurasiatic inclusiv la Vocea Rusiei<\/strong><\/em>\u201d, a spus Emil Hurezeanu despre Vona Gabor.<\/p>\n<p data-index=\"2\">\u201eOmologul lui la Moscova este Aleksandr Dughin, ideologul contraf\u0103cut care st\u0103rne\u0219te destule interese \u0219i care este capul de \u0219ir al ideologilor apopia\u021bi de Putin. Pe care \u00eel \u0219i influen\u021beaz\u0103, de care \u2013 \u00eentre timp, probabil \u2013 se las\u0103 \u0219i influen\u021ba\u021bi \u0219i care poart\u0103 drapelul Uniunii Eurasiatice. Aici este o \u00eentreag\u0103 falang\u0103 de eurasiatici\u201d, a ad\u0103ugat jurnalistul.<\/p>\n<p data-index=\"3\">\u00cen Uniunea Eurasiatic\u0103 <strong><em>\u201eRusia este partea central\u0103, pivotul acestei leg\u0103turi care trebuie f\u0103cut\u0103 ca un fel de demonstra\u021bie de for\u021b\u0103, de viabilitate, \u00een condi\u021biile \u00een care Occidentul nu mai func\u021bioneaz\u0103\u201d<\/em><\/strong>, explicat Emil Hurezeanu.<\/p>\n<p data-index=\"4\">Potrivit acestuia, \u201enoua for\u021b\u0103 are ceva din virulen\u021ba punerii \u00een termeni a etnicismului din anii <span lang=\"en-US\">&#8217;20-&#8217;30, <\/span><span>care a trecut prin na\u021bionalism, a intrat \u00een antisemitism \u0219i s-a transformat \u00een fascism, \u00een nazis, cu rezultatele cunoscute\u201d.<\/span><\/p>\n<p data-index=\"5\">De altfel,<a href=\"https:\/\/www.digi24.ro\/Stiri\/Digi24\/Actualitate\/Politica\/EXCLUSIV+Vona+Gabor+Il+apreciez+pe+politicianul+Vladimir+Putin+s\" target=\"_blank\" data-skip-linkfix=\"1\" rel=\"noopener\"><strong> \u00eentr-un interviu acordat \u00een exclusivitate Digi24<\/strong><\/a>, Vona Gabor, \u00ee\u0219i exprim\u0103 simpatia pentru pre\u0219edintele Federa\u021biei Ruse, Vladimir Putin.<\/p>\n<p data-index=\"6\">\u201e<span>Nu am nicio leg\u0103tur\u0103 personal\u0103 cu el,\u00a0dar \u00eei apreciez foarte mult activitatea politic\u0103\u00a0\u0219i sper s\u0103 ne \u00eent\u00e2lnim c\u00e2t mai cur\u00e2nd\u201d, spune liderul Jobbik.\u00a0<\/span><\/p>\n<\/div>\n<p> Source URL: https:\/\/www.digi24.ro\/stiri\/actualitate\/politica\/emil-hurezeanu-vona-gabor-este-un-antieuropean-sadea-si-un-adept-declarat-al-uniunii-eurasiatice-214235<\/p>\n","protected":false},"excerpt":{"rendered":"<p>\u201eNoi \u00eel interpret\u0103m, \u00een ultimele zile, drept un na\u021bionalist antirom\u00e2n \u0219i antisemit. Omul este mai complex dec\u00e2t at\u00e2t. Omul este un antieuropean sadea \u0219i un adept declarat al Uniunii Eurasiatice. El viziteaz\u0103, \u00een ultimii 2-3 ani, frecvent Federa\u021bia Rus\u0103, d\u0103 interviuri pe spa\u021bii mari, \u00een care \u00ee\u0219i expune, f\u0103r\u0103 complexe, antieuropenismul funciar \u0219i partizanatul pro-eurasiatic [&hellip;]<\/p>\n","protected":false},"author":1,"featured_media":209111,"comment_status":"open","ping_status":"","sticky":false,"template":"","format":"standard","meta":{"footnotes":""},"categories":[2],"tags":[11],"class_list":["post-209110","post","type-post","status-publish","format-standard","has-post-thumbnail","hentry","category-politics","tag-digi24"],"_links":{"self":[{"href":"https:\/\/analyse.optim.biz\/index.php?rest_route=\/wp\/v2\/posts\/209110","targetHints":{"allow":["GET"]}}],"collection":[{"href":"https:\/\/analyse.optim.biz\/index.php?rest_route=\/wp\/v2\/posts"}],"about":[{"href":"https:\/\/analyse.optim.biz\/index.php?rest_route=\/wp\/v2\/types\/post"}],"author":[{"embeddable":true,"href":"https:\/\/analyse.optim.biz\/index.php?rest_route=\/wp\/v2\/users\/1"}],"replies":[{"embeddable":true,"href":"https:\/\/analyse.optim.biz\/index.php?rest_route=%2Fwp%2Fv2%2Fcomments&post=209110"}],"version-history":[{"count":0,"href":"https:\/\/analyse.optim.biz\/index.php?rest_route=\/wp\/v2\/posts\/209110\/revisions"}],"wp:featuredmedia":[{"embeddable":true,"href":"https:\/\/analyse.optim.biz\/index.php?rest_route=\/wp\/v2\/media\/209111"}],"wp:attachment":[{"href":"https:\/\/analyse.optim.biz\/index.php?rest_route=%2Fwp%2Fv2%2Fmedia&parent=209110"}],"wp:term":[{"taxonomy":"category","embeddable":true,"href":"https:\/\/analyse.optim.biz\/index.php?rest_route=%2Fwp%2Fv2%2Fcategories&post=209110"},{"taxonomy":"post_tag","embeddable":true,"href":"https:\/\/analyse.optim.biz\/index.php?rest_route=%2Fwp%2Fv2%2Ftags&post=209110"}],"curies":[{"name":"wp","href":"https:\/\/api.w.org\/{rel}","templated":true}]}}