{"id":2091097,"date":"2026-08-12T14:44:13","date_gmt":"2026-08-12T11:44:13","guid":{"rendered":"https:\/\/analyse.optim.biz\/?p=2091097"},"modified":"2026-08-12T14:44:13","modified_gmt":"2026-08-12T11:44:13","slug":"medicul-oftalmolog-alexandra-preda-avertizeaza-nu-priviti-eclipsa-de-soare-cu-ochiul-liber","status":"publish","type":"post","link":"https:\/\/analyse.optim.biz\/?p=2091097","title":{"rendered":"Medicul oftalmolog Alexandra Preda avertizeaz\u0103: Nu privi\u021bi eclipsa de Soare cu ochiul liber"},"content":{"rendered":"<p>[analyse_image type=&#8221;featured&#8221; src=&#8221;https:\/\/orasul-timisoara.ro\/wp-content\/uploads\/2026\/08\/slrexandra-preda-catedrala.jpg&#8221;]<\/p>\n<article id=\"post-40226\" class=\"td-post-template-7 post-40226 post type-post status-publish format-standard has-post-thumbnail category-featured category-sanatate category-stiri-timisoara tag-alexandra-preda tag-astronomie tag-eclipsa-12-august-2026 tag-eclipsa-de-soare tag-eclipsa-partiala tag-oftalmologie tag-policlinica-dr-munteanu tag-protectia-ochilor tag-retinopatie-solara tag-sanatatea-ochilor tag-soare tag-timisoara-2 td-container-wrap\">\n<div class=\"td-full-screen-header-image-wrap\">\n<div class=\"td-container td-post-header\">\n<div class=\"td-crumb-container\">\n<div class=\"entry-crumbs\"><span><a title=\"Vede\u021bi toate articolele \u00een S\u0103n\u0103tate\" class=\"entry-crumb\" href=\"https:\/\/orasul-timisoara.ro\/local-category\/sanatate\/\">S\u0103n\u0103tate<\/a><\/span><span class=\"td-bred-no-url-last\">Medicul oftalmolog Alexandra Preda avertizeaz\u0103: Nu privi\u021bi eclipsa de Soare cu ochiul&#8230;<\/span><\/div>\n<\/div>\n<div class=\"td-post-header-holder\">\n<div class=\"td-parallax-header\">\n<header class=\"td-post-title\">\n<ul class=\"td-category\">\n<li class=\"entry-category\"><a href=\"https:\/\/orasul-timisoara.ro\/local-category\/sanatate\/\">S\u0103n\u0103tate<\/a><\/li>\n<li class=\"entry-category\"><a href=\"https:\/\/orasul-timisoara.ro\/local-category\/stiri-timisoara\/\">\u0218tiri Locale<\/a><\/li>\n<\/ul>\n<h1 class=\"entry-title\">Medicul oftalmolog Alexandra Preda avertizeaz\u0103: Nu privi\u021bi eclipsa de Soare cu ochiul liber<\/h1>\n<div class=\"td-module-meta-info\">\n<div class=\"td-post-author-name\">\n<div class=\"td-author-by\">De c\u0103tre<\/div>\n<p><a href=\"https:\/\/orasul-timisoara.ro\/author\/timisoara\/\">redactia<\/a><\/p>\n<div class=\"td-author-line\"> &#8211; <\/div>\n<\/div>\n<p><span class=\"td-post-date\"><time class=\"entry-date updated td-module-date\" datetime=\"2026-08-12T17:44:13+03:00\">12\/08\/2026<\/time><\/span><\/div>\n<\/header>\n<\/div>\n<\/div>\n<\/div>\n<div id=\"td-full-screen-header-image\" class=\"td-image-gradient-style7\"><img decoding=\"async\" class=\"td-backstretch\" src=\"https:\/\/orasul-timisoara.ro\/wp-content\/uploads\/2026\/08\/slrexandra-preda-catedrala.jpg\"><\/div>\n<\/div>\n<div class=\"td-container\">\n<div class=\"td-pb-row\">\n<div class=\"td-pb-span8 td-main-content\" role=\"main\">\n<div class=\"td-ss-main-content\">\n<div class=\"td-post-sharing-top\">\n<div class=\"td-post-sharing-classic\"><iframe title=\"topFacebookLike\" frameborder src=\"https:\/\/www.facebook.com\/plugins\/like.php?href=https:\/\/orasul-timisoara.ro\/local-40226\/&amp;layout=button_count&amp;show_faces=false&amp;width=105&amp;action=like&amp;colorscheme=light&amp;height=21\"><\/iframe><\/div>\n<div id=\"td_social_sharing_article_top\" class=\"td-post-sharing td-ps-bg td-ps-notext td-post-sharing-style1 \">\n<div class=\"td-post-sharing-visible\"><a class=\"td-social-sharing-button td-social-sharing-button-js td-social-network td-social-facebook\" href=\"https:\/\/www.facebook.com\/sharer.php?u=https%3A%2F%2Forasul-timisoara.ro%2Flocal-40226%2F\" title=\"Facebook\"><\/p>\n<div class=\"td-social-but-text\">Facebook<\/div>\n<p><\/a><a class=\"td-social-sharing-button td-social-sharing-button-js td-social-network td-social-twitter\" href=\"https:\/\/twitter.com\/intent\/tweet?text=Medicul+oftalmolog+Alexandra+Preda+avertizeaz%C4%83%3A+Nu+privi%C8%9Bi+eclipsa+de+Soare+cu+ochiul+liber&amp;url=https%3A%2F%2Forasul-timisoara.ro%2Flocal-40226%2F&amp;via=orasultm\" title=\"Twitter\"><\/p>\n<div class=\"td-social-but-text\">Twitter<\/div>\n<p><\/a><a class=\"td-social-sharing-button td-social-sharing-button-js td-social-network td-social-whatsapp\" href=\"https:\/\/api.whatsapp.com\/send?text=Medicul+oftalmolog+Alexandra+Preda+avertizeaz%C4%83%3A+Nu+privi%C8%9Bi+eclipsa+de+Soare+cu+ochiul+liber%20%0A%0A%20https:\/\/orasul-timisoara.ro\/local-40226\/\" title=\"WhatsApp\"><\/p>\n<div class=\"td-social-but-text\">WhatsApp<\/div>\n<p><\/a><a class=\"td-social-sharing-button td-social-sharing-button-js td-social-network td-social-linkedin\" href=\"https:\/\/www.linkedin.com\/shareArticle?mini=true&amp;url=https:\/\/orasul-timisoara.ro\/local-40226\/&amp;title=Medicul+oftalmolog+Alexandra+Preda+avertizeaz%C4%83%3A+Nu+privi%C8%9Bi+eclipsa+de+Soare+cu+ochiul+liber\" title=\"Linkedin\"><\/p>\n<div class=\"td-social-but-text\">Linkedin<\/div>\n<p><\/a><a class=\"td-social-sharing-button td-social-sharing-button-js td-social-network td-social-reddit\" href=\"https:\/\/reddit.com\/submit?url=https:\/\/orasul-timisoara.ro\/local-40226\/&amp;title=Medicul+oftalmolog+Alexandra+Preda+avertizeaz%C4%83%3A+Nu+privi%C8%9Bi+eclipsa+de+Soare+cu+ochiul+liber\" title=\"ReddIt\"><\/p>\n<div class=\"td-social-but-text\">ReddIt<\/div>\n<p><\/a><a class=\"td-social-sharing-button td-social-sharing-button-js td-social-network td-social-mail\" href=\"mailto:?subject=Medicul%20oftalmolog%20Alexandra%20Preda%20avertizeaz%C4%83:%20Nu%20privi%C8%9Bi%20eclipsa%20de%20Soare%20cu%20ochiul%20liber&amp;body=https:\/\/orasul-timisoara.ro\/local-40226\/\" title=\"Email\"><\/p>\n<div class=\"td-social-but-text\">Email<\/div>\n<p><\/a><a class=\"td-social-sharing-button td-social-sharing-button-js td-social-network td-social-print\" href=\"https:\/\/orasul-timisoara.ro\/local-40226\/\" title=\"Imprimare\"><\/p>\n<div class=\"td-social-but-text\">Imprimare<\/div>\n<p><\/a><\/div>\n<\/div>\n<\/div>\n<div class=\"td-post-content tagdiv-type\">\n<p class=\"wp-block-paragraph\">Eclipsa par\u021bial\u0103 de Soare din 12 august 2026 poate fi urm\u0103rit\u0103 \u0219i din Timi\u0219oara, \u00eens\u0103 fenomenul astronomic vine cu un avertisment important pentru s\u0103n\u0103tatea ochilor. Medicii oftalmologi recomand\u0103 ca Soarele s\u0103 nu fie privit direct f\u0103r\u0103 o protec\u021bie special\u0103, deoarece radia\u021bia solar\u0103 poate produce leziuni ale retinei, chiar dac\u0103 expunerea este de scurt\u0103 durat\u0103.<\/p>\n<p class=\"wp-block-paragraph\">La Timi\u0219oara, eclipsa \u00eencepe \u00een jurul orei 20:24, iar momentul maxim este \u00een jurul orei 20:45. Fenomenul se produce foarte aproape de apus, \u00eens\u0103 faptul c\u0103 Soarele se afl\u0103 jos pe orizont nu face privirea direct\u0103 sigur\u0103. \u00cen cazul unei eclipse par\u021biale, recomandarea este valabil\u0103 pe \u00eentreaga durat\u0103 a fenomenului. NASA precizeaz\u0103 c\u0103 nu exist\u0103 o perioad\u0103 sigur\u0103 pentru privirea direct\u0103 a unei eclipse par\u021biale f\u0103r\u0103 protec\u021bie ocular\u0103 adecvat\u0103.<\/p>\n<h2 class=\"wp-block-heading\">Alexandra Preda: retina poate fi afectat\u0103 f\u0103r\u0103 ca ochiul s\u0103 doar\u0103<\/h2>\n<p class=\"wp-block-paragraph\">Privirea direct\u0103 c\u0103tre Soare poate provoca o leziune cunoscut\u0103 sub numele de retinopatie solar\u0103. Retina nu are receptori pentru durere, astfel \u00eenc\u00e2t persoana expus\u0103 poate s\u0103 nu simt\u0103 nimic \u00een momentul \u00een care se produce afectarea.<\/p>\n<p class=\"wp-block-paragraph\">\u201ePrivitul direct c\u0103tre Soare \u00een timpul unei eclipse par\u021biale nu trebuie considerat sigur doar pentru c\u0103 lumina pare mai slab\u0103. Retina poate fi afectat\u0103 f\u0103r\u0103 s\u0103 existe o durere imediat\u0103, iar modific\u0103rile de vedere pot ap\u0103rea ulterior\u201d, spune <a href=\"https:\/\/www.instagram.com\/i_dr_alexandra_preda_\/\" data-type=\"link\" data-id=\"https:\/\/www.instagram.com\/i_dr_alexandra_preda_\/\" target=\"_blank\" rel=\"noopener\">medicul oftalmolog<\/a> Alexandra Preda.<\/p>\n<p class=\"wp-block-paragraph\">Leziunile pot ap\u0103rea deoarece energia luminoas\u0103 a Soarelui este concentrat\u0103 pe retina din partea posterioar\u0103 a ochiului. \u00cen func\u021bie de severitatea expunerii, pot ap\u0103rea sc\u0103derea vederii centrale, pete \u00een c\u00e2mpul vizual, distorsiuni sau modific\u0103ri ale percep\u021biei culorilor. Unele leziuni se pot ameliora, \u00eens\u0103 afectarea retinian\u0103 poate r\u0103m\u00e2ne permanent\u0103.<\/p>\n<h2 class=\"wp-block-heading\">De ce eclipsa nu poate fi privit\u0103 cu ochiul liber<\/h2>\n<p class=\"wp-block-paragraph\">\u00cen timpul unei eclipse par\u021biale, Luna acoper\u0103 doar o parte din discul solar. Restul suprafe\u021bei Soarelui continu\u0103 s\u0103 emit\u0103 radia\u021bie intens\u0103, iar aceast\u0103 por\u021biune r\u0103mas\u0103 vizibil\u0103 este suficient\u0103 pentru a produce leziuni retiniene.<\/p>\n<p class=\"wp-block-paragraph\">Acesta este unul dintre motivele pentru care o eclips\u0103 par\u021bial\u0103 nu trebuie urm\u0103rit\u0103 f\u0103r\u0103 protec\u021bie, indiferent c\u00e2t de mult este acoperit Soarele. Spre deosebire de o eclips\u0103 total\u0103, la o eclips\u0103 par\u021bial\u0103 nu exist\u0103 un moment de totalitate \u00een care discul solar s\u0103 fie complet acoperit de Lun\u0103.<\/p>\n<p class=\"wp-block-paragraph\">Riscul este cu at\u00e2t mai perfid cu c\u00e2t ochiul nu transmite neap\u0103rat un semnal de alarm\u0103 imediat. O persoan\u0103 poate privi Soarele, poate considera c\u0103 nu a p\u0103\u021bit nimic \u0219i s\u0103 observe abia ulterior c\u0103 imaginea este modificat\u0103.<\/p>\n<h2 class=\"wp-block-heading\">Ce se poate \u00eent\u00e2mpla dac\u0103 prive\u0219ti eclipsa direct<\/h2>\n<p class=\"wp-block-paragraph\">Una dintre cele mai serioase consecin\u021be este apari\u021bia retinopatiei solare. \u00cen func\u021bie de leziune, persoana poate observa o pat\u0103 \u00een centrul imaginii, vedere \u00eence\u021bo\u0219at\u0103 sau deformarea liniilor drepte.<\/p>\n<p class=\"wp-block-paragraph\">Pot ap\u0103rea \u0219i probleme \u00een perceperea culorilor sau dificult\u0103\u021bi \u00een focalizarea imaginii. \u00cen cazurile severe, afectarea poate fi permanent\u0103. Sursele medicale subliniaz\u0103 c\u0103 retinopatia solar\u0103 poate ap\u0103rea f\u0103r\u0103 durere \u0219i c\u0103 nu exist\u0103 un tratament care s\u0103 garanteze recuperarea complet\u0103 a retinei afectate.<\/p>\n<p class=\"wp-block-paragraph\">De aceea, problema nu este doar disconfortul temporar provocat de lumina puternic\u0103. Riscul real este producerea unei leziuni retiniene care poate afecta vederea central\u0103.<\/p>\n<h2 class=\"wp-block-heading\">Ochelarii obi\u0219nui\u021bi de soare nu sunt suficien\u021bi<\/h2>\n<p class=\"wp-block-paragraph\">Ochelarii de soare obi\u0219nui\u021bi nu ofer\u0103 protec\u021bia necesar\u0103 pentru observarea direct\u0103 a unei eclipse. Nici dou\u0103 sau mai multe perechi suprapuse nu reprezint\u0103 o solu\u021bie sigur\u0103.<\/p>\n<p class=\"wp-block-paragraph\">Pentru observarea direct\u0103 trebuie folosi\u021bi ochelari speciali pentru eclipse sau filtre solare certificate pentru observa\u021bia Soarelui. NASA recomand\u0103 utilizarea unor dispozitive de observare solar\u0103 conforme cu standardele de siguran\u021b\u0103, iar standardul ISO 12312-2 este utilizat pentru filtrele destinate observ\u0103rii directe a Soarelui.<\/p>\n<p class=\"wp-block-paragraph\">De asemenea, improviza\u021biile precum sticla afumat\u0103, foliile, CD-urile, peliculele fotografice sau alte materiale despre care se spune c\u0103 reduc lumina nu trebuie folosite pentru privirea direct\u0103 c\u0103tre Soare.<\/p>\n<h2 class=\"wp-block-heading\">Cum poate fi urm\u0103rit\u0103 eclipsa \u00een siguran\u021b\u0103 la Timi\u0219oara<\/h2>\n<p class=\"wp-block-paragraph\">Cea mai simpl\u0103 variant\u0103 pentru cei care vor s\u0103 urm\u0103reasc\u0103 eclipsa direct este folosirea unor ochelari speciali pentru eclipse, verifica\u021bi \u00eenainte de utilizare \u0219i proveni\u021bi dintr-o surs\u0103 de \u00eencredere.<\/p>\n<p class=\"wp-block-paragraph\">O alt\u0103 metod\u0103 este observarea indirect\u0103, prin proiec\u021bia imaginii Soarelui. Un dispozitiv simplu de tip \u201epinhole projector\u201d poate proiecta imaginea Soarelui pe o suprafa\u021b\u0103, astfel \u00eenc\u00e2t observatorul s\u0103 urm\u0103reasc\u0103 evolu\u021bia eclipsei f\u0103r\u0103 s\u0103 priveasc\u0103 direct c\u0103tre discul solar. Societatea American\u0103 pentru Chirurgia Refractiv\u0103 recomand\u0103 proiec\u021bia prin orificiu ca metod\u0103 sigur\u0103 pentru observarea unei eclipse par\u021biale.<\/p>\n<p class=\"wp-block-paragraph\">Pentru cei care dispun de echipamente astronomice, observarea se poate face printr-un telescop echipat cu un filtru solar special. Filtrul trebuie s\u0103 fie montat corespunz\u0103tor \u00een partea frontal\u0103 a instrumentului.<\/p>\n<h2 class=\"wp-block-heading\">Aten\u021bie la binocluri, telescoape \u0219i aparate foto<\/h2>\n<p class=\"wp-block-paragraph\">Ochelarii pentru eclips\u0103 nu trebuie folosi\u021bi \u00eempreun\u0103 cu un telescop sau binoclu pentru a privi Soarele. Instrumentele optice concentreaz\u0103 lumina \u0219i pot amplifica foarte mult energia care ajunge c\u0103tre ochi.<\/p>\n<p class=\"wp-block-paragraph\">Aceea\u0219i precau\u021bie este necesar\u0103 \u0219i \u00een cazul fotografierii eclipsei. Un aparat foto sau un telefon nu trebuie \u00eendreptat pur \u0219i simplu c\u0103tre Soare, iar pentru echipamentele optice sunt necesare filtre solare adecvate. NASA avertizeaz\u0103 \u00een mod explicit asupra riscului utiliz\u0103rii necorespunz\u0103toare a telescoapelor, binoclurilor \u0219i camerelor \u00een timpul eclipselor.<\/p>\n<h2 class=\"wp-block-heading\">Copiii trebuie supraveghea\u021bi cu aten\u021bie<\/h2>\n<p class=\"wp-block-paragraph\">Copiii sunt printre cei mai vulnerabili observatori, nu pentru c\u0103 retina lor ar fi \u00een mod necesar mai sensibil\u0103 la eclips\u0103, ci pentru c\u0103 pot fi tenta\u021bi s\u0103 priveasc\u0103 Soarele f\u0103r\u0103 s\u0103 \u00een\u021beleag\u0103 riscul.<\/p>\n<p class=\"wp-block-paragraph\">P\u0103rin\u021bii ar trebui s\u0103 le explice \u00eenainte de \u00eenceperea fenomenului c\u0103 Soarele nu trebuie privit direct \u0219i s\u0103 verifice dac\u0103 ochelarii speciali sunt utiliza\u021bi corect. O alternativ\u0103 foarte bun\u0103 pentru copii este observarea indirect\u0103 prin proiec\u021bie.<\/p>\n<h2 class=\"wp-block-heading\">Alexandra Preda: dac\u0103 apar modific\u0103ri de vedere, este nevoie de consult<\/h2>\n<p class=\"wp-block-paragraph\">\u201eDac\u0103 dup\u0103 observarea eclipsei apare o pat\u0103 \u00een centrul c\u00e2mpului vizual, imaginea devine neclar\u0103 sau deformat\u0103 ori apar modific\u0103ri ale percep\u021biei culorilor, aceste simptome nu trebuie ignorate. Este indicat ca persoana s\u0103 se adreseze unui medic oftalmolog pentru evaluare\u201d, transmite medicul oftalmolog Alexandra Preda, medic in cadrul Centrului Oftamologic Prof. <a href=\"https:\/\/profmunteanu.ro\/\" data-type=\"link\" data-id=\"https:\/\/profmunteanu.ro\/\" target=\"_blank\" rel=\"noopener\">Dr. Munteanu.<\/a><\/p>\n<p class=\"wp-block-paragraph\">Problemele de vedere ap\u0103rute dup\u0103 expunerea direct\u0103 la Soare nu trebuie puse automat pe seama oboselii ochilor. Retinopatia solar\u0103 poate fi nedureroas\u0103, iar manifest\u0103rile vizuale pot deveni evidente dup\u0103 expunere.<\/p>\n<h2 class=\"wp-block-heading\">Eclipsa de la Timi\u0219oara poate fi urm\u0103rit\u0103 f\u0103r\u0103 riscuri inutile<\/h2>\n<p class=\"wp-block-paragraph\">Eclipsa par\u021bial\u0103 din aceast\u0103 sear\u0103 poate fi un eveniment spectaculos pentru timi\u0219oreni, mai ales c\u0103 fenomenul se va produce foarte aproape de apus. Tocmai de aceea, cei care aleg s\u0103 o urm\u0103reasc\u0103 trebuie s\u0103 se concentreze nu doar asupra locului cu vizibilitate bun\u0103 c\u0103tre vest, ci \u0219i asupra protec\u021biei ochilor.<\/p>\n<p class=\"wp-block-paragraph\">Regula este simpl\u0103: eclipsa par\u021bial\u0103 nu se prive\u0219te cu ochiul liber. Ochelarii speciali pentru eclipse, filtrele solare certificate \u0219i metodele de proiec\u021bie indirect\u0103 permit observarea fenomenului f\u0103r\u0103 expunerea direct\u0103 a retinei la radia\u021bia solar\u0103.<\/p>\n<p class=\"wp-block-paragraph\">Un fenomen astronomic de c\u00e2teva minute nu merit\u0103 riscul unei leziuni oculare care poate l\u0103sa urm\u0103ri pentru luni sau chiar permanent. Pentru cei care vor s\u0103 se bucure de eclipsa din Timi\u0219oara, cea mai bun\u0103 solu\u021bie este s\u0103 priveasc\u0103 cerul \u00een siguran\u021b\u0103.<\/p>\n<\/div>\n<footer>\n<div class=\"td-post-source-tags\">\n<ul class=\"td-tags td-post-small-box clearfix\">\n<li><span>ETICHETE<\/span><\/li>\n<li><a href=\"https:\/\/orasul-timisoara.ro\/local-tag\/alexandra-preda\/\">Alexandra Preda<\/a><\/li>\n<li><a href=\"https:\/\/orasul-timisoara.ro\/local-tag\/astronomie\/\">astronomie<\/a><\/li>\n<li><a href=\"https:\/\/orasul-timisoara.ro\/local-tag\/eclipsa-12-august-2026\/\">eclips\u0103 12 august 2026<\/a><\/li>\n<li><a href=\"https:\/\/orasul-timisoara.ro\/local-tag\/eclipsa-de-soare\/\">eclips\u0103 de Soare<\/a><\/li>\n<li><a href=\"https:\/\/orasul-timisoara.ro\/local-tag\/eclipsa-partiala\/\">eclips\u0103 par\u021bial\u0103<\/a><\/li>\n<li><a href=\"https:\/\/orasul-timisoara.ro\/local-tag\/oftalmologie\/\">oftalmologie<\/a><\/li>\n<li><a href=\"https:\/\/orasul-timisoara.ro\/local-tag\/policlinica-dr-munteanu\/\">Policlinica Dr. Munteanu<\/a><\/li>\n<li><a href=\"https:\/\/orasul-timisoara.ro\/local-tag\/protectia-ochilor\/\">protec\u021bia ochilor<\/a><\/li>\n<li><a href=\"https:\/\/orasul-timisoara.ro\/local-tag\/retinopatie-solara\/\">retinopatie solar\u0103<\/a><\/li>\n<li><a href=\"https:\/\/orasul-timisoara.ro\/local-tag\/sanatatea-ochilor\/\">s\u0103n\u0103tatea ochilor<\/a><\/li>\n<li><a href=\"https:\/\/orasul-timisoara.ro\/local-tag\/soare\/\">soare<\/a><\/li>\n<li><a href=\"https:\/\/orasul-timisoara.ro\/local-tag\/timisoara-2\/\">timi\u0219oara<\/a><\/li>\n<\/ul>\n<\/div>\n<div class=\"td-post-sharing-bottom\">\n<div class=\"td-post-sharing-classic\"><iframe title=\"bottomFacebookLike\" frameborder src=\"https:\/\/www.facebook.com\/plugins\/like.php?href=https:\/\/orasul-timisoara.ro\/local-40226\/&amp;layout=button_count&amp;show_faces=false&amp;width=105&amp;action=like&amp;colorscheme=light&amp;height=21\"><\/iframe><\/div>\n<div id=\"td_social_sharing_article_bottom\" class=\"td-post-sharing td-ps-bg td-ps-notext td-post-sharing-style1 \">\n<div class=\"td-post-sharing-visible\"><a class=\"td-social-sharing-button td-social-sharing-button-js td-social-network td-social-facebook\" href=\"https:\/\/www.facebook.com\/sharer.php?u=https%3A%2F%2Forasul-timisoara.ro%2Flocal-40226%2F\" title=\"Facebook\"><\/p>\n<div class=\"td-social-but-text\">Facebook<\/div>\n<p><\/a><a class=\"td-social-sharing-button td-social-sharing-button-js td-social-network td-social-twitter\" href=\"https:\/\/twitter.com\/intent\/tweet?text=Medicul+oftalmolog+Alexandra+Preda+avertizeaz%C4%83%3A+Nu+privi%C8%9Bi+eclipsa+de+Soare+cu+ochiul+liber&amp;url=https%3A%2F%2Forasul-timisoara.ro%2Flocal-40226%2F&amp;via=orasultm\" title=\"Twitter\"><\/p>\n<div class=\"td-social-but-text\">Twitter<\/div>\n<p><\/a><a class=\"td-social-sharing-button td-social-sharing-button-js td-social-network td-social-whatsapp\" href=\"https:\/\/api.whatsapp.com\/send?text=Medicul+oftalmolog+Alexandra+Preda+avertizeaz%C4%83%3A+Nu+privi%C8%9Bi+eclipsa+de+Soare+cu+ochiul+liber%20%0A%0A%20https:\/\/orasul-timisoara.ro\/local-40226\/\" title=\"WhatsApp\"><\/p>\n<div class=\"td-social-but-text\">WhatsApp<\/div>\n<p><\/a><a class=\"td-social-sharing-button td-social-sharing-button-js td-social-network td-social-linkedin\" href=\"https:\/\/www.linkedin.com\/shareArticle?mini=true&amp;url=https:\/\/orasul-timisoara.ro\/local-40226\/&amp;title=Medicul+oftalmolog+Alexandra+Preda+avertizeaz%C4%83%3A+Nu+privi%C8%9Bi+eclipsa+de+Soare+cu+ochiul+liber\" title=\"Linkedin\"><\/p>\n<div class=\"td-social-but-text\">Linkedin<\/div>\n<p><\/a><a class=\"td-social-sharing-button td-social-sharing-button-js td-social-network td-social-reddit\" href=\"https:\/\/reddit.com\/submit?url=https:\/\/orasul-timisoara.ro\/local-40226\/&amp;title=Medicul+oftalmolog+Alexandra+Preda+avertizeaz%C4%83%3A+Nu+privi%C8%9Bi+eclipsa+de+Soare+cu+ochiul+liber\" title=\"ReddIt\"><\/p>\n<div class=\"td-social-but-text\">ReddIt<\/div>\n<p><\/a><a class=\"td-social-sharing-button td-social-sharing-button-js td-social-network td-social-mail\" href=\"mailto:?subject=Medicul%20oftalmolog%20Alexandra%20Preda%20avertizeaz%C4%83:%20Nu%20privi%C8%9Bi%20eclipsa%20de%20Soare%20cu%20ochiul%20liber&amp;body=https:\/\/orasul-timisoara.ro\/local-40226\/\" title=\"Email\"><\/p>\n<div class=\"td-social-but-text\">Email<\/div>\n<p><\/a><a class=\"td-social-sharing-button td-social-sharing-button-js td-social-network td-social-print\" href=\"https:\/\/orasul-timisoara.ro\/local-40226\/\" title=\"Imprimare\"><\/p>\n<div class=\"td-social-but-text\">Imprimare<\/div>\n<p><\/a><\/div>\n<\/div>\n<\/div>\n<div class=\"td-block-row td-post-next-prev\">\n<div class=\"td-block-span6 td-post-prev-post\">\n<div class=\"td-post-next-prev-content\"><span>Articolul precedent<\/span><a href=\"https:\/\/orasul-timisoara.ro\/local-40223\/\">Eclipsele totale de Soare din zona Timi\u0219oarei: din anul 840 p\u00e2n\u0103 \u00een 2081<\/a><\/div>\n<\/div>\n<div class=\"td-block-span6 td-post-next-post\">\n<div class=\"td-post-next-prev-content\"><span>Articolul urm\u0103tor<\/span><a href=\"https:\/\/orasul-timisoara.ro\/local-40229\/\">Aquapark de patru hectare la S\u00e2nnicolau Mare. C\u00e2nd ar putea fi gata<\/a><\/div>\n<\/div>\n<\/div>\n<div class=\"td-author-name vcard author\"><span class=\"fn\"><a href=\"https:\/\/orasul-timisoara.ro\/author\/timisoara\/\">redactia<\/a><\/span><\/div>\n<p><span class=\"td-page-meta\"><\/span><span class=\"td-page-meta\"><span class=\"td-page-meta\"><\/span><\/span><span class=\"td-page-meta\"><\/span><\/footer>\n<div class=\"td_block_wrap td_block_related_posts tdi_3 td_with_ajax_pagination td-pb-border-top td_block_template_8\" data-td-block-uid=\"tdi_3\">\n<h4 class=\"td-related-title td-block-title\"><a id=\"tdi_4\" class=\"td-related-left td-cur-simple-item\" data-td_filter_value data-td_block_id=\"tdi_3\" href=\"https:\/\/orasul-timisoara.ro\/local-40226\/\">ARTICOLE SIMILARE<\/a><a id=\"tdi_5\" class=\"td-related-right\" data-td_filter_value=\"td_related_more_from_author\" data-td_block_id=\"tdi_3\" href=\"https:\/\/orasul-timisoara.ro\/local-40226\/\">DE LA ACELA\u0218I AUTOR<\/a><\/h4>\n<div id=\"tdi_3\" class=\"td_block_inner\">\n<div class=\"td-related-row\">\n<div class=\"td-related-span4\">\n<div class=\"td_module_related_posts td-animation-stack td_mod_related_posts\">\n<div class=\"td-module-image\">\n<div class=\"td-module-thumb\"><a href=\"https:\/\/orasul-timisoara.ro\/local-40223\/\" rel=\"bookmark\" class=\"td-image-wrap \" title=\"Eclipsele totale de Soare din zona Timi\u0219oarei: din anul 840 p\u00e2n\u0103 \u00een 2081\"><img loading=\"lazy\" decoding=\"async\" class=\"entry-thumb\" src=\"https:\/\/orasul-timisoara.ro\/wp-content\/uploads\/2026\/08\/piata-unirii-eclipsa-436x300.jpg\" alt title=\"Eclipsele totale de Soare din zona Timi\u0219oarei: din anul 840 p\u00e2n\u0103 \u00een 2081\" width=\"218\" height=\"150\"><\/a><\/div>\n<\/div>\n<div class=\"item-details\">\n<h3 class=\"entry-title td-module-title\"><a href=\"https:\/\/orasul-timisoara.ro\/local-40223\/\" rel=\"bookmark\" title=\"Eclipsele totale de Soare din zona Timi\u0219oarei: din anul 840 p\u00e2n\u0103 \u00een 2081\">Eclipsele totale de Soare din zona Timi\u0219oarei: din anul 840 p\u00e2n\u0103 \u00een 2081<\/a><\/h3>\n<\/div>\n<\/div>\n<\/div>\n<div class=\"td-related-span4\">\n<div class=\"td_module_related_posts td-animation-stack td_mod_related_posts\">\n<div class=\"td-module-image\">\n<div class=\"td-module-thumb\"><a href=\"https:\/\/orasul-timisoara.ro\/local-40220\/\" rel=\"bookmark\" class=\"td-image-wrap \" title=\"Eclipsele de Soare la Timi\u0219oara: c\u00e2nd au fost \u0219i c\u00e2nd urmeaz\u0103\"><img loading=\"lazy\" decoding=\"async\" class=\"entry-thumb\" src=\"https:\/\/orasul-timisoara.ro\/wp-content\/uploads\/2026\/08\/cer-timisorean-cu-eclipse-436x300.jpg\" alt title=\"Eclipsele de Soare la Timi\u0219oara: c\u00e2nd au fost \u0219i c\u00e2nd urmeaz\u0103\" width=\"218\" height=\"150\"><\/a><\/div>\n<\/div>\n<div class=\"item-details\">\n<h3 class=\"entry-title td-module-title\"><a href=\"https:\/\/orasul-timisoara.ro\/local-40220\/\" rel=\"bookmark\" title=\"Eclipsele de Soare la Timi\u0219oara: c\u00e2nd au fost \u0219i c\u00e2nd urmeaz\u0103\">Eclipsele de Soare la Timi\u0219oara: c\u00e2nd au fost \u0219i c\u00e2nd urmeaz\u0103<\/a><\/h3>\n<\/div>\n<\/div>\n<\/div>\n<div class=\"td-related-span4\">\n<div class=\"td_module_related_posts td-animation-stack td_mod_related_posts\">\n<div class=\"td-module-image\">\n<div class=\"td-module-thumb\"><a href=\"https:\/\/orasul-timisoara.ro\/local-40215\/\" rel=\"bookmark\" class=\"td-image-wrap \" title=\"Eclipsa de Soare \u00een tradi\u021bia rom\u00e2neasc\u0103: ce credeau oamenii din Banat\"><img loading=\"lazy\" decoding=\"async\" class=\"entry-thumb\" src=\"https:\/\/orasul-timisoara.ro\/wp-content\/uploads\/2026\/08\/elipsa-traditii-banat-436x300.jpg\" alt title=\"Eclipsa de Soare \u00een tradi\u021bia rom\u00e2neasc\u0103: ce credeau oamenii din Banat\" width=\"218\" height=\"150\"><\/a><\/div>\n<\/div>\n<div class=\"item-details\">\n<h3 class=\"entry-title td-module-title\"><a href=\"https:\/\/orasul-timisoara.ro\/local-40215\/\" rel=\"bookmark\" title=\"Eclipsa de Soare \u00een tradi\u021bia rom\u00e2neasc\u0103: ce credeau oamenii din Banat\">Eclipsa de Soare \u00een tradi\u021bia rom\u00e2neasc\u0103: ce credeau oamenii din Banat<\/a><\/h3>\n<\/div>\n<\/div>\n<\/div>\n<\/div>\n<\/div>\n<\/div>\n<div class=\"comments\" id=\"comments\">\n<div id=\"respond\" class=\"comment-respond\">\n<h3 id=\"reply-title\" class=\"comment-reply-title\">L\u0102SA\u021aI UN MESAJ<\/h3>\n<div class=\"comment-form-input-wrap td-form-comment\">\n<div class=\"td-warning-comment\">V\u0103 rug\u0103m s\u0103 introduce\u021bi comentariul dvs.!<\/div>\n<\/div>\n<div class=\"comment-form-input-wrap td-form-author\">\n<div class=\"td-warning-author\">Introduce\u021bi aici numele dvs.<\/div>\n<\/div>\n<div class=\"comment-form-input-wrap td-form-email\">\n<div class=\"td-warning-email-error\">A\u021bi introdus o adres\u0103 de e-mail incorect\u0103!<\/div>\n<div class=\"td-warning-email\">V\u0103 rug\u0103m s\u0103 introduce\u021bi adresa dvs. de e-mail aici<\/div>\n<\/div>\n<\/div>\n<p class=\"akismet_comment_form_privacy_notice\">Acest site folose\u0219te Akismet pentru a reduce spamul. <a href=\"https:\/\/akismet.com\/privacy\/\" target=\"_blank\" rel=\"nofollow noopener\">Afl\u0103 cum sunt procesate datele comentariilor tale<\/a>.<\/p>\n<\/div>\n<\/div>\n<\/div>\n<div class=\"td-pb-span4 td-main-sidebar\" role=\"complementary\">\n<div class=\"td-ss-main-sidebar\">\n<aside id=\"block-4\" class=\"td_block_template_8 widget block-4 widget_block widget_media_image\">\n<figure class=\"wp-block-image size-full\"><img loading=\"lazy\" decoding=\"async\" width=\"336\" height=\"280\" src=\"https:\/\/orasul-timisoara.ro\/wp-content\/uploads\/2024\/11\/ReTIM-Abonamentul-Verde-Google-Ads-336x280px.gif\" alt class=\"wp-image-29257\"><\/figure>\n<\/aside>\n<div class=\"td_block_wrap td_block_social_counter td_block_widget tdi_6 td-social-style5 td-social-boxed td-pb-border-top td_block_template_8\">\n<div class=\"td-block-title-wrap\">\n<h4 class=\"td-block-title\"><span>Urm\u0103re\u0219te-ne pe Social Media<\/span><\/h4>\n<\/div>\n<div class=\"td-social-list\">\n<div class=\"td_social_type td-pb-margin-side td_social_facebook\">\n<div class=\"td-social-box\"><span class=\"td_social_info td_social_info_counter\">344,595<\/span><span class=\"td_social_info td_social_info_name\">Fani<\/span><span class=\"td_social_button\"><a href=\"https:\/\/www.facebook.com\/247timisoara\" target=\"_blank\" rel=\"nofollow\">\u00cemi place<\/a><\/span><\/div>\n<\/div>\n<div class=\"td_social_type td-pb-margin-side td_social_instagram\">\n<div class=\"td-social-box\"><span class=\"td_social_info td_social_info_counter\">4,416<\/span><span class=\"td_social_info td_social_info_name\">Cititori<\/span><span class=\"td_social_button\"><a href=\"https:\/\/instagram.com\/orasultimisoararo\/\" target=\"_blank\" rel=\"nofollow\">Conecta\u021bi-v\u0103<\/a><\/span><\/div>\n<\/div>\n<div class=\"td_social_type td-pb-margin-side td_social_rss\">\n<div class=\"td-social-box\"><span class=\"td_social_info td_social_info_counter\">12,506<\/span><span class=\"td_social_info td_social_info_name\">Cititori<\/span><span class=\"td_social_button\"><a href=\"https:\/\/orasul-timisoara.ro\/feed\/\" target=\"_blank\" rel=\"nofollow\">Conecta\u021bi-v\u0103<\/a><\/span><\/div>\n<\/div>\n<div class=\"td_social_type td-pb-margin-side td_social_tiktok\">\n<div class=\"td-social-box\"><span class=\"td_social_info td_social_info_counter\">1,500<\/span><span class=\"td_social_info td_social_info_name\">Cititori<\/span><span class=\"td_social_button\"><a href=\"https:\/\/www.tiktok.com\/@orasultimisoara\" target=\"_blank\" rel=\"nofollow\">Conecta\u021bi-v\u0103<\/a><\/span><\/div>\n<\/div>\n<div class=\"td_social_type td-pb-margin-side td_social_twitter\">\n<div class=\"td-social-box\"><span class=\"td_social_info td_social_info_counter\">1,595<\/span><span class=\"td_social_info td_social_info_name\">Cititori<\/span><span class=\"td_social_button\"><a href=\"https:\/\/twitter.com\/orasultm\" target=\"_blank\" rel=\"nofollow\">Conecta\u021bi-v\u0103<\/a><\/span><\/div>\n<\/div>\n<div class=\"td_social_type td-pb-margin-side td_social_youtube\">\n<div class=\"td-social-box\"><span class=\"td_social_info td_social_info_counter\">3,506<\/span><span class=\"td_social_info td_social_info_name\">Abona\u021bi<\/span><span class=\"td_social_button\"><a href=\"https:\/\/www.youtube.com\/channel\/UCQNsQvs2XCSIm1Z-AHRturw?sub_confirmation=1\" target=\"_blank\" rel=\"nofollow\">Abona\u021bi-v\u0103<\/a><\/span><\/div>\n<\/div>\n<\/div>\n<\/div>\n<aside id=\"text-7\" class=\"td_block_template_8 widget text-7 widget_text\">\n<h4 class=\"td-block-title\"><span>C\u0103ut\u0103ri populare pe OTM<\/span><\/h4>\n<div class=\"textwidget\"><a href=\"https:\/\/orasul-timisoara.ro\/?s=timisoara\"><span>Timisoara<\/span><\/a><a href=\"https:\/\/orasul-timisoara.ro\/?s=calin+dobra\"><span>Calin Dobra<\/span><\/a><a href=\"https:\/\/orasul-timisoara.ro\/?s=primaria+timisoara\"><span>Primaria Timisoara<\/span><\/a><a href=\"https:\/\/orasul-timisoara.ro\/?s=dominic+fritz\"><span>Dominic Fritz<\/span><\/a><a href=\"https:\/\/orasul-timisoara.ro\/?s=nicolae+robu\"><span>Nicolae Robu<\/span><\/a><a href=\"https:\/\/orasul-timisoara.ro\/?s=consiliul+local+timisoara\">Consiliul Local Timisoara<\/a><a href=\"https:\/\/orasul-timisoara.ro\/?s=consiliul+judetean+timis\"><span>Consiliul Judetean Timis<\/span><\/a><a href=\"https:\/\/orasul-timisoara.ro\/?s=cjt\"><span>CJT<\/span><\/a><a href=\"https:\/\/orasul-timisoara.ro\/?s=Alfred+Simonis\"><span>Alfred Simonis<\/span><\/a><a href=\"https:\/\/orasul-timisoara.ro\/?s=PNL\"><span>PNL<\/span><\/a><a href=\"https:\/\/orasul-timisoara.ro\/?s=coronavirus\"><span>coronavirus<\/span><\/a><a href=\"https:\/\/orasul-timisoara.ro\/?s=teatru+timisoara\">teatru Timisoara<\/a><a href=\"https:\/\/orasul-timisoara.ro\/?s=restaurante\"><span>restaurante Timisoara<\/span><\/a><a href=\"https:\/\/orasul-timisoara.ro\/?s=diskoteka\"><span>Diskoteka<\/span><\/a><a href=\"https:\/\/orasul-timisoara.ro\/?s=iulius+town\"><span>Iulius Town<\/span><\/a><a href=\"https:\/\/orasul-timisoara.ro\/?s=iulius+mall\"><span>Iulius Mall<\/span><\/a><a href=\"https:\/\/orasul-timisoara.ro\/?s=stpt\"><span>STPT<\/span><\/a><a href=\"https:\/\/orasul-timisoara.ro\/?s=alin+nica\"><span>Alin Nica<\/span><\/a><a href=\"https:\/\/orasul-timisoara.ro\/?s=psd\"><span>PSD<\/span><\/a><a href=\"https:\/\/orasul-timisoara.ro\/?s=aeroport\"><span>Aeroportul International Timisoara<\/span><\/a><a href=\"https:\/\/orasul-timisoara.ro\/?s=babes\"><span>Spitalul Victor Babes Timisoara<\/span><\/a><a href=\"https:\/\/orasul-timisoara.ro\/?s=poli\"><span>Poli Timi\u0219oara<\/span><\/a><a href=\"https:\/\/orasul-timisoara.ro\/?s=carantina\"><span>carantina<\/span><\/a><a href=\"https:\/\/orasul-timisoara.ro\/?s=aquatim\"><span>Aquatim<\/span><\/a><a href=\"https:\/\/orasul-timisoara.ro\/local-category\/stiri-timisoara\/\"><span>Stiri Timisoara<\/span><\/a><a href=\"https:\/\/orasul-timisoara.ro\/local-category\/investitii-in-timisoara\/\"><span>Investi\u021bii in Timi\u0219oara<\/span><\/a><a href=\"https:\/\/orasul-timisoara.ro\/local-9463\/\"><span>shaorma<\/span><\/a><a href=\"https:\/\/orasul-timisoara.ro\/?s=trafic\"><span>trafic rutier<\/span><\/a><a href=\"https:\/\/orasul-timisoara.ro\/?s=politia\"><span>politia locala timisoara<\/span><\/a><a href=\"https:\/\/orasul-timisoara.ro\/?s=roxana\"><span>Roxana Iliescu<\/span><\/a><a href=\"https:\/\/orasul-timisoara.ro\/?s=colterm\"><span>Colterm<\/span><\/a><a href=\"https:\/\/orasul-timisoara.ro\/?s=latcau\"><span>Ruben La\u021bc\u0103u<\/span><\/a><a href=\"https:\/\/orasul-timisoara.ro\/?s=timis\"><span>\u0218tiri din Timi\u0219<\/span><\/a><a href=\"https:\/\/orasul-timisoara.ro\/?s=spital\"><span>Spitale din Timi\u0219oara<\/span><\/a><a href=\"https:\/\/orasul-timisoara.ro\/?s=tabara\"><span>Cosmin Tab\u0103r\u0103<\/span><\/a><\/div>\n<\/aside>\n<aside id=\"rss-2\" class=\"td_block_template_8 widget rss-2 widget_rss\">\n<h4 class=\"td-block-title\"><span><a class=\"rsswidget rss-widget-feed\" href=\"https:\/\/fashionfridays.ro\/feed\"><img decoding=\"async\" class=\"rss-widget-icon\" width=\"14\" height=\"14\" src=\"https:\/\/orasul-timisoara.ro\/wp-includes\/images\/rss.png\" alt=\"RSS\" loading=\"lazy\"><\/a><a class=\"rsswidget rss-widget-title\" href=\"https:\/\/fashionfridays.ro\/\">Fashion Fridays<\/a><\/span><\/h4>\n<ul>\n<li><a class=\"rsswidget\" href=\"https:\/\/fashionfridays.ro\/romania-devine-a-29-a-piata-vogue-o-noua-era-pentru-industria-locala-de-moda\/\">Rom\u00e2nia devine a 29-a pia\u021b\u0103 Vogue: o nou\u0103 er\u0103 pentru industria local\u0103 de mod\u0103<\/a>\n<div class=\"rssSummary\">Revista Vogue \u00ee\u0219i extinde prezen\u021ba global\u0103 \u0219i va fi lansat\u0103 oficial \u00een Rom\u00e2nia \u00een prim\u0103vara anului 2027, marc\u00e2nd intrarea pe cea de-a 29-a pia\u021b\u0103 interna\u021bional\u0103. Proiectul este realizat \u00een parteneriat cu AEMME Publishing, o companie media recent \u00eenfiin\u021bat\u0103, care va publica edi\u021bia local\u0103 sub licen\u021b\u0103. Noua edi\u021bie, Vogue Rom\u00e2nia, \u00ee\u0219i propune s\u0103 combine autoritatea global\u0103 [\u2026]<\/div>\n<\/li>\n<\/ul>\n<\/aside>\n<aside id=\"rss-4\" class=\"td_block_template_8 widget rss-4 widget_rss\">\n<h4 class=\"td-block-title\"><span><a class=\"rsswidget rss-widget-feed\" href=\"https:\/\/emasini.ro\/feed\"><img decoding=\"async\" class=\"rss-widget-icon\" width=\"14\" height=\"14\" src=\"https:\/\/orasul-timisoara.ro\/wp-includes\/images\/rss.png\" alt=\"RSS\" loading=\"lazy\"><\/a><a class=\"rsswidget rss-widget-title\" href=\"https:\/\/emasini.ro\/\">eMasini<\/a><\/span><\/h4>\n<ul>\n<li><a class=\"rsswidget\" href=\"https:\/\/emasini.ro\/bmw-testeaza-noul-i4-convertible-primul-cabrio-electric-accesibil-al-marcii\/\">BMW testeaz\u0103 noul i4 Convertible, primul cabrio electric accesibil al m\u0103rcii<\/a>\n<div class=\"rssSummary\">BMW accelereaz\u0103 dezvoltarea noii genera\u021bii de modele electrice bazate pe platforma Neue Klasse, iar unul dintre cele mai interesante proiecte aflate \u00een teste este viitorul BMW i4 Convertible. Prototipul camuflat a fost surprins pe \u0219osele, confirm\u00e2nd c\u0103 produc\u0103torul german preg\u0103te\u0219te o decapotabil\u0103 electric\u0103 destinat\u0103 unui segment \u00een care oferta este, \u00een prezent, extrem de limitat\u0103. [\u2026]<\/div>\n<\/li>\n<\/ul>\n<\/aside>\n<\/div>\n<\/div>\n<\/div>\n<\/div>\n<\/article>\n<div class=\"td-post-content tagdiv-type\">\n<p class=\"wp-block-paragraph\">Eclipsa par\u021bial\u0103 de Soare din 12 august 2026 poate fi urm\u0103rit\u0103 \u0219i din Timi\u0219oara, \u00eens\u0103 fenomenul astronomic vine cu un avertisment important pentru s\u0103n\u0103tatea ochilor. Medicii oftalmologi recomand\u0103 ca Soarele s\u0103 nu fie privit direct f\u0103r\u0103 o protec\u021bie special\u0103, deoarece radia\u021bia solar\u0103 poate produce leziuni ale retinei, chiar dac\u0103 expunerea este de scurt\u0103 durat\u0103.<\/p>\n<p class=\"wp-block-paragraph\">La Timi\u0219oara, eclipsa \u00eencepe \u00een jurul orei 20:24, iar momentul maxim este \u00een jurul orei 20:45. Fenomenul se produce foarte aproape de apus, \u00eens\u0103 faptul c\u0103 Soarele se afl\u0103 jos pe orizont nu face privirea direct\u0103 sigur\u0103. \u00cen cazul unei eclipse par\u021biale, recomandarea este valabil\u0103 pe \u00eentreaga durat\u0103 a fenomenului. NASA precizeaz\u0103 c\u0103 nu exist\u0103 o perioad\u0103 sigur\u0103 pentru privirea direct\u0103 a unei eclipse par\u021biale f\u0103r\u0103 protec\u021bie ocular\u0103 adecvat\u0103.<\/p>\n<h2 class=\"wp-block-heading\">Alexandra Preda: retina poate fi afectat\u0103 f\u0103r\u0103 ca ochiul s\u0103 doar\u0103<\/h2>\n<p class=\"wp-block-paragraph\">Privirea direct\u0103 c\u0103tre Soare poate provoca o leziune cunoscut\u0103 sub numele de retinopatie solar\u0103. Retina nu are receptori pentru durere, astfel \u00eenc\u00e2t persoana expus\u0103 poate s\u0103 nu simt\u0103 nimic \u00een momentul \u00een care se produce afectarea.<\/p>\n<p class=\"wp-block-paragraph\">\u201ePrivitul direct c\u0103tre Soare \u00een timpul unei eclipse par\u021biale nu trebuie considerat sigur doar pentru c\u0103 lumina pare mai slab\u0103. Retina poate fi afectat\u0103 f\u0103r\u0103 s\u0103 existe o durere imediat\u0103, iar modific\u0103rile de vedere pot ap\u0103rea ulterior\u201d, spune <a href=\"https:\/\/www.instagram.com\/i_dr_alexandra_preda_\/\" data-type=\"link\" data-id=\"https:\/\/www.instagram.com\/i_dr_alexandra_preda_\/\" target=\"_blank\" rel=\"noopener\">medicul oftalmolog<\/a> Alexandra Preda.<\/p>\n<p class=\"wp-block-paragraph\">Leziunile pot ap\u0103rea deoarece energia luminoas\u0103 a Soarelui este concentrat\u0103 pe retina din partea posterioar\u0103 a ochiului. \u00cen func\u021bie de severitatea expunerii, pot ap\u0103rea sc\u0103derea vederii centrale, pete \u00een c\u00e2mpul vizual, distorsiuni sau modific\u0103ri ale percep\u021biei culorilor. Unele leziuni se pot ameliora, \u00eens\u0103 afectarea retinian\u0103 poate r\u0103m\u00e2ne permanent\u0103.<\/p>\n<h2 class=\"wp-block-heading\">De ce eclipsa nu poate fi privit\u0103 cu ochiul liber<\/h2>\n<p class=\"wp-block-paragraph\">\u00cen timpul unei eclipse par\u021biale, Luna acoper\u0103 doar o parte din discul solar. Restul suprafe\u021bei Soarelui continu\u0103 s\u0103 emit\u0103 radia\u021bie intens\u0103, iar aceast\u0103 por\u021biune r\u0103mas\u0103 vizibil\u0103 este suficient\u0103 pentru a produce leziuni retiniene.<\/p>\n<p class=\"wp-block-paragraph\">Acesta este unul dintre motivele pentru care o eclips\u0103 par\u021bial\u0103 nu trebuie urm\u0103rit\u0103 f\u0103r\u0103 protec\u021bie, indiferent c\u00e2t de mult este acoperit Soarele. Spre deosebire de o eclips\u0103 total\u0103, la o eclips\u0103 par\u021bial\u0103 nu exist\u0103 un moment de totalitate \u00een care discul solar s\u0103 fie complet acoperit de Lun\u0103.<\/p>\n<p class=\"wp-block-paragraph\">Riscul este cu at\u00e2t mai perfid cu c\u00e2t ochiul nu transmite neap\u0103rat un semnal de alarm\u0103 imediat. O persoan\u0103 poate privi Soarele, poate considera c\u0103 nu a p\u0103\u021bit nimic \u0219i s\u0103 observe abia ulterior c\u0103 imaginea este modificat\u0103.<\/p>\n<h2 class=\"wp-block-heading\">Ce se poate \u00eent\u00e2mpla dac\u0103 prive\u0219ti eclipsa direct<\/h2>\n<p class=\"wp-block-paragraph\">Una dintre cele mai serioase consecin\u021be este apari\u021bia retinopatiei solare. \u00cen func\u021bie de leziune, persoana poate observa o pat\u0103 \u00een centrul imaginii, vedere \u00eence\u021bo\u0219at\u0103 sau deformarea liniilor drepte.<\/p>\n<p class=\"wp-block-paragraph\">Pot ap\u0103rea \u0219i probleme \u00een perceperea culorilor sau dificult\u0103\u021bi \u00een focalizarea imaginii. \u00cen cazurile severe, afectarea poate fi permanent\u0103. Sursele medicale subliniaz\u0103 c\u0103 retinopatia solar\u0103 poate ap\u0103rea f\u0103r\u0103 durere \u0219i c\u0103 nu exist\u0103 un tratament care s\u0103 garanteze recuperarea complet\u0103 a retinei afectate.<\/p>\n<p class=\"wp-block-paragraph\">De aceea, problema nu este doar disconfortul temporar provocat de lumina puternic\u0103. Riscul real este producerea unei leziuni retiniene care poate afecta vederea central\u0103.<\/p>\n<h2 class=\"wp-block-heading\">Ochelarii obi\u0219nui\u021bi de soare nu sunt suficien\u021bi<\/h2>\n<p class=\"wp-block-paragraph\">Ochelarii de soare obi\u0219nui\u021bi nu ofer\u0103 protec\u021bia necesar\u0103 pentru observarea direct\u0103 a unei eclipse. Nici dou\u0103 sau mai multe perechi suprapuse nu reprezint\u0103 o solu\u021bie sigur\u0103.<\/p>\n<p class=\"wp-block-paragraph\">Pentru observarea direct\u0103 trebuie folosi\u021bi ochelari speciali pentru eclipse sau filtre solare certificate pentru observa\u021bia Soarelui. NASA recomand\u0103 utilizarea unor dispozitive de observare solar\u0103 conforme cu standardele de siguran\u021b\u0103, iar standardul ISO 12312-2 este utilizat pentru filtrele destinate observ\u0103rii directe a Soarelui.<\/p>\n<p class=\"wp-block-paragraph\">De asemenea, improviza\u021biile precum sticla afumat\u0103, foliile, CD-urile, peliculele fotografice sau alte materiale despre care se spune c\u0103 reduc lumina nu trebuie folosite pentru privirea direct\u0103 c\u0103tre Soare.<\/p>\n<h2 class=\"wp-block-heading\">Cum poate fi urm\u0103rit\u0103 eclipsa \u00een siguran\u021b\u0103 la Timi\u0219oara<\/h2>\n<p class=\"wp-block-paragraph\">Cea mai simpl\u0103 variant\u0103 pentru cei care vor s\u0103 urm\u0103reasc\u0103 eclipsa direct este folosirea unor ochelari speciali pentru eclipse, verifica\u021bi \u00eenainte de utilizare \u0219i proveni\u021bi dintr-o surs\u0103 de \u00eencredere.<\/p>\n<p class=\"wp-block-paragraph\">O alt\u0103 metod\u0103 este observarea indirect\u0103, prin proiec\u021bia imaginii Soarelui. Un dispozitiv simplu de tip \u201epinhole projector\u201d poate proiecta imaginea Soarelui pe o suprafa\u021b\u0103, astfel \u00eenc\u00e2t observatorul s\u0103 urm\u0103reasc\u0103 evolu\u021bia eclipsei f\u0103r\u0103 s\u0103 priveasc\u0103 direct c\u0103tre discul solar. Societatea American\u0103 pentru Chirurgia Refractiv\u0103 recomand\u0103 proiec\u021bia prin orificiu ca metod\u0103 sigur\u0103 pentru observarea unei eclipse par\u021biale.<\/p>\n<p class=\"wp-block-paragraph\">Pentru cei care dispun de echipamente astronomice, observarea se poate face printr-un telescop echipat cu un filtru solar special. Filtrul trebuie s\u0103 fie montat corespunz\u0103tor \u00een partea frontal\u0103 a instrumentului.<\/p>\n<h2 class=\"wp-block-heading\">Aten\u021bie la binocluri, telescoape \u0219i aparate foto<\/h2>\n<p class=\"wp-block-paragraph\">Ochelarii pentru eclips\u0103 nu trebuie folosi\u021bi \u00eempreun\u0103 cu un telescop sau binoclu pentru a privi Soarele. Instrumentele optice concentreaz\u0103 lumina \u0219i pot amplifica foarte mult energia care ajunge c\u0103tre ochi.<\/p>\n<p class=\"wp-block-paragraph\">Aceea\u0219i precau\u021bie este necesar\u0103 \u0219i \u00een cazul fotografierii eclipsei. Un aparat foto sau un telefon nu trebuie \u00eendreptat pur \u0219i simplu c\u0103tre Soare, iar pentru echipamentele optice sunt necesare filtre solare adecvate. NASA avertizeaz\u0103 \u00een mod explicit asupra riscului utiliz\u0103rii necorespunz\u0103toare a telescoapelor, binoclurilor \u0219i camerelor \u00een timpul eclipselor.<\/p>\n<h2 class=\"wp-block-heading\">Copiii trebuie supraveghea\u021bi cu aten\u021bie<\/h2>\n<p class=\"wp-block-paragraph\">Copiii sunt printre cei mai vulnerabili observatori, nu pentru c\u0103 retina lor ar fi \u00een mod necesar mai sensibil\u0103 la eclips\u0103, ci pentru c\u0103 pot fi tenta\u021bi s\u0103 priveasc\u0103 Soarele f\u0103r\u0103 s\u0103 \u00een\u021beleag\u0103 riscul.<\/p>\n<p class=\"wp-block-paragraph\">P\u0103rin\u021bii ar trebui s\u0103 le explice \u00eenainte de \u00eenceperea fenomenului c\u0103 Soarele nu trebuie privit direct \u0219i s\u0103 verifice dac\u0103 ochelarii speciali sunt utiliza\u021bi corect. O alternativ\u0103 foarte bun\u0103 pentru copii este observarea indirect\u0103 prin proiec\u021bie.<\/p>\n<h2 class=\"wp-block-heading\">Alexandra Preda: dac\u0103 apar modific\u0103ri de vedere, este nevoie de consult<\/h2>\n<p class=\"wp-block-paragraph\">\u201eDac\u0103 dup\u0103 observarea eclipsei apare o pat\u0103 \u00een centrul c\u00e2mpului vizual, imaginea devine neclar\u0103 sau deformat\u0103 ori apar modific\u0103ri ale percep\u021biei culorilor, aceste simptome nu trebuie ignorate. Este indicat ca persoana s\u0103 se adreseze unui medic oftalmolog pentru evaluare\u201d, transmite medicul oftalmolog Alexandra Preda, medic in cadrul Centrului Oftamologic Prof. <a href=\"https:\/\/profmunteanu.ro\/\" data-type=\"link\" data-id=\"https:\/\/profmunteanu.ro\/\" target=\"_blank\" rel=\"noopener\">Dr. Munteanu.<\/a><\/p>\n<p class=\"wp-block-paragraph\">Problemele de vedere ap\u0103rute dup\u0103 expunerea direct\u0103 la Soare nu trebuie puse automat pe seama oboselii ochilor. Retinopatia solar\u0103 poate fi nedureroas\u0103, iar manifest\u0103rile vizuale pot deveni evidente dup\u0103 expunere.<\/p>\n<h2 class=\"wp-block-heading\">Eclipsa de la Timi\u0219oara poate fi urm\u0103rit\u0103 f\u0103r\u0103 riscuri inutile<\/h2>\n<p class=\"wp-block-paragraph\">Eclipsa par\u021bial\u0103 din aceast\u0103 sear\u0103 poate fi un eveniment spectaculos pentru timi\u0219oreni, mai ales c\u0103 fenomenul se va produce foarte aproape de apus. Tocmai de aceea, cei care aleg s\u0103 o urm\u0103reasc\u0103 trebuie s\u0103 se concentreze nu doar asupra locului cu vizibilitate bun\u0103 c\u0103tre vest, ci \u0219i asupra protec\u021biei ochilor.<\/p>\n<p class=\"wp-block-paragraph\">Regula este simpl\u0103: eclipsa par\u021bial\u0103 nu se prive\u0219te cu ochiul liber. Ochelarii speciali pentru eclipse, filtrele solare certificate \u0219i metodele de proiec\u021bie indirect\u0103 permit observarea fenomenului f\u0103r\u0103 expunerea direct\u0103 a retinei la radia\u021bia solar\u0103.<\/p>\n<p class=\"wp-block-paragraph\">Un fenomen astronomic de c\u00e2teva minute nu merit\u0103 riscul unei leziuni oculare care poate l\u0103sa urm\u0103ri pentru luni sau chiar permanent. Pentru cei care vor s\u0103 se bucure de eclipsa din Timi\u0219oara, cea mai bun\u0103 solu\u021bie este s\u0103 priveasc\u0103 cerul \u00een siguran\u021b\u0103.<\/p>\n<\/div>\n<p>[analyse_source url=&#8221;https:\/\/orasul-timisoara.ro\/local-40226\/&#8221;]<\/p>\n","protected":false},"excerpt":{"rendered":"<p>[analyse_image type=&#8221;featured&#8221; src=&#8221;https:\/\/orasul-timisoara.ro\/wp-content\/uploads\/2026\/08\/slrexandra-preda-catedrala.jpg&#8221;] S\u0103n\u0103tateMedicul oftalmolog Alexandra Preda avertizeaz\u0103: Nu privi\u021bi eclipsa de Soare cu ochiul&#8230; S\u0103n\u0103tate \u0218tiri Locale Medicul oftalmolog Alexandra Preda avertizeaz\u0103: Nu privi\u021bi eclipsa de Soare cu ochiul liber De c\u0103tre redactia &#8211; 12\/08\/2026 Facebook Twitter WhatsApp Linkedin ReddIt Email Imprimare Eclipsa par\u021bial\u0103 de Soare din 12 august 2026 poate fi urm\u0103rit\u0103 \u0219i [&hellip;]<\/p>\n","protected":false},"author":1,"featured_media":0,"comment_status":"open","ping_status":"","sticky":false,"template":"","format":"standard","meta":{"footnotes":""},"categories":[89],"tags":[226,189],"class_list":["post-2091097","post","type-post","status-publish","format-standard","hentry","category-romania","tag-crawlmanager","tag-orasul-timisoara-ro"],"_links":{"self":[{"href":"https:\/\/analyse.optim.biz\/index.php?rest_route=\/wp\/v2\/posts\/2091097","targetHints":{"allow":["GET"]}}],"collection":[{"href":"https:\/\/analyse.optim.biz\/index.php?rest_route=\/wp\/v2\/posts"}],"about":[{"href":"https:\/\/analyse.optim.biz\/index.php?rest_route=\/wp\/v2\/types\/post"}],"author":[{"embeddable":true,"href":"https:\/\/analyse.optim.biz\/index.php?rest_route=\/wp\/v2\/users\/1"}],"replies":[{"embeddable":true,"href":"https:\/\/analyse.optim.biz\/index.php?rest_route=%2Fwp%2Fv2%2Fcomments&post=2091097"}],"version-history":[{"count":0,"href":"https:\/\/analyse.optim.biz\/index.php?rest_route=\/wp\/v2\/posts\/2091097\/revisions"}],"wp:attachment":[{"href":"https:\/\/analyse.optim.biz\/index.php?rest_route=%2Fwp%2Fv2%2Fmedia&parent=2091097"}],"wp:term":[{"taxonomy":"category","embeddable":true,"href":"https:\/\/analyse.optim.biz\/index.php?rest_route=%2Fwp%2Fv2%2Fcategories&post=2091097"},{"taxonomy":"post_tag","embeddable":true,"href":"https:\/\/analyse.optim.biz\/index.php?rest_route=%2Fwp%2Fv2%2Ftags&post=2091097"}],"curies":[{"name":"wp","href":"https:\/\/api.w.org\/{rel}","templated":true}]}}