{"id":2091094,"date":"2026-08-13T06:08:26","date_gmt":"2026-08-13T03:08:26","guid":{"rendered":"https:\/\/analyse.optim.biz\/?p=2091094"},"modified":"2026-08-13T06:08:26","modified_gmt":"2026-08-13T03:08:26","slug":"nuclearelectrica-a-inceput-oprirea-controlata-a-unitatii-2-de-la-cernavoda","status":"publish","type":"post","link":"https:\/\/analyse.optim.biz\/?p=2091094","title":{"rendered":"Nuclearelectrica a \u00eenceput oprirea controlat\u0103 a Unit\u0103\u021bii 2 de la Cernavod\u0103"},"content":{"rendered":"<p>[analyse_image type=&#8221;featured&#8221; src=&#8221;https:\/\/www.tion.ro\/wp-content\/uploads\/2026\/08\/+otf\/1200&#215;630\/ukZnFQUJ__0xNXc7nd1u6905PVF9WRVJZX1NFQ8rKQMe3g8QuaCzt0HryVcs__MIuPCISStnvOdg93zHy96pQcL5uvZu3ZajGg3eyFFCZ0c6P5CtuChcXrqhCky1c=\/660123976299854241397572796491614941262310205175380n.jpg&#8221;]<\/p>\n<article id=\"post-2333421\" class>\n<div class=\"entry-content clearfix\">\n<div class=\"enewsArticleContent\">\n<blockquote>\n<p>\u201eDecizia de a opri controlat \u0219i Unitatea 2 este determinat\u0103 de sc\u0103derea continu\u0103 semnificativ\u0103 a nivelului fluviului Dun\u0103rea. Oprirea controlat\u0103 a Unit\u0103\u021bii 2 este realizat\u0103 cu respectarea procedurilor \u00een astfel de situa\u021bii, \u00een baza monitoriz\u0103rii stricte a marjelor de siguran\u021b\u0103, a echipamentelor \u0219i a prognozei INHGA pentru urm\u0103toarele zile\u201d, transmit reprezentan\u021bii Nuclearelectrica.<\/p>\n<\/blockquote>\n<p>Compania precizeaz\u0103 c\u0103 men\u021binerea ambelor unit\u0103\u021bi \u00een stare oprit\u0103 sigur\u0103 nu are impact asupra securit\u0103\u021bii nucleare, personalului, mediului sau popula\u021biei. Speciali\u0219tii CNE Cernavod\u0103 vor decide reconectarea unit\u0103\u021bilor \u00een func\u021bie de evolu\u021bia nivelului Dun\u0103rii, cu prioritizarea marjelor de securitate nuclear\u0103.<\/p>\n<p>Potrivit prognozei INHGA pentru 12-19 august, debitul Dun\u0103rii la Bazia\u0219 va fi de 1.350-1.400 m3\/s, mult sub media multianual\u0103 pentru luna august, de 3.900 m3\/s.<\/p>\n<p>Unitatea 1 a CNE Cernavod\u0103 a fost oprit\u0103 \u0219i deconectat\u0103 de la Sistemul Energetic Na\u021bional pe 28 iulie, tot din cauza debitului sc\u0103zut al Dun\u0103rii.<\/p>\n<p>Ministerul Energiei a anun\u021bat c\u0103 deficitul de produc\u021bie poate fi acoperit prin produc\u021bia eolian\u0103, hidro \u0219i cea a Grupului energetic Rovinari 4, precum \u0219i prin importuri, Rom\u00e2nia av\u00e2nd o capacitate transfrontalier\u0103 de aproximativ 4.000 MW.<\/p>\n<p>Ministerul a men\u021binut apelul la un consum responsabil de energie, \u00een special \u00eentre orele 19:00 \u0219i 23:00, pentru reducerea presiunii asupra sistemului \u00een perioadele de v\u00e2rf.<\/p>\n<div class=\"fbShareLikeTwitterAndEmailContainer\">\n<div class=\"wrapper\">\n<div class=\"email\">\n<div id=\"mailto-pop\" class=\"pop-form pop-form-mailto\">\n<div class=\"pop-form-header\">\n<h4>Trimite articolul<\/h4>\n<p><a class=\"pop-form-close\">X<\/a><\/div>\n<\/div>\n<\/div>\n<\/div>\n<\/div>\n<div class=\"tagsContainer\">\n<div class=\"tagsLabel\">Taguri:<\/div>\n<div class=\"tags\">\n<div class=\"tag\"><a href=\"https:\/\/www.tion.ro\/cimke\/cernavoda\" rel=\"tag\"><span class=\"link\">Cernavoda<\/span><span class=\"separator\">,<\/span><\/a><\/div>\n<div class=\"tag\"><a href=\"https:\/\/www.tion.ro\/cimke\/nuclearelectrica\" rel=\"tag\"><span class=\"link\">Nuclearelectrica<\/span><\/a><\/div>\n<\/div>\n<\/div>\n<div class=\"comments\">\n<div class=\"top\">\n<div class=\"commentsNumber\"><span class=\"number\">1<\/span><span class=\"text\">Comentarii<\/span><\/div>\n<\/div>\n<div class=\"center\">\n<div id=\"respond\" class=\"comment-respond\">\n<h3 id=\"reply-title\" class=\"comment-reply-title\"><small><a rel=\"nofollow\" id=\"cancel-comment-reply-link\" href=\"https:\/\/www.tion.ro\/romania\/nuclearelectrica-a-inceput-oprirea-controlata-a-unitatii-2-de-la-cernavoda-2333421\/#respond\">Cancel reply<\/a><\/small><\/h3>\n<p class=\"comment-notes\"><span id=\"email-notes\">Your email address will not be published.<\/span><span class=\"required-field-message\">Required fields are marked <span class=\"required\">*<\/span><\/span><\/p>\n<p class=\"commentFormComment\"><span id=\"commentFormCount\"><br \/>\n                            inca<br \/>\n                            <span id=\"countCommentText\">1000<\/span><br \/>\n                            caractere ramase<br \/>\n                        <\/span><\/p>\n<\/div>\n<\/div>\n<div class=\"bottom\">\n<p class=\"forumDisclaimerHuRo\">\n            Citi\u021bi principiile noastre de moderare <a href=\"https:\/\/www.tion.ro\/reguli-postare-comentarii\/\" target=\"_blank\">aici<\/a>!\n        <\/p>\n<\/div>\n<\/div>\n<div id=\"forum\">\n<li class=\"comment even thread-even depth-1\" id=\"comment-1014384\">\n<div id=\"div-comment-1014384\" class=\"comment-body\">\n<div class=\"comment-author vcard\"><img decoding=\"async\" alt src=\"https:\/\/secure.gravatar.com\/avatar\/f361f6f13e4716f005effba0fa9a94f5?s=32&amp;d=mm&amp;r=g\" class=\"avatar avatar-32 photo\" height=\"32\" width=\"32\" loading=\"lazy\"><cite class=\"fn\">Timisorean<\/cite><span class=\"says\">says:<\/span><\/div>\n<div class=\"comment-meta commentmetadata\"><a href=\"https:\/\/www.tion.ro\/romania\/nuclearelectrica-a-inceput-oprirea-controlata-a-unitatii-2-de-la-cernavoda-2333421\/#comment-1014384\">August 13, 2026 at 11:14 am<\/a><\/div>\n<p>Publicul blugi-banane sa nu \u00ee\u0219i fac\u0103 griji. In realitatea lor paralela \u00een care leul nu a depasit 5 lei \u0219i TVA nu a crescut nu se inchide reactorul.<\/p>\n<div class=\"reply\"><a rel=\"nofollow\" class=\"comment-reply-link\" href=\"https:\/\/www.tion.ro\/romania\/nuclearelectrica-a-inceput-oprirea-controlata-a-unitatii-2-de-la-cernavoda-2333421\/#comment-1014384\" data-commentid=\"1014384\" data-postid=\"2333421\" data-belowelement=\"div-comment-1014384\" data-respondelement=\"respond\" data-replyto=\"Reply to Timisorean\" aria-label=\"Reply to Timisorean\">Reply<\/a><\/div>\n<\/div>\n<\/li>\n<\/div>\n<\/div>\n<\/div>\n<\/article>\n<div class=\"entry-content clearfix\">\n<div class=\"enewsArticleContent\">\n<blockquote>\n<p>\u201eDecizia de a opri controlat \u0219i Unitatea 2 este determinat\u0103 de sc\u0103derea continu\u0103 semnificativ\u0103 a nivelului fluviului Dun\u0103rea. Oprirea controlat\u0103 a Unit\u0103\u021bii 2 este realizat\u0103 cu respectarea procedurilor \u00een astfel de situa\u021bii, \u00een baza monitoriz\u0103rii stricte a marjelor de siguran\u021b\u0103, a echipamentelor \u0219i a prognozei INHGA pentru urm\u0103toarele zile\u201d, transmit reprezentan\u021bii Nuclearelectrica.<\/p>\n<\/blockquote>\n<p>Compania precizeaz\u0103 c\u0103 men\u021binerea ambelor unit\u0103\u021bi \u00een stare oprit\u0103 sigur\u0103 nu are impact asupra securit\u0103\u021bii nucleare, personalului, mediului sau popula\u021biei. Speciali\u0219tii CNE Cernavod\u0103 vor decide reconectarea unit\u0103\u021bilor \u00een func\u021bie de evolu\u021bia nivelului Dun\u0103rii, cu prioritizarea marjelor de securitate nuclear\u0103.<\/p>\n<p>Potrivit prognozei INHGA pentru 12-19 august, debitul Dun\u0103rii la Bazia\u0219 va fi de 1.350-1.400 m3\/s, mult sub media multianual\u0103 pentru luna august, de 3.900 m3\/s.<\/p>\n<p>Unitatea 1 a CNE Cernavod\u0103 a fost oprit\u0103 \u0219i deconectat\u0103 de la Sistemul Energetic Na\u021bional pe 28 iulie, tot din cauza debitului sc\u0103zut al Dun\u0103rii.<\/p>\n<p>Ministerul Energiei a anun\u021bat c\u0103 deficitul de produc\u021bie poate fi acoperit prin produc\u021bia eolian\u0103, hidro \u0219i cea a Grupului energetic Rovinari 4, precum \u0219i prin importuri, Rom\u00e2nia av\u00e2nd o capacitate transfrontalier\u0103 de aproximativ 4.000 MW.<\/p>\n<p>Ministerul a men\u021binut apelul la un consum responsabil de energie, \u00een special \u00eentre orele 19:00 \u0219i 23:00, pentru reducerea presiunii asupra sistemului \u00een perioadele de v\u00e2rf.<\/p>\n<div class=\"fbShareLikeTwitterAndEmailContainer\">\n<div class=\"wrapper\">\n<div class=\"email\">\n<div id=\"mailto-pop\" class=\"pop-form pop-form-mailto\">\n<div class=\"pop-form-header\">\n<h4>Trimite articolul<\/h4>\n<p><a class=\"pop-form-close\">X<\/a><\/div>\n<\/div>\n<\/div>\n<\/div>\n<\/div>\n<div class=\"tagsContainer\">\n<div class=\"tagsLabel\">Taguri:<\/div>\n<div class=\"tags\">\n<div class=\"tag\"><a href=\"https:\/\/www.tion.ro\/cimke\/cernavoda\" rel=\"tag\"><span class=\"link\">Cernavoda<\/span><span class=\"separator\">,<\/span><\/a><\/div>\n<div class=\"tag\"><a href=\"https:\/\/www.tion.ro\/cimke\/nuclearelectrica\" rel=\"tag\"><span class=\"link\">Nuclearelectrica<\/span><\/a><\/div>\n<\/div>\n<\/div>\n<div class=\"comments\">\n<div class=\"top\">\n<div class=\"commentsNumber\"><span class=\"number\">1<\/span><span class=\"text\">Comentarii<\/span><\/div>\n<\/div>\n<div class=\"center\">\n<div id=\"respond\" class=\"comment-respond\">\n<h3 id=\"reply-title\" class=\"comment-reply-title\"><small><a rel=\"nofollow\" id=\"cancel-comment-reply-link\" href=\"https:\/\/www.tion.ro\/romania\/nuclearelectrica-a-inceput-oprirea-controlata-a-unitatii-2-de-la-cernavoda-2333421\/#respond\">Cancel reply<\/a><\/small><\/h3>\n<p class=\"comment-notes\"><span id=\"email-notes\">Your email address will not be published.<\/span><span class=\"required-field-message\">Required fields are marked <span class=\"required\">*<\/span><\/span><\/p>\n<p class=\"commentFormComment\"><span id=\"commentFormCount\"><br \/>\n                            inca<br \/>\n                            <span id=\"countCommentText\">1000<\/span><br \/>\n                            caractere ramase<br \/>\n                        <\/span><\/p>\n<\/div>\n<\/div>\n<div class=\"bottom\">\n<p class=\"forumDisclaimerHuRo\">\n            Citi\u021bi principiile noastre de moderare <a href=\"https:\/\/www.tion.ro\/reguli-postare-comentarii\/\" target=\"_blank\">aici<\/a>!\n        <\/p>\n<\/div>\n<\/div>\n<div id=\"forum\">\n<li class=\"comment even thread-even depth-1\" id=\"comment-1014384\">\n<div id=\"div-comment-1014384\" class=\"comment-body\">\n<div class=\"comment-author vcard\"><img decoding=\"async\" alt src=\"https:\/\/secure.gravatar.com\/avatar\/f361f6f13e4716f005effba0fa9a94f5?s=32&amp;d=mm&amp;r=g\" class=\"avatar avatar-32 photo\" height=\"32\" width=\"32\" loading=\"lazy\"><cite class=\"fn\">Timisorean<\/cite><span class=\"says\">says:<\/span><\/div>\n<div class=\"comment-meta commentmetadata\"><a href=\"https:\/\/www.tion.ro\/romania\/nuclearelectrica-a-inceput-oprirea-controlata-a-unitatii-2-de-la-cernavoda-2333421\/#comment-1014384\">August 13, 2026 at 11:14 am<\/a><\/div>\n<p>Publicul blugi-banane sa nu \u00ee\u0219i fac\u0103 griji. In realitatea lor paralela \u00een care leul nu a depasit 5 lei \u0219i TVA nu a crescut nu se inchide reactorul.<\/p>\n<div class=\"reply\"><a rel=\"nofollow\" class=\"comment-reply-link\" href=\"https:\/\/www.tion.ro\/romania\/nuclearelectrica-a-inceput-oprirea-controlata-a-unitatii-2-de-la-cernavoda-2333421\/#comment-1014384\" data-commentid=\"1014384\" data-postid=\"2333421\" data-belowelement=\"div-comment-1014384\" data-respondelement=\"respond\" data-replyto=\"Reply to Timisorean\" aria-label=\"Reply to Timisorean\">Reply<\/a><\/div>\n<\/div>\n<\/li>\n<\/div>\n<\/div>\n<\/div>\n<p>[analyse_source url=&#8221;https:\/\/www.tion.ro\/romania\/nuclearelectrica-a-inceput-oprirea-controlata-a-unitatii-2-de-la-cernavoda-2333421\/&#8221;]<\/p>\n","protected":false},"excerpt":{"rendered":"<p>[analyse_image type=&#8221;featured&#8221; src=&#8221;https:\/\/www.tion.ro\/wp-content\/uploads\/2026\/08\/+otf\/1200&#215;630\/ukZnFQUJ__0xNXc7nd1u6905PVF9WRVJZX1NFQ8rKQMe3g8QuaCzt0HryVcs__MIuPCISStnvOdg93zHy96pQcL5uvZu3ZajGg3eyFFCZ0c6P5CtuChcXrqhCky1c=\/660123976299854241397572796491614941262310205175380n.jpg&#8221;] \u201eDecizia de a opri controlat \u0219i Unitatea 2 este determinat\u0103 de sc\u0103derea continu\u0103 semnificativ\u0103 a nivelului fluviului Dun\u0103rea. Oprirea controlat\u0103 a Unit\u0103\u021bii 2 este realizat\u0103 cu respectarea procedurilor \u00een astfel de situa\u021bii, \u00een baza monitoriz\u0103rii stricte a marjelor de siguran\u021b\u0103, a echipamentelor \u0219i a prognozei INHGA pentru urm\u0103toarele zile\u201d, transmit reprezentan\u021bii Nuclearelectrica. [&hellip;]<\/p>\n","protected":false},"author":1,"featured_media":0,"comment_status":"open","ping_status":"","sticky":false,"template":"","format":"standard","meta":{"footnotes":""},"categories":[89],"tags":[226,191],"class_list":["post-2091094","post","type-post","status-publish","format-standard","hentry","category-romania","tag-crawlmanager","tag-tion-ro"],"_links":{"self":[{"href":"https:\/\/analyse.optim.biz\/index.php?rest_route=\/wp\/v2\/posts\/2091094","targetHints":{"allow":["GET"]}}],"collection":[{"href":"https:\/\/analyse.optim.biz\/index.php?rest_route=\/wp\/v2\/posts"}],"about":[{"href":"https:\/\/analyse.optim.biz\/index.php?rest_route=\/wp\/v2\/types\/post"}],"author":[{"embeddable":true,"href":"https:\/\/analyse.optim.biz\/index.php?rest_route=\/wp\/v2\/users\/1"}],"replies":[{"embeddable":true,"href":"https:\/\/analyse.optim.biz\/index.php?rest_route=%2Fwp%2Fv2%2Fcomments&post=2091094"}],"version-history":[{"count":0,"href":"https:\/\/analyse.optim.biz\/index.php?rest_route=\/wp\/v2\/posts\/2091094\/revisions"}],"wp:attachment":[{"href":"https:\/\/analyse.optim.biz\/index.php?rest_route=%2Fwp%2Fv2%2Fmedia&parent=2091094"}],"wp:term":[{"taxonomy":"category","embeddable":true,"href":"https:\/\/analyse.optim.biz\/index.php?rest_route=%2Fwp%2Fv2%2Fcategories&post=2091094"},{"taxonomy":"post_tag","embeddable":true,"href":"https:\/\/analyse.optim.biz\/index.php?rest_route=%2Fwp%2Fv2%2Ftags&post=2091094"}],"curies":[{"name":"wp","href":"https:\/\/api.w.org\/{rel}","templated":true}]}}