{"id":2091087,"date":"2026-08-13T09:03:36","date_gmt":"2026-08-13T06:03:36","guid":{"rendered":"https:\/\/analyse.optim.biz\/?p=2091087"},"modified":"2026-08-13T09:03:36","modified_gmt":"2026-08-13T06:03:36","slug":"soarele-lucreaza-pentru-timis-judetul-pe-locul-doi-in-tara-la-energia-produsa-de-prosumatori","status":"publish","type":"post","link":"https:\/\/analyse.optim.biz\/?p=2091087","title":{"rendered":"Soarele lucreaz\u0103 pentru Timi\u0219. Jude\u021bul, pe locul doi \u00een \u021bar\u0103 la energia produs\u0103 de prosumatori"},"content":{"rendered":"<p>[analyse_image type=&#8221;featured&#8221; src=&#8221;https:\/\/www.tion.ro\/wp-content\/uploads\/2022\/08\/+otf\/1200&#215;630\/KgR5YF+e0fhSMIs8dVuxc05PVF9WRVJZX1NFQ9uQOEWpYgywMkfmTAKGFo4GIeRY0i9ZiF__1a3TJX6__m3ndNGOhXct+yzsaeULbWx3G0wKG3b0xpoTn+y5YPoes=\/1767974panourisolarefotovoltaice.jpg&#8221;]<\/p>\n<article id=\"post-2333511\" class>\n<div class=\"entry-content clearfix\">\n<div class=\"enewsArticleContent\">\n<p>Potrivit unei analize realizate de Echipam.ro pe baza datelor din situa\u021biile lunare publicate de Autoritatea Na\u021bional\u0103 de Reglementare \u00een domeniul Energiei (ANRE), puterea total\u0103 a panourilor fotovoltaice instalate \u00een Timi\u0219 a crescut de la 140,2 MW \u00een iunie 2025 la 196,5 MW \u00een iunie 2026. Cre\u0219terea este de 40,2% \u00eentr-un singur an.<\/p>\n<p>Cu cei 196,5 MW instala\u021bi, Timi\u0219ul se afl\u0103 pe locul al doilea \u00een clasamentul na\u021bional, dup\u0103 Ilfov, care are 290,7 MW. Pe locul al treilea se afl\u0103 Bihorul, cu 164,3 MW.<\/p>\n<p>Media celor 42 de unit\u0103\u021bi administrative analizate este de 81,2 MW, adic\u0103 mai pu\u021bin de jum\u0103tate din capacitatea instalat\u0103 \u00een Timi\u0219.<\/p>\n<p>La nivel na\u021bional, prosumatorii au ajuns \u00een iunie 2026 la o putere instalat\u0103 de 4.019 MW, \u00een cre\u0219tere cu 42,5% fa\u021b\u0103 de aceea\u0219i perioad\u0103 a anului trecut. Aproximativ 5% din aceast\u0103 capacitate se afl\u0103 \u00een jude\u021bul Timi\u0219.<\/p>\n<p>\u00cen spatele cifrelor se afl\u0103 17.166 de prosumatori racorda\u021bi la re\u021belele de distribu\u021bie din jude\u021b. Dintre ace\u0219tia, 15.730 sunt persoane fizice, iar 1.436 sunt firme.<\/p>\n<p>Num\u0103rul prosumatorilor a crescut cu 49,4% \u00eentr-un singur an, de la 11.489 \u00een iunie 2025 la peste 17.000 \u00een iunie 2026.<\/p>\n<p>Un rol important \u00eel au companiile, care de\u021bin \u00eempreun\u0103 86,6 MW de putere instalat\u0103, adic\u0103 peste 40% din capacitatea total\u0103 a jude\u021bului.<\/p>\n<p>Este important de precizat c\u0103 aceste date indic\u0103 puterea instalat\u0103 a sistemelor fotovoltaice, nu cantitatea de energie produs\u0103 efectiv. Prosumatorii consum\u0103 energia produs\u0103 pentru propriile nevoi, iar surplusul poate fi livrat \u00een re\u021beaua electric\u0103.<\/p>\n<p>Regiunea de vest se remarc\u0103 \u00een topul na\u021bional. Patru dintre primele \u0219ase pozi\u021bii sunt ocupate de jude\u021bele Timi\u0219, Bihor, Cluj \u0219i Arad.<\/p>\n<p>Aradul se afl\u0103 pe locul \u0219ase, cu 138,1 MW instala\u021bi, dup\u0103 o cre\u0219tere de 48,6% \u00eentr-un an. Hunedoara ocup\u0103 locul 31, cu 66,2 MW, iar Cara\u0219-Severin se afl\u0103 pe pozi\u021bia 40, cu 41,7 MW. Interesant este c\u0103 Timi\u0219ul, de\u0219i se afl\u0103 pe locul secund dup\u0103 puterea total\u0103 instalat\u0103, a avut o cre\u0219tere mai rapid\u0103 dec\u00e2t liderul Ilfov. \u00cen timp ce Timi\u0219ul a crescut cu 40,2%, Ilfovul a \u00eenregistrat o majorare de 32,7%.<\/p>\n<h3><strong>Panourile solare, tot mai prezente pe acoperi\u0219urile din Timi\u0219<\/strong><\/h3>\n<p>Expansiunea energiei fotovoltaice a continuat \u00eentr-un ritm accelerat, chiar \u0219i \u00een condi\u021biile \u00een care sprijinul financiar acordat de stat pentru instalarea sistemelor reziden\u021biale a devenit mai limitat.<\/p>\n<p>Potrivit analizei, ultima sesiune de \u00eenscrieri \u00een programul Casa Verde Fotovoltaice a fost organizat\u0103 \u00een 2024. \u00cen 2025, lansarea unei noi sesiuni a fost suspendat\u0103 pe fondul deficitului bugetar, iar \u00een 2026 programul nu a mai fost inclus \u00een bugetul Administra\u021biei Fondului pentru Mediu.<\/p>\n<p>\u00cen schimb, pentru prosumatorii care au deja panouri exist\u0103 \u00een 2026 un program destinat bateriilor de stocare, \u00een valoare de 400 de milioane de lei, \u00eens\u0103 ghidul de finan\u021bare nu a fost \u00eenc\u0103 publicat.<\/p>\n<p>Pentru companii exist\u0103 \u00een continuare posibilit\u0103\u021bi de finan\u021bare prin fonduri europene, inclusiv prin Fondul pentru Modernizare \u0219i PNRR, \u00een func\u021bie de apelurile disponibile.<\/p>\n<p>Cre\u0219terea num\u0103rului de sisteme fotovoltaice a dus \u0219i la o dezvoltare a pie\u021bei de servicii \u0219i echipamente necesare instal\u0103rii \u0219i \u00eentre\u021binerii acestora.<\/p>\n<blockquote>\n<p>\u201eCifrele astea le vedem \u0219i noi, dar dintr-un alt unghi: \u00een ultimul an, comenzile de echipament pentru lucru la \u00een\u0103l\u021bime au crescut vizibil, iar tot mai des cump\u0103r\u0103torul nu mai e o firm\u0103 mare de instal\u0103ri, ci echipe mici, de doi-trei oameni, care monteaz\u0103 c\u00e2teva sisteme pe s\u0103pt\u0103m\u00e2n\u0103. Partea bun\u0103 e c\u0103 mul\u021bi \u00eentreab\u0103 acum de centuri \u0219i de m\u0103nu\u0219i electroizolante \u00eenainte s\u0103 le cear\u0103 cineva la un control. Pia\u021ba se profesionalizeaz\u0103 de jos \u00een sus\u201d, spune Sorin Iftene, fondatorul Echipam.ro.<\/p>\n<\/blockquote>\n<p>Instalarea \u0219i \u00eentre\u021binerea panourilor fotovoltaice presupun \u00eens\u0103 \u0219i riscuri pentru lucr\u0103tori, \u00een special atunci c\u00e2nd interven\u021biile se desf\u0103\u0219oar\u0103 la \u00een\u0103l\u021bime \u0219i \u00een apropierea instala\u021biilor electrice.<\/p>\n<p>Legea 319\/2006 privind securitatea \u0219i s\u0103n\u0103tatea \u00een munc\u0103 prevede obliga\u021bia angajatorilor de a asigura gratuit echipamentele individuale de protec\u021bie necesare angaja\u021bilor.<\/p>\n<p>Dup\u0103 Ilfov \u0219i Timi\u0219, cele mai mari capacit\u0103\u021bi instalate de prosumatori se reg\u0103sesc \u00een Bihor \u2013 164,3 MW, Dolj \u2013 155,8 MW, Cluj \u2013 144,4 MW \u0219i Arad \u2013 138,1 MW.<\/p>\n<p>La polul opus se afl\u0103 Covasna, cu 36,6 MW, Tulcea \u2013 39,3 MW \u0219i Cara\u0219-Severin \u2013 41,7 MW.<\/p>\n<p>Pentru Timi\u0219, \u00eens\u0103, evolu\u021bia este una semnificativ\u0103: \u00een numai 12 luni, jude\u021bul a ad\u0103ugat peste 56 MW de putere fotovoltaic\u0103 instalat\u0103. \u00cen acela\u0219i timp, num\u0103rul prosumatorilor a crescut cu aproape 5.700.<\/p>\n<p>Cifrele arat\u0103 astfel c\u0103, \u00een Timi\u0219, acoperi\u0219urile caselor, firmelor \u0219i cl\u0103dirilor s-au transformat tot mai mult \u00een mici centrale electrice, iar energia produs\u0103 de soare a ajuns s\u0103 aib\u0103 un rol tot mai important \u00een consumul \u0219i alimentarea re\u021belei.<\/p>\n<div class=\"fbShareLikeTwitterAndEmailContainer\">\n<div class=\"wrapper\">\n<div class=\"email\">\n<div id=\"mailto-pop\" class=\"pop-form pop-form-mailto\">\n<div class=\"pop-form-header\">\n<h4>Trimite articolul<\/h4>\n<p><a class=\"pop-form-close\">X<\/a><\/div>\n<\/div>\n<\/div>\n<\/div>\n<\/div>\n<div class=\"tagsContainer\">\n<div class=\"tagsLabel\">Taguri:<\/div>\n<div class=\"tags\">\n<div class=\"tag\"><a href=\"https:\/\/www.tion.ro\/cimke\/electricitate\" rel=\"tag\"><span class=\"link\">electricitate<\/span><span class=\"separator\">,<\/span><\/a><\/div>\n<div class=\"tag\"><a href=\"https:\/\/www.tion.ro\/cimke\/prosumatori\" rel=\"tag\"><span class=\"link\">prosumatori<\/span><span class=\"separator\">,<\/span><\/a><\/div>\n<div class=\"tag\"><a href=\"https:\/\/www.tion.ro\/cimke\/timis\" rel=\"tag\"><span class=\"link\">timis<\/span><\/a><\/div>\n<\/div>\n<\/div>\n<div class=\"comments\">\n<div class=\"top\">\n<div class=\"commentsNumber\"><span class=\"number\">0<\/span><span class=\"text\">Comentarii<\/span><\/div>\n<\/div>\n<div class=\"center\">\n<div id=\"respond\" class=\"comment-respond\">\n<h3 id=\"reply-title\" class=\"comment-reply-title\"><small><a rel=\"nofollow\" id=\"cancel-comment-reply-link\" href=\"https:\/\/www.tion.ro\/stirile-judetului-timis\/soarele-lucreaza-pentru-timis-judetul-pe-locul-doi-in-tara-la-energia-produsa-de-prosumatori-2333511\/#respond\">Cancel reply<\/a><\/small><\/h3>\n<p class=\"comment-notes\"><span id=\"email-notes\">Your email address will not be published.<\/span><span class=\"required-field-message\">Required fields are marked <span class=\"required\">*<\/span><\/span><\/p>\n<p class=\"commentFormComment\"><span id=\"commentFormCount\"><br \/>\n                            inca<br \/>\n                            <span id=\"countCommentText\">1000<\/span><br \/>\n                            caractere ramase<br \/>\n                        <\/span><\/p>\n<\/div>\n<\/div>\n<div class=\"bottom\">\n<p class=\"forumDisclaimerHuRo\">\n            Citi\u021bi principiile noastre de moderare <a href=\"https:\/\/www.tion.ro\/reguli-postare-comentarii\/\" target=\"_blank\">aici<\/a>!\n        <\/p>\n<\/div>\n<\/div>\n<\/div>\n<\/div>\n<\/article>\n<div class=\"entry-content clearfix\">\n<div class=\"enewsArticleContent\">\n<p>Potrivit unei analize realizate de Echipam.ro pe baza datelor din situa\u021biile lunare publicate de Autoritatea Na\u021bional\u0103 de Reglementare \u00een domeniul Energiei (ANRE), puterea total\u0103 a panourilor fotovoltaice instalate \u00een Timi\u0219 a crescut de la 140,2 MW \u00een iunie 2025 la 196,5 MW \u00een iunie 2026. Cre\u0219terea este de 40,2% \u00eentr-un singur an.<\/p>\n<p>Cu cei 196,5 MW instala\u021bi, Timi\u0219ul se afl\u0103 pe locul al doilea \u00een clasamentul na\u021bional, dup\u0103 Ilfov, care are 290,7 MW. Pe locul al treilea se afl\u0103 Bihorul, cu 164,3 MW.<\/p>\n<p>Media celor 42 de unit\u0103\u021bi administrative analizate este de 81,2 MW, adic\u0103 mai pu\u021bin de jum\u0103tate din capacitatea instalat\u0103 \u00een Timi\u0219.<\/p>\n<p>La nivel na\u021bional, prosumatorii au ajuns \u00een iunie 2026 la o putere instalat\u0103 de 4.019 MW, \u00een cre\u0219tere cu 42,5% fa\u021b\u0103 de aceea\u0219i perioad\u0103 a anului trecut. Aproximativ 5% din aceast\u0103 capacitate se afl\u0103 \u00een jude\u021bul Timi\u0219.<\/p>\n<p>\u00cen spatele cifrelor se afl\u0103 17.166 de prosumatori racorda\u021bi la re\u021belele de distribu\u021bie din jude\u021b. Dintre ace\u0219tia, 15.730 sunt persoane fizice, iar 1.436 sunt firme.<\/p>\n<p>Num\u0103rul prosumatorilor a crescut cu 49,4% \u00eentr-un singur an, de la 11.489 \u00een iunie 2025 la peste 17.000 \u00een iunie 2026.<\/p>\n<p>Un rol important \u00eel au companiile, care de\u021bin \u00eempreun\u0103 86,6 MW de putere instalat\u0103, adic\u0103 peste 40% din capacitatea total\u0103 a jude\u021bului.<\/p>\n<p>Este important de precizat c\u0103 aceste date indic\u0103 puterea instalat\u0103 a sistemelor fotovoltaice, nu cantitatea de energie produs\u0103 efectiv. Prosumatorii consum\u0103 energia produs\u0103 pentru propriile nevoi, iar surplusul poate fi livrat \u00een re\u021beaua electric\u0103.<\/p>\n<p>Regiunea de vest se remarc\u0103 \u00een topul na\u021bional. Patru dintre primele \u0219ase pozi\u021bii sunt ocupate de jude\u021bele Timi\u0219, Bihor, Cluj \u0219i Arad.<\/p>\n<p>Aradul se afl\u0103 pe locul \u0219ase, cu 138,1 MW instala\u021bi, dup\u0103 o cre\u0219tere de 48,6% \u00eentr-un an. Hunedoara ocup\u0103 locul 31, cu 66,2 MW, iar Cara\u0219-Severin se afl\u0103 pe pozi\u021bia 40, cu 41,7 MW. Interesant este c\u0103 Timi\u0219ul, de\u0219i se afl\u0103 pe locul secund dup\u0103 puterea total\u0103 instalat\u0103, a avut o cre\u0219tere mai rapid\u0103 dec\u00e2t liderul Ilfov. \u00cen timp ce Timi\u0219ul a crescut cu 40,2%, Ilfovul a \u00eenregistrat o majorare de 32,7%.<\/p>\n<h3><strong>Panourile solare, tot mai prezente pe acoperi\u0219urile din Timi\u0219<\/strong><\/h3>\n<p>Expansiunea energiei fotovoltaice a continuat \u00eentr-un ritm accelerat, chiar \u0219i \u00een condi\u021biile \u00een care sprijinul financiar acordat de stat pentru instalarea sistemelor reziden\u021biale a devenit mai limitat.<\/p>\n<p>Potrivit analizei, ultima sesiune de \u00eenscrieri \u00een programul Casa Verde Fotovoltaice a fost organizat\u0103 \u00een 2024. \u00cen 2025, lansarea unei noi sesiuni a fost suspendat\u0103 pe fondul deficitului bugetar, iar \u00een 2026 programul nu a mai fost inclus \u00een bugetul Administra\u021biei Fondului pentru Mediu.<\/p>\n<p>\u00cen schimb, pentru prosumatorii care au deja panouri exist\u0103 \u00een 2026 un program destinat bateriilor de stocare, \u00een valoare de 400 de milioane de lei, \u00eens\u0103 ghidul de finan\u021bare nu a fost \u00eenc\u0103 publicat.<\/p>\n<p>Pentru companii exist\u0103 \u00een continuare posibilit\u0103\u021bi de finan\u021bare prin fonduri europene, inclusiv prin Fondul pentru Modernizare \u0219i PNRR, \u00een func\u021bie de apelurile disponibile.<\/p>\n<p>Cre\u0219terea num\u0103rului de sisteme fotovoltaice a dus \u0219i la o dezvoltare a pie\u021bei de servicii \u0219i echipamente necesare instal\u0103rii \u0219i \u00eentre\u021binerii acestora.<\/p>\n<blockquote>\n<p>\u201eCifrele astea le vedem \u0219i noi, dar dintr-un alt unghi: \u00een ultimul an, comenzile de echipament pentru lucru la \u00een\u0103l\u021bime au crescut vizibil, iar tot mai des cump\u0103r\u0103torul nu mai e o firm\u0103 mare de instal\u0103ri, ci echipe mici, de doi-trei oameni, care monteaz\u0103 c\u00e2teva sisteme pe s\u0103pt\u0103m\u00e2n\u0103. Partea bun\u0103 e c\u0103 mul\u021bi \u00eentreab\u0103 acum de centuri \u0219i de m\u0103nu\u0219i electroizolante \u00eenainte s\u0103 le cear\u0103 cineva la un control. Pia\u021ba se profesionalizeaz\u0103 de jos \u00een sus\u201d, spune Sorin Iftene, fondatorul Echipam.ro.<\/p>\n<\/blockquote>\n<p>Instalarea \u0219i \u00eentre\u021binerea panourilor fotovoltaice presupun \u00eens\u0103 \u0219i riscuri pentru lucr\u0103tori, \u00een special atunci c\u00e2nd interven\u021biile se desf\u0103\u0219oar\u0103 la \u00een\u0103l\u021bime \u0219i \u00een apropierea instala\u021biilor electrice.<\/p>\n<p>Legea 319\/2006 privind securitatea \u0219i s\u0103n\u0103tatea \u00een munc\u0103 prevede obliga\u021bia angajatorilor de a asigura gratuit echipamentele individuale de protec\u021bie necesare angaja\u021bilor.<\/p>\n<p>Dup\u0103 Ilfov \u0219i Timi\u0219, cele mai mari capacit\u0103\u021bi instalate de prosumatori se reg\u0103sesc \u00een Bihor \u2013 164,3 MW, Dolj \u2013 155,8 MW, Cluj \u2013 144,4 MW \u0219i Arad \u2013 138,1 MW.<\/p>\n<p>La polul opus se afl\u0103 Covasna, cu 36,6 MW, Tulcea \u2013 39,3 MW \u0219i Cara\u0219-Severin \u2013 41,7 MW.<\/p>\n<p>Pentru Timi\u0219, \u00eens\u0103, evolu\u021bia este una semnificativ\u0103: \u00een numai 12 luni, jude\u021bul a ad\u0103ugat peste 56 MW de putere fotovoltaic\u0103 instalat\u0103. \u00cen acela\u0219i timp, num\u0103rul prosumatorilor a crescut cu aproape 5.700.<\/p>\n<p>Cifrele arat\u0103 astfel c\u0103, \u00een Timi\u0219, acoperi\u0219urile caselor, firmelor \u0219i cl\u0103dirilor s-au transformat tot mai mult \u00een mici centrale electrice, iar energia produs\u0103 de soare a ajuns s\u0103 aib\u0103 un rol tot mai important \u00een consumul \u0219i alimentarea re\u021belei.<\/p>\n<div class=\"fbShareLikeTwitterAndEmailContainer\">\n<div class=\"wrapper\">\n<div class=\"email\">\n<div id=\"mailto-pop\" class=\"pop-form pop-form-mailto\">\n<div class=\"pop-form-header\">\n<h4>Trimite articolul<\/h4>\n<p><a class=\"pop-form-close\">X<\/a><\/div>\n<\/div>\n<\/div>\n<\/div>\n<\/div>\n<div class=\"tagsContainer\">\n<div class=\"tagsLabel\">Taguri:<\/div>\n<div class=\"tags\">\n<div class=\"tag\"><a href=\"https:\/\/www.tion.ro\/cimke\/electricitate\" rel=\"tag\"><span class=\"link\">electricitate<\/span><span class=\"separator\">,<\/span><\/a><\/div>\n<div class=\"tag\"><a href=\"https:\/\/www.tion.ro\/cimke\/prosumatori\" rel=\"tag\"><span class=\"link\">prosumatori<\/span><span class=\"separator\">,<\/span><\/a><\/div>\n<div class=\"tag\"><a href=\"https:\/\/www.tion.ro\/cimke\/timis\" rel=\"tag\"><span class=\"link\">timis<\/span><\/a><\/div>\n<\/div>\n<\/div>\n<div class=\"comments\">\n<div class=\"top\">\n<div class=\"commentsNumber\"><span class=\"number\">0<\/span><span class=\"text\">Comentarii<\/span><\/div>\n<\/div>\n<div class=\"center\">\n<div id=\"respond\" class=\"comment-respond\">\n<h3 id=\"reply-title\" class=\"comment-reply-title\"><small><a rel=\"nofollow\" id=\"cancel-comment-reply-link\" href=\"https:\/\/www.tion.ro\/stirile-judetului-timis\/soarele-lucreaza-pentru-timis-judetul-pe-locul-doi-in-tara-la-energia-produsa-de-prosumatori-2333511\/#respond\">Cancel reply<\/a><\/small><\/h3>\n<p class=\"comment-notes\"><span id=\"email-notes\">Your email address will not be published.<\/span><span class=\"required-field-message\">Required fields are marked <span class=\"required\">*<\/span><\/span><\/p>\n<p class=\"commentFormComment\"><span id=\"commentFormCount\"><br \/>\n                            inca<br \/>\n                            <span id=\"countCommentText\">1000<\/span><br \/>\n                            caractere ramase<br \/>\n                        <\/span><\/p>\n<\/div>\n<\/div>\n<div class=\"bottom\">\n<p class=\"forumDisclaimerHuRo\">\n            Citi\u021bi principiile noastre de moderare <a href=\"https:\/\/www.tion.ro\/reguli-postare-comentarii\/\" target=\"_blank\">aici<\/a>!\n        <\/p>\n<\/div>\n<\/div>\n<\/div>\n<\/div>\n<p>[analyse_source url=&#8221;https:\/\/www.tion.ro\/stirile-judetului-timis\/soarele-lucreaza-pentru-timis-judetul-pe-locul-doi-in-tara-la-energia-produsa-de-prosumatori-2333511\/&#8221;]<\/p>\n","protected":false},"excerpt":{"rendered":"<p>[analyse_image type=&#8221;featured&#8221; src=&#8221;https:\/\/www.tion.ro\/wp-content\/uploads\/2022\/08\/+otf\/1200&#215;630\/KgR5YF+e0fhSMIs8dVuxc05PVF9WRVJZX1NFQ9uQOEWpYgywMkfmTAKGFo4GIeRY0i9ZiF__1a3TJX6__m3ndNGOhXct+yzsaeULbWx3G0wKG3b0xpoTn+y5YPoes=\/1767974panourisolarefotovoltaice.jpg&#8221;] Potrivit unei analize realizate de Echipam.ro pe baza datelor din situa\u021biile lunare publicate de Autoritatea Na\u021bional\u0103 de Reglementare \u00een domeniul Energiei (ANRE), puterea total\u0103 a panourilor fotovoltaice instalate \u00een Timi\u0219 a crescut de la 140,2 MW \u00een iunie 2025 la 196,5 MW \u00een iunie 2026. Cre\u0219terea este de 40,2% \u00eentr-un singur an. [&hellip;]<\/p>\n","protected":false},"author":1,"featured_media":0,"comment_status":"open","ping_status":"","sticky":false,"template":"","format":"standard","meta":{"footnotes":""},"categories":[89],"tags":[226,191],"class_list":["post-2091087","post","type-post","status-publish","format-standard","hentry","category-romania","tag-crawlmanager","tag-tion-ro"],"_links":{"self":[{"href":"https:\/\/analyse.optim.biz\/index.php?rest_route=\/wp\/v2\/posts\/2091087","targetHints":{"allow":["GET"]}}],"collection":[{"href":"https:\/\/analyse.optim.biz\/index.php?rest_route=\/wp\/v2\/posts"}],"about":[{"href":"https:\/\/analyse.optim.biz\/index.php?rest_route=\/wp\/v2\/types\/post"}],"author":[{"embeddable":true,"href":"https:\/\/analyse.optim.biz\/index.php?rest_route=\/wp\/v2\/users\/1"}],"replies":[{"embeddable":true,"href":"https:\/\/analyse.optim.biz\/index.php?rest_route=%2Fwp%2Fv2%2Fcomments&post=2091087"}],"version-history":[{"count":0,"href":"https:\/\/analyse.optim.biz\/index.php?rest_route=\/wp\/v2\/posts\/2091087\/revisions"}],"wp:attachment":[{"href":"https:\/\/analyse.optim.biz\/index.php?rest_route=%2Fwp%2Fv2%2Fmedia&parent=2091087"}],"wp:term":[{"taxonomy":"category","embeddable":true,"href":"https:\/\/analyse.optim.biz\/index.php?rest_route=%2Fwp%2Fv2%2Fcategories&post=2091087"},{"taxonomy":"post_tag","embeddable":true,"href":"https:\/\/analyse.optim.biz\/index.php?rest_route=%2Fwp%2Fv2%2Ftags&post=2091087"}],"curies":[{"name":"wp","href":"https:\/\/api.w.org\/{rel}","templated":true}]}}