{"id":2091032,"date":"2026-08-12T15:55:00","date_gmt":"2026-08-12T12:55:00","guid":{"rendered":"https:\/\/analyse.optim.biz\/?p=2091032"},"modified":"2026-08-12T15:55:00","modified_gmt":"2026-08-12T12:55:00","slug":"ue-a-instituit-o-comisie-de-cenzura-impreuna-cu-meta-si-tiktok-pentru-a-sterge-rapid-continutul-etichetat-drept-dezinformare-in-cazul-crizei-migrantilor-din-ceuta","status":"publish","type":"post","link":"https:\/\/analyse.optim.biz\/?p=2091032","title":{"rendered":"UE a instituit o \u201ccomisie\u201d de cenzur\u0103 \u00eempreun\u0103 cu Meta \u0219i TikTok pentru a \u0219terge rapid con\u021binutul etichetat drept \u201edezinformare\u201d \u00een cazul crizei migran\u021bilor din Ceuta"},"content":{"rendered":"<p>[analyse_image type=&#8221;featured&#8221; src=&#8221;https:\/\/radiogoldfm.ro\/wp-content\/uploads\/2026\/08\/ue-a-instituit-o-comisie-de-cenzura-impreuna-cu-meta-si-tiktok-pentru-a-sterge-rapid-continutul-etichetat-drept-dezinformare-in-cazul-crizei-migrantilor-din-ceuta-84101.jpghttps:\/\/radiogoldfm.ro\/wp-content\/uploads\/2026\/08\/ue-a-instituit-o-comisie-de-cenzura-impreuna-cu-meta-si-tiktok-pentru-a-sterge-rapid-continutul-etichetat-drept-dezinformare-in-cazul-crizei-migrantilor-din-ceuta-84101.jpg&#8221;]<\/p>\n<div class=\"qt-the-content\">\n<p><strong>Sub pretextul gestion\u0103rii crizei migran\u021bilor din enclava spaniol\u0103 Ceuta, Uniunea European\u0103 face un pas crucial spre intensificarea controlului asupra discursului din mediul digital. Printr-un acord direct cu gigan\u021bii tehnologici Meta \u0219i TikTok, Comisia European\u0103 instaleaz\u0103 un canal dedicat de interven\u021bie rapid\u0103 prin care con\u021binutul etichetat drept \u201edezinformare\u201d va fi raportat, reevaluat \u0219i \u0219ters \u00een timp record. M\u0103sura, sprijinit\u0103 de re\u021bele oficiale de verificatori de fapte (<em>fact-checkers<\/em>), ridic\u0103 serioase semne de \u00eentrebare cu privire la accelerarea cenzurii institu\u021bionalizate la nivel european \u0219i limitarea libert\u0103\u021bii de exprimare pe platformele sociale \u00een momente de criz\u0103 politic\u0103, scrie\u00a0<a href=\"https:\/\/www.politico.eu\/article\/eu-meta-tiktok-ceuta-migrant-crisis-spain-morocco\/\" target=\"_blank\" rel=\"noreferrer noopener\">Politico<\/a><\/strong><\/p>\n<p>Uniunea European\u0103, Meta \u0219i TikTok au convenit luni s\u0103 creeze un canal dedicat, al\u0103turi de verificatori ai informa\u021biilor (<em>fact-checkers<\/em>), pentru a semnala dezinform\u0103rile legate de valul de migran\u021bi sosi\u021bi pe teritoriul spaniol, au declarat trei persoane pentru POLITICO.<\/p>\n<p>Mii de migran\u021bi au sosit la sf\u00e2r\u0219itul lunii iulie \u00een Ceuta, o enclav\u0103 spaniol\u0103 din Maroc \u0219i singura frontier\u0103 terestr\u0103 a UE cu Africa. Valul a fost declan\u0219at de nara\u021biuni false distribuite online, care le spuneau migran\u021bilor c\u0103 vor fi primi\u021bi cu bra\u021bele deschise, potrivit site-ului de verificare a informa\u021biilor Maldita.es.<\/p>\n<p>Comisia European\u0103 s-a \u00eent\u00e2lnit vineri \u0219i luni cu reprezentan\u021bi ai TikTok \u0219i Meta pentru a coordona o reac\u021bie \u00eempotriva dezinform\u0103rii din mediul online. P\u0103r\u021bile au convenit s\u0103 creeze un \u201emecanism consolidat de schimb de informa\u021bii \u0219i cooperare pentru reducerea impactului dezinform\u0103rii asupra crizei din Ceuta\u201d, au precizat cele trei persoane care au cuno\u0219tin\u021b\u0103 direct\u0103 despre discu\u021bii \u0219i c\u0103rora li s-a acordat anonimatul pentru a vorbi liber.<\/p>\n<p>Acest mecanism va servi drept punct de contact pentru platforme, verificatorii de fapte \u0219i Comisie, permi\u021b\u00e2nd semnalarea rapid\u0103 a con\u021binutului, astfel \u00eenc\u00e2t acesta s\u0103 poat\u0103 fi reevaluat \u0219i eliminat dac\u0103 este necesar. Ini\u021biativa vine pe fondul temerilor c\u0103 dezinformarea \u00eencurajeaz\u0103 noi travers\u0103ri c\u0103tre acest teritoriu pe data de 15 august, conform Maldita.es. Organiza\u021bia Maldita.es \u0219i Re\u021beaua European\u0103 pentru Standarde \u00een Verificarea Informa\u021biilor (<em>European Fact-Checking Standards Network<\/em>) au participat la \u0219edin\u021ba de luni.<\/p>\n<p>Comisia opereaz\u0103 un sistem de reac\u021bie rapid\u0103 \u00een cadrul codului s\u0103u de conduit\u0103 privind dezinformarea, activat adesea \u00een perioada alegerilor. Noul mecanism creat pentru Ceuta va aduce laolalt\u0103 un grup mai restr\u00e2ns \u0219i mai str\u00e2ns de p\u0103r\u021bi interesate, au men\u021bionat dou\u0103 dintre surse.<\/p>\n<p>O alt\u0103 \u0219edin\u021b\u0103 a fost stabilit\u0103 pentru sf\u00e2r\u0219itul acestei s\u0103pt\u0103m\u00e2ni, au confirmat una dintre aceste persoane \u0219i cea de-a treia surs\u0103.<\/p>\n<p>Meta \u0219i TikTok au declarat c\u0103 monitorizeaz\u0103 deja activ situa\u021bia, \u00een conformitate cu propriile politici, \u0219i c\u0103 au creat echipe dedicate pentru a supraveghea \u0219i a reac\u021biona la con\u021binut \u00een timp real.<\/p>\n<p>Criza a dezbinat \u021b\u0103rile din UE \u0219i a reaprins o dezbatere mai veche \u00een Europa privind migra\u021bia ilegal\u0103. De atunci, Italia a devenit unul dintre cei mai duri critici ai guvernului de st\u00e2nga din Spania \u0219i ai politicilor sale de migra\u021bie, introduc\u00e2nd controale la frontier\u0103 pentru c\u0103l\u0103torii care sosesc din Spania.<\/p>\n<p>Fostul comisar european Thierry Breton, o figur\u0103 cheie din spatele reglement\u0103rilor UE privind con\u021binutul online, a declarat luni, \u00eentr-un interviu acordat ziarului italian\u00a0<em>La Stampa<\/em>, c\u0103 blocul comunitar ar trebui s\u0103 lanseze o anchet\u0103 privind dezinformarea \u00een cazul crizei din Ceuta.<\/p>\n<p><em><strong>surs\u0103: <a href=\"https:\/\/www.politico.eu\/article\/eu-meta-tiktok-ceuta-migrant-crisis-spain-morocco\/\" target=\"_blank\" rel=\"noreferrer noopener\">Politico<\/a><\/strong><\/em><\/p>\n<div class=\"tagcloud qt-spacer-m\"><span class=\"qt-title\">Tagged as <\/span><a href=\"https:\/\/radiogoldfm.ro\/tag\/cenzura\/\" rel=\"tag\">cenzura<\/a><a href=\"https:\/\/radiogoldfm.ro\/tag\/ceuta\/\" rel=\"tag\">ceuta<\/a><a href=\"https:\/\/radiogoldfm.ro\/tag\/facebook\/\" rel=\"tag\">facebook<\/a><a href=\"https:\/\/radiogoldfm.ro\/tag\/meta\/\" rel=\"tag\">meta<\/a><a href=\"https:\/\/radiogoldfm.ro\/tag\/tiktok\/\" rel=\"tag\">tiktok<\/a><a href=\"https:\/\/radiogoldfm.ro\/tag\/ue\/\" rel=\"tag\">UE<\/a><a href=\"https:\/\/radiogoldfm.ro\/tag\/uniunea-europeana\/\" rel=\"tag\">uniunea europeana<\/a><\/div>\n<div class=\"qt-post-author qt-card\">\n<div class=\"row\">\n<div class=\"qt-post-author-data col s10 m7 l7\">\n<h6>Profil<\/h6>\n<h4><a href=\"https:\/\/radiogoldfm.ro\/ue-a-instituit-o-comisie-de-cenzura-impreuna-cu-meta-si-tiktok-pentru-a-sterge-rapid-continutul-etichetat-drept-dezinformare-in-cazul-crizei-migrantilor-din-ceuta\/#author_page\">Gold FM Radio<\/a><\/h4>\n<\/div>\n<div class=\"qt-post-author-link col s12 m3 l4 \"><a href=\"https:\/\/radiogoldfm.ro\/author\/gold-fm\/\" class=\"qt-btn qt-btn-large qt-btn-primary aligncenter\">Arhiva postari<\/a><\/div>\n<\/div>\n<\/div>\n<\/div>\n<p>[analyse_source url=&#8221;https:\/\/radiogoldfm.ro\/ue-a-instituit-o-comisie-de-cenzura-impreuna-cu-meta-si-tiktok-pentru-a-sterge-rapid-continutul-etichetat-drept-dezinformare-in-cazul-crizei-migrantilor-din-ceuta\/&#8221;]<\/p>\n","protected":false},"excerpt":{"rendered":"<p>[analyse_image type=&#8221;featured&#8221; src=&#8221;https:\/\/radiogoldfm.ro\/wp-content\/uploads\/2026\/08\/ue-a-instituit-o-comisie-de-cenzura-impreuna-cu-meta-si-tiktok-pentru-a-sterge-rapid-continutul-etichetat-drept-dezinformare-in-cazul-crizei-migrantilor-din-ceuta-84101.jpghttps:\/\/radiogoldfm.ro\/wp-content\/uploads\/2026\/08\/ue-a-instituit-o-comisie-de-cenzura-impreuna-cu-meta-si-tiktok-pentru-a-sterge-rapid-continutul-etichetat-drept-dezinformare-in-cazul-crizei-migrantilor-din-ceuta-84101.jpg&#8221;] Sub pretextul gestion\u0103rii crizei migran\u021bilor din enclava spaniol\u0103 Ceuta, Uniunea European\u0103 face un pas crucial spre intensificarea controlului asupra discursului din mediul digital. Printr-un acord direct cu gigan\u021bii tehnologici Meta \u0219i TikTok, Comisia European\u0103 instaleaz\u0103 un canal dedicat de interven\u021bie rapid\u0103 prin care con\u021binutul etichetat drept \u201edezinformare\u201d va fi raportat, reevaluat \u0219i [&hellip;]<\/p>\n","protected":false},"author":1,"featured_media":0,"comment_status":"open","ping_status":"","sticky":false,"template":"","format":"standard","meta":{"footnotes":""},"categories":[89],"tags":[226,96],"class_list":["post-2091032","post","type-post","status-publish","format-standard","hentry","category-romania","tag-crawlmanager","tag-radiogoldfm-ro"],"_links":{"self":[{"href":"https:\/\/analyse.optim.biz\/index.php?rest_route=\/wp\/v2\/posts\/2091032","targetHints":{"allow":["GET"]}}],"collection":[{"href":"https:\/\/analyse.optim.biz\/index.php?rest_route=\/wp\/v2\/posts"}],"about":[{"href":"https:\/\/analyse.optim.biz\/index.php?rest_route=\/wp\/v2\/types\/post"}],"author":[{"embeddable":true,"href":"https:\/\/analyse.optim.biz\/index.php?rest_route=\/wp\/v2\/users\/1"}],"replies":[{"embeddable":true,"href":"https:\/\/analyse.optim.biz\/index.php?rest_route=%2Fwp%2Fv2%2Fcomments&post=2091032"}],"version-history":[{"count":0,"href":"https:\/\/analyse.optim.biz\/index.php?rest_route=\/wp\/v2\/posts\/2091032\/revisions"}],"wp:attachment":[{"href":"https:\/\/analyse.optim.biz\/index.php?rest_route=%2Fwp%2Fv2%2Fmedia&parent=2091032"}],"wp:term":[{"taxonomy":"category","embeddable":true,"href":"https:\/\/analyse.optim.biz\/index.php?rest_route=%2Fwp%2Fv2%2Fcategories&post=2091032"},{"taxonomy":"post_tag","embeddable":true,"href":"https:\/\/analyse.optim.biz\/index.php?rest_route=%2Fwp%2Fv2%2Ftags&post=2091032"}],"curies":[{"name":"wp","href":"https:\/\/api.w.org\/{rel}","templated":true}]}}