{"id":2091030,"date":"2026-08-12T12:55:00","date_gmt":"2026-08-12T09:55:00","guid":{"rendered":"https:\/\/analyse.optim.biz\/?p=2091030"},"modified":"2026-08-12T12:55:00","modified_gmt":"2026-08-12T09:55:00","slug":"pentru-prima-data-de-la-al-doilea-razboi-mondial-germania-isi-doteaza-serviciile-secrete-cu-atributii-active-de-atac-si-neutralizare","status":"publish","type":"post","link":"https:\/\/analyse.optim.biz\/?p=2091030","title":{"rendered":"Pentru prima dat\u0103 de la Al Doilea R\u0103zboi Mondial, Germania \u00ee\u0219i doteaz\u0103 serviciile secrete cu atribu\u021bii active de atac \u0219i neutralizare"},"content":{"rendered":"<p>[analyse_image type=&#8221;featured&#8221; src=&#8221;https:\/\/radiogoldfm.ro\/wp-content\/uploads\/2026\/08\/pentru-prima-data-de-la-al-doilea-razboi-mondial-germania-isi-doteaza-serviciile-secrete-cu-atributii-active-de-atac-si-neutralizare-84106.jpghttps:\/\/radiogoldfm.ro\/wp-content\/uploads\/2026\/08\/pentru-prima-data-de-la-al-doilea-razboi-mondial-germania-isi-doteaza-serviciile-secrete-cu-atributii-active-de-atac-si-neutralizare-84106.jpg&#8221;]<\/p>\n<div class=\"qt-the-content\">\n<p><strong>Cabinetul Federal de la Berlin preg\u0103te\u0219te o reform\u0103 major\u0103 a legisla\u021biei privind securitatea na\u021bional\u0103, menit\u0103 s\u0103 extind\u0103 considerabil atribu\u021biile serviciilor secrete \u00een combaterea terorismului, spionajului \u0219i atacurilor hibride, conform\u00a0<a href=\"https:\/\/www.zeit.de\/news\/2026-08\/11\/kabinett-will-nachrichtendiensten-aktive-abwehr-erlauben\" target=\"_blank\" rel=\"noreferrer noopener\">Die Zeit.<\/a>\u00a0Timp de peste \u0219apte decenii, Germania a men\u021binut \u00een mod deliberat agen\u021bii exclusiv pasive, limitate doar la monitorizare \u0219i culegere de date \u2014 o doctrin\u0103 strict\u0103 n\u0103scut\u0103 din trauma dictaturii naziste \u0219i din interdic\u021biile explicite impuse de Alia\u021bi dup\u0103 1945 pentru a preveni reapari\u021bia unei noii poli\u021bii secrete de tip Gestapo. Noul proiect de lege renun\u021b\u0103 \u00eens\u0103 la aceast\u0103 izolare istoric\u0103: pe fundalul amenin\u021b\u0103rilor tot mai agresive venite din partea Rusiei, al atacurilor hibride \u0219i al sabotajelor cibernetice, servicii precum BND \u0219i Oficiul pentru Protec\u021bia Constitu\u021biei (<em>BfV<\/em>) vor primi pentru prima dat\u0103 permisiunea de a desf\u0103\u0219ura o \u201eap\u0103rare activ\u0103\u201d, put\u00e2nd perturba re\u021bele de date, efectua perchezi\u021bii informatice mascate \u0219i neutraliza direct infrastructurile ostile de peste hotare<\/strong>.<\/p>\n<p>Serviciile de informa\u021bii din Germania urmeaz\u0103 s\u0103 primeasc\u0103 competen\u021be extinse semnificativ pentru investigarea terorismului, a extremismului \u0219i a activit\u0103\u021bilor de spionaj derulate de alte state. Printre acestea se num\u0103r\u0103, \u00een premier\u0103, posibilitatea de a interveni activ \u00een cazuri clar delimitate \u2013 de exemplu, Serviciul German de Informa\u021bii Externe (BND) ar putea manipula infrastructura IT a unei puteri str\u0103ine \u00een timpul unui atac cibernetic sau al unei campanii de dezinformare \u00eendreptate \u00eempotriva Germaniei.<\/p>\n<p>Un proiect de lege \u00een acest sens, pe care Cabinetul Federal urmeaz\u0103 s\u0103 \u00eel adopte, prevede \u2014 pe l\u00e2ng\u0103 noile atribu\u021bii\u00a0o supraveghere sporit\u0103 \u0219i un cadru de reglementare mai strict \u00een anumite domenii.<\/p>\n<p><strong>Un r\u0103spuns direct la traumele istoriei<\/strong><\/p>\n<p>Dup\u0103 1945, arhitec\u021bii noii Germanii de Vest au c\u0103utat s\u0103 previn\u0103 cu orice pre\u021b rena\u0219terea unui aparat represiv de tipul Gestapo-ului, poli\u021bia secret\u0103 nazist\u0103 care a putut comite abuzuri de neimaginat tocmai pentru c\u0103 \u00eembina culegerea de informa\u021bii cu puterea executiv\u0103 direct\u0103 (arest\u0103ri, perchezi\u021bii \u0219i eliminarea opozan\u021bilor).<\/p>\n<p>Pentru a garanta c\u0103 puterea nu va mai fi niciodat\u0103 concentrat\u0103 \u00een m\u00e2inile unei singure institu\u021bii, guvernatorii militari alia\u021bi (SUA, Marea Britanie \u0219i Fran\u021ba) au impus \u00een aprilie 1949, prin celebrul document\u00a0<em>Polizeibrief<\/em>, o condi\u021bie ferm\u0103 pentru aprobarea noii Constitu\u021bii germane: serviciul intern de informa\u021bii avea voie s\u0103 existe, dar \u00eei era\u00a0<strong>strict interzis s\u0103 de\u021bin\u0103 puteri politiene\u0219ti sau capacit\u0103\u021bi de interven\u021bie direct\u0103<\/strong>.<\/p>\n<p>Astfel s-a n\u0103scut o filosofie de securitate unic\u0103 \u00een Europa, rezumat\u0103 prin regula de aur:\u00a0<em>\u201eCine \u0219tie totul nu trebuie s\u0103 poat\u0103 ac\u021biona, iar cine ac\u021bioneaz\u0103 nu trebuie s\u0103 \u0219tie totul\u201d<\/em>. Din acest motiv istoric, timp de peste \u0219apte decenii, serviciile germane au r\u0103mas exclusiv \u201eochi \u0219i urechi\u201d, l\u0103s\u00e2nd orice ac\u021biune \u00een sarcina poli\u021biei \u0219i a instan\u021belor de judecat\u0103.<\/p>\n<p><strong>F\u0103r\u0103 supraveghere permanent\u0103 a cazurilor suspecte de extremism<\/strong><\/p>\n<p>Printre noile reguli se num\u0103r\u0103 limitarea la maximum cinci ani a perioadei \u00een care o organiza\u021bie poate fi monitorizat\u0103 ca caz suspect de extremism. Dac\u0103 suspiciunea nu se confirm\u0103 \u00een acest interval, monitorizarea trebuie, de regul\u0103, \u00eencheiat\u0103. O prelungire cu c\u00e2te doi ani va r\u0103m\u00e2ne posibil\u0103, \u00eens\u0103 Oficiul Federal pentru Protec\u021bia Constitu\u021biei (BfV) nu va mai putea decide singur, fiind necesar acordul Ministerului Federal de Interne.<\/p>\n<p>\u00cen prezent, la nivel federal nu exist\u0103 o limit\u0103 de timp pentru monitorizarea cazurilor suspecte, proces care poate include m\u0103suri mai avansate dec\u00e2t simpla analiz\u0103 a surselor deschise. Partidul AfD este monitorizat ne\u00eentrerupt de serviciul de protec\u021bie a constitu\u021biei ca caz suspect \u00eencep\u00e2nd din martie 2022. Tribunalul Administrativ Superior din M\u00fcnster a confirmat \u00een 2024 legalitatea acestei \u00eencadr\u0103ri. \u00cen mai 2025, BfV a re\u00eencadrat partidul la nivel federal drept \u201eextremist de dreapta dovedit\u201d. Aceast\u0103 clasificare este \u00een prezent contestat\u0103 \u00een instan\u021b\u0103; o procedur\u0103 de urgen\u021b\u0103 s-a \u00eencheiat \u00een favoarea AfD, \u00eens\u0103 procesul principal este \u00eenc\u0103 \u00een derulare.<\/p>\n<p><strong>O reform\u0103 cuprinz\u0103toare<\/strong><\/p>\n<p>Proiectul de lege a fost publicat la \u00eenceputul lunii iulie, are aproximativ 700 de pagini \u0219i prevede numeroase modific\u0103ri. Cancelaria Federal\u0103, care coordoneaz\u0103 activitatea BND, a elaborat documentul \u00eempreun\u0103 cu Ministerul de Interne \u0219i cu consultarea Ministerului Justi\u021biei. Ministrul de Interne, Alexander Dobrindt (CSU), a insistat ca regulile pentru serviciul de protec\u021bie a constitu\u021biei s\u0103 fie promovate \u00een paralel cu reforma legii BND.<\/p>\n<p>\u00cen ambele cazuri este vorba despre aspecte similare, precum compararea datelor biometrice cu date din mediul online \u0219i dreptul de a efectua perchezi\u021bii informatice la distan\u021b\u0103. Aceasta din urm\u0103 este o m\u0103sur\u0103 acoperit\u0103 prin care o autoritate de securitate ob\u021bine acces secret la un smartphone sau alt dispozitiv pentru a-i perchezi\u021biona datele. \u00cen ceea ce prive\u0219te BND, al c\u0103rui mandat vizeaz\u0103 exclusiv str\u0103in\u0103tatea, pe viitor va fi posibil\u0103, \u00een cazuri excep\u021bionale bine fundamentate, continuarea perchezi\u021biei informatice \u0219i pe teritoriul na\u021bional \u2014 de exemplu, dac\u0103 un agent str\u0103in monitorizat deja \u00een alte \u021b\u0103ri se afl\u0103 temporar \u00een Germania.<\/p>\n<p><strong>De ce vine reforma acum?<\/strong><\/p>\n<p>Reforma era planificat\u0103 de mai mult timp, iar presiunea timpului a crescut din cauza amenin\u021b\u0103rilor accentuate de spionaj \u0219i sabotaj (\u00een special din partea Rusiei) \u0219i a num\u0103rului \u00een cre\u0219tere de infrac\u021biuni motivate politic. \u00cen cazul BND, Curtea Constitu\u021bional\u0103 Federal\u0103 a stabilit un termen-limit\u0103 p\u00e2n\u0103 la sf\u00e2r\u0219itul acestui an pentru ajustarea regulilor privind interceptarea telecomunica\u021biilor pe filiera extern\u0103-intern\u0103.<\/p>\n<p>Instan\u021ba a decis c\u0103 aceast\u0103 interceptare este permis\u0103 \u00een principiu, dar necesit\u0103 o reglementare propor\u021bional\u0103 \u0219i un control mai eficient. De asemenea, s-a constatat lipsa unor norme clare privind eliminarea datelor din telecomunica\u021biile pur interne \u0219i o protec\u021bie insuficient\u0103 a vie\u021bii private pentru persoanele str\u0103ine din afara \u021b\u0103rii.<\/p>\n<p>Principala instan\u021b\u0103 de control va fi noul Consiliu Independent de Control, format din juri\u0219ti cu vast\u0103 experien\u021b\u0103. Acesta va asigura at\u00e2t verificarea prealabil\u0103 a m\u0103surilor intensive de supraveghere, c\u00e2t \u0219i controlul curent privind protec\u021bia datelor.<\/p>\n<p><strong>Mici ajust\u0103ri finale<\/strong><\/p>\n<p>Nevoia acestei reforme nu este pus\u0103 la \u00eendoial\u0103 de majoritatea exper\u021bilor. Descoperirea unei drone \u00eenc\u0103rcate cu explozibil pe aeroportul din Leipzig\/Halle din s\u0103pt\u0103m\u00e2na precedent\u0103 este doar o alt\u0103 dovad\u0103 a amenin\u021b\u0103rilor crescute. Surse guvernamentale indic\u0103 faptul c\u0103 varianta proiectului care ajunge \u00een Cabinet con\u021bine \u0219i c\u00e2teva \u201eclarific\u0103ri tehnice\u201d \u2014 cum ar fi protec\u021bia informa\u021biilor de\u021binute de categorii profesionale supuse secretului\u00a0<strong>profesional, precum jurnali\u0219tii \u0219i avoca\u021bii.<\/strong><\/p>\n<p><strong>Solicit\u0103ri pentru reguli mai precise<\/strong><\/p>\n<p>Asocia\u021bia Furnizorilor din Pia\u021ba Digital\u0103 \u0219i de Telecomunica\u021bii (VATM) a subliniat \u00eentr-un punct de vedere c\u0103 o ap\u0103rare eficient\u0103 \u00eempotriva atacurilor cibernetice, spionajului \u0219i amenin\u021b\u0103rilor hibride este \u00een interesul direct al industriei. Totu\u0219i, VATM a criticat faptul c\u0103 \u201er\u0103m\u00e2ne neclar ce companii vor avea obliga\u021bii concrete, ce tipuri de date vor fi vizate de \u00eendatoririle de furnizare a informa\u021biilor \u0219i cooperare, care este limita autorit\u0103\u021bii legale a unei companii \u0219i cum trebuie gestionate datele procesate doar \u00een numele unor ter\u021bi\u201d.<\/p>\n<p><em><strong>surs\u0103: <a href=\"https:\/\/www.zeit.de\/news\/2026-08\/11\/kabinett-will-nachrichtendiensten-aktive-abwehr-erlauben\" target=\"_blank\" rel=\"noreferrer noopener\">Die Zeit<\/a><\/strong><\/em><\/p>\n<div class=\"tagcloud qt-spacer-m\"><span class=\"qt-title\">Tagged as <\/span><a href=\"https:\/\/radiogoldfm.ro\/tag\/germania\/\" rel=\"tag\">Germania<\/a><a href=\"https:\/\/radiogoldfm.ro\/tag\/gold-fm\/\" rel=\"tag\">GOLD FM<\/a><a href=\"https:\/\/radiogoldfm.ro\/tag\/romania\/\" rel=\"tag\">romania<\/a><a href=\"https:\/\/radiogoldfm.ro\/tag\/servicii-secrete\/\" rel=\"tag\">servicii secrete<\/a><\/div>\n<div class=\"qt-post-author qt-card\">\n<div class=\"row\">\n<div class=\"qt-post-author-data col s10 m7 l7\">\n<h6>Profil<\/h6>\n<h4><a href=\"https:\/\/radiogoldfm.ro\/pentru-prima-data-de-la-al-doilea-razboi-mondial-germania-isi-doteaza-serviciile-secrete-cu-atributii-active-de-atac-si-neutralizare\/#author_page\">Gold FM Radio<\/a><\/h4>\n<\/div>\n<div class=\"qt-post-author-link col s12 m3 l4 \"><a href=\"https:\/\/radiogoldfm.ro\/author\/gold-fm\/\" class=\"qt-btn qt-btn-large qt-btn-primary aligncenter\">Arhiva postari<\/a><\/div>\n<\/div>\n<\/div>\n<\/div>\n<p>[analyse_source url=&#8221;https:\/\/radiogoldfm.ro\/pentru-prima-data-de-la-al-doilea-razboi-mondial-germania-isi-doteaza-serviciile-secrete-cu-atributii-active-de-atac-si-neutralizare\/&#8221;]<\/p>\n","protected":false},"excerpt":{"rendered":"<p>[analyse_image type=&#8221;featured&#8221; src=&#8221;https:\/\/radiogoldfm.ro\/wp-content\/uploads\/2026\/08\/pentru-prima-data-de-la-al-doilea-razboi-mondial-germania-isi-doteaza-serviciile-secrete-cu-atributii-active-de-atac-si-neutralizare-84106.jpghttps:\/\/radiogoldfm.ro\/wp-content\/uploads\/2026\/08\/pentru-prima-data-de-la-al-doilea-razboi-mondial-germania-isi-doteaza-serviciile-secrete-cu-atributii-active-de-atac-si-neutralizare-84106.jpg&#8221;] Cabinetul Federal de la Berlin preg\u0103te\u0219te o reform\u0103 major\u0103 a legisla\u021biei privind securitatea na\u021bional\u0103, menit\u0103 s\u0103 extind\u0103 considerabil atribu\u021biile serviciilor secrete \u00een combaterea terorismului, spionajului \u0219i atacurilor hibride, conform\u00a0Die Zeit.\u00a0Timp de peste \u0219apte decenii, Germania a men\u021binut \u00een mod deliberat agen\u021bii exclusiv pasive, limitate doar la monitorizare \u0219i culegere de date \u2014 [&hellip;]<\/p>\n","protected":false},"author":1,"featured_media":0,"comment_status":"open","ping_status":"","sticky":false,"template":"","format":"standard","meta":{"footnotes":""},"categories":[89],"tags":[226,96],"class_list":["post-2091030","post","type-post","status-publish","format-standard","hentry","category-romania","tag-crawlmanager","tag-radiogoldfm-ro"],"_links":{"self":[{"href":"https:\/\/analyse.optim.biz\/index.php?rest_route=\/wp\/v2\/posts\/2091030","targetHints":{"allow":["GET"]}}],"collection":[{"href":"https:\/\/analyse.optim.biz\/index.php?rest_route=\/wp\/v2\/posts"}],"about":[{"href":"https:\/\/analyse.optim.biz\/index.php?rest_route=\/wp\/v2\/types\/post"}],"author":[{"embeddable":true,"href":"https:\/\/analyse.optim.biz\/index.php?rest_route=\/wp\/v2\/users\/1"}],"replies":[{"embeddable":true,"href":"https:\/\/analyse.optim.biz\/index.php?rest_route=%2Fwp%2Fv2%2Fcomments&post=2091030"}],"version-history":[{"count":0,"href":"https:\/\/analyse.optim.biz\/index.php?rest_route=\/wp\/v2\/posts\/2091030\/revisions"}],"wp:attachment":[{"href":"https:\/\/analyse.optim.biz\/index.php?rest_route=%2Fwp%2Fv2%2Fmedia&parent=2091030"}],"wp:term":[{"taxonomy":"category","embeddable":true,"href":"https:\/\/analyse.optim.biz\/index.php?rest_route=%2Fwp%2Fv2%2Fcategories&post=2091030"},{"taxonomy":"post_tag","embeddable":true,"href":"https:\/\/analyse.optim.biz\/index.php?rest_route=%2Fwp%2Fv2%2Ftags&post=2091030"}],"curies":[{"name":"wp","href":"https:\/\/api.w.org\/{rel}","templated":true}]}}