{"id":2090995,"date":"2026-08-12T12:08:27","date_gmt":"2026-08-12T09:08:27","guid":{"rendered":"https:\/\/analyse.optim.biz\/?p=2090995"},"modified":"2026-08-12T12:08:27","modified_gmt":"2026-08-12T09:08:27","slug":"deputatul-oana-matache-vot-pentru-degrevarea-directorilor-de-scoli-si-pentru-sprijinirea-persoanelor-cu-dizabilitati-care-ies-din-centre","status":"publish","type":"post","link":"https:\/\/analyse.optim.biz\/?p=2090995","title":{"rendered":"Deputatul Oana Matache, vot pentru degrevarea directorilor de \u0219coli \u0219i pentru sprijinirea persoanelor cu dizabilit\u0103\u021bi care ies din centre"},"content":{"rendered":"<p>[analyse_image type=&#8221;featured&#8221; src=&#8221;https:\/\/gazetabuzoiana.ro\/wp-content\/uploads\/2026\/05\/matache.jpeg&#8221;]<\/p>\n<div class=\"entry-content entry clearfix\">\n<p class=\"wp-block-paragraph\">Deputatul PSD Oana Matache a anun\u021bat c\u0103 a votat, miercuri, pentru revenirea la degrevarea de norm\u0103 didactic\u0103 pentru directorii unit\u0103\u021bilor de \u00eenv\u0103\u021b\u0103m\u00e2nt \u0219i pentru personalul de conducere din sistemul educa\u021bional. Potrivit parlamentarului buzoian, m\u0103sura ar corecta una dintre prevederile introduse prin pachetul fiscal-bugetar adoptat \u00een vara anului 2025.<\/p>\n<p class=\"wp-block-paragraph\">Matache sus\u021bine c\u0103 activitatea unui director de \u0219coal\u0103 nu se rezum\u0103 la orele petrecute la catedr\u0103. Conducerea unei unit\u0103\u021bi de \u00eenv\u0103\u021b\u0103m\u00e2nt presupune, \u00een paralel, gestionarea programului \u0219colar \u0219i a proiectelor educa\u021bionale, achizi\u021bii, buget, angaj\u0103ri, autoriza\u021bii ISU, lucr\u0103ri \u0219i repara\u021bii, rapoarte, precum \u0219i rela\u021bia cu p\u0103rin\u021bii, cadrele didactice \u0219i autorit\u0103\u021bile locale.<\/p>\n<p class=\"wp-block-paragraph\"><strong><mark class=\"has-inline-color has-vivid-red-color\">\u201eTocmai de aceea a existat dintotdeauna \u00abdegrevarea de norm\u0103 didactic\u0103\u00bb: directorul pred\u0103 mai pu\u021bine ore la clas\u0103, ca s\u0103 aib\u0103 timp mai mult pentru management\u201d<\/mark><\/strong>, afirm\u0103 Oana Matache.<\/p>\n<p class=\"wp-block-paragraph\">Subiectul a fost modificat prin Legea nr. 141\/2025 privind unele m\u0103suri fiscal-bugetare. Pentru anul \u0219colar 2025-2026, legea a stabilit c\u0103 personalul de conducere din unit\u0103\u021bile de \u00eenv\u0103\u021b\u0103m\u00e2nt preuniversitar poate fi degrevat cu p\u00e2n\u0103 la 50% din norma didactic\u0103, \u00een baza unor norme metodologice.<\/p>\n<p class=\"wp-block-paragraph\">Deputatul PSD critic\u0103 \u00eens\u0103 modul \u00een care au fost adoptate m\u0103surile fiscal-bugetare \u0219i sus\u021bine c\u0103 modificarea regimului de degrevare nu a fost analizat\u0103 separat \u00een Parlament.<\/p>\n<p class=\"wp-block-paragraph\"><mark class=\"has-inline-color has-vivid-red-color\"><strong>\u201eDirectorii au aceea\u0219i zi de 24 de ore, dar cu norm\u0103 \u00eentreag\u0103 la catedr\u0103 peste tot ce presupune condusul unei \u0219coli \u0219i mai ales cine pierde? Elevii, fie la ore, fie \u00een felul \u00een care e coordonat\u0103 \u0219coala\u201d<\/strong><\/mark>, spune Matache.<\/p>\n<h1 class=\"wp-block-heading\">Beneficii pentru persoanele cu dizabilit\u0103\u021bi care ies din centre<\/h1>\n<p class=\"wp-block-paragraph\">\u00cen aceea\u0219i postare, Oana Matache vorbe\u0219te despre un al doilea vot dat \u00een Parlament, referitor la persoanele cu dizabilit\u0103\u021bi care p\u0103r\u0103sesc centrele reziden\u021biale \u0219i trec c\u0103tre via\u021ba independent\u0103 \u00een comunitate.<\/p>\n<p class=\"wp-block-paragraph\">Deputatul explic\u0103 faptul c\u0103 dezinstitu\u021bionalizarea presupune ca persoanele cu dizabilit\u0103\u021bi s\u0103 poat\u0103 p\u0103r\u0103si centrele \u0219i s\u0103 primeasc\u0103 sprijin pentru a locui \u00een comunitate. Printre m\u0103surile men\u021bionate se afl\u0103 beneficiul pentru locuire, destinat cheltuielilor de administrare \u0219i utilit\u0103\u021bilor, \u0219i beneficiul de tranzi\u021bie, acordat la ie\u0219irea din centrul reziden\u021bial pentru instalarea \u00een noua locuin\u021b\u0103 \u0219i pentru cheltuielile neprev\u0103zute din primul an.<\/p>\n<p class=\"wp-block-paragraph\">Aceste dou\u0103 mecanisme sunt prev\u0103zute \u00een legisla\u021bia privind protec\u021bia persoanelor cu handicap. Beneficiul pentru locuire se adreseaz\u0103 persoanelor cu handicap grav, accentuat sau mediu, iar beneficiul de tranzi\u021bie vizeaz\u0103 persoanele care p\u0103r\u0103sesc centrele reziden\u021biale publice \u00een cadrul procesului de dezinstitu\u021bionalizare.<\/p>\n<p class=\"wp-block-paragraph\">Matache d\u0103 \u0219i un exemplu pentru a explica impactul concret al m\u0103surii: o persoan\u0103 care ajunge, la 40 de ani, s\u0103 \u00ee\u0219i fac\u0103 pentru prima dat\u0103 singur\u0103 cump\u0103r\u0103turile \u0219i s\u0103 tr\u0103iasc\u0103 \u00een comunitate.<\/p>\n<p class=\"wp-block-paragraph\">Potrivit deputatului PSD, adoptarea la timp a m\u0103surilor era important\u0103 \u0219i din perspectiva finan\u021b\u0103rii europene, \u00eentruc\u00e2t reforma sistemului de protec\u021bie a persoanelor cu dizabilit\u0103\u021bi este legat\u0103 de jaloanele PNRR.<\/p>\n<p class=\"wp-block-paragraph\"><strong><mark class=\"has-inline-color has-vivid-red-color\">\u201eEste un vot care practic \u00eenseamn\u0103 \u00een primul r\u00e2nd demnitate pentru oameni, dar \u0219i fonduri p\u0103strate pentru Rom\u00e2nia\u201d,<\/mark><\/strong> afirm\u0103 Oana Matache.<\/p>\n<p class=\"wp-block-paragraph\">\u00centreaga poastare, mai jos!<\/p>\n<div class=\"post-bottom-meta post-bottom-tags post-tags-modern\">\n<div class=\"post-bottom-meta-title\"> Etichete<\/div>\n<p><span class=\"tagcloud\"><a href=\"https:\/\/gazetabuzoiana.ro\/tag\/beneficii-locuire\/\" rel=\"tag\">beneficii locuire<\/a><a href=\"https:\/\/gazetabuzoiana.ro\/tag\/beneficiu-tranzitie\/\" rel=\"tag\">beneficiu tranzi\u021bie<\/a><a href=\"https:\/\/gazetabuzoiana.ro\/tag\/degrevare-norma-didactica\/\" rel=\"tag\">degrevare norm\u0103 didactic\u0103<\/a><a href=\"https:\/\/gazetabuzoiana.ro\/tag\/dezinstitutionalizare\/\" rel=\"tag\">dezinstitu\u021bionalizare<\/a><a href=\"https:\/\/gazetabuzoiana.ro\/tag\/directori-scoli\/\" rel=\"tag\">directori \u0219coli<\/a><a href=\"https:\/\/gazetabuzoiana.ro\/tag\/educatie\/\" rel=\"tag\">educa\u021bie<\/a><a href=\"https:\/\/gazetabuzoiana.ro\/tag\/invatamant\/\" rel=\"tag\">\u00eenv\u0103\u021b\u0103m\u00e2nt<\/a><a href=\"https:\/\/gazetabuzoiana.ro\/tag\/legea-141-2025\/\" rel=\"tag\">Legea 141\/2025<\/a><a href=\"https:\/\/gazetabuzoiana.ro\/tag\/oana-matache\/\" rel=\"tag\">oana matache<\/a><a href=\"https:\/\/gazetabuzoiana.ro\/tag\/parlament\/\" rel=\"tag\">Parlament<\/a><a href=\"https:\/\/gazetabuzoiana.ro\/tag\/persoane-cu-dizabilitati-2\/\" rel=\"tag\">persoane cu dizabilit\u0103\u021bi<\/a><a href=\"https:\/\/gazetabuzoiana.ro\/tag\/pnrr\/\" rel=\"tag\">PNRR<\/a><a href=\"https:\/\/gazetabuzoiana.ro\/tag\/profesori\/\" rel=\"tag\">profesori<\/a><a href=\"https:\/\/gazetabuzoiana.ro\/tag\/psd\/\" rel=\"tag\">PSD<\/a><\/span><\/div>\n<\/div>\n<p>[analyse_source url=&#8221;https:\/\/gazetabuzoiana.ro\/2026\/08\/12\/deputatul-oana-matache-vot-pentru-degrevarea-directorilor-de-scoli-si-pentru-sprijinirea-persoanelor-cu-dizabilitati-care-ies-din-centre\/&#8221;]<\/p>\n","protected":false},"excerpt":{"rendered":"<p>[analyse_image type=&#8221;featured&#8221; src=&#8221;https:\/\/gazetabuzoiana.ro\/wp-content\/uploads\/2026\/05\/matache.jpeg&#8221;] Deputatul PSD Oana Matache a anun\u021bat c\u0103 a votat, miercuri, pentru revenirea la degrevarea de norm\u0103 didactic\u0103 pentru directorii unit\u0103\u021bilor de \u00eenv\u0103\u021b\u0103m\u00e2nt \u0219i pentru personalul de conducere din sistemul educa\u021bional. Potrivit parlamentarului buzoian, m\u0103sura ar corecta una dintre prevederile introduse prin pachetul fiscal-bugetar adoptat \u00een vara anului 2025. Matache sus\u021bine c\u0103 activitatea [&hellip;]<\/p>\n","protected":false},"author":1,"featured_media":0,"comment_status":"open","ping_status":"","sticky":false,"template":"","format":"standard","meta":{"footnotes":""},"categories":[2],"tags":[226,38],"class_list":["post-2090995","post","type-post","status-publish","format-standard","hentry","category-politics","tag-crawlmanager","tag-gazetabuzoiana-ro"],"_links":{"self":[{"href":"https:\/\/analyse.optim.biz\/index.php?rest_route=\/wp\/v2\/posts\/2090995","targetHints":{"allow":["GET"]}}],"collection":[{"href":"https:\/\/analyse.optim.biz\/index.php?rest_route=\/wp\/v2\/posts"}],"about":[{"href":"https:\/\/analyse.optim.biz\/index.php?rest_route=\/wp\/v2\/types\/post"}],"author":[{"embeddable":true,"href":"https:\/\/analyse.optim.biz\/index.php?rest_route=\/wp\/v2\/users\/1"}],"replies":[{"embeddable":true,"href":"https:\/\/analyse.optim.biz\/index.php?rest_route=%2Fwp%2Fv2%2Fcomments&post=2090995"}],"version-history":[{"count":0,"href":"https:\/\/analyse.optim.biz\/index.php?rest_route=\/wp\/v2\/posts\/2090995\/revisions"}],"wp:attachment":[{"href":"https:\/\/analyse.optim.biz\/index.php?rest_route=%2Fwp%2Fv2%2Fmedia&parent=2090995"}],"wp:term":[{"taxonomy":"category","embeddable":true,"href":"https:\/\/analyse.optim.biz\/index.php?rest_route=%2Fwp%2Fv2%2Fcategories&post=2090995"},{"taxonomy":"post_tag","embeddable":true,"href":"https:\/\/analyse.optim.biz\/index.php?rest_route=%2Fwp%2Fv2%2Ftags&post=2090995"}],"curies":[{"name":"wp","href":"https:\/\/api.w.org\/{rel}","templated":true}]}}