{"id":2090992,"date":"2026-08-12T04:00:00","date_gmt":"2026-08-12T01:00:00","guid":{"rendered":"https:\/\/analyse.optim.biz\/?p=2090992"},"modified":"2026-08-12T04:00:00","modified_gmt":"2026-08-12T01:00:00","slug":"cj-buzau-incepe-lucrarile-pe-drumurile-afectate-de-alunecari-de-teren-marcel-ciolacu-problemele-nu-pot-fi-amanate","status":"publish","type":"post","link":"https:\/\/analyse.optim.biz\/?p=2090992","title":{"rendered":"CJ Buz\u0103u \u00eencepe lucr\u0103rile pe drumurile afectate de alunec\u0103ri de teren. Marcel Ciolacu: \u201eProblemele nu pot fi am\u00e2nate\u201d"},"content":{"rendered":"<p>[analyse_image type=&#8221;featured&#8221; src=&#8221;https:\/\/gazetabuzoiana.ro\/wp-content\/uploads\/2026\/05\/CJ-BUZAU.webp&#8221;]<\/p>\n<div class=\"entry-content entry clearfix\">\n<p class=\"wp-block-paragraph\">Consiliul Jude\u021bean Buz\u0103u a aprobat, mar\u021bi, \u00een \u0219edin\u021b\u0103 extraordinar\u0103, proiectele necesare pentru interven\u021biile pe drumurile jude\u021bene afectate de alunec\u0103ri de teren \u0219i alte calamit\u0103\u021bi. Proiectele au fost aprobate \u00een unanimitate, iar autorit\u0103\u021bile anun\u021b\u0103 c\u0103 lucr\u0103rile vor \u00eencepe \u00eentr-un timp scurt.<\/p>\n<p class=\"wp-block-paragraph\">Pre\u0219edintele CJ Buz\u0103u, Marcel Ciolacu, spune c\u0103, \u00eenainte de stabilirea lucr\u0103rilor \u0219i a costurilor, au fost realizate expertize tehnice pentru fiecare dintre situa\u021biile care necesit\u0103 interven\u021bie.<\/p>\n<p class=\"wp-block-paragraph\"><strong><mark class=\"has-inline-color has-vivid-red-color\">\u201ePentru prima dat\u0103, interven\u021biile sunt fundamentate pe expertize tehnice, astfel \u00eenc\u00e2t lucr\u0103rile \u0219i costurile s\u0103 fie stabilite exact. \u00cen unele cazuri, expertizele au indicat chiar valori mai mici dec\u00e2t estim\u0103rile ini\u021biale\u201d<\/mark><\/strong>, a declarat Marcel Ciolacu dup\u0103 \u0219edin\u021ba extraordinar\u0103.<\/p>\n<p class=\"wp-block-paragraph\">Potrivit pre\u0219edintelui CJ, urm\u0103torul pas este interven\u021bia efectiv\u0103 \u00een teren. Termenele de execu\u021bie sunt scurte, cel mai lung termen prev\u0103zut fiind de trei luni.<\/p>\n<p class=\"wp-block-paragraph\"><strong><mark class=\"has-inline-color has-vivid-red-color\">\u201eUrmeaz\u0103 interven\u021biile \u00een teren, cu termene scurte de execu\u021bie \u2013 cel mai lung fiind de trei luni\u201d<\/mark><\/strong>, a precizat Ciolacu.<\/p>\n<p class=\"wp-block-paragraph\">Jude\u021bul Buz\u0103u s-a confruntat \u00een ultimii ani cu mai multe probleme pe drumurile jude\u021bene provocate de alunec\u0103ri de teren \u0219i fenomene meteorologice severe. \u00cen astfel de situa\u021bii, interven\u021biile sunt necesare nu doar pentru refacerea carosabilului, ci \u0219i pentru asigurarea circula\u021biei \u00een condi\u021bii de siguran\u021b\u0103 pentru localnicii din zonele afectate.<\/p>\n<h1 class=\"wp-block-heading\">CJ Buz\u0103u discut\u0103 \u0219i situa\u021bia Spitalului Jude\u021bean<\/h1>\n<p class=\"wp-block-paragraph\">\u00cen aceea\u0219i \u0219edin\u021b\u0103 a fost abordat\u0103 \u0219i situa\u021bia Spitalului Jude\u021bean de Urgen\u021b\u0103 Buz\u0103u. Una dintre priorit\u0103\u021bile administra\u021biei jude\u021bene este asigurarea unei linii de gard\u0103 la Cardiologie, serviciu care ar deservi pacien\u021bii din \u00eentreg jude\u021bul.<\/p>\n<p class=\"wp-block-paragraph\"><strong><mark class=\"has-inline-color has-vivid-red-color\">\u201eLucr\u0103m \u00een continuare pentru ca buzoienii s\u0103 beneficieze de servicii medicale din ce \u00een ce mai bune \u0219i sper\u0103m ca, \u00een cur\u00e2nd, s\u0103 putem asigura \u0219i linie de gard\u0103 la Cardiologie, un serviciu important pentru pacien\u021bii din \u00eentreg jude\u021bul\u201d<\/mark><\/strong>, a declarat pre\u0219edintele CJ Buz\u0103u.<\/p>\n<p class=\"wp-block-paragraph\">Marcel Ciolacu sus\u021bine c\u0103 interven\u021biile pentru remedierea problemelor provocate de calamit\u0103\u021bi trebuie f\u0103cute f\u0103r\u0103 \u00eent\u00e2rzieri, \u00een paralel cu investi\u021biile \u00een infrastructur\u0103 \u0219i serviciile publice.<\/p>\n<p class=\"wp-block-paragraph\"><strong><mark class=\"has-inline-color has-vivid-red-color\">\u201eBuz\u0103ul este unul dintre jude\u021bele puternic afectate de calamit\u0103\u021bi, iar problemele nu pot fi am\u00e2nate. Intervenim acolo unde este nevoie \u0219i, \u00een acela\u0219i timp, continu\u0103m investi\u021biile \u0219i m\u0103surile care \u00eembun\u0103t\u0103\u021besc serviciile publice pentru buzoieni\u201d,<\/mark><\/strong> a transmis pre\u0219edintele Consiliului Jude\u021bean Buz\u0103u.<\/p>\n<div class=\"post-bottom-meta post-bottom-tags post-tags-modern\">\n<div class=\"post-bottom-meta-title\"> Etichete<\/div>\n<p><span class=\"tagcloud\"><a href=\"https:\/\/gazetabuzoiana.ro\/tag\/alunecari-de-teren\/\" rel=\"tag\">alunec\u0103ri de teren<\/a><a href=\"https:\/\/gazetabuzoiana.ro\/tag\/buzau-2\/\" rel=\"tag\">Buz\u0103u<\/a><a href=\"https:\/\/gazetabuzoiana.ro\/tag\/calamitati\/\" rel=\"tag\">calamit\u0103\u021bi<\/a><a href=\"https:\/\/gazetabuzoiana.ro\/tag\/cardiologie\/\" rel=\"tag\">Cardiologie<\/a><a href=\"https:\/\/gazetabuzoiana.ro\/tag\/cj-buzau-2\/\" rel=\"tag\">CJ Buz\u0103u<\/a><a href=\"https:\/\/gazetabuzoiana.ro\/tag\/consiliul-judetean-buzau\/\" rel=\"tag\">Consiliul Jude\u021bean Buz\u0103u<\/a><a href=\"https:\/\/gazetabuzoiana.ro\/tag\/drumuri-judetene-2\/\" rel=\"tag\">drumuri jude\u021bene<\/a><a href=\"https:\/\/gazetabuzoiana.ro\/tag\/infrastructura-buzau\/\" rel=\"tag\">infrastructur\u0103 Buz\u0103u<\/a><a href=\"https:\/\/gazetabuzoiana.ro\/tag\/investitii-buzau-2\/\" rel=\"tag\">investi\u021bii Buz\u0103u<\/a><a href=\"https:\/\/gazetabuzoiana.ro\/tag\/linie-de-garda\/\" rel=\"tag\">linie de gard\u0103<\/a><a href=\"https:\/\/gazetabuzoiana.ro\/tag\/lucrari-drumuri-2\/\" rel=\"tag\">lucr\u0103ri drumuri<\/a><a href=\"https:\/\/gazetabuzoiana.ro\/tag\/marcel-ciolacu\/\" rel=\"tag\">marcel ciolacu<\/a><a href=\"https:\/\/gazetabuzoiana.ro\/tag\/spitalul-judetean-buzau\/\" rel=\"tag\">Spitalul Jude\u021bean Buz\u0103u<\/a><\/span><\/div>\n<\/div>\n<p>[analyse_source url=&#8221;https:\/\/gazetabuzoiana.ro\/2026\/08\/12\/cj-buzau-incepe-lucrarile-pe-drumurile-afectate-de-alunecari-de-teren-marcel-ciolacu-problemele-nu-pot-fi-amanate\/&#8221;]<\/p>\n","protected":false},"excerpt":{"rendered":"<p>[analyse_image type=&#8221;featured&#8221; src=&#8221;https:\/\/gazetabuzoiana.ro\/wp-content\/uploads\/2026\/05\/CJ-BUZAU.webp&#8221;] Consiliul Jude\u021bean Buz\u0103u a aprobat, mar\u021bi, \u00een \u0219edin\u021b\u0103 extraordinar\u0103, proiectele necesare pentru interven\u021biile pe drumurile jude\u021bene afectate de alunec\u0103ri de teren \u0219i alte calamit\u0103\u021bi. Proiectele au fost aprobate \u00een unanimitate, iar autorit\u0103\u021bile anun\u021b\u0103 c\u0103 lucr\u0103rile vor \u00eencepe \u00eentr-un timp scurt. Pre\u0219edintele CJ Buz\u0103u, Marcel Ciolacu, spune c\u0103, \u00eenainte de stabilirea lucr\u0103rilor \u0219i [&hellip;]<\/p>\n","protected":false},"author":1,"featured_media":0,"comment_status":"open","ping_status":"","sticky":false,"template":"","format":"standard","meta":{"footnotes":""},"categories":[2],"tags":[226,38],"class_list":["post-2090992","post","type-post","status-publish","format-standard","hentry","category-politics","tag-crawlmanager","tag-gazetabuzoiana-ro"],"_links":{"self":[{"href":"https:\/\/analyse.optim.biz\/index.php?rest_route=\/wp\/v2\/posts\/2090992","targetHints":{"allow":["GET"]}}],"collection":[{"href":"https:\/\/analyse.optim.biz\/index.php?rest_route=\/wp\/v2\/posts"}],"about":[{"href":"https:\/\/analyse.optim.biz\/index.php?rest_route=\/wp\/v2\/types\/post"}],"author":[{"embeddable":true,"href":"https:\/\/analyse.optim.biz\/index.php?rest_route=\/wp\/v2\/users\/1"}],"replies":[{"embeddable":true,"href":"https:\/\/analyse.optim.biz\/index.php?rest_route=%2Fwp%2Fv2%2Fcomments&post=2090992"}],"version-history":[{"count":0,"href":"https:\/\/analyse.optim.biz\/index.php?rest_route=\/wp\/v2\/posts\/2090992\/revisions"}],"wp:attachment":[{"href":"https:\/\/analyse.optim.biz\/index.php?rest_route=%2Fwp%2Fv2%2Fmedia&parent=2090992"}],"wp:term":[{"taxonomy":"category","embeddable":true,"href":"https:\/\/analyse.optim.biz\/index.php?rest_route=%2Fwp%2Fv2%2Fcategories&post=2090992"},{"taxonomy":"post_tag","embeddable":true,"href":"https:\/\/analyse.optim.biz\/index.php?rest_route=%2Fwp%2Fv2%2Ftags&post=2090992"}],"curies":[{"name":"wp","href":"https:\/\/api.w.org\/{rel}","templated":true}]}}