{"id":2090989,"date":"2026-08-12T19:05:26","date_gmt":"2026-08-12T16:05:26","guid":{"rendered":"https:\/\/analyse.optim.biz\/?p=2090989"},"modified":"2026-08-12T19:05:26","modified_gmt":"2026-08-12T16:05:26","slug":"ultima-ora-rosioru-trece-de-la-declaratii-la-fapte-a-initiat-proiect-de-hotarare-pentru-verificarea-la-cnsas-a-viitoriilor-cetateni-de-onoare-ai-buzaului","status":"publish","type":"post","link":"https:\/\/analyse.optim.biz\/?p=2090989","title":{"rendered":"ULTIMA OR\u0102 | Ro\u0219ioru trece de la declara\u021bii la fapte | A ini\u021biat proiect de hot\u0103r\u00e2re pentru verificarea la CNSAS a viitoriilor Cet\u0103\u021beni de Onoare ai Buz\u0103ului"},"content":{"rendered":"<p>[analyse_image type=&#8221;featured&#8221; src=&#8221;https:\/\/gazetabuzoiana.ro\/wp-content\/uploads\/2026\/06\/Silviu.jpeg&#8221;]<\/p>\n<div class=\"entry-content entry clearfix\">\n<p class=\"wp-block-paragraph\">Consilierul local PNL Silviu Ro\u0219ioru a trecut de la declara\u021bia f\u0103cut\u0103 \u00een ultima \u0219edin\u021b\u0103 a Consiliului Local Municipal la un proiect concret de hot\u0103r\u00e2re. El propune modificarea regulamentului privind acordarea titlului de \u201eCet\u0103\u021bean de Onoare al Municipiului Buz\u0103u\u201d, astfel \u00eenc\u00e2t, \u00eenainte de acordarea unei asemenea distinc\u021bii, persoana nominalizat\u0103 s\u0103 fie verificat\u0103 \u00een arhivele CNSAS. Proiectul va fi supus dezbaterii publice timp de 10 zile, urm\u00e2nd apoi s\u0103 ajung\u0103 \u00een \u0219edin\u021ba ordinar\u0103 a CLM Buz\u0103u din luna august.<\/p>\n<p class=\"wp-block-paragraph\">Demersul lui Silviu Ro\u0219ioru vine la mai pu\u021bin de dou\u0103 s\u0103pt\u0103m\u00e2ni dup\u0103 ce, \u00een \u0219edin\u021ba ordinar\u0103 a CLM Buz\u0103u din 30 iulie, consilierul liberal a cerut public ca acordarea titlului de Cet\u0103\u021bean de Onoare s\u0103 fie precedat\u0103 de o verificare la Consiliul Na\u021bional pentru Studierea Arhivelor Securit\u0103\u021bii.<\/p>\n<p class=\"wp-block-paragraph\">Discu\u021bia a ap\u0103rut \u00een contextul proiectului prin care fostul primar al Buz\u0103ului,  Vasile-Anton Moraru, urma s\u0103 primeasc\u0103 titlul de Cet\u0103\u021bean de Onoare al municipiului Buz\u0103u, propunere care a fost \u00een cele din urm\u0103 aprobat\u0103. Ro\u0219ioru a precizat atunci c\u0103 solicitarea sa nu \u00eel vizeaz\u0103 pe profesorul Moraru, ci reprezint\u0103 o propunere de principiu, care s\u0103 fie aplicat\u0103 tuturor persoanelor propuse \u00een viitor pentru aceast\u0103 distinc\u021bie.<\/p>\n<p class=\"wp-block-paragraph\">\u00cen esen\u021b\u0103, argumentul consilierului liberal a fost c\u0103, atunci c\u00e2nd municipiul Buz\u0103u acord\u0103 cea mai important\u0103 distinc\u021bie pe care o poate conferi unei persoane, trebuie s\u0103 existe \u0219i garan\u021bia c\u0103 trecutul acesteia nu con\u021bine elemente incompatibile cu o asemenea recunoa\u0219tere.<\/p>\n<p class=\"wp-block-paragraph\">Propunerea nu a fost acceptat\u0103 atunci de primarul Constantin Toma, \u00eens\u0103 Ro\u0219ioru nu a renun\u021bat la idee. Acum, propunerea sa apare sub forma unui proiect de hot\u0103r\u00e2re de modificare a regulamentului, depus, mar\u021bi, la Prim\u0103rie.<\/p>\n<p class=\"wp-block-paragraph\">Proiectul de hot\u0103r\u00e2re ini\u021biat de Silviu Ro\u0219ioru este supus procedurii de transparen\u021b\u0103 decizional\u0103, iar cet\u0103\u021benii \u0219i organiza\u021biile interesate pot transmite propuneri, sugestii sau opinii \u00een perioada stabilit\u0103 de municipalitate.<\/p>\n<p class=\"wp-block-paragraph\">Dup\u0103 \u00eencheierea perioadei de consultare public\u0103, proiectul urmeaz\u0103 s\u0103 fie introdus \u00een procedura de aprobare a CLM unde consilierii vor trebui s\u0103 decid\u0103 dac\u0103 o astfel de verificare trebuie s\u0103 devin\u0103 o etap\u0103 obligatorie \u00eenaintea acord\u0103rii titlului de \u201eCet\u0103\u021bean de Onoare\u201d.<\/p>\n<p class=\"wp-block-paragraph\">Cu alte cuvinte, ceea ce pe 30 iulie era o solicitare formulat\u0103 de la microfonul \u0219edin\u021bei CLM devine acum o propunere administrativ\u0103 care poate modifica efectiv regulile dup\u0103 care sunt acordate aceste distinc\u021bii.<\/p>\n<p class=\"wp-block-paragraph\">\u00cen contextul acestui demers exist\u0103 \u0219i un document oficial din arhiva CNSAS care \u00eel prive\u0219te chiar pe ini\u021biatorul proiectului.<\/p>\n<p class=\"wp-block-paragraph\">Potrivit Adeverin\u021bei CNSAS nr. 5631\/18.11.2014, emis\u0103 \u00een urma verific\u0103rii efectuate din oficiu asupra lui Ro\u0219ioru Silviu Lauren\u021biu, \u00een calitate de consilier local al municipiului Buz\u0103u, CNSAS a stabilit c\u0103 nu exist\u0103 date ori documente din care s\u0103 rezulte calitatea acestuia de lucr\u0103tor sau colaborator al Securit\u0103\u021bii, \u00een sensul legii.<\/p>\n<figure class=\"wp-block-image size-large\"><img decoding=\"async\" loading=\"lazy\" width=\"731\" height=\"1024\" src=\"https:\/\/gazetabuzoiana.ro\/wp-content\/uploads\/2026\/08\/rosioru-buna-731x1024.jpeg\" alt class=\"wp-image-22079\"><\/figure>\n<p class=\"wp-block-paragraph\">Documentul, emis de CNSAS la 13 ianuarie 2015, precizeaz\u0103 c\u0103 verificarea a fost f\u0103cut\u0103 pe baza materialelor aflate la dispozi\u021bia institu\u021biei \u0219i a procesului-verbal al \u0219edin\u021bei Colegiului CNSAS din 18 noiembrie 2014.<\/p>\n<p class=\"wp-block-paragraph\">Proiectul poate fi consultat \u00een anun\u021bul oficial al Prim\u0103riei Buz\u0103u <a href=\"https:\/\/primariabuzau.ro\/wp-content\/uploads\/2026\/08\/Anunt-public-pr-161.pdf?utm_source=chatgpt.com\">Anun\u021b public \u2013 Proiectul de hot\u0103r\u00e2re nr. 161<\/a><\/p>\n<div class=\"post-bottom-meta post-bottom-tags post-tags-modern\">\n<div class=\"post-bottom-meta-title\"> Etichete<\/div>\n<p><span class=\"tagcloud\"><a href=\"https:\/\/gazetabuzoiana.ro\/tag\/administratie-locala\/\" rel=\"tag\">administra\u021bie local\u0103<\/a><a href=\"https:\/\/gazetabuzoiana.ro\/tag\/arhivele-securitatii\/\" rel=\"tag\">arhivele Securit\u0103\u021bii<\/a><a href=\"https:\/\/gazetabuzoiana.ro\/tag\/cetatean-de-onoare-buzau-2\/\" rel=\"tag\">Cet\u0103\u021bean de Onoare Buz\u0103u<\/a><a href=\"https:\/\/gazetabuzoiana.ro\/tag\/clm-buzau-2\/\" rel=\"tag\">CLM BUz\u0103u<\/a><a href=\"https:\/\/gazetabuzoiana.ro\/tag\/cnsas\/\" rel=\"tag\">CNSAS<\/a><a href=\"https:\/\/gazetabuzoiana.ro\/tag\/consiliul-local-municipal-buzau\/\" rel=\"tag\">Consiliul Local Municipal Buz\u0103u<\/a><a href=\"https:\/\/gazetabuzoiana.ro\/tag\/constantin-toma\/\" rel=\"tag\">constantin toma<\/a><a href=\"https:\/\/gazetabuzoiana.ro\/tag\/pnl-buzau\/\" rel=\"tag\">PNL Buz\u0103u<\/a><a href=\"https:\/\/gazetabuzoiana.ro\/tag\/primaria-buzau\/\" rel=\"tag\">Prim\u0103ria Buz\u0103u<\/a><a href=\"https:\/\/gazetabuzoiana.ro\/tag\/proiect-de-hotarare\/\" rel=\"tag\">proiect de hot\u0103r\u00e2re<\/a><a href=\"https:\/\/gazetabuzoiana.ro\/tag\/securitate\/\" rel=\"tag\">Securitate<\/a><a href=\"https:\/\/gazetabuzoiana.ro\/tag\/silviu-rosioru-2\/\" rel=\"tag\">Silviu Ro\u0219ioru<\/a><a href=\"https:\/\/gazetabuzoiana.ro\/tag\/transparenta-decizionala-2\/\" rel=\"tag\">transparen\u021b\u0103 decizional\u0103<\/a><\/span><\/div>\n<\/div>\n<p>[analyse_source url=&#8221;https:\/\/gazetabuzoiana.ro\/2026\/08\/12\/rosioru-trece-de-la-declaratii-la-proiect-propune-verificarea-cnsas-pentru-viitorii-cetateni-de-onoare-ai-buzaului\/&#8221;]<\/p>\n","protected":false},"excerpt":{"rendered":"<p>[analyse_image type=&#8221;featured&#8221; src=&#8221;https:\/\/gazetabuzoiana.ro\/wp-content\/uploads\/2026\/06\/Silviu.jpeg&#8221;] Consilierul local PNL Silviu Ro\u0219ioru a trecut de la declara\u021bia f\u0103cut\u0103 \u00een ultima \u0219edin\u021b\u0103 a Consiliului Local Municipal la un proiect concret de hot\u0103r\u00e2re. El propune modificarea regulamentului privind acordarea titlului de \u201eCet\u0103\u021bean de Onoare al Municipiului Buz\u0103u\u201d, astfel \u00eenc\u00e2t, \u00eenainte de acordarea unei asemenea distinc\u021bii, persoana nominalizat\u0103 s\u0103 fie verificat\u0103 \u00een [&hellip;]<\/p>\n","protected":false},"author":1,"featured_media":0,"comment_status":"open","ping_status":"","sticky":false,"template":"","format":"standard","meta":{"footnotes":""},"categories":[2],"tags":[226,38],"class_list":["post-2090989","post","type-post","status-publish","format-standard","hentry","category-politics","tag-crawlmanager","tag-gazetabuzoiana-ro"],"_links":{"self":[{"href":"https:\/\/analyse.optim.biz\/index.php?rest_route=\/wp\/v2\/posts\/2090989","targetHints":{"allow":["GET"]}}],"collection":[{"href":"https:\/\/analyse.optim.biz\/index.php?rest_route=\/wp\/v2\/posts"}],"about":[{"href":"https:\/\/analyse.optim.biz\/index.php?rest_route=\/wp\/v2\/types\/post"}],"author":[{"embeddable":true,"href":"https:\/\/analyse.optim.biz\/index.php?rest_route=\/wp\/v2\/users\/1"}],"replies":[{"embeddable":true,"href":"https:\/\/analyse.optim.biz\/index.php?rest_route=%2Fwp%2Fv2%2Fcomments&post=2090989"}],"version-history":[{"count":0,"href":"https:\/\/analyse.optim.biz\/index.php?rest_route=\/wp\/v2\/posts\/2090989\/revisions"}],"wp:attachment":[{"href":"https:\/\/analyse.optim.biz\/index.php?rest_route=%2Fwp%2Fv2%2Fmedia&parent=2090989"}],"wp:term":[{"taxonomy":"category","embeddable":true,"href":"https:\/\/analyse.optim.biz\/index.php?rest_route=%2Fwp%2Fv2%2Fcategories&post=2090989"},{"taxonomy":"post_tag","embeddable":true,"href":"https:\/\/analyse.optim.biz\/index.php?rest_route=%2Fwp%2Fv2%2Ftags&post=2090989"}],"curies":[{"name":"wp","href":"https:\/\/api.w.org\/{rel}","templated":true}]}}