{"id":209096,"date":"2014-03-22T15:43:35","date_gmt":"2014-03-22T12:43:35","guid":{"rendered":"https:\/\/analyse.optim.biz\/?p=209096"},"modified":"2014-03-22T15:43:35","modified_gmt":"2014-03-22T12:43:35","slug":"crin-antonescu-despre-refacerea-usl-nu-pe-durata-vietii-mele-politice-sigur-sunt-acum-la-o-varsta","status":"publish","type":"post","link":"https:\/\/analyse.optim.biz\/?p=209096","title":{"rendered":"Crin Antonescu, despre refacerea USL: Nu pe durata vie\u0163ii mele politice. Sigur, sunt acum la o v\u00e2rst\u0103"},"content":{"rendered":"<div class=\"entry data-app-meta data-app-meta-article\" data-embed-base-url-canonical=\"https:\/\/www.digi24.ro\/embed\/stiri\/actualitate\/politica\/crin-antonescu-despre-refacerea-usl-nu-pe-durata-vietii-mele-politice-sigur-sunt-acum-la-o-varsta-218498\">\n<p data-index=\"1\">\u00a0<img decoding=\"async\" src=\"https:\/\/analyse.optim.biz\/wp-content\/uploads\/2024\/09\/ad0zothmmgi3n2mxzju1nzeynwmwmmjintixnzayzjawma-thumb_.jpg\" data-skip-htmlfix=\"1\" title=\"ad0zothmmgi3n2mxzju1nzeynwmwmmjintixnzayzjawma-thumb_\"><\/p>\n<p data-index=\"2\"><strong>Crin Antonescu<\/strong> a fost \u00eentrebat cine se face vinovat de ruperea USL \u015fi cine deconteaz\u0103 e\u015fecul acestui proiect.<\/p>\n<p data-index=\"3\">&#8220;Cred c\u0103 esen\u0163ial pentru e\u015fecul proiectului nu este at\u00e2t faptul c\u0103 PSD, pe fond, nu s-a schimbat fa\u0163\u0103 de 2004, ci c\u0103 Victor Ponta ca lider nou nu a putut sau nu a dorit s\u0103 foloseasc\u0103 \u015fi conjunctura \u015fi sprijinul extraordinar pe care eu \u015fi PNL l-am dat domnului Ponta, anume pentru a putea folosi for\u0163a acestui partid \u00eentr-o direc\u0163ie corect\u0103&#8221;, a afirmat pre\u015fedintele PNL.<\/p>\n<p data-index=\"4\">De asemenea, \u00eentrebat dac\u0103 ar fi posibil\u0103 refacerea USL, sus\u0163inut\u0103 de <strong>Victor Ponta<\/strong>, \u00eentr-un viitor apropriat, Antonescu a r\u0103spuns: &#8220;<strong>Nu, pe durata vie\u0163ii mele politice nu. Dar sigur c\u0103 sunt de acuma la o v\u00e2rst\u0103 (&#8230;) dar \u00een viziunea asta de operet\u0103 a domnului Ponta: hai c\u0103 facem tot ce se poate &#8211; \u015fi asta e normal, c\u0103 e competi\u0163ia &#8211; poate c\u0103 \u00ee\u015fi rup g\u00e2tul liberalii la europarlamentare \u015fi vin \u00eenapoi cu coada \u00eentre picioare&#8230; \u015ei dac\u0103 s-ar \u00eent\u00e2mpla, ceea este imposibil, tot nu ar fi refacerea unui mare proiect<\/strong>&#8220;, a mai spus Antonescu.<\/p>\n<\/div>\n<p> Source URL: https:\/\/www.digi24.ro\/stiri\/actualitate\/politica\/crin-antonescu-despre-refacerea-usl-nu-pe-durata-vietii-mele-politice-sigur-sunt-acum-la-o-varsta-218498<\/p>\n","protected":false},"excerpt":{"rendered":"<p>\u00a0 Crin Antonescu a fost \u00eentrebat cine se face vinovat de ruperea USL \u015fi cine deconteaz\u0103 e\u015fecul acestui proiect. &#8220;Cred c\u0103 esen\u0163ial pentru e\u015fecul proiectului nu este at\u00e2t faptul c\u0103 PSD, pe fond, nu s-a schimbat fa\u0163\u0103 de 2004, ci c\u0103 Victor Ponta ca lider nou nu a putut sau nu a dorit s\u0103 foloseasc\u0103 [&hellip;]<\/p>\n","protected":false},"author":1,"featured_media":209097,"comment_status":"open","ping_status":"","sticky":false,"template":"","format":"standard","meta":{"footnotes":""},"categories":[2],"tags":[11],"class_list":["post-209096","post","type-post","status-publish","format-standard","has-post-thumbnail","hentry","category-politics","tag-digi24"],"_links":{"self":[{"href":"https:\/\/analyse.optim.biz\/index.php?rest_route=\/wp\/v2\/posts\/209096","targetHints":{"allow":["GET"]}}],"collection":[{"href":"https:\/\/analyse.optim.biz\/index.php?rest_route=\/wp\/v2\/posts"}],"about":[{"href":"https:\/\/analyse.optim.biz\/index.php?rest_route=\/wp\/v2\/types\/post"}],"author":[{"embeddable":true,"href":"https:\/\/analyse.optim.biz\/index.php?rest_route=\/wp\/v2\/users\/1"}],"replies":[{"embeddable":true,"href":"https:\/\/analyse.optim.biz\/index.php?rest_route=%2Fwp%2Fv2%2Fcomments&post=209096"}],"version-history":[{"count":0,"href":"https:\/\/analyse.optim.biz\/index.php?rest_route=\/wp\/v2\/posts\/209096\/revisions"}],"wp:featuredmedia":[{"embeddable":true,"href":"https:\/\/analyse.optim.biz\/index.php?rest_route=\/wp\/v2\/media\/209097"}],"wp:attachment":[{"href":"https:\/\/analyse.optim.biz\/index.php?rest_route=%2Fwp%2Fv2%2Fmedia&parent=209096"}],"wp:term":[{"taxonomy":"category","embeddable":true,"href":"https:\/\/analyse.optim.biz\/index.php?rest_route=%2Fwp%2Fv2%2Fcategories&post=209096"},{"taxonomy":"post_tag","embeddable":true,"href":"https:\/\/analyse.optim.biz\/index.php?rest_route=%2Fwp%2Fv2%2Ftags&post=209096"}],"curies":[{"name":"wp","href":"https:\/\/api.w.org\/{rel}","templated":true}]}}