{"id":209090,"date":"2014-03-23T21:25:02","date_gmt":"2014-03-23T18:25:02","guid":{"rendered":"https:\/\/analyse.optim.biz\/?p=209090"},"modified":"2014-03-23T21:25:02","modified_gmt":"2014-03-23T18:25:02","slug":"victor-ponta-am-intors-de-fiecare-data-obrazul-la-extremism-si-a-fost-vazut-ca-un-semn-de-slabiciune","status":"publish","type":"post","link":"https:\/\/analyse.optim.biz\/?p=209090","title":{"rendered":"Victor Ponta: Am \u00eentors de fiecare dat\u0103 obrazul la extremism \u015fi a fost v\u0103zut ca un semn de sl\u0103biciune"},"content":{"rendered":"<div class=\"entry data-app-meta data-app-meta-article\" data-embed-base-url-canonical=\"https:\/\/www.digi24.ro\/embed\/stiri\/actualitate\/politica\/victor-ponta-am-intors-de-fiecare-data-obrazul-la-extremism-si-a-fost-vazut-ca-un-semn-de-slabiciune-218759\">\n<p data-index=\"1\"><img decoding=\"async\" src=\"https:\/\/analyse.optim.biz\/wp-content\/uploads\/2024\/09\/yzvhogm3ndq0ytc4ytc4oduwmzm0mdaym2e-thumb_.jpg\" data-skip-htmlfix=\"1\" title=\"yzvhogm3ndq0ytc4ytc4oduwmzm0mdaym2e-thumb_\"><\/p>\n<p data-index=\"2\">Primul ministru a precizat, la<a href=\"http:\/\/www.antena3.ro\/\" target=\"_blank\" data-skip-linkfix=\"1\" rel=\"noopener\"><strong> un post de televiziune<\/strong><\/a>, c\u0103 strategia Rom\u00e2niei va fi aceea a unei atitudini ferme \u00een cazul probemelor grave \u015fi de sprijin a celor modera\u0163i.<\/p>\n<p data-index=\"3\">Patru cet\u0103\u0163eni ungari, printre care doi membri Jobbik, unul fiind Szavay Istvan, au interdic\u0163ie de a intra \u00een Rom\u00e2nia timp de un an, a anun\u0163at luni sear\u0103 purt\u0103torul de cuv\u00e2nt al MAI, Monica Dajbog.<\/p>\n<p data-index=\"4\">Cei patru sunt <strong>Tyirity\u00e1n Zsolt<\/strong> &#8211; membru al organiza\u021biei \u201eOastea Haiducilor\u201d, <strong>Zagyva Gyorgy Gyula<\/strong> &#8211; membru <strong>Jobbik<\/strong> \u015fi al Mi\u015fc\u0103rii de Tineret din cele 64 de Comitate HVIM, <strong>Szavay Istvan<\/strong> &#8211; membru Jobbik \u015fi <strong>Mikola Bela<\/strong> &#8211; membru al organiza\u021biei \u201eNoua Gard\u0103 Ungar\u0103\u201d, fa\u021b\u0103 de care organele competente au sesizat Curtea de Apel Bucure\u0219ti, \u00een vederea declar\u0103rii acestuia ca indezirabil,a precizat Dajbog.<\/p>\n<p data-index=\"5\">Interdic\u0163ia dat\u0103 celor patru a fost dispus\u0103 <strong>\u201ecu scopul pre\u00eent\u00e2mpin\u0103rii producerii unor evenimente de natur\u0103 a afecta grav ordinea public\u0103 pe teritoriul Rom\u00e2niei\u201d<\/strong>, a mai spus Dajbog.<\/p>\n<p data-index=\"6\">Pre\u015fedintele<strong> Traian B\u0103sescu<\/strong> le-a transmis, \u00een 13 martie, un mesaj politicienilor maghiari care se anun\u0163\u0103 \u00een num\u0103r mare \u00een Rom\u00e2nia \u00een urm\u0103toarele zile, c\u0103 \u201eoricine poate fi cu u\u015furin\u0163\u0103 expulzat \u00een plin sejur de pe teritoriul Rom\u00e2niei, dac\u0103 nu respect\u0103 legile \u015fi Constitu\u0163ia\u201d.<\/p>\n<p data-index=\"7\">\u015eeful statului i-a avertizat pe politicienii maghiari \u201es\u0103 aib\u0103 \u00een vedere c\u0103 statul rom\u00e2n nu va tolera mesaje care s\u0103 contravin\u0103 Constitu\u0163iei Rom\u00e2niei\u201d.<\/p>\n<p data-index=\"8\">\u00cen 10 martie, aproximativ 4.000 de persoane au participat la comemorarea secuilor uci\u015fi \u00een 1854, organizat\u0103 la T\u00e2rgu Mure\u015f, CNS cer\u00e2nd autonomia <strong>\u0162inutului Secuiesc<\/strong>, dar \u015fi \u00eenceperea unui dialog cu noul guvern privind statutul regiunii. \u00a0<\/p>\n<\/div>\n<p> Source URL: https:\/\/www.digi24.ro\/stiri\/actualitate\/politica\/victor-ponta-am-intors-de-fiecare-data-obrazul-la-extremism-si-a-fost-vazut-ca-un-semn-de-slabiciune-218759<\/p>\n","protected":false},"excerpt":{"rendered":"<p>Primul ministru a precizat, la un post de televiziune, c\u0103 strategia Rom\u00e2niei va fi aceea a unei atitudini ferme \u00een cazul probemelor grave \u015fi de sprijin a celor modera\u0163i. Patru cet\u0103\u0163eni ungari, printre care doi membri Jobbik, unul fiind Szavay Istvan, au interdic\u0163ie de a intra \u00een Rom\u00e2nia timp de un an, a anun\u0163at luni [&hellip;]<\/p>\n","protected":false},"author":1,"featured_media":209091,"comment_status":"open","ping_status":"","sticky":false,"template":"","format":"standard","meta":{"footnotes":""},"categories":[2],"tags":[11],"class_list":["post-209090","post","type-post","status-publish","format-standard","has-post-thumbnail","hentry","category-politics","tag-digi24"],"_links":{"self":[{"href":"https:\/\/analyse.optim.biz\/index.php?rest_route=\/wp\/v2\/posts\/209090","targetHints":{"allow":["GET"]}}],"collection":[{"href":"https:\/\/analyse.optim.biz\/index.php?rest_route=\/wp\/v2\/posts"}],"about":[{"href":"https:\/\/analyse.optim.biz\/index.php?rest_route=\/wp\/v2\/types\/post"}],"author":[{"embeddable":true,"href":"https:\/\/analyse.optim.biz\/index.php?rest_route=\/wp\/v2\/users\/1"}],"replies":[{"embeddable":true,"href":"https:\/\/analyse.optim.biz\/index.php?rest_route=%2Fwp%2Fv2%2Fcomments&post=209090"}],"version-history":[{"count":0,"href":"https:\/\/analyse.optim.biz\/index.php?rest_route=\/wp\/v2\/posts\/209090\/revisions"}],"wp:featuredmedia":[{"embeddable":true,"href":"https:\/\/analyse.optim.biz\/index.php?rest_route=\/wp\/v2\/media\/209091"}],"wp:attachment":[{"href":"https:\/\/analyse.optim.biz\/index.php?rest_route=%2Fwp%2Fv2%2Fmedia&parent=209090"}],"wp:term":[{"taxonomy":"category","embeddable":true,"href":"https:\/\/analyse.optim.biz\/index.php?rest_route=%2Fwp%2Fv2%2Fcategories&post=209090"},{"taxonomy":"post_tag","embeddable":true,"href":"https:\/\/analyse.optim.biz\/index.php?rest_route=%2Fwp%2Fv2%2Ftags&post=209090"}],"curies":[{"name":"wp","href":"https:\/\/api.w.org\/{rel}","templated":true}]}}