{"id":209079,"date":"2014-03-23T22:23:25","date_gmt":"2014-03-23T19:23:25","guid":{"rendered":"https:\/\/analyse.optim.biz\/?p=209079"},"modified":"2014-03-23T22:23:25","modified_gmt":"2014-03-23T19:23:25","slug":"mircea-geoana-pe-daciana-sarbu-eu-am-pus-o-pe-lista-psd-pentru-europarlamentare-in-2009","status":"publish","type":"post","link":"https:\/\/analyse.optim.biz\/?p=209079","title":{"rendered":"Mircea Geoan\u0103: Pe Daciana S\u00e2rbu eu am pus-o pe lista PSD pentru europarlamentare \u00een 2009"},"content":{"rendered":"<div class=\"entry data-app-meta data-app-meta-article\" data-embed-base-url-canonical=\"https:\/\/www.digi24.ro\/embed\/stiri\/actualitate\/politica\/mircea-geoana-pe-daciana-sarbu-eu-am-pus-o-pe-lista-psd-pentru-europarlamentare-in-2009-218764\">\n<p data-index=\"1\">Mircea Geoan\u0103, \u00eenalt Reprezentant al premierului pentru diploma\u021bie public\u0103, a comentat faptul c\u0103, la aproape toate partidele, pe listele pentru alegerile europarlamentare din 25 mai figureaz\u0103, pe locuri eligibile, so\u021bii \u0219i fiice ale liderilor acestor forma\u021biuni.<\/p>\n<p data-index=\"2\">\u201e<span>Poate c\u0103 este bine ca acest gen de rela\u021bii s\u0103 nu devin\u0103 o regul\u0103, dar cred c\u0103 Daciana S\u00e2rbu sau Adina V\u0103lean au demonstrat, \u00een cei cinci ani de mandat, c\u0103 sunt europarlamentari foarte buni. Sunt \u0219i alte colege care fac o figur\u0103 foarte bun\u0103\u201d, a spus el.<\/span><\/p>\n<p data-index=\"3\">\u201e<span>Nu am avut nicio ezitare \u00een 2009 s-o pun pe Daciana pe list\u0103, e adev\u0103rat c\u0103 nu la rug\u0103mintea lui Victor, ci la rug\u0103mintea lui Ilie S\u00e2rbu\u201d, tat\u0103l Dacianei S\u00e2rbu, a ad\u0103ugat Mircea Geoan\u0103.<\/span><\/p>\n<\/div>\n<p> Source URL: https:\/\/www.digi24.ro\/stiri\/actualitate\/politica\/mircea-geoana-pe-daciana-sarbu-eu-am-pus-o-pe-lista-psd-pentru-europarlamentare-in-2009-218764<\/p>\n","protected":false},"excerpt":{"rendered":"<p>Mircea Geoan\u0103, \u00eenalt Reprezentant al premierului pentru diploma\u021bie public\u0103, a comentat faptul c\u0103, la aproape toate partidele, pe listele pentru alegerile europarlamentare din 25 mai figureaz\u0103, pe locuri eligibile, so\u021bii \u0219i fiice ale liderilor acestor forma\u021biuni. \u201ePoate c\u0103 este bine ca acest gen de rela\u021bii s\u0103 nu devin\u0103 o regul\u0103, dar cred c\u0103 Daciana S\u00e2rbu [&hellip;]<\/p>\n","protected":false},"author":1,"featured_media":209080,"comment_status":"open","ping_status":"","sticky":false,"template":"","format":"standard","meta":{"footnotes":""},"categories":[2],"tags":[11],"class_list":["post-209079","post","type-post","status-publish","format-standard","has-post-thumbnail","hentry","category-politics","tag-digi24"],"_links":{"self":[{"href":"https:\/\/analyse.optim.biz\/index.php?rest_route=\/wp\/v2\/posts\/209079","targetHints":{"allow":["GET"]}}],"collection":[{"href":"https:\/\/analyse.optim.biz\/index.php?rest_route=\/wp\/v2\/posts"}],"about":[{"href":"https:\/\/analyse.optim.biz\/index.php?rest_route=\/wp\/v2\/types\/post"}],"author":[{"embeddable":true,"href":"https:\/\/analyse.optim.biz\/index.php?rest_route=\/wp\/v2\/users\/1"}],"replies":[{"embeddable":true,"href":"https:\/\/analyse.optim.biz\/index.php?rest_route=%2Fwp%2Fv2%2Fcomments&post=209079"}],"version-history":[{"count":0,"href":"https:\/\/analyse.optim.biz\/index.php?rest_route=\/wp\/v2\/posts\/209079\/revisions"}],"wp:featuredmedia":[{"embeddable":true,"href":"https:\/\/analyse.optim.biz\/index.php?rest_route=\/wp\/v2\/media\/209080"}],"wp:attachment":[{"href":"https:\/\/analyse.optim.biz\/index.php?rest_route=%2Fwp%2Fv2%2Fmedia&parent=209079"}],"wp:term":[{"taxonomy":"category","embeddable":true,"href":"https:\/\/analyse.optim.biz\/index.php?rest_route=%2Fwp%2Fv2%2Fcategories&post=209079"},{"taxonomy":"post_tag","embeddable":true,"href":"https:\/\/analyse.optim.biz\/index.php?rest_route=%2Fwp%2Fv2%2Ftags&post=209079"}],"curies":[{"name":"wp","href":"https:\/\/api.w.org\/{rel}","templated":true}]}}