{"id":2090785,"date":"2026-08-12T09:31:53","date_gmt":"2026-08-12T06:31:53","guid":{"rendered":"https:\/\/analyse.optim.biz\/?p=2090785"},"modified":"2026-08-12T09:31:53","modified_gmt":"2026-08-12T06:31:53","slug":"reactia-savuroasa-a-antrenoarei-stefaniei-uta-dupa-aurul-de-la-mondialul-u-20-ce-facusi-mama-mi-le-batusi-ca-la-nationale","status":"publish","type":"post","link":"https:\/\/analyse.optim.biz\/?p=2090785","title":{"rendered":"Reac\u021bia savuroas\u0103 a antrenoarei \u0218tefaniei U\u021b\u0103 dup\u0103 aurul de la Mondialul U 20: \u201dCe f\u0103cu\u0219i, mam\u0103? Mi le b\u0103tu\u0219i ca la Na\u021bionale\u201d"},"content":{"rendered":"<p>[analyse_image type=&#8221;featured&#8221; src=&#8221;https:\/\/www.impactreal.ro\/wp-content\/uploads\/2025\/12\/Uta-si-Enescu-e1767373411184.jpg&#8221;]<\/p>\n<div class=\"single-news-content\">\n<div class=\"news-image\"><img loading=\"lazy\" decoding=\"async\" width=\"840\" height=\"472\" src=\"https:\/\/www.impactreal.ro\/wp-content\/uploads\/2025\/12\/Uta-si-Enescu-e1786529312364.jpg\" class=\"img-responsive wp-post-image\" alt=\"Reac\u021bia savuroas\u0103 a antrenoarei \u0218tefaniei U\u021b\u0103 dup\u0103 aurul de la Mondialul U 20: \u201dCe f\u0103cu\u0219i, mam\u0103? Mi le b\u0103tu\u0219i ca la Na\u021bionale\u201d\"><\/div>\n<div class=\"news-detail clearfix\">\n<div class=\"entry-meta\"><span class=\"posted-date\"><a href=\"https:\/\/www.impactreal.ro\/2026\/08\/12\/reactia-savuroasa-a-antrenoarea-stefaniei-uta-dupa-performanta-de-la-mondialul-u-20-ce-facusi-mama-mi-le-batusi-ca-la-nationale\/\" rel=\"bookmark\"><time class=\"entry-date published\" datetime=\"2026-08-12T12:31:53+03:00\">12 august 2026<\/time><time class=\"updated\" datetime=\"2026-08-12T12:32:08+03:00\">12 august 2026<\/time><\/a><\/span><span class=\"author vcard\"><a href=\"https:\/\/www.impactreal.ro\/author\/adi-georgescu\/\">Adi Georgescu<\/a><\/span><span class=\"cat-links\"><a href=\"https:\/\/www.impactreal.ro\/category\/sport\/\" rel=\"category tag\">Sport<\/a><\/span><\/div>\n<div class=\"news-content editor-content-entry\">\n<p><strong>Antrenoarea de la CS V\u00e2lcea 1924, Alina Enescu (53 de ani) consider\u0103 c\u0103 greul abia \u00eencepe pentru \u0218tefania U\u021b\u0103, noua \u201dperl\u0103\u201d a atletismului rom\u00e2nesc, care a adus aurul \u00een proba de 400 metri garduri la Campionatul Mondial U 20 din SUA.\u00a0<\/strong><\/p>\n<p>Alina Enescu a povestit momentul de dup\u0103 finala la U 20, c\u00e2nd i-a transmis elevei sale un mesaj \u00een stilul caracteristic.<\/p>\n<p><strong>\u201d<em>Pentru \u0218tefania, din punctul meu de vedere, atletismul de-abia acum \u00eencepe, dup\u0103 acest titlu mondial. <\/em><\/strong><em><strong>P\u00e2n\u0103 acum, a fost o joac\u0103 de juniori. Ne preg\u0103tim pentru Los Angeles, care e doar un pas pentru viitorul ei. <\/strong><strong>Sper s\u0103 confirme cu o medalie \u00een 2032. \u00ce<\/strong><strong>mpreun\u0103 ne propunem doar aurul, a fost cu emo\u021bii. <\/strong><\/em><strong><em>Ca s\u0103 fac o glumi\u021b\u0103, dup\u0103 ce s-a terminat cursa, oltene\u0219te, i-am zis: \u2019\u0218tefania, te adusei p\u00e2n\u0103 la Oregon din Oltenia la Campionatul Mondial \u0219i ce f\u0103cu\u0219i, mam\u0103? Mi le b\u0103tu\u0219i ca la Campionatele Na\u021bionale ale Rom\u00e2niei<\/em>\u2019 <\/strong>a spus la Digi Sport antrenoarea <strong>Alina Enescu,<\/strong> cea care este \u0219i coordonatoarea sec\u021biei de atletism a clubului <strong>CS V\u00e2lcea 1924.<\/strong><\/p>\n<p>Preg\u0103tirea pentru competi\u021bia din Statele Unite ale Americii nu a \u00eenceput \u00een ultimele luni, ci reprezint\u0103 rezultatul unei munci desf\u0103\u0219urate pe parcursul mai multor ani.<\/p>\n<p><strong>\u201d<em>Noi n-avem luni de preg\u0103tire, noi muncim pentru aceast\u0103 medalie din 2021 \u00een fiecare zi, cu mici pauze de recuperare activ\u0103. <\/em><\/strong><em><strong>Noi nu st\u0103m niciodat\u0103, noi nu avem vacan\u021be. <\/strong><strong>I-am promis c\u0103 dac\u0103 iese campioan\u0103 mondial\u0103, vin cu ciocate \u0219i cu p\u0103l\u0103rie de cowboy \u0219i pe cal, dar pe cal a fost mai greu a\u0219a c\u0103 am venit cu avionul. <\/strong><strong>Nu m-am a\u0219teptat la a\u0219a ceva. Chiar ea a dat un interviu \u00een englez\u0103 dup\u0103 c\u0103 dac\u0103 ar fi avut pe cineva pe l\u00e2ng\u0103 ea, probabil ar fi alergat mult mai tare<\/strong><\/em><strong>\u201d<\/strong>, a mai precizat antrenoarea.<\/p>\n<p>Un alt obiectiv al antrenoarei este ca <strong>\u0218tefania U\u021b\u0103<\/strong> s\u0103 continue tradi\u021bia atletelor rom\u00e2ne care au f\u0103cut performan\u021b\u0103 \u00een proba de 400 de metri garduri.<\/p>\n<p>Pentru perioada urm\u0103toare, <strong>Alina Enescu<\/strong> vrea s\u0103-i ofere \u0218tefaniei oportunitatea de a concura \u00eempotriva unor adversare mai experimentate. Antrenoarea i-a transmis managerului sportivei s\u0103 caute \u00eenc\u0103 una sau dou\u0103 competi\u021bii \u00een care \u0218tefi\u00a0 s\u0103 poat\u0103 concura la nivel de senioare.<\/p>\n<p>\u00a0<\/p>\n<\/div>\n<\/div>\n<\/div>\n<div class=\"news-content editor-content-entry\">\n<p><strong>Antrenoarea de la CS V\u00e2lcea 1924, Alina Enescu (53 de ani) consider\u0103 c\u0103 greul abia \u00eencepe pentru \u0218tefania U\u021b\u0103, noua \u201dperl\u0103\u201d a atletismului rom\u00e2nesc, care a adus aurul \u00een proba de 400 metri garduri la Campionatul Mondial U 20 din SUA.\u00a0<\/strong><\/p>\n<p>Alina Enescu a povestit momentul de dup\u0103 finala la U 20, c\u00e2nd i-a transmis elevei sale un mesaj \u00een stilul caracteristic.<\/p>\n<p><strong>\u201d<em>Pentru \u0218tefania, din punctul meu de vedere, atletismul de-abia acum \u00eencepe, dup\u0103 acest titlu mondial. <\/em><\/strong><em><strong>P\u00e2n\u0103 acum, a fost o joac\u0103 de juniori. Ne preg\u0103tim pentru Los Angeles, care e doar un pas pentru viitorul ei. <\/strong><strong>Sper s\u0103 confirme cu o medalie \u00een 2032. \u00ce<\/strong><strong>mpreun\u0103 ne propunem doar aurul, a fost cu emo\u021bii. <\/strong><\/em><strong><em>Ca s\u0103 fac o glumi\u021b\u0103, dup\u0103 ce s-a terminat cursa, oltene\u0219te, i-am zis: \u2019\u0218tefania, te adusei p\u00e2n\u0103 la Oregon din Oltenia la Campionatul Mondial \u0219i ce f\u0103cu\u0219i, mam\u0103? Mi le b\u0103tu\u0219i ca la Campionatele Na\u021bionale ale Rom\u00e2niei<\/em>\u2019 <\/strong>a spus la Digi Sport antrenoarea <strong>Alina Enescu,<\/strong> cea care este \u0219i coordonatoarea sec\u021biei de atletism a clubului <strong>CS V\u00e2lcea 1924.<\/strong><\/p>\n<p>Preg\u0103tirea pentru competi\u021bia din Statele Unite ale Americii nu a \u00eenceput \u00een ultimele luni, ci reprezint\u0103 rezultatul unei munci desf\u0103\u0219urate pe parcursul mai multor ani.<\/p>\n<p><strong>\u201d<em>Noi n-avem luni de preg\u0103tire, noi muncim pentru aceast\u0103 medalie din 2021 \u00een fiecare zi, cu mici pauze de recuperare activ\u0103. <\/em><\/strong><em><strong>Noi nu st\u0103m niciodat\u0103, noi nu avem vacan\u021be. <\/strong><strong>I-am promis c\u0103 dac\u0103 iese campioan\u0103 mondial\u0103, vin cu ciocate \u0219i cu p\u0103l\u0103rie de cowboy \u0219i pe cal, dar pe cal a fost mai greu a\u0219a c\u0103 am venit cu avionul. <\/strong><strong>Nu m-am a\u0219teptat la a\u0219a ceva. Chiar ea a dat un interviu \u00een englez\u0103 dup\u0103 c\u0103 dac\u0103 ar fi avut pe cineva pe l\u00e2ng\u0103 ea, probabil ar fi alergat mult mai tare<\/strong><\/em><strong>\u201d<\/strong>, a mai precizat antrenoarea.<\/p>\n<p>Un alt obiectiv al antrenoarei este ca <strong>\u0218tefania U\u021b\u0103<\/strong> s\u0103 continue tradi\u021bia atletelor rom\u00e2ne care au f\u0103cut performan\u021b\u0103 \u00een proba de 400 de metri garduri.<\/p>\n<p>Pentru perioada urm\u0103toare, <strong>Alina Enescu<\/strong> vrea s\u0103-i ofere \u0218tefaniei oportunitatea de a concura \u00eempotriva unor adversare mai experimentate. Antrenoarea i-a transmis managerului sportivei s\u0103 caute \u00eenc\u0103 una sau dou\u0103 competi\u021bii \u00een care \u0218tefi\u00a0 s\u0103 poat\u0103 concura la nivel de senioare.<\/p>\n<p>\u00a0<\/p>\n<\/div>\n<div class=\"news-content editor-content-entry\">\n<p><strong>Antrenoarea de la CS V\u00e2lcea 1924, Alina Enescu (53 de ani) consider\u0103 c\u0103 greul abia \u00eencepe pentru \u0218tefania U\u021b\u0103, noua \u201dperl\u0103\u201d a atletismului rom\u00e2nesc, care a adus aurul \u00een proba de 400 metri garduri la Campionatul Mondial U 20 din SUA.\u00a0<\/strong><\/p>\n<p>Alina Enescu a povestit momentul de dup\u0103 finala la U 20, c\u00e2nd i-a transmis elevei sale un mesaj \u00een stilul caracteristic.<\/p>\n<p><strong>\u201d<em>Pentru \u0218tefania, din punctul meu de vedere, atletismul de-abia acum \u00eencepe, dup\u0103 acest titlu mondial. <\/em><\/strong><em><strong>P\u00e2n\u0103 acum, a fost o joac\u0103 de juniori. Ne preg\u0103tim pentru Los Angeles, care e doar un pas pentru viitorul ei. <\/strong><strong>Sper s\u0103 confirme cu o medalie \u00een 2032. \u00ce<\/strong><strong>mpreun\u0103 ne propunem doar aurul, a fost cu emo\u021bii. <\/strong><\/em><strong><em>Ca s\u0103 fac o glumi\u021b\u0103, dup\u0103 ce s-a terminat cursa, oltene\u0219te, i-am zis: \u2019\u0218tefania, te adusei p\u00e2n\u0103 la Oregon din Oltenia la Campionatul Mondial \u0219i ce f\u0103cu\u0219i, mam\u0103? Mi le b\u0103tu\u0219i ca la Campionatele Na\u021bionale ale Rom\u00e2niei<\/em>\u2019 <\/strong>a spus la Digi Sport antrenoarea <strong>Alina Enescu,<\/strong> cea care este \u0219i coordonatoarea sec\u021biei de atletism a clubului <strong>CS V\u00e2lcea 1924.<\/strong><\/p>\n<p>Preg\u0103tirea pentru competi\u021bia din Statele Unite ale Americii nu a \u00eenceput \u00een ultimele luni, ci reprezint\u0103 rezultatul unei munci desf\u0103\u0219urate pe parcursul mai multor ani.<\/p>\n<p><strong>\u201d<em>Noi n-avem luni de preg\u0103tire, noi muncim pentru aceast\u0103 medalie din 2021 \u00een fiecare zi, cu mici pauze de recuperare activ\u0103. <\/em><\/strong><em><strong>Noi nu st\u0103m niciodat\u0103, noi nu avem vacan\u021be. <\/strong><strong>I-am promis c\u0103 dac\u0103 iese campioan\u0103 mondial\u0103, vin cu ciocate \u0219i cu p\u0103l\u0103rie de cowboy \u0219i pe cal, dar pe cal a fost mai greu a\u0219a c\u0103 am venit cu avionul. <\/strong><strong>Nu m-am a\u0219teptat la a\u0219a ceva. Chiar ea a dat un interviu \u00een englez\u0103 dup\u0103 c\u0103 dac\u0103 ar fi avut pe cineva pe l\u00e2ng\u0103 ea, probabil ar fi alergat mult mai tare<\/strong><\/em><strong>\u201d<\/strong>, a mai precizat antrenoarea.<\/p>\n<p>Un alt obiectiv al antrenoarei este ca <strong>\u0218tefania U\u021b\u0103<\/strong> s\u0103 continue tradi\u021bia atletelor rom\u00e2ne care au f\u0103cut performan\u021b\u0103 \u00een proba de 400 de metri garduri.<\/p>\n<p>Pentru perioada urm\u0103toare, <strong>Alina Enescu<\/strong> vrea s\u0103-i ofere \u0218tefaniei oportunitatea de a concura \u00eempotriva unor adversare mai experimentate. Antrenoarea i-a transmis managerului sportivei s\u0103 caute \u00eenc\u0103 una sau dou\u0103 competi\u021bii \u00een care \u0218tefi\u00a0 s\u0103 poat\u0103 concura la nivel de senioare.<\/p>\n<p>\u00a0<\/p>\n<\/div>\n<p>[analyse_source url=&#8221;https:\/\/www.impactreal.ro\/2026\/08\/12\/reactia-savuroasa-a-antrenoarea-stefaniei-uta-dupa-performanta-de-la-mondialul-u-20-ce-facusi-mama-mi-le-batusi-ca-la-nationale\/&#8221;]<\/p>\n","protected":false},"excerpt":{"rendered":"<p>[analyse_image type=&#8221;featured&#8221; src=&#8221;https:\/\/www.impactreal.ro\/wp-content\/uploads\/2025\/12\/Uta-si-Enescu-e1767373411184.jpg&#8221;] 12 august 202612 august 2026Adi GeorgescuSport Antrenoarea de la CS V\u00e2lcea 1924, Alina Enescu (53 de ani) consider\u0103 c\u0103 greul abia \u00eencepe pentru \u0218tefania U\u021b\u0103, noua \u201dperl\u0103\u201d a atletismului rom\u00e2nesc, care a adus aurul \u00een proba de 400 metri garduri la Campionatul Mondial U 20 din SUA.\u00a0 Alina Enescu a povestit momentul [&hellip;]<\/p>\n","protected":false},"author":1,"featured_media":0,"comment_status":"open","ping_status":"","sticky":false,"template":"","format":"standard","meta":{"footnotes":""},"categories":[89],"tags":[226,212],"class_list":["post-2090785","post","type-post","status-publish","format-standard","hentry","category-romania","tag-crawlmanager","tag-impactreal-ro"],"_links":{"self":[{"href":"https:\/\/analyse.optim.biz\/index.php?rest_route=\/wp\/v2\/posts\/2090785","targetHints":{"allow":["GET"]}}],"collection":[{"href":"https:\/\/analyse.optim.biz\/index.php?rest_route=\/wp\/v2\/posts"}],"about":[{"href":"https:\/\/analyse.optim.biz\/index.php?rest_route=\/wp\/v2\/types\/post"}],"author":[{"embeddable":true,"href":"https:\/\/analyse.optim.biz\/index.php?rest_route=\/wp\/v2\/users\/1"}],"replies":[{"embeddable":true,"href":"https:\/\/analyse.optim.biz\/index.php?rest_route=%2Fwp%2Fv2%2Fcomments&post=2090785"}],"version-history":[{"count":0,"href":"https:\/\/analyse.optim.biz\/index.php?rest_route=\/wp\/v2\/posts\/2090785\/revisions"}],"wp:attachment":[{"href":"https:\/\/analyse.optim.biz\/index.php?rest_route=%2Fwp%2Fv2%2Fmedia&parent=2090785"}],"wp:term":[{"taxonomy":"category","embeddable":true,"href":"https:\/\/analyse.optim.biz\/index.php?rest_route=%2Fwp%2Fv2%2Fcategories&post=2090785"},{"taxonomy":"post_tag","embeddable":true,"href":"https:\/\/analyse.optim.biz\/index.php?rest_route=%2Fwp%2Fv2%2Ftags&post=2090785"}],"curies":[{"name":"wp","href":"https:\/\/api.w.org\/{rel}","templated":true}]}}