{"id":2090770,"date":"2026-08-12T08:59:31","date_gmt":"2026-08-12T05:59:31","guid":{"rendered":"https:\/\/analyse.optim.biz\/?p=2090770"},"modified":"2026-08-12T08:59:31","modified_gmt":"2026-08-12T05:59:31","slug":"521-de-copii-din-tulcea-sprijiniti-prin-start-in-educatie","status":"publish","type":"post","link":"https:\/\/analyse.optim.biz\/?p=2090770","title":{"rendered":"521 de copii din Tulcea, sprijini\u021bi prin \u201eStart \u00een educa\u021bie\u201d"},"content":{"rendered":"<p>[analyse_image type=&#8221;featured&#8221; src=&#8221;https:\/\/infotulcea.ro\/wp-content\/uploads\/2026\/08\/poza-Start-in-educatie.jpghttps:\/\/infotulcea.ro\/wp-content\/uploads\/2026\/08\/poza-Start-in-educatie.jpg&#8221;]<\/p>\n<div id=\"content\" class=\"site-content container\">\n<div id=\"main-content-row\" class=\"tie-row main-content-row\">\n<div class=\"main-content tie-col-md-8 tie-col-xs-12\" role=\"main\">\n<article id=\"the-post\" class=\"container-wrapper post-content tie-standard\">\n<header class=\"entry-header-outer\">\n<nav id=\"breadcrumb\"><a href=\"https:\/\/infotulcea.ro\/\"> Home<\/a><em class=\"delimiter\">\/<\/em><a href=\"https:\/\/infotulcea.ro\/categorie\/educatie\/\">Educa\u0163ie<\/a><em class=\"delimiter\">\/<\/em><span class=\"current\">521 de copii din Tulcea, sprijini\u021bi prin \u201eStart \u00een educa\u021bie\u201d<\/span><\/nav>\n<div class=\"entry-header\"><span class=\"post-cat-wrap\"><a class=\"post-cat tie-cat-48\" href=\"https:\/\/infotulcea.ro\/categorie\/educatie\/\">Educa\u0163ie<\/a><\/span><\/p>\n<h1 class=\"post-title entry-title\">\n\t\t\t521 de copii din Tulcea, sprijini\u021bi prin \u201eStart \u00een educa\u021bie\u201d\t\t<\/h1>\n<div class=\"single-post-meta post-meta clearfix\"><span class=\"author-meta single-author no-avatars\"><span class=\"meta-item meta-author-wrapper meta-author-9\"><span class=\"meta-author\"><a href=\"https:\/\/infotulcea.ro\/author\/redactia-2\/\" class=\"author-name tie-icon\" title=\"Redactia\">Redactia<\/a><\/span><\/span><\/span><span class=\"date meta-item tie-icon\">12 august 2026<\/span><\/p>\n<div class=\"tie-alignright\"><span class=\"meta-comment tie-icon meta-item fa-before\">0<\/span><span class=\"meta-views meta-item \"> 185 <\/span><span class=\"meta-reading-time meta-item\"> 3 minutes read<\/span><\/div>\n<\/div>\n<\/div>\n<\/header>\n<div class=\"entry-content entry clearfix\">\n<p class=\"isSelectedEnd\"><strong>521 de copii, 179 de p\u0103rin\u021bi \u0219i 33 de educatori din jude\u021bul Tulcea beneficiaz\u0103 de resurse educa\u021bionale \u0219i activit\u0103\u021bi dedicate \u00een cadrul programului \u201eStart \u00een educa\u021bie\u201d.<\/strong><\/p>\n<p class=\"isSelectedEnd\">\u00cen perioada octombrie 2025 \u2013 septembrie 2026, <strong>19 comunit\u0103\u021bi vulnerabile din jude\u021bul Tulcea<\/strong> sunt incluse \u00een programul \u201eStart \u00een educa\u021bie\u201d, derulat de Funda\u021bia World Vision Rom\u00e2nia \u0219i Funda\u021bia OMV Petrom.<\/p>\n<p class=\"isSelectedEnd\">Programul urm\u0103re\u0219te s\u0103 ofere copiilor pre\u0219colari \u0219anse mai bune la educa\u021bie \u00eenc\u0103 din primii ani de via\u021b\u0103, prin interven\u021bii dedicate copiilor, familiilor, gr\u0103dini\u021belor \u0219i cadrelor didactice.<\/p>\n<h3>\u201eGhiozd\u0103nel cu viitor\u201d pentru copiii pre\u0219colari<\/h3>\n<p class=\"isSelectedEnd\">Copiii inclu\u0219i \u00een program primesc un <strong>\u201eGhiozd\u0103nel cu viitor\u201d<\/strong>, care con\u021bine rechizite, c\u0103r\u021bi, jocuri educative \u0219i materiale pentru activit\u0103\u021bi practice, adaptate v\u00e2rstei.<\/p>\n<p class=\"isSelectedEnd\">Resursele \u00eei ajut\u0103 pe cei mici s\u0103 \u00eenve\u021be prin joac\u0103 \u0219i s\u0103 \u00ee\u0219i dezvolte abilit\u0103\u021bile cognitive, motrice \u0219i sociale. \u00cen acela\u0219i timp, programul urm\u0103re\u0219te s\u0103 \u00eencurajeze participarea constant\u0103 la gr\u0103dini\u021b\u0103 \u0219i continuarea activit\u0103\u021bilor educative acas\u0103.<\/p>\n<p class=\"isSelectedEnd\">\u201ePrin proiectul Start \u00een educa\u021bie, copiii sunt ajuta\u021bi s\u0103 \u00ee\u0219i dezvolte creativitatea, abilit\u0103\u021bile de \u00eenv\u0103\u021bare \u0219i \u00eencrederea \u00een sine, pentru a avea un \u00eenceput mai bun \u00een educa\u021bie. Ghiozd\u0103nelul cu viitor reprezint\u0103 nu doar un ajutor material, ci \u0219i o investi\u021bie \u00een \u0219anse egale la educa\u021bie \u0219i \u00een dezvoltarea armonioas\u0103 a celor mici\u201d, a declarat un educator.<\/p>\n<h3>11 gr\u0103dini\u021be, dotate cu \u201eABC Gr\u0103di\u201d<\/h3>\n<p class=\"isSelectedEnd\">\u00cen cadrul proiectului, <strong>11 gr\u0103dini\u021be din jude\u021bul Tulcea<\/strong> au primit kitul educa\u021bional \u201eABC Gr\u0103di\u201d, care con\u021bine materiale \u0219i jocuri adaptate v\u00e2rstei pre\u0219colare.<\/p>\n<p class=\"isSelectedEnd\">Aceste resurse contribuie la dezvoltarea limbajului, motricit\u0103\u021bii, aten\u021biei \u0219i colabor\u0103rii \u00eentre copii \u0219i le ofer\u0103 educatorilor instrumente suplimentare pentru activit\u0103\u021bile desf\u0103\u0219urate zilnic.<\/p>\n<p class=\"isSelectedEnd\">\u201eKitul educa\u021bional ABC Gr\u0103di a reprezentat un sprijin important pentru gr\u0103dini\u021ba noastr\u0103 \u0219i pentru familiile copiilor. Materialele incluse sunt atractive, utile \u0219i adaptate v\u00e2rstei pre\u0219colare, contribuind la dezvoltarea competen\u021belor de baz\u0103 \u0219i la stimularea interesului pentru \u00eenv\u0103\u021bare prin joc\u201d, a declarat un educator.<\/p>\n<h3>179 de p\u0103rin\u021bi, implica\u021bi \u00een \u201e\u0218coala P\u0103rin\u021bilor\u201d<\/h3>\n<p class=\"isSelectedEnd\">Programul include \u0219i sesiuni de educa\u021bie parental\u0103 organizate \u00een cadrul componentei <strong>\u201e\u0218coala P\u0103rin\u021bilor\u201d<\/strong>.<\/p>\n<p class=\"isSelectedEnd\">Cei <strong>179 de p\u0103rin\u021bi participan\u021bi<\/strong> discut\u0103 despre dezvoltarea emo\u021bional\u0103 a copiilor, comunicarea \u00een familie \u0219i metodele prin care \u00eei pot sprijini pe cei mici \u00een primii ani de via\u021b\u0103.<\/p>\n<p class=\"isSelectedEnd\">P\u0103rin\u021bii au acces la instrumente \u0219i resurse precum \u201eGhidul p\u0103rin\u021bilor pentru educa\u021bia timpurie\u201d, dar \u0219i la o bibliotec\u0103 video cu tutoriale disponibile online pe canalul \u201eStart \u00een educa\u021bie\u201d.<\/p>\n<p class=\"isSelectedEnd\">\u201eParticiparea la \u0218coala P\u0103rin\u021bilor a fost o experien\u021b\u0103 foarte valoroas\u0103 pentru mine. Filmule\u021bele prezentate m-au f\u0103cut s\u0103 reflectez mai atent la impactul pe care comportamentul meu \u00eel are asupra copiilor \u0219i la importan\u021ba de a fi un model pozitiv pentru ei\u201d, a declarat unul dintre p\u0103rin\u021bii participan\u021bi.<\/p>\n<h3>33 de educatori, implica\u021bi \u00een formare<\/h3>\n<p class=\"isSelectedEnd\">O component\u0103 important\u0103 a proiectului este dedicat\u0103 cadrelor didactice. <strong>33 de educatori din jude\u021bul Tulcea<source sizes=\"(max-width: 486px) 100vw, 486px\" type=\"image\/webp\" data-srcset=\"https:\/\/infotulcea.ro\/wp-content\/uploads\/2026\/08\/poza-Start-in-educatie-500x333.jpg.webp 500w, https:\/\/infotulcea.ro\/wp-content\/uploads\/2026\/08\/poza-Start-in-educatie-1024x682.jpg.webp 1024w, https:\/\/infotulcea.ro\/wp-content\/uploads\/2026\/08\/poza-Start-in-educatie-768x511.jpg.webp 768w, https:\/\/infotulcea.ro\/wp-content\/uploads\/2026\/08\/poza-Start-in-educatie.jpg.webp 1080w\" \/><\/strong><\/p>\n<p><img loading=\"lazy\" decoding=\"async\" class=\" wp-image-40358 alignright\" src=\"https:\/\/infotulcea.ro\/wp-content\/uploads\/2026\/08\/poza-Start-in-educatie-500x333.jpg\" alt width=\"486\" height=\"324\"> particip\u0103 la cursul acreditat \u201eBune practici \u00een educa\u021bia parental\u0103\u201d.<\/p>\n<p class=\"isSelectedEnd\">Prin acest curs, educatorii \u00ee\u0219i dezvolt\u0103 competen\u021bele de colaborare cu p\u0103rin\u021bii \u0219i metodele de lucru centrate pe nevoile copilului.<\/p>\n<p class=\"isSelectedEnd\">\u201eParticiparea la cursul Bune practici \u00een educa\u021bia parental\u0103 a fost o experien\u021b\u0103 valoroas\u0103, care mi-a oferit perspective noi \u0219i instrumente utile pentru activitatea profesional\u0103. Informa\u021biile au fost prezentate clar \u0219i aplicat, iar atmosfera interactiv\u0103 a \u00eencurajat schimbul de idei \u0219i implicarea activ\u0103 a participan\u021bilor\u201d, a declarat unul dintre cadrele didactice participante.<\/p>\n<p class=\"isSelectedEnd\">Educatorii au la dispozi\u021bie \u0219i ghidul de activit\u0103\u021bi pentru p\u0103rin\u021bi \u0219i educatori <strong>\u201eJoc \u0219i Joac\u0103 \u2013 mi\u0219care \u0219i distrac\u021bie pentru cei mici\u201d<\/strong>.<\/p>\n<h3>Resurse gratuite pentru educa\u021bia timpurie<\/h3>\n<p class=\"isSelectedEnd\">P\u0103rin\u021bii, educatorii \u0219i speciali\u0219tii au acces, \u00eencep\u00e2nd din acest an, la <strong>startineducatie.ro<\/strong>, primul hub na\u021bional dedicat educa\u021biei timpurii din Rom\u00e2nia.<\/p>\n<p class=\"isSelectedEnd\">Platforma ofer\u0103 gratuit ghiduri, activit\u0103\u021bi practice, webinare, cursuri \u0219i programe de mentorat pentru p\u0103rin\u021bi, educatori \u0219i gr\u0103dini\u021be.<\/p>\n<h3>Comunit\u0103\u021bile din jude\u021bul Tulcea incluse \u00een program<\/h3>\n<p class=\"isSelectedEnd\">\u00cen anul \u0219colar 2025\u20132026, programul \u201eStart \u00een educa\u021bie\u201d a fost implementat \u00een <strong>19 comunit\u0103\u021bi din jude\u021bul Tulcea<\/strong>:<\/p>\n<ol start=\"1\" data-spread=\"false\">\n<li>Baia<\/li>\n<li>Be\u0219tepe<\/li>\n<li>Cataloi<\/li>\n<li>Ceamurlia de Jos<\/li>\n<li>Ceamurlia de Sus<\/li>\n<li>Ciucurova<\/li>\n<li>Frec\u0103\u021bei<\/li>\n<li>I.C. Br\u0103tianu<\/li>\n<li>Jurilovca<\/li>\n<li>Lunca<\/li>\n<li>Maliuc<\/li>\n<li>M\u0103cin<\/li>\n<li>Nalbant<\/li>\n<li>Nicolae B\u0103lcescu<\/li>\n<li>Panduru<\/li>\n<li>Peceneaga<\/li>\n<li>S\u0103lcioara<\/li>\n<li>Turcoaia<\/li>\n<li>Vi\u0219ina<\/li>\n<\/ol>\n<h3>Programul \u201eStart \u00een educa\u021bie\u201d, la al patrulea an<\/h3>\n<p class=\"isSelectedEnd\">Ajuns la al patrulea an de implementare, \u201eStart \u00een educa\u021bie\u201d urm\u0103re\u0219te, la nivel na\u021bional, sprijinirea a <strong>240.000 de copii cu v\u00e2rste \u00eentre 3 \u0219i 6 ani, 50.000 de p\u0103rin\u021bi, 9.000 de educatori \u0219i 4.500 de gr\u0103dini\u021be<\/strong> din comunit\u0103\u021bi defavorizate.<\/p>\n<p>Programul este derulat de Funda\u021bia World Vision Rom\u00e2nia \u0219i Funda\u021bia OMV Petrom \u0219i urm\u0103re\u0219te consolidarea parteneriatului dintre familie, gr\u0103dini\u021b\u0103 \u0219i comunitate, precum \u0219i crearea unui mediu educa\u021bional bazat pe comunicare, empatie \u0219i implicare.<\/p>\n<\/div>\n<div id=\"post-extra-info\">\n<div class=\"theiaStickySidebar\">\n<div class=\"single-post-meta post-meta clearfix\"><span class=\"author-meta single-author no-avatars\"><span class=\"meta-item meta-author-wrapper meta-author-9\"><span class=\"meta-author\"><a href=\"https:\/\/infotulcea.ro\/author\/redactia-2\/\" class=\"author-name tie-icon\" title=\"Redactia\">Redactia<\/a><\/span><\/span><\/span><span class=\"date meta-item tie-icon\">12 august 2026<\/span><\/p>\n<div class=\"tie-alignright\"><span class=\"meta-comment tie-icon meta-item fa-before\">0<\/span><span class=\"meta-views meta-item \"> 185 <\/span><span class=\"meta-reading-time meta-item\"> 3 minutes read<\/span><\/div>\n<\/div>\n<\/div>\n<\/div>\n<div id=\"share-buttons-bottom\" class=\"share-buttons share-buttons-bottom\">\n<div class=\"share-links  icons-only\">\n<div class=\"share-title\"><span> Share<\/span><\/div>\n<p><a href=\"https:\/\/www.facebook.com\/sharer.php?u=https:\/\/infotulcea.ro\/521-de-copii-din-tulcea-sprijiniti-prin-start-in-educatie\/\" rel=\"external noopener nofollow\" title=\"Facebook\" target=\"_blank\" class=\"facebook-share-btn \" data-raw=\"https:\/\/www.facebook.com\/sharer.php?u={post_link}\"><span class=\"screen-reader-text\">Facebook<\/span><\/a><a href=\"https:\/\/twitter.com\/intent\/tweet?text=521%20de%20copii%20din%20Tulcea%2C%20sprijini%C8%9Bi%20prin%20%E2%80%9EStart%20%C3%AEn%20educa%C8%9Bie%E2%80%9D&amp;url=https:\/\/infotulcea.ro\/521-de-copii-din-tulcea-sprijiniti-prin-start-in-educatie\/\" rel=\"external noopener nofollow\" title=\"X\" target=\"_blank\" class=\"twitter-share-btn \" data-raw=\"https:\/\/twitter.com\/intent\/tweet?text={post_title}&amp;url={post_link}\"><span class=\"screen-reader-text\">X<\/span><\/a><a href=\"https:\/\/api.whatsapp.com\/send?text=521%20de%20copii%20din%20Tulcea%2C%20sprijini%C8%9Bi%20prin%20%E2%80%9EStart%20%C3%AEn%20educa%C8%9Bie%E2%80%9D%20https:\/\/infotulcea.ro\/521-de-copii-din-tulcea-sprijiniti-prin-start-in-educatie\/\" rel=\"external noopener nofollow\" title=\"WhatsApp\" target=\"_blank\" class=\"whatsapp-share-btn \" data-raw=\"https:\/\/api.whatsapp.com\/send?text={post_title}%20{post_link}\"><span class=\"screen-reader-text\">WhatsApp<\/span><\/a><a href=\"https:\/\/telegram.me\/share\/url?url=https:\/\/infotulcea.ro\/521-de-copii-din-tulcea-sprijiniti-prin-start-in-educatie\/&amp;text=521%20de%20copii%20din%20Tulcea%2C%20sprijini%C8%9Bi%20prin%20%E2%80%9EStart%20%C3%AEn%20educa%C8%9Bie%E2%80%9D\" rel=\"external noopener nofollow\" title=\"Telegram\" target=\"_blank\" class=\"telegram-share-btn \" data-raw=\"https:\/\/telegram.me\/share\/url?url={post_link}&amp;text={post_title}\"><span class=\"screen-reader-text\">Telegram<\/span><\/a><a href=\"mailto:?subject=521%20de%20copii%20din%20Tulcea%2C%20sprijini%C8%9Bi%20prin%20%E2%80%9EStart%20%C3%AEn%20educa%C8%9Bie%E2%80%9D&amp;body=https:\/\/infotulcea.ro\/521-de-copii-din-tulcea-sprijiniti-prin-start-in-educatie\/\" rel=\"external noopener nofollow\" title=\"Share via Email\" target=\"_blank\" class=\"email-share-btn \" data-raw=\"mailto:?subject={post_title}&amp;body={post_link}\"><span class=\"screen-reader-text\">Share via Email<\/span><\/a><a href=\"https:\/\/infotulcea.ro\/521-de-copii-din-tulcea-sprijiniti-prin-start-in-educatie\/\" rel=\"external noopener nofollow\" title=\"Print\" target=\"_blank\" class=\"print-share-btn \" data-raw=\"#\"><span class=\"screen-reader-text\">Print<\/span><\/a><\/div>\n<\/div>\n<\/article>\n<div class=\"post-components\">\n<div id=\"related-posts\" class=\"container-wrapper has-extra-post\">\n<div class=\"mag-box-title the-global-title\">\n<h3>Related Articles<\/h3>\n<\/div>\n<div class=\"related-posts-list\">\n<div class=\"related-item tie-standard\"><a aria-label=\"T\u00e2rgul Ofertelor Educa\u021bionale se deschide \u00een cur\u00e2nd!\" href=\"https:\/\/infotulcea.ro\/targul-ofertelor-educationale-se-deschide-in-curand\/\" class=\"post-thumb\"><img loading=\"lazy\" decoding=\"async\" width=\"390\" height=\"220\" src=\"https:\/\/infotulcea.ro\/wp-content\/uploads\/2022\/05\/targul-educational-390x220.jpg\" class=\"attachment-jannah-image-large size-jannah-image-large wp-post-image lazyload\" alt><img loading=\"lazy\" decoding=\"async\" width=\"390\" height=\"220\" src=\"https:\/\/infotulcea.ro\/wp-content\/uploads\/2022\/05\/targul-educational-390x220.jpg\" class=\"attachment-jannah-image-large size-jannah-image-large wp-post-image\" alt><\/a><\/p>\n<h3 class=\"post-title\"><a href=\"https:\/\/infotulcea.ro\/targul-ofertelor-educationale-se-deschide-in-curand\/\">T\u00e2rgul Ofertelor Educa\u021bionale se deschide \u00een cur\u00e2nd!<\/a><\/h3>\n<div class=\"post-meta clearfix\"><span class=\"date meta-item tie-icon\">6 mai 2022<\/span><\/div>\n<\/div>\n<div class=\"related-item tie-standard\"><a aria-label=\"\u00cenceput de an \u015fcolar hibrid la Tulcea, Nuf\u0103ru \u015fi \u015etejaru!\" href=\"https:\/\/infotulcea.ro\/inceput-de-an-scolar-hibrid-la-tulcea-nufaru-si-stejaru\/\" class=\"post-thumb\"><img loading=\"lazy\" decoding=\"async\" width=\"390\" height=\"220\" src=\"https:\/\/infotulcea.ro\/wp-content\/uploads\/2020\/09\/scoala-390x220.jpg\" class=\"attachment-jannah-image-large size-jannah-image-large wp-post-image lazyload\" alt><img loading=\"lazy\" decoding=\"async\" width=\"390\" height=\"220\" src=\"https:\/\/infotulcea.ro\/wp-content\/uploads\/2020\/09\/scoala-390x220.jpg\" class=\"attachment-jannah-image-large size-jannah-image-large wp-post-image\" alt><\/a><\/p>\n<h3 class=\"post-title\"><a href=\"https:\/\/infotulcea.ro\/inceput-de-an-scolar-hibrid-la-tulcea-nufaru-si-stejaru\/\">\u00cenceput de an \u015fcolar hibrid la Tulcea, Nuf\u0103ru \u015fi \u015etejaru!<\/a><\/h3>\n<div class=\"post-meta clearfix\"><span class=\"date meta-item tie-icon\">9 septembrie 2020<\/span><\/div>\n<\/div>\n<div class=\"related-item tie-standard\"><a aria-label=\"BAC 2020: Un candidat eliminat pentru tentativ\u0103 de fraud\u0103!\" href=\"https:\/\/infotulcea.ro\/bac-2020-un-candidat-eliminat-pentru-tentativa-de-frauda\/\" class=\"post-thumb\"><source sizes=\"(max-width: 390px) 100vw, 390px\" type=\"image\/webp\" data-srcset=\"https:\/\/infotulcea.ro\/wp-content\/uploads\/2020\/06\/examen-bac-covid-390x220.jpg.webp 390w, https:\/\/infotulcea.ro\/wp-content\/uploads\/2020\/06\/examen-bac-covid-300x169.jpg.webp 300w, https:\/\/infotulcea.ro\/wp-content\/uploads\/2020\/06\/examen-bac-covid.jpg.webp 640w\" \/><img loading=\"lazy\" decoding=\"async\" width=\"390\" height=\"220\" src=\"https:\/\/infotulcea.ro\/wp-content\/uploads\/2020\/06\/examen-bac-covid-390x220.jpg\" class=\"attachment-jannah-image-large size-jannah-image-large wp-post-image\" alt><\/a><\/p>\n<h3 class=\"post-title\"><a href=\"https:\/\/infotulcea.ro\/bac-2020-un-candidat-eliminat-pentru-tentativa-de-frauda\/\">BAC 2020: Un candidat eliminat pentru tentativ\u0103 de fraud\u0103!<\/a><\/h3>\n<div class=\"post-meta clearfix\"><span class=\"date meta-item tie-icon\">25 iunie 2020<\/span><\/div>\n<\/div>\n<div class=\"related-item tie-standard\"><a aria-label=\"Dou\u0103 unit\u0103\u021bi \u0219colare tulcene premiate de pre\u0219edintele Klaus Iohannis, cu prilejul Zilei Mondiale a Educa\u021biei\" href=\"https:\/\/infotulcea.ro\/doua-unitati-scolare-tulcene-premiate-de-presedintele-klaus-iohannis-cu-prilejul-zilei-mondiale-a-educatiei\/\" class=\"post-thumb\"><source type=\"image\/webp\" data-srcset=\"https:\/\/infotulcea.ro\/wp-content\/uploads\/2024\/10\/462148052_1083073353827985_3825125497746104118_n-390x220.jpg.webp\" \/><img loading=\"lazy\" decoding=\"async\" width=\"390\" height=\"220\" src=\"https:\/\/infotulcea.ro\/wp-content\/uploads\/2024\/10\/462148052_1083073353827985_3825125497746104118_n-390x220.jpg\" class=\"attachment-jannah-image-large size-jannah-image-large wp-post-image\" alt><\/a><\/p>\n<h3 class=\"post-title\"><a href=\"https:\/\/infotulcea.ro\/doua-unitati-scolare-tulcene-premiate-de-presedintele-klaus-iohannis-cu-prilejul-zilei-mondiale-a-educatiei\/\">Dou\u0103 unit\u0103\u021bi \u0219colare tulcene premiate de pre\u0219edintele Klaus Iohannis, cu prilejul Zilei Mondiale a Educa\u021biei<\/a><\/h3>\n<div class=\"post-meta clearfix\"><span class=\"date meta-item tie-icon\">9 octombrie 2024<\/span><\/div>\n<\/div>\n<\/div>\n<\/div>\n<div id=\"comments\" class=\"comments-area\">\n<div id=\"add-comment-block\" class=\"container-wrapper\">\n<div id=\"respond\" class=\"comment-respond\">\n<h3 id=\"reply-title\" class=\"comment-reply-title the-global-title\">Las\u0103 un r\u0103spuns <small><a rel=\"nofollow\" id=\"cancel-comment-reply-link\" href=\"https:\/\/infotulcea.ro\/521-de-copii-din-tulcea-sprijiniti-prin-start-in-educatie\/#respond\">Anuleaz\u0103 r\u0103spunsul<\/a><\/small><\/h3>\n<p class=\"comment-notes\"><span id=\"email-notes\">Adresa ta de email nu va fi publicat\u0103.<\/span><span class=\"required-field-message\">C\u00e2mpurile obligatorii sunt marcate cu <span class=\"required\">*<\/span><\/span><\/p>\n<\/div>\n<\/div>\n<\/div>\n<\/div>\n<\/div>\n<div id=\"check-also-box\" class=\"container-wrapper check-also-right\">\n<div class=\"widget-title the-global-title\">\n<div class=\"the-subtitle\">Check Also<\/div>\n<p><a href=\"https:\/\/infotulcea.ro\/521-de-copii-din-tulcea-sprijiniti-prin-start-in-educatie\/\" id=\"check-also-close\" class=\"remove\"><span class=\"screen-reader-text\">Close<\/span><\/a><\/div>\n<div class=\"widget posts-list-big-first has-first-big-post\">\n<ul class=\"posts-list-items\">\n<li class=\"widget-single-post-item widget-post-list tie-standard\">\n<div class=\"post-widget-thumbnail\"><a aria-label=\"Echipajul de la \u201dSpiru Haret\u201d, locul II la faza na\u021bional\u0103 ,,Tineri \u00een P\u0103durile Europei\u201d\" href=\"https:\/\/infotulcea.ro\/echipajul-de-la-spiru-haret-locul-ii-la-faza-nationala-tineri-in-padurile-europei\/\" class=\"post-thumb\"><span class=\"post-cat-wrap\"><span class=\"post-cat tie-cat-48\">Educa\u0163ie<\/span><\/span><img loading=\"lazy\" decoding=\"async\" width=\"390\" height=\"220\" src=\"https:\/\/infotulcea.ro\/wp-content\/uploads\/2022\/07\/spiru-tineri-390x220.jpg\" class=\"attachment-jannah-image-large size-jannah-image-large wp-post-image lazyload\" alt><img loading=\"lazy\" decoding=\"async\" width=\"390\" height=\"220\" src=\"https:\/\/infotulcea.ro\/wp-content\/uploads\/2022\/07\/spiru-tineri-390x220.jpg\" class=\"attachment-jannah-image-large size-jannah-image-large wp-post-image\" alt><\/a><\/div>\n<div class=\"post-widget-body \"><a class=\"post-title the-subtitle\" href=\"https:\/\/infotulcea.ro\/echipajul-de-la-spiru-haret-locul-ii-la-faza-nationala-tineri-in-padurile-europei\/\">Echipajul de la \u201dSpiru Haret\u201d, locul II la faza na\u021bional\u0103 ,,Tineri \u00een P\u0103durile Europei\u201d<\/a><\/p>\n<div class=\"post-meta\"><span class=\"date meta-item tie-icon\">15 iulie 2022<\/span><\/div>\n<\/div>\n<\/li>\n<\/ul>\n<\/div>\n<\/div>\n<aside class=\"sidebar tie-col-md-4 tie-col-xs-12 normal-side is-sticky\" aria-label=\"Primary Sidebar\">\n<div class=\"theiaStickySidebar\">\n<div id=\"media_image-19\" class=\"container-wrapper widget widget_media_image\"><a href=\"https:\/\/infotulcea.ro\/delta-dunarii-mai-accesibila-navrom-delta-creste-numarul-curselor-regulate-de-la-1-mai-2025\/\"><source sizes=\"(max-width: 500px) 100vw, 500px\" type=\"image\/webp\" data-srcset=\"https:\/\/infotulcea.ro\/wp-content\/uploads\/2025\/04\/navrom-delta-500x271.jpg.webp 500w, https:\/\/infotulcea.ro\/wp-content\/uploads\/2025\/04\/navrom-delta-1024x555.jpg.webp 1024w, https:\/\/infotulcea.ro\/wp-content\/uploads\/2025\/04\/navrom-delta-768x416.jpg.webp 768w, https:\/\/infotulcea.ro\/wp-content\/uploads\/2025\/04\/navrom-delta.jpg.webp 1080w\" \/><img loading=\"lazy\" decoding=\"async\" width=\"500\" height=\"271\" src=\"https:\/\/infotulcea.ro\/wp-content\/uploads\/2025\/04\/navrom-delta-500x271.jpg\" class=\"image wp-image-34487  attachment-medium size-medium\" alt><\/a><\/div>\n<div id=\"media_image-17\" class=\"container-wrapper widget widget_media_image\"><a href=\"https:\/\/www.facebook.com\/share\/p\/1DGAD1tLWN\/?mibextid=wwXIfr\" target=\"_blank\"><source sizes=\"(max-width: 500px) 100vw, 500px\" type=\"image\/webp\" data-srcset=\"https:\/\/infotulcea.ro\/wp-content\/uploads\/2026\/01\/IMG_1563-500x500.jpeg.webp 500w, https:\/\/infotulcea.ro\/wp-content\/uploads\/2026\/01\/IMG_1563-1024x1024.jpeg.webp 1024w, https:\/\/infotulcea.ro\/wp-content\/uploads\/2026\/01\/IMG_1563-250x250.jpeg.webp 250w, https:\/\/infotulcea.ro\/wp-content\/uploads\/2026\/01\/IMG_1563-768x768.jpeg.webp 768w, https:\/\/infotulcea.ro\/wp-content\/uploads\/2026\/01\/IMG_1563.jpeg.webp 1080w\" \/><img loading=\"lazy\" decoding=\"async\" width=\"500\" height=\"500\" src=\"https:\/\/infotulcea.ro\/wp-content\/uploads\/2026\/01\/IMG_1563-500x500.jpeg\" class=\"image wp-image-37932  attachment-medium size-medium\" alt title=\"Centrale pe lemne\"><\/a><\/div>\n<div id=\"media_image-18\" class=\"container-wrapper widget widget_media_image\"><a href=\"https:\/\/www.licitatia.ro\/site\/index-guest\"><img loading=\"lazy\" decoding=\"async\" width=\"500\" height=\"262\" src=\"https:\/\/infotulcea.ro\/wp-content\/uploads\/2025\/09\/licitatia-500x262.png\" class=\"image wp-image-36670  attachment-medium size-medium lazyload\" alt><img loading=\"lazy\" decoding=\"async\" width=\"500\" height=\"262\" src=\"https:\/\/infotulcea.ro\/wp-content\/uploads\/2025\/09\/licitatia-500x262.png\" class=\"image wp-image-36670  attachment-medium size-medium\" alt><\/a><\/div>\n<div id=\"media_image-27\" class=\"container-wrapper widget widget_media_image\"><a href=\"https:\/\/www.centrale-lemne-liepsnele.ro\/\"><img loading=\"lazy\" decoding=\"async\" width=\"500\" height=\"500\" src=\"https:\/\/infotulcea.ro\/wp-content\/uploads\/2025\/09\/Centrale-pe-Lemne-Liepsnele-500x500.png\" class=\"image wp-image-36541  attachment-medium size-medium lazyload\" alt=\"Centrala pe lemne\"><img loading=\"lazy\" decoding=\"async\" width=\"500\" height=\"500\" src=\"https:\/\/infotulcea.ro\/wp-content\/uploads\/2025\/09\/Centrale-pe-Lemne-Liepsnele-500x500.png\" class=\"image wp-image-36541  attachment-medium size-medium\" alt=\"Centrala pe lemne\"><\/a><\/div>\n<div id=\"media_image-28\" class=\"container-wrapper widget widget_media_image\"><a href=\"https:\/\/infotulcea.ro\/angajeaza-te-ro-platforma-ta-online-de-angajari-si-forta-de-munca\/\"><source sizes=\"(max-width: 500px) 100vw, 500px\" type=\"image\/webp\" data-srcset=\"https:\/\/infotulcea.ro\/wp-content\/uploads\/2025\/04\/banner-angajazate-1-500x305.jpg.webp 500w, https:\/\/infotulcea.ro\/wp-content\/uploads\/2025\/04\/banner-angajazate-1-1024x625.jpg.webp 1024w, https:\/\/infotulcea.ro\/wp-content\/uploads\/2025\/04\/banner-angajazate-1-768x469.jpg.webp 768w, https:\/\/infotulcea.ro\/wp-content\/uploads\/2025\/04\/banner-angajazate-1.jpg.webp 1080w\" \/><img loading=\"lazy\" decoding=\"async\" width=\"500\" height=\"305\" src=\"https:\/\/infotulcea.ro\/wp-content\/uploads\/2025\/04\/banner-angajazate-1-500x305.jpg\" class=\"image wp-image-34317  attachment-medium size-medium\" alt><\/a><\/div>\n<\/div>\n<\/aside>\n<\/div>\n<\/div>\n<div class=\"entry-content entry clearfix\">\n<p class=\"isSelectedEnd\"><strong>521 de copii, 179 de p\u0103rin\u021bi \u0219i 33 de educatori din jude\u021bul Tulcea beneficiaz\u0103 de resurse educa\u021bionale \u0219i activit\u0103\u021bi dedicate \u00een cadrul programului \u201eStart \u00een educa\u021bie\u201d.<\/strong><\/p>\n<p class=\"isSelectedEnd\">\u00cen perioada octombrie 2025 \u2013 septembrie 2026, <strong>19 comunit\u0103\u021bi vulnerabile din jude\u021bul Tulcea<\/strong> sunt incluse \u00een programul \u201eStart \u00een educa\u021bie\u201d, derulat de Funda\u021bia World Vision Rom\u00e2nia \u0219i Funda\u021bia OMV Petrom.<\/p>\n<p class=\"isSelectedEnd\">Programul urm\u0103re\u0219te s\u0103 ofere copiilor pre\u0219colari \u0219anse mai bune la educa\u021bie \u00eenc\u0103 din primii ani de via\u021b\u0103, prin interven\u021bii dedicate copiilor, familiilor, gr\u0103dini\u021belor \u0219i cadrelor didactice.<\/p>\n<h3>\u201eGhiozd\u0103nel cu viitor\u201d pentru copiii pre\u0219colari<\/h3>\n<p class=\"isSelectedEnd\">Copiii inclu\u0219i \u00een program primesc un <strong>\u201eGhiozd\u0103nel cu viitor\u201d<\/strong>, care con\u021bine rechizite, c\u0103r\u021bi, jocuri educative \u0219i materiale pentru activit\u0103\u021bi practice, adaptate v\u00e2rstei.<\/p>\n<p class=\"isSelectedEnd\">Resursele \u00eei ajut\u0103 pe cei mici s\u0103 \u00eenve\u021be prin joac\u0103 \u0219i s\u0103 \u00ee\u0219i dezvolte abilit\u0103\u021bile cognitive, motrice \u0219i sociale. \u00cen acela\u0219i timp, programul urm\u0103re\u0219te s\u0103 \u00eencurajeze participarea constant\u0103 la gr\u0103dini\u021b\u0103 \u0219i continuarea activit\u0103\u021bilor educative acas\u0103.<\/p>\n<p class=\"isSelectedEnd\">\u201ePrin proiectul Start \u00een educa\u021bie, copiii sunt ajuta\u021bi s\u0103 \u00ee\u0219i dezvolte creativitatea, abilit\u0103\u021bile de \u00eenv\u0103\u021bare \u0219i \u00eencrederea \u00een sine, pentru a avea un \u00eenceput mai bun \u00een educa\u021bie. Ghiozd\u0103nelul cu viitor reprezint\u0103 nu doar un ajutor material, ci \u0219i o investi\u021bie \u00een \u0219anse egale la educa\u021bie \u0219i \u00een dezvoltarea armonioas\u0103 a celor mici\u201d, a declarat un educator.<\/p>\n<h3>11 gr\u0103dini\u021be, dotate cu \u201eABC Gr\u0103di\u201d<\/h3>\n<p class=\"isSelectedEnd\">\u00cen cadrul proiectului, <strong>11 gr\u0103dini\u021be din jude\u021bul Tulcea<\/strong> au primit kitul educa\u021bional \u201eABC Gr\u0103di\u201d, care con\u021bine materiale \u0219i jocuri adaptate v\u00e2rstei pre\u0219colare.<\/p>\n<p class=\"isSelectedEnd\">Aceste resurse contribuie la dezvoltarea limbajului, motricit\u0103\u021bii, aten\u021biei \u0219i colabor\u0103rii \u00eentre copii \u0219i le ofer\u0103 educatorilor instrumente suplimentare pentru activit\u0103\u021bile desf\u0103\u0219urate zilnic.<\/p>\n<p class=\"isSelectedEnd\">\u201eKitul educa\u021bional ABC Gr\u0103di a reprezentat un sprijin important pentru gr\u0103dini\u021ba noastr\u0103 \u0219i pentru familiile copiilor. Materialele incluse sunt atractive, utile \u0219i adaptate v\u00e2rstei pre\u0219colare, contribuind la dezvoltarea competen\u021belor de baz\u0103 \u0219i la stimularea interesului pentru \u00eenv\u0103\u021bare prin joc\u201d, a declarat un educator.<\/p>\n<h3>179 de p\u0103rin\u021bi, implica\u021bi \u00een \u201e\u0218coala P\u0103rin\u021bilor\u201d<\/h3>\n<p class=\"isSelectedEnd\">Programul include \u0219i sesiuni de educa\u021bie parental\u0103 organizate \u00een cadrul componentei <strong>\u201e\u0218coala P\u0103rin\u021bilor\u201d<\/strong>.<\/p>\n<p class=\"isSelectedEnd\">Cei <strong>179 de p\u0103rin\u021bi participan\u021bi<\/strong> discut\u0103 despre dezvoltarea emo\u021bional\u0103 a copiilor, comunicarea \u00een familie \u0219i metodele prin care \u00eei pot sprijini pe cei mici \u00een primii ani de via\u021b\u0103.<\/p>\n<p class=\"isSelectedEnd\">P\u0103rin\u021bii au acces la instrumente \u0219i resurse precum \u201eGhidul p\u0103rin\u021bilor pentru educa\u021bia timpurie\u201d, dar \u0219i la o bibliotec\u0103 video cu tutoriale disponibile online pe canalul \u201eStart \u00een educa\u021bie\u201d.<\/p>\n<p class=\"isSelectedEnd\">\u201eParticiparea la \u0218coala P\u0103rin\u021bilor a fost o experien\u021b\u0103 foarte valoroas\u0103 pentru mine. Filmule\u021bele prezentate m-au f\u0103cut s\u0103 reflectez mai atent la impactul pe care comportamentul meu \u00eel are asupra copiilor \u0219i la importan\u021ba de a fi un model pozitiv pentru ei\u201d, a declarat unul dintre p\u0103rin\u021bii participan\u021bi.<\/p>\n<h3>33 de educatori, implica\u021bi \u00een formare<\/h3>\n<p class=\"isSelectedEnd\">O component\u0103 important\u0103 a proiectului este dedicat\u0103 cadrelor didactice. <strong>33 de educatori din jude\u021bul Tulcea<source sizes=\"(max-width: 486px) 100vw, 486px\" type=\"image\/webp\" data-srcset=\"https:\/\/infotulcea.ro\/wp-content\/uploads\/2026\/08\/poza-Start-in-educatie-500x333.jpg.webp 500w, https:\/\/infotulcea.ro\/wp-content\/uploads\/2026\/08\/poza-Start-in-educatie-1024x682.jpg.webp 1024w, https:\/\/infotulcea.ro\/wp-content\/uploads\/2026\/08\/poza-Start-in-educatie-768x511.jpg.webp 768w, https:\/\/infotulcea.ro\/wp-content\/uploads\/2026\/08\/poza-Start-in-educatie.jpg.webp 1080w\" \/><\/strong><\/p>\n<p><img loading=\"lazy\" decoding=\"async\" class=\" wp-image-40358 alignright\" src=\"https:\/\/infotulcea.ro\/wp-content\/uploads\/2026\/08\/poza-Start-in-educatie-500x333.jpg\" alt width=\"486\" height=\"324\"> particip\u0103 la cursul acreditat \u201eBune practici \u00een educa\u021bia parental\u0103\u201d.<\/p>\n<p class=\"isSelectedEnd\">Prin acest curs, educatorii \u00ee\u0219i dezvolt\u0103 competen\u021bele de colaborare cu p\u0103rin\u021bii \u0219i metodele de lucru centrate pe nevoile copilului.<\/p>\n<p class=\"isSelectedEnd\">\u201eParticiparea la cursul Bune practici \u00een educa\u021bia parental\u0103 a fost o experien\u021b\u0103 valoroas\u0103, care mi-a oferit perspective noi \u0219i instrumente utile pentru activitatea profesional\u0103. Informa\u021biile au fost prezentate clar \u0219i aplicat, iar atmosfera interactiv\u0103 a \u00eencurajat schimbul de idei \u0219i implicarea activ\u0103 a participan\u021bilor\u201d, a declarat unul dintre cadrele didactice participante.<\/p>\n<p class=\"isSelectedEnd\">Educatorii au la dispozi\u021bie \u0219i ghidul de activit\u0103\u021bi pentru p\u0103rin\u021bi \u0219i educatori <strong>\u201eJoc \u0219i Joac\u0103 \u2013 mi\u0219care \u0219i distrac\u021bie pentru cei mici\u201d<\/strong>.<\/p>\n<h3>Resurse gratuite pentru educa\u021bia timpurie<\/h3>\n<p class=\"isSelectedEnd\">P\u0103rin\u021bii, educatorii \u0219i speciali\u0219tii au acces, \u00eencep\u00e2nd din acest an, la <strong>startineducatie.ro<\/strong>, primul hub na\u021bional dedicat educa\u021biei timpurii din Rom\u00e2nia.<\/p>\n<p class=\"isSelectedEnd\">Platforma ofer\u0103 gratuit ghiduri, activit\u0103\u021bi practice, webinare, cursuri \u0219i programe de mentorat pentru p\u0103rin\u021bi, educatori \u0219i gr\u0103dini\u021be.<\/p>\n<h3>Comunit\u0103\u021bile din jude\u021bul Tulcea incluse \u00een program<\/h3>\n<p class=\"isSelectedEnd\">\u00cen anul \u0219colar 2025\u20132026, programul \u201eStart \u00een educa\u021bie\u201d a fost implementat \u00een <strong>19 comunit\u0103\u021bi din jude\u021bul Tulcea<\/strong>:<\/p>\n<ol start=\"1\" data-spread=\"false\">\n<li>Baia<\/li>\n<li>Be\u0219tepe<\/li>\n<li>Cataloi<\/li>\n<li>Ceamurlia de Jos<\/li>\n<li>Ceamurlia de Sus<\/li>\n<li>Ciucurova<\/li>\n<li>Frec\u0103\u021bei<\/li>\n<li>I.C. Br\u0103tianu<\/li>\n<li>Jurilovca<\/li>\n<li>Lunca<\/li>\n<li>Maliuc<\/li>\n<li>M\u0103cin<\/li>\n<li>Nalbant<\/li>\n<li>Nicolae B\u0103lcescu<\/li>\n<li>Panduru<\/li>\n<li>Peceneaga<\/li>\n<li>S\u0103lcioara<\/li>\n<li>Turcoaia<\/li>\n<li>Vi\u0219ina<\/li>\n<\/ol>\n<h3>Programul \u201eStart \u00een educa\u021bie\u201d, la al patrulea an<\/h3>\n<p class=\"isSelectedEnd\">Ajuns la al patrulea an de implementare, \u201eStart \u00een educa\u021bie\u201d urm\u0103re\u0219te, la nivel na\u021bional, sprijinirea a <strong>240.000 de copii cu v\u00e2rste \u00eentre 3 \u0219i 6 ani, 50.000 de p\u0103rin\u021bi, 9.000 de educatori \u0219i 4.500 de gr\u0103dini\u021be<\/strong> din comunit\u0103\u021bi defavorizate.<\/p>\n<p>Programul este derulat de Funda\u021bia World Vision Rom\u00e2nia \u0219i Funda\u021bia OMV Petrom \u0219i urm\u0103re\u0219te consolidarea parteneriatului dintre familie, gr\u0103dini\u021b\u0103 \u0219i comunitate, precum \u0219i crearea unui mediu educa\u021bional bazat pe comunicare, empatie \u0219i implicare.<\/p>\n<\/div>\n<div class=\"articleBody\" data-key=\"articleBody\">521 de copii, 179 de p\u0103rin\u021bi \u0219i 33 de educatori din jude\u021bul Tulcea beneficiaz\u0103 de resurse educa\u021bionale \u0219i activit\u0103\u021bi dedicate \u00een cadrul programului \u201eStart \u00een educa\u021bie\u201d.<br \/>\n\u00cen perioada octombrie 2025 \u2013 septembrie 2026, 19 comunit\u0103\u021bi vulnerabile din jude\u021bul Tulcea sunt incluse \u00een programul \u201eStart \u00een educa\u021bie\u201d, derulat de Funda\u021bia World Vision Rom\u00e2nia \u0219i Funda\u021bia OMV Petrom.<br \/>\nProgramul urm\u0103re\u0219te s\u0103 ofere copiilor pre\u0219colari \u0219anse mai bune la educa\u021bie \u00eenc\u0103 din primii ani de via\u021b\u0103, prin interven\u021bii dedicate copiilor, familiilor, gr\u0103dini\u021belor \u0219i cadrelor didactice.<\/p>\n<p>\u201eGhiozd\u0103nel cu viitor\u201d pentru copiii pre\u0219colari<br \/>\nCopiii inclu\u0219i \u00een program primesc un \u201eGhiozd\u0103nel cu viitor\u201d, care con\u021bine rechizite, c\u0103r\u021bi, jocuri educative \u0219i materiale pentru activit\u0103\u021bi practice, adaptate v\u00e2rstei.<br \/>\nResursele \u00eei ajut\u0103 pe cei mici s\u0103 \u00eenve\u021be prin joac\u0103 \u0219i s\u0103 \u00ee\u0219i dezvolte abilit\u0103\u021bile cognitive, motrice \u0219i sociale. \u00cen acela\u0219i timp, programul urm\u0103re\u0219te s\u0103 \u00eencurajeze participarea constant\u0103 la gr\u0103dini\u021b\u0103 \u0219i continuarea activit\u0103\u021bilor educative acas\u0103.<br \/>\n\u201ePrin proiectul Start \u00een educa\u021bie, copiii sunt ajuta\u021bi s\u0103 \u00ee\u0219i dezvolte creativitatea, abilit\u0103\u021bile de \u00eenv\u0103\u021bare \u0219i \u00eencrederea \u00een sine, pentru a avea un \u00eenceput mai bun \u00een educa\u021bie. Ghiozd\u0103nelul cu viitor reprezint\u0103 nu doar un ajutor material, ci \u0219i o investi\u021bie \u00een \u0219anse egale la educa\u021bie \u0219i \u00een dezvoltarea armonioas\u0103 a celor mici\u201d, a declarat un educator.<\/p>\n<p>11 gr\u0103dini\u021be, dotate cu \u201eABC Gr\u0103di\u201d<br \/>\n\u00cen cadrul proiectului, 11 gr\u0103dini\u021be din jude\u021bul Tulcea au primit kitul educa\u021bional \u201eABC Gr\u0103di\u201d, care con\u021bine materiale \u0219i jocuri adaptate v\u00e2rstei pre\u0219colare.<br \/>\nAceste resurse contribuie la dezvoltarea limbajului, motricit\u0103\u021bii, aten\u021biei \u0219i colabor\u0103rii \u00eentre copii \u0219i le ofer\u0103 educatorilor instrumente suplimentare pentru activit\u0103\u021bile desf\u0103\u0219urate zilnic.<br \/>\n\u201eKitul educa\u021bional ABC Gr\u0103di a reprezentat un sprijin important pentru gr\u0103dini\u021ba noastr\u0103 \u0219i pentru familiile copiilor. Materialele incluse sunt atractive, utile \u0219i adaptate v\u00e2rstei pre\u0219colare, contribuind la dezvoltarea competen\u021belor de baz\u0103 \u0219i la stimularea interesului pentru \u00eenv\u0103\u021bare prin joc\u201d, a declarat un educator.<\/p>\n<p>179 de p\u0103rin\u021bi, implica\u021bi \u00een \u201e\u0218coala P\u0103rin\u021bilor\u201d<br \/>\nProgramul include \u0219i sesiuni de educa\u021bie parental\u0103 organizate \u00een cadrul componentei \u201e\u0218coala P\u0103rin\u021bilor\u201d.<br \/>\nCei 179 de p\u0103rin\u021bi participan\u021bi discut\u0103 despre dezvoltarea emo\u021bional\u0103 a copiilor, comunicarea \u00een familie \u0219i metodele prin care \u00eei pot sprijini pe cei mici \u00een primii ani de via\u021b\u0103.<br \/>\nP\u0103rin\u021bii au acces la instrumente \u0219i resurse precum \u201eGhidul p\u0103rin\u021bilor pentru educa\u021bia timpurie\u201d, dar \u0219i la o bibliotec\u0103 video cu tutoriale disponibile online pe canalul \u201eStart \u00een educa\u021bie\u201d.<br \/>\n\u201eParticiparea la \u0218coala P\u0103rin\u021bilor a fost o experien\u021b\u0103 foarte valoroas\u0103 pentru mine. Filmule\u021bele prezentate m-au f\u0103cut s\u0103 reflectez mai atent la impactul pe care comportamentul meu \u00eel are asupra copiilor \u0219i la importan\u021ba de a fi un model pozitiv pentru ei\u201d, a declarat unul dintre p\u0103rin\u021bii participan\u021bi.<\/p>\n<p>33 de educatori, implica\u021bi \u00een formare<br \/>\nO component\u0103 important\u0103 a proiectului este dedicat\u0103 cadrelor didactice. 33 de educatori din jude\u021bul Tulcea particip\u0103 la cursul acreditat \u201eBune practici \u00een educa\u021bia parental\u0103\u201d.<br \/>\nPrin acest curs, educatorii \u00ee\u0219i dezvolt\u0103 competen\u021bele de colaborare cu p\u0103rin\u021bii \u0219i metodele de lucru centrate pe nevoile copilului.<br \/>\n\u201eParticiparea la cursul Bune practici \u00een educa\u021bia parental\u0103 a fost o experien\u021b\u0103 valoroas\u0103, care mi-a oferit perspective noi \u0219i instrumente utile pentru activitatea profesional\u0103. Informa\u021biile au fost prezentate clar \u0219i aplicat, iar atmosfera interactiv\u0103 a \u00eencurajat schimbul de idei \u0219i implicarea activ\u0103 a participan\u021bilor\u201d, a declarat unul dintre cadrele didactice participante.<br \/>\nEducatorii au la dispozi\u021bie \u0219i ghidul de activit\u0103\u021bi pentru p\u0103rin\u021bi \u0219i educatori \u201eJoc \u0219i Joac\u0103 \u2013 mi\u0219care \u0219i distrac\u021bie pentru cei mici\u201d.<\/p>\n<p>Resurse gratuite pentru educa\u021bia timpurie<br \/>\nP\u0103rin\u021bii, educatorii \u0219i speciali\u0219tii au acces, \u00eencep\u00e2nd din acest an, la startineducatie.ro, primul hub na\u021bional dedicat educa\u021biei timpurii din Rom\u00e2nia.<br \/>\nPlatforma ofer\u0103 gratuit ghiduri, activit\u0103\u021bi practice, webinare, cursuri \u0219i programe de mentorat pentru p\u0103rin\u021bi, educatori \u0219i gr\u0103dini\u021be.<\/p>\n<p>Comunit\u0103\u021bile din jude\u021bul Tulcea incluse \u00een program<br \/>\n\u00cen anul \u0219colar 2025\u20132026, programul \u201eStart \u00een educa\u021bie\u201d a fost implementat \u00een 19 comunit\u0103\u021bi din jude\u021bul Tulcea:<\/p>\n<p> \tBaia<br \/>\n \tBe\u0219tepe<br \/>\n \tCataloi<br \/>\n \tCeamurlia de Jos<br \/>\n \tCeamurlia de Sus<br \/>\n \tCiucurova<br \/>\n \tFrec\u0103\u021bei<br \/>\n \tI.C. Br\u0103tianu<br \/>\n \tJurilovca<br \/>\n \tLunca<br \/>\n \tMaliuc<br \/>\n \tM\u0103cin<br \/>\n \tNalbant<br \/>\n \tNicolae B\u0103lcescu<br \/>\n \tPanduru<br \/>\n \tPeceneaga<br \/>\n \tS\u0103lcioara<br \/>\n \tTurcoaia<br \/>\n \tVi\u0219ina<\/p>\n<p>Programul \u201eStart \u00een educa\u021bie\u201d, la al patrulea an<br \/>\nAjuns la al patrulea an de implementare, \u201eStart \u00een educa\u021bie\u201d urm\u0103re\u0219te, la nivel na\u021bional, sprijinirea a 240.000 de copii cu v\u00e2rste \u00eentre 3 \u0219i 6 ani, 50.000 de p\u0103rin\u021bi, 9.000 de educatori \u0219i 4.500 de gr\u0103dini\u021be din comunit\u0103\u021bi defavorizate.<br \/>\nProgramul este derulat de Funda\u021bia World Vision Rom\u00e2nia \u0219i Funda\u021bia OMV Petrom \u0219i urm\u0103re\u0219te consolidarea parteneriatului dintre familie, gr\u0103dini\u021b\u0103 \u0219i comunitate, precum \u0219i crearea unui mediu educa\u021bional bazat pe comunicare, empatie \u0219i implicare.<\/p><\/div>\n<p>[analyse_source url=&#8221;https:\/\/infotulcea.ro\/521-de-copii-din-tulcea-sprijiniti-prin-start-in-educatie\/&#8221;]<\/p>\n","protected":false},"excerpt":{"rendered":"<p>[analyse_image type=&#8221;featured&#8221; src=&#8221;https:\/\/infotulcea.ro\/wp-content\/uploads\/2026\/08\/poza-Start-in-educatie.jpghttps:\/\/infotulcea.ro\/wp-content\/uploads\/2026\/08\/poza-Start-in-educatie.jpg&#8221;] Home\/Educa\u0163ie\/521 de copii din Tulcea, sprijini\u021bi prin \u201eStart \u00een educa\u021bie\u201d Educa\u0163ie 521 de copii din Tulcea, sprijini\u021bi prin \u201eStart \u00een educa\u021bie\u201d Redactia12 august 2026 0 185 3 minutes read 521 de copii, 179 de p\u0103rin\u021bi \u0219i 33 de educatori din jude\u021bul Tulcea beneficiaz\u0103 de resurse educa\u021bionale \u0219i activit\u0103\u021bi dedicate \u00een cadrul programului [&hellip;]<\/p>\n","protected":false},"author":1,"featured_media":0,"comment_status":"open","ping_status":"","sticky":false,"template":"","format":"standard","meta":{"footnotes":""},"categories":[89],"tags":[226,221],"class_list":["post-2090770","post","type-post","status-publish","format-standard","hentry","category-romania","tag-crawlmanager","tag-infotulcea-ro"],"_links":{"self":[{"href":"https:\/\/analyse.optim.biz\/index.php?rest_route=\/wp\/v2\/posts\/2090770","targetHints":{"allow":["GET"]}}],"collection":[{"href":"https:\/\/analyse.optim.biz\/index.php?rest_route=\/wp\/v2\/posts"}],"about":[{"href":"https:\/\/analyse.optim.biz\/index.php?rest_route=\/wp\/v2\/types\/post"}],"author":[{"embeddable":true,"href":"https:\/\/analyse.optim.biz\/index.php?rest_route=\/wp\/v2\/users\/1"}],"replies":[{"embeddable":true,"href":"https:\/\/analyse.optim.biz\/index.php?rest_route=%2Fwp%2Fv2%2Fcomments&post=2090770"}],"version-history":[{"count":0,"href":"https:\/\/analyse.optim.biz\/index.php?rest_route=\/wp\/v2\/posts\/2090770\/revisions"}],"wp:attachment":[{"href":"https:\/\/analyse.optim.biz\/index.php?rest_route=%2Fwp%2Fv2%2Fmedia&parent=2090770"}],"wp:term":[{"taxonomy":"category","embeddable":true,"href":"https:\/\/analyse.optim.biz\/index.php?rest_route=%2Fwp%2Fv2%2Fcategories&post=2090770"},{"taxonomy":"post_tag","embeddable":true,"href":"https:\/\/analyse.optim.biz\/index.php?rest_route=%2Fwp%2Fv2%2Ftags&post=2090770"}],"curies":[{"name":"wp","href":"https:\/\/api.w.org\/{rel}","templated":true}]}}