{"id":2090733,"date":"2026-08-12T16:01:33","date_gmt":"2026-08-12T13:01:33","guid":{"rendered":"https:\/\/analyse.optim.biz\/?p=2090733"},"modified":"2026-08-12T16:01:33","modified_gmt":"2026-08-12T13:01:33","slug":"teleormanul-e-sub-un-soare-cu-dinti-cum-stam-cu-instalarea-de-panouri-solare-cata-energie-dau-in-retea","status":"publish","type":"post","link":"https:\/\/analyse.optim.biz\/?p=2090733","title":{"rendered":"Teleormanul e sub un soare cu din\u021bi: cum st\u0103m cu instalarea de panouri solare &#8211; c\u00e2t\u0103 energie dau \u00een re\u021bea"},"content":{"rendered":"<p>[analyse_image type=&#8221;featured&#8221; src=&#8221;https:\/\/liberinteleorman.ro\/wp-content\/uploads\/2026\/08\/IMG_0416.jpeg&#8221;]<\/p>\n<div class=\"entry-content single56__content single56__post_content single56__body_area\">\n<p><em>Teleorman: 61,9 MW \u00een panouri solare pe acoperi\u0219uri, locul 32 din 42, cu firmele st\u0103p\u00e2ne pe mai mult de jum\u0103tate din megawa\u021bi<\/em><\/p>\n<p>\u00cen Teleorman, puterea de generare a energiei electrice prin panouri solare a ajuns la 61,9 MW \u00een luna iunie 2026, locul 32 din cele 42 de unit\u0103\u021bi administrative ale \u021b\u0103rii, potrivit unei analize realizate de\u00a0<a href=\"https:\/\/www.google.com\/url?q=https:\/\/www.echipam.ro\/&amp;sa=D&amp;source=editors&amp;ust=1786553729642562&amp;usg=AOvVaw1sP2s5t36OQEf7QKqbpwxS\" target=\"_blank\" rel=\"noopener\">Echipam.ro<\/a>\u00a0folosind date extrase din\u00a0<a href=\"https:\/\/www.google.com\/url?q=https:\/\/anre.ro\/consumatori\/energie-electrica\/cum-devin-prosumator\/&amp;sa=D&amp;source=editors&amp;ust=1786553729642825&amp;usg=AOvVaw3EgyCJBV9ny-9gPpnQspjP\" target=\"_blank\" rel=\"noopener\">situa\u021biile lunare ale ANRE<\/a>. Fa\u021b\u0103 de iunie 2025, c\u00e2nd jude\u021bul avea 42,1 MW, cre\u0219terea e de 47,1%, peste media na\u021bional\u0103 de 42,5%.<\/p>\n<p>Vecinii de rang sunt Hunedoara, cu 66,2 MW pe locul 31, \u0219i Giurgiu, cu 61,3 MW pe locul 33, la doar 0,6 MW sub Teleorman. P\u00e2n\u0103 la mediana clasamentului, de 81,2 MW, mai e un drum de aproape 20 MW, iar liderul, Ilfovul, e la 290,7 MW.<\/p>\n<p>Num\u0103rul prosumatorilor teleorm\u0103neni a crescut cu 41,4% \u00eentr-un an: de la 3.797 (3.281 persoane fizice, 516 firme) la 5.368, dintre care 4.632 de persoane fizice \u0219i 736 de firme. Firmele de\u021bin 32,5 MW, mai mult de jum\u0103tate din puterea instalat\u0103 a jude\u021bului. Cifrele \u00eei num\u0103r\u0103 pe prosumatorii racorda\u021bi la re\u021belele de distribu\u021bie, adic\u0103 pe cei care \u00ee\u0219i produc curent pentru consum propriu \u0219i livreaz\u0103 surplusul \u00een re\u021bea; se m\u0103soar\u0103 puterea instalat\u0103, nu energia produs\u0103 efectiv.<\/p>\n<p>Trei vecini sunt sus \u00een tabel: Arge\u0219ul are 138,1 MW pe locul 7, D\u00e2mbovi\u021ba 97,1 MW pe locul 14, iar Oltul 95,3 MW pe locul 15, toate cam la dublul nivelului teleorm\u0103nean sau peste. Al patrulea vecin, Giurgiu, st\u0103 chiar sub Teleorman \u00een clasament.<\/p>\n<p>\u00cen vara \u00een care Rom\u00e2nia \u0219i-a declarat criza de energie, o singur\u0103 capacitate de produc\u021bie cre\u0219te lun\u0103 de lun\u0103: panourile solare de pe acoperi\u0219uri. La nivel na\u021bional, puterea instalat\u0103 de prosumatori a ajuns la 4.019 MW \u00een iunie 2026, cu 42,5% mai mult dec\u00e2t cu un an \u00een urm\u0103.<\/p>\n<p>Clasamentul complet al celor 42 de unit\u0103\u021bi administrative:<\/p>\n<figure class=\"wp-block-table\">\n<table>\n<thead>\n<tr>\n<td>Loc<\/td>\n<td>Jude\u021b<\/td>\n<td>Putere instalat\u0103 la 30.06.2025 (MW)<\/td>\n<td>Putere instalat\u0103 la 30.06.2026 (MW)<\/td>\n<td>Cre\u0219tere \u00eentr-un an<\/td>\n<\/tr>\n<\/thead>\n<tbody>\n<tr>\n<td>1<\/td>\n<td>Ilfov<\/td>\n<td>219,1<\/td>\n<td>290,7<\/td>\n<td>+32,7%<\/td>\n<\/tr>\n<tr>\n<td>2<\/td>\n<td>Timi\u0219<\/td>\n<td>140,2<\/td>\n<td>196,5<\/td>\n<td>+40,2%<\/td>\n<\/tr>\n<tr>\n<td>3<\/td>\n<td>Bihor<\/td>\n<td>110,5<\/td>\n<td>164,3<\/td>\n<td>+48,8%<\/td>\n<\/tr>\n<tr>\n<td>4<\/td>\n<td>Dolj<\/td>\n<td>109,6<\/td>\n<td>155,8<\/td>\n<td>+42,2%<\/td>\n<\/tr>\n<tr>\n<td>5<\/td>\n<td>Cluj<\/td>\n<td>108,6<\/td>\n<td>144,4<\/td>\n<td>+33,0%<\/td>\n<\/tr>\n<tr>\n<td>6<\/td>\n<td>Arad<\/td>\n<td>92,9<\/td>\n<td>138,1<\/td>\n<td>+48,6%<\/td>\n<\/tr>\n<tr>\n<td>7<\/td>\n<td>Arge\u0219<\/td>\n<td>102,0<\/td>\n<td>138,1<\/td>\n<td>+35,3%<\/td>\n<\/tr>\n<tr>\n<td>8<\/td>\n<td>Constan\u021ba<\/td>\n<td>95,9<\/td>\n<td>133,8<\/td>\n<td>+39,6%<\/td>\n<\/tr>\n<tr>\n<td>9<\/td>\n<td>Suceava<\/td>\n<td>98,2<\/td>\n<td>132,3<\/td>\n<td>+34,8%<\/td>\n<\/tr>\n<tr>\n<td>10<\/td>\n<td>Bucure\u0219ti<\/td>\n<td>108,2<\/td>\n<td>130,4<\/td>\n<td>+20,5%<\/td>\n<\/tr>\n<tr>\n<td>11<\/td>\n<td>Ia\u0219i<\/td>\n<td>90,7<\/td>\n<td>128,0<\/td>\n<td>+41,2%<\/td>\n<\/tr>\n<tr>\n<td>12<\/td>\n<td>Prahova<\/td>\n<td>78,9<\/td>\n<td>124,5<\/td>\n<td>+57,8%<\/td>\n<\/tr>\n<tr>\n<td>13<\/td>\n<td>Mure\u0219<\/td>\n<td>85,5<\/td>\n<td>123,1<\/td>\n<td>+44,0%<\/td>\n<\/tr>\n<tr>\n<td>14<\/td>\n<td>D\u00e2mbovi\u021ba<\/td>\n<td>54,3<\/td>\n<td>97,1<\/td>\n<td>+78,6%<\/td>\n<\/tr>\n<tr>\n<td>15<\/td>\n<td>Olt<\/td>\n<td>64,0<\/td>\n<td>95,3<\/td>\n<td>+48,8%<\/td>\n<\/tr>\n<tr>\n<td>16<\/td>\n<td>Sibiu<\/td>\n<td>65,5<\/td>\n<td>91,6<\/td>\n<td>+39,8%<\/td>\n<\/tr>\n<tr>\n<td>17<\/td>\n<td>Bra\u0219ov<\/td>\n<td>67,3<\/td>\n<td>91,6<\/td>\n<td>+36,1%<\/td>\n<\/tr>\n<tr>\n<td>18<\/td>\n<td>Satu Mare<\/td>\n<td>65,0<\/td>\n<td>90,0<\/td>\n<td>+38,5%<\/td>\n<\/tr>\n<tr>\n<td>19<\/td>\n<td>Buz\u0103u<\/td>\n<td>52,7<\/td>\n<td>88,1<\/td>\n<td>+67,0%<\/td>\n<\/tr>\n<tr>\n<td>20<\/td>\n<td>V\u00e2lcea<\/td>\n<td>65,5<\/td>\n<td>87,5<\/td>\n<td>+33,5%<\/td>\n<\/tr>\n<tr>\n<td>21<\/td>\n<td>Harghita<\/td>\n<td>58,0<\/td>\n<td>81,9<\/td>\n<td>+41,1%<\/td>\n<\/tr>\n<tr>\n<td>22<\/td>\n<td>Neam\u021b<\/td>\n<td>54,1<\/td>\n<td>80,5<\/td>\n<td>+48,6%<\/td>\n<\/tr>\n<tr>\n<td>23<\/td>\n<td>Maramure\u0219<\/td>\n<td>57,3<\/td>\n<td>79,7<\/td>\n<td>+39,1%<\/td>\n<\/tr>\n<tr>\n<td>24<\/td>\n<td>Bac\u0103u<\/td>\n<td>58,2<\/td>\n<td>79,4<\/td>\n<td>+36,5%<\/td>\n<\/tr>\n<tr>\n<td>25<\/td>\n<td>Alba<\/td>\n<td>56,0<\/td>\n<td>75,3<\/td>\n<td>+34,6%<\/td>\n<\/tr>\n<tr>\n<td>26<\/td>\n<td>Gorj<\/td>\n<td>52,1<\/td>\n<td>74,8<\/td>\n<td>+43,7%<\/td>\n<\/tr>\n<tr>\n<td>27<\/td>\n<td>Vrancea<\/td>\n<td>49,7<\/td>\n<td>74,6<\/td>\n<td>+50,2%<\/td>\n<\/tr>\n<tr>\n<td>28<\/td>\n<td>Bistri\u021ba-N\u0103s\u0103ud<\/td>\n<td>43,8<\/td>\n<td>71,0<\/td>\n<td>+62,0%<\/td>\n<\/tr>\n<tr>\n<td>29<\/td>\n<td>Gala\u021bi<\/td>\n<td>42,5<\/td>\n<td>68,8<\/td>\n<td>+61,7%<\/td>\n<\/tr>\n<tr>\n<td>30<\/td>\n<td>C\u0103l\u0103ra\u0219i<\/td>\n<td>44,0<\/td>\n<td>67,9<\/td>\n<td>+54,3%<\/td>\n<\/tr>\n<tr>\n<td>31<\/td>\n<td>Hunedoara<\/td>\n<td>50,4<\/td>\n<td>66,2<\/td>\n<td>+31,5%<\/td>\n<\/tr>\n<tr>\n<td><strong>32<\/strong><\/td>\n<td><strong>Teleorman<\/strong><\/td>\n<td><strong>42,1<\/strong><\/td>\n<td><strong>61,9<\/strong><\/td>\n<td><strong>+47,1%<\/strong><\/td>\n<\/tr>\n<tr>\n<td>33<\/td>\n<td>Giurgiu<\/td>\n<td>47,0<\/td>\n<td>61,3<\/td>\n<td>+30,6%<\/td>\n<\/tr>\n<tr>\n<td>34<\/td>\n<td>Boto\u0219ani<\/td>\n<td>31,0<\/td>\n<td>56,4<\/td>\n<td>+82,1%<\/td>\n<\/tr>\n<tr>\n<td>35<\/td>\n<td>Mehedin\u021bi<\/td>\n<td>35,5<\/td>\n<td>54,4<\/td>\n<td>+53,2%<\/td>\n<\/tr>\n<tr>\n<td>36<\/td>\n<td>S\u0103laj<\/td>\n<td>38,1<\/td>\n<td>52,0<\/td>\n<td>+36,5%<\/td>\n<\/tr>\n<tr>\n<td>37<\/td>\n<td>Br\u0103ila<\/td>\n<td>32,1<\/td>\n<td>51,8<\/td>\n<td>+61,2%<\/td>\n<\/tr>\n<tr>\n<td>38<\/td>\n<td>Ialomi\u021ba<\/td>\n<td>38,0<\/td>\n<td>51,5<\/td>\n<td>+35,3%<\/td>\n<\/tr>\n<tr>\n<td>39<\/td>\n<td>Vaslui<\/td>\n<td>35,4<\/td>\n<td>51,0<\/td>\n<td>+44,3%<\/td>\n<\/tr>\n<tr>\n<td>40<\/td>\n<td>Cara\u0219-Severin<\/td>\n<td>28,9<\/td>\n<td>41,7<\/td>\n<td>+44,0%<\/td>\n<\/tr>\n<tr>\n<td>41<\/td>\n<td>Tulcea<\/td>\n<td>26,9<\/td>\n<td>39,3<\/td>\n<td>+46,5%<\/td>\n<\/tr>\n<tr>\n<td>42<\/td>\n<td>Covasna<\/td>\n<td>25,1<\/td>\n<td>36,6<\/td>\n<td>+45,9%<\/td>\n<\/tr>\n<\/tbody>\n<\/table>\n<\/figure>\n<p>Fiecare acoperi\u0219 din acest clasament a \u00eensemnat oameni urca\u021bi la \u00een\u0103l\u021bime, l\u00e2ng\u0103 instala\u021bii aflate sub tensiune. Iar munca nu se termin\u0103 la montaj: panourile se verific\u0103 \u0219i se \u00eentre\u021bin ani la r\u00e2nd. Legea 319\/2006 e clar\u0103: angajatorul este obligat s\u0103 asigure gratuit echipamentul de protec\u021bie. Firmele care monteaz\u0103 sau \u00eentre\u021bin panouri g\u0103sesc\u00a0<a href=\"https:\/\/www.google.com\/url?q=https:\/\/www.echipam.ro\/&amp;sa=D&amp;source=editors&amp;ust=1786553729685441&amp;usg=AOvVaw02McIkXk5rA0c89fkiQNsM\" target=\"_blank\" rel=\"noopener\">echipamentul pentru lucru la \u00een\u0103l\u021bime \u0219i cel electroizolant<\/a>\u00a0la Echipam.ro, distribuitor de echipamente de protec\u021bie.<\/p>\n<p>\u201eCifrele astea le vedem \u0219i noi, dar dintr-un alt unghi: \u00een ultimul an, comenzile de echipament pentru lucru la \u00een\u0103l\u021bime au crescut vizibil, iar tot mai des cump\u0103r\u0103torul nu mai e o firm\u0103 mare de instal\u0103ri, ci echipe mici, de doi-trei oameni, care monteaz\u0103 c\u00e2teva sisteme pe s\u0103pt\u0103m\u00e2n\u0103. Partea bun\u0103 e c\u0103 mul\u021bi \u00eentreab\u0103 acum de centuri \u0219i de m\u0103nu\u0219i electroizolante \u00eenainte s\u0103 le cear\u0103 cineva la un control. Pia\u021ba se profesionalizeaz\u0103 de jos \u00een sus\u201d, spune Sorin Iftene, fondatorul Echipam.ro.<\/p>\n<p>Cre\u0219terea asta s-a produs aproape f\u0103r\u0103 sprijin de la stat. Ultima sesiune de \u00eenscrieri \u00een Casa Verde Fotovoltaice, programul care acoperea o parte din costul unui sistem reziden\u021bial, a fost cea din 2024. \u00cen 2025 lansarea unei sesiuni noi a fost suspendat\u0103 pe fondul deficitului bugetar, iar \u00een mai 2026 programul a fost eliminat din bugetul AFM, fondurile fiind mutate c\u0103tre proiecte de ap\u0103 \u0219i canalizare. Singura linie r\u0103mas\u0103 pentru gospod\u0103rii \u00een 2026 este un program de 400 de milioane de lei pentru baterii de stocare, destinat exclusiv prosumatorilor care au deja panouri instalate, cu ghidul de finan\u021bare \u00eenc\u0103 nepublicat. Firmele stau ceva mai bine: pentru ele exist\u0103 fonduri europene prin Fondul de Modernizare \u0219i PNRR, cu apeluri deschise periodic, de\u0219i Electric Up, programul dedicat IMM-urilor, nu are un ciclu nou confirmat \u00een 2026. Cu alte cuvinte, cei aproape 5.400 de prosumatori teleorm\u0103neni, persoane fizice \u0219i firme deopotriv\u0103, au ajuns aici \u00een principal din bani proprii, iar statul finan\u021beaz\u0103 acum pasul urm\u0103tor: stocarea surplusului care preseaz\u0103 re\u021beaua \u00een zilele \u00eensorite.<\/p>\n<\/div>\n<p>[analyse_source url=&#8221;https:\/\/liberinteleorman.ro\/teleormanul-e-sub-un-soare-cu-dinti-cum-stam-cu-instalarea-de-panouri-solare-cata-energie-dau-in-retea-teleormanenii\/&#8221;]<\/p>\n","protected":false},"excerpt":{"rendered":"<p>[analyse_image type=&#8221;featured&#8221; src=&#8221;https:\/\/liberinteleorman.ro\/wp-content\/uploads\/2026\/08\/IMG_0416.jpeg&#8221;] Teleorman: 61,9 MW \u00een panouri solare pe acoperi\u0219uri, locul 32 din 42, cu firmele st\u0103p\u00e2ne pe mai mult de jum\u0103tate din megawa\u021bi \u00cen Teleorman, puterea de generare a energiei electrice prin panouri solare a ajuns la 61,9 MW \u00een luna iunie 2026, locul 32 din cele 42 de unit\u0103\u021bi administrative ale \u021b\u0103rii, [&hellip;]<\/p>\n","protected":false},"author":1,"featured_media":0,"comment_status":"open","ping_status":"","sticky":false,"template":"","format":"standard","meta":{"footnotes":""},"categories":[89],"tags":[226,181],"class_list":["post-2090733","post","type-post","status-publish","format-standard","hentry","category-romania","tag-crawlmanager","tag-liberinteleorman-ro"],"_links":{"self":[{"href":"https:\/\/analyse.optim.biz\/index.php?rest_route=\/wp\/v2\/posts\/2090733","targetHints":{"allow":["GET"]}}],"collection":[{"href":"https:\/\/analyse.optim.biz\/index.php?rest_route=\/wp\/v2\/posts"}],"about":[{"href":"https:\/\/analyse.optim.biz\/index.php?rest_route=\/wp\/v2\/types\/post"}],"author":[{"embeddable":true,"href":"https:\/\/analyse.optim.biz\/index.php?rest_route=\/wp\/v2\/users\/1"}],"replies":[{"embeddable":true,"href":"https:\/\/analyse.optim.biz\/index.php?rest_route=%2Fwp%2Fv2%2Fcomments&post=2090733"}],"version-history":[{"count":0,"href":"https:\/\/analyse.optim.biz\/index.php?rest_route=\/wp\/v2\/posts\/2090733\/revisions"}],"wp:attachment":[{"href":"https:\/\/analyse.optim.biz\/index.php?rest_route=%2Fwp%2Fv2%2Fmedia&parent=2090733"}],"wp:term":[{"taxonomy":"category","embeddable":true,"href":"https:\/\/analyse.optim.biz\/index.php?rest_route=%2Fwp%2Fv2%2Fcategories&post=2090733"},{"taxonomy":"post_tag","embeddable":true,"href":"https:\/\/analyse.optim.biz\/index.php?rest_route=%2Fwp%2Fv2%2Ftags&post=2090733"}],"curies":[{"name":"wp","href":"https:\/\/api.w.org\/{rel}","templated":true}]}}