{"id":2090722,"date":"2026-08-13T05:03:27","date_gmt":"2026-08-13T02:03:27","guid":{"rendered":"https:\/\/analyse.optim.biz\/?p=2090722"},"modified":"2026-08-13T05:03:27","modified_gmt":"2026-08-13T02:03:27","slug":"romania-cinci-drone-urmarite-de-radare-una-intrand-pentru-zece-minute-in-spatiul-aerian-romanesc","status":"publish","type":"post","link":"https:\/\/analyse.optim.biz\/?p=2090722","title":{"rendered":"Rom\u00e2nia \u2013 Cinci drone, urm\u0103rite de radare, una intr\u00e2nd pentru zece minute \u00een spa\u0163iul aerian rom\u00e2nesc"},"content":{"rendered":"<p>[analyse_image type=&#8221;featured&#8221; src=&#8221;https:\/\/ziardesuceava.ro\/wp-content\/uploads\/2025\/11\/drona-ucraineana-up.jpg&#8221;]<\/p>\n<div class=\"post-content clearfix\">\n<div class=\"blog-post-thumb\"><img loading=\"lazy\" decoding=\"async\" width=\"820\" height=\"460\" src=\"https:\/\/ziardesuceava.ro\/wp-content\/uploads\/2025\/11\/drona-ucraineana-up.jpg\" class=\"attachment-inhype-blog-thumb size-inhype-blog-thumb wp-post-image\" alt><\/div>\n<div class=\"entry-content\">\n<p>Radarele Armatei au detectat din nou \u0163inte aeriene \u00een apropierea Rom\u00e2niei, iar dou\u0103 aeronave F-16 ale For\u0163elor Aeriene Rom\u00e2ne au fost ridicate de la sol pentru monitorizarea situa\u0163iei. \u00cen zona de nord a jude\u0163ului Tulcea a fost emis un mesaj RO-Alert. Cinci drone au fost urm\u0103rite, iar una a p\u0103truns pentru scurt timp pe teritoriul na\u0163ional, dar apoi a ie\u015fit.<\/p>\n<p>\u201dSistemul de supraveghere radar al MApN a detectat, \u00een noaptea de 12 spre 13 august, la ora 01.27, un grup de cinci \u0163inte aeriene \u00een zona localit\u0103\u0163ii Ismail, deasupra teritoriului ucrainean, \u00een proximitatea frontierei fluviale cu Rom\u00e2nia. Centrul Na\u0163ional Militar de Comand\u0103 a notificat Inspectoratul General pentru Situa\u0163ii de Urgen\u0163\u0103 privind instituirea m\u0103surilor de alertare a popula\u0163iei din nordul jude\u0163ului Tulcea, care a transmis un mesaj RO-Alert la ora 01.30\u201d, anun\u0163\u0103, joi diminea\u0163\u0103, Ministerul Ap\u0103r\u0103rii.<\/p>\n<p>Dou\u0103 aeronave F-16 ale For\u0163elor Aeriene Rom\u00e2ne, din cadrul Bazei 86 Aeriene Borcea, au fost ridicate de la sol pentru monitorizarea situa\u0163iei.<\/p>\n<p>Radarele de la sol au detectat p\u0103trunderea unei \u0163inte aeriene \u00een spa\u0163iul aerian na\u0163ional, la aproximativ 2 km sud de localitatea Pardina.<\/p>\n<p>\u00a0<\/p>\n<p>\u201d\u0162inta a evoluat aproximativ 10 minute \u00een spa\u0163iul aerian na\u0163ional, de-a lungul bra\u0163ului Chilia, dup\u0103 care a p\u0103r\u0103sit teritoriul Rom\u00e2niei spre Ucraina, la aproximativ 13 km sud-vest de localitatea Chilia Veche. La scurt timp dup\u0103 ie\u015firea din spa\u0163iul aerian al Rom\u00e2niei, au fost raportate explozii pe teritoriul ucrainean\u201d, precizeaz\u0103 ministerul.<\/p>\n<p>Alerta aerian\u0103 instituit\u0103 pentru nordul jude\u0163ului Tulcea a \u00eencetat la ora 02.42.<\/p>\n<p>Ministerul Ap\u0103r\u0103rii Na\u0163ionale monitorizeaz\u0103 permanent situa\u0163ia \u015fi informeaz\u0103 \u00een timp real structurile aliate cu privire la astfel de evenimente.p<\/p>\n<\/div>\n<div class=\"inhype-social-share-fixed sidebar-position-right\">\n<div class=\"post-social-wrapper\">\n<div class=\"post-social-title\"><span class=\"post-social-title-text\">Share<\/span><\/div>\n<\/div>\n<\/div>\n<\/div>\n<p>[analyse_source url=&#8221;https:\/\/ziardesuceava.ro\/romania-cinci-drone-urmarite-de-radare-una-intrand-pentru-zece-minute-in-spatiul-aerian-romanesc\/&#8221;]<\/p>\n","protected":false},"excerpt":{"rendered":"<p>[analyse_image type=&#8221;featured&#8221; src=&#8221;https:\/\/ziardesuceava.ro\/wp-content\/uploads\/2025\/11\/drona-ucraineana-up.jpg&#8221;] Radarele Armatei au detectat din nou \u0163inte aeriene \u00een apropierea Rom\u00e2niei, iar dou\u0103 aeronave F-16 ale For\u0163elor Aeriene Rom\u00e2ne au fost ridicate de la sol pentru monitorizarea situa\u0163iei. \u00cen zona de nord a jude\u0163ului Tulcea a fost emis un mesaj RO-Alert. Cinci drone au fost urm\u0103rite, iar una a p\u0103truns pentru scurt [&hellip;]<\/p>\n","protected":false},"author":1,"featured_media":0,"comment_status":"open","ping_status":"","sticky":false,"template":"","format":"standard","meta":{"footnotes":""},"categories":[89],"tags":[226,171],"class_list":["post-2090722","post","type-post","status-publish","format-standard","hentry","category-romania","tag-crawlmanager","tag-ziardesuceava-ro"],"_links":{"self":[{"href":"https:\/\/analyse.optim.biz\/index.php?rest_route=\/wp\/v2\/posts\/2090722","targetHints":{"allow":["GET"]}}],"collection":[{"href":"https:\/\/analyse.optim.biz\/index.php?rest_route=\/wp\/v2\/posts"}],"about":[{"href":"https:\/\/analyse.optim.biz\/index.php?rest_route=\/wp\/v2\/types\/post"}],"author":[{"embeddable":true,"href":"https:\/\/analyse.optim.biz\/index.php?rest_route=\/wp\/v2\/users\/1"}],"replies":[{"embeddable":true,"href":"https:\/\/analyse.optim.biz\/index.php?rest_route=%2Fwp%2Fv2%2Fcomments&post=2090722"}],"version-history":[{"count":0,"href":"https:\/\/analyse.optim.biz\/index.php?rest_route=\/wp\/v2\/posts\/2090722\/revisions"}],"wp:attachment":[{"href":"https:\/\/analyse.optim.biz\/index.php?rest_route=%2Fwp%2Fv2%2Fmedia&parent=2090722"}],"wp:term":[{"taxonomy":"category","embeddable":true,"href":"https:\/\/analyse.optim.biz\/index.php?rest_route=%2Fwp%2Fv2%2Fcategories&post=2090722"},{"taxonomy":"post_tag","embeddable":true,"href":"https:\/\/analyse.optim.biz\/index.php?rest_route=%2Fwp%2Fv2%2Ftags&post=2090722"}],"curies":[{"name":"wp","href":"https:\/\/api.w.org\/{rel}","templated":true}]}}