{"id":2090718,"date":"2026-08-10T10:22:51","date_gmt":"2026-08-10T07:22:51","guid":{"rendered":"https:\/\/analyse.optim.biz\/?p=2090718"},"modified":"2026-08-10T10:22:51","modified_gmt":"2026-08-10T07:22:51","slug":"rezervistii-din-suceava-neamt-si-botosani-chemati-la-unitatile-militare-in-septembrie-in-cadrul-exercitiului-mobex-al-mapn","status":"publish","type":"post","link":"https:\/\/analyse.optim.biz\/?p=2090718","title":{"rendered":"Rezervi\u0219tii din Suceava, Neam\u021b \u0219i Boto\u0219ani, chema\u021bi la unit\u0103\u021bile militare \u00een septembrie, \u00een cadrul exerci\u021biului MOBEX al MAPN"},"content":{"rendered":"<p>[analyse_image type=&#8221;featured&#8221; src=&#8221;https:\/\/www.radiotop.ro\/img\/media\/2026\/08\/740326094_27851651671138424_3630022356723878840_n.jpg&#8221;]<\/p>\n<div class=\"entry-content no-share\">\n<div class=\"content-inner \">\n<p>Rezervi\u0219tii cu domiciliul \u00een jude\u021bele Suceava, Neam\u021b \u0219i Boto\u0219ani vor participa, \u00een perioada 14-18 septembrie, la exerci\u021biul de mobilizare MOBEX NT-SV-BT-26, organizat de Ministerul Ap\u0103r\u0103rii Na\u021bionale, informeaz\u0103 ministerul prin intermediul unui comunicat de pres\u0103.<\/p>\n<p>\u00cen cazul jude\u021bului Suceava, rezervi\u0219tii vor participa, pe durata unei zile, la activit\u0103\u021bi specifice de preg\u0103tire, \u00een unit\u0103\u021bile militare \u00een care s\u00eent repartiza\u021bi. Documentele de convocare vor fi \u00eenm\u00eenate de angaja\u021bi ai Ministerului Afacerilor de Interne.<\/p>\n<p>Potrivit Ministerului Ap\u0103r\u0103rii Na\u021bionale, exerci\u021biul are ca obiectiv verificarea stadiului preg\u0103tirii popula\u021biei, economiei \u0219i teritoriului pentru ap\u0103rare, precum \u0219i a gradului de asigurare cu personal \u0219i materiale a structurilor cu atribu\u021bii \u00een domeniul ap\u0103r\u0103rii \u0219i securit\u0103\u021bii na\u021bionale.<\/p>\n<p>Angajatorii au obliga\u021bia de a asigura participarea rezervi\u0219tilor salaria\u021bi la aceste activit\u0103\u021bi, prin acordarea unui concediu suplimentar pl\u0103tit, \u00een baza adeverin\u021bei eliberate de centrul militar.<\/p>\n<p>Exerci\u021bii similare au mai fost organizate \u00een jude\u021bul Suceava \u00een 2019, \u00een Neam\u021b \u00een 2018, iar \u00een Boto\u0219ani \u00een 2016.<\/p>\n<\/div>\n<\/div>\n<div class=\"content-inner \">\n<p>Rezervi\u0219tii cu domiciliul \u00een jude\u021bele Suceava, Neam\u021b \u0219i Boto\u0219ani vor participa, \u00een perioada 14-18 septembrie, la exerci\u021biul de mobilizare MOBEX NT-SV-BT-26, organizat de Ministerul Ap\u0103r\u0103rii Na\u021bionale, informeaz\u0103 ministerul prin intermediul unui comunicat de pres\u0103.<\/p>\n<p>\u00cen cazul jude\u021bului Suceava, rezervi\u0219tii vor participa, pe durata unei zile, la activit\u0103\u021bi specifice de preg\u0103tire, \u00een unit\u0103\u021bile militare \u00een care s\u00eent repartiza\u021bi. Documentele de convocare vor fi \u00eenm\u00eenate de angaja\u021bi ai Ministerului Afacerilor de Interne.<\/p>\n<p>Potrivit Ministerului Ap\u0103r\u0103rii Na\u021bionale, exerci\u021biul are ca obiectiv verificarea stadiului preg\u0103tirii popula\u021biei, economiei \u0219i teritoriului pentru ap\u0103rare, precum \u0219i a gradului de asigurare cu personal \u0219i materiale a structurilor cu atribu\u021bii \u00een domeniul ap\u0103r\u0103rii \u0219i securit\u0103\u021bii na\u021bionale.<\/p>\n<p>Angajatorii au obliga\u021bia de a asigura participarea rezervi\u0219tilor salaria\u021bi la aceste activit\u0103\u021bi, prin acordarea unui concediu suplimentar pl\u0103tit, \u00een baza adeverin\u021bei eliberate de centrul militar.<\/p>\n<p>Exerci\u021bii similare au mai fost organizate \u00een jude\u021bul Suceava \u00een 2019, \u00een Neam\u021b \u00een 2018, iar \u00een Boto\u0219ani \u00een 2016.<\/p>\n<\/div>\n<p>[analyse_source url=&#8221;https:\/\/www.radiotop.ro\/actualitate\/rezervistii-din-suceava-neamt-si-botosani-chemati-la-unitatile-militare-in-septembrie-in-cadrul-exercitiului-mobex-al-mapn.html&#8221;]<\/p>\n","protected":false},"excerpt":{"rendered":"<p>[analyse_image type=&#8221;featured&#8221; src=&#8221;https:\/\/www.radiotop.ro\/img\/media\/2026\/08\/740326094_27851651671138424_3630022356723878840_n.jpg&#8221;] Rezervi\u0219tii cu domiciliul \u00een jude\u021bele Suceava, Neam\u021b \u0219i Boto\u0219ani vor participa, \u00een perioada 14-18 septembrie, la exerci\u021biul de mobilizare MOBEX NT-SV-BT-26, organizat de Ministerul Ap\u0103r\u0103rii Na\u021bionale, informeaz\u0103 ministerul prin intermediul unui comunicat de pres\u0103. \u00cen cazul jude\u021bului Suceava, rezervi\u0219tii vor participa, pe durata unei zile, la activit\u0103\u021bi specifice de preg\u0103tire, \u00een unit\u0103\u021bile [&hellip;]<\/p>\n","protected":false},"author":1,"featured_media":0,"comment_status":"open","ping_status":"","sticky":false,"template":"","format":"standard","meta":{"footnotes":""},"categories":[89],"tags":[226,163],"class_list":["post-2090718","post","type-post","status-publish","format-standard","hentry","category-romania","tag-crawlmanager","tag-radiotop-ro"],"_links":{"self":[{"href":"https:\/\/analyse.optim.biz\/index.php?rest_route=\/wp\/v2\/posts\/2090718","targetHints":{"allow":["GET"]}}],"collection":[{"href":"https:\/\/analyse.optim.biz\/index.php?rest_route=\/wp\/v2\/posts"}],"about":[{"href":"https:\/\/analyse.optim.biz\/index.php?rest_route=\/wp\/v2\/types\/post"}],"author":[{"embeddable":true,"href":"https:\/\/analyse.optim.biz\/index.php?rest_route=\/wp\/v2\/users\/1"}],"replies":[{"embeddable":true,"href":"https:\/\/analyse.optim.biz\/index.php?rest_route=%2Fwp%2Fv2%2Fcomments&post=2090718"}],"version-history":[{"count":0,"href":"https:\/\/analyse.optim.biz\/index.php?rest_route=\/wp\/v2\/posts\/2090718\/revisions"}],"wp:attachment":[{"href":"https:\/\/analyse.optim.biz\/index.php?rest_route=%2Fwp%2Fv2%2Fmedia&parent=2090718"}],"wp:term":[{"taxonomy":"category","embeddable":true,"href":"https:\/\/analyse.optim.biz\/index.php?rest_route=%2Fwp%2Fv2%2Fcategories&post=2090718"},{"taxonomy":"post_tag","embeddable":true,"href":"https:\/\/analyse.optim.biz\/index.php?rest_route=%2Fwp%2Fv2%2Ftags&post=2090718"}],"curies":[{"name":"wp","href":"https:\/\/api.w.org\/{rel}","templated":true}]}}