{"id":2090591,"date":"2026-08-11T10:29:20","date_gmt":"2026-08-11T07:29:20","guid":{"rendered":"https:\/\/analyse.optim.biz\/?p=2090591"},"modified":"2026-08-11T10:29:20","modified_gmt":"2026-08-11T07:29:20","slug":"georgiana-martuneac-noua-purtatoare-de-cuvint-a-dgaspc-suceava","status":"publish","type":"post","link":"https:\/\/analyse.optim.biz\/?p=2090591","title":{"rendered":"Georgiana Mar\u021buneac, noua purt\u0103toare de cuv\u00eent a DGASPC Suceava"},"content":{"rendered":"<p>[analyse_image type=&#8221;featured&#8221; src=&#8221;https:\/\/www.radiotop.ro\/img\/media\/2026\/08\/georgiana-martuneac.jpg&#8221;]<\/p>\n<div class=\"entry-content no-share\">\n<div class=\"content-inner \">\n<p>\u00cencep\u00eend cu data de 15 august, noua purt\u0103toare de cuv\u00eent a Direc\u021biei Generale pentru Asisten\u021b\u0103 Social\u0103 \u0219i Protec\u021bia Copiului Suceava este Georgiana Mar\u021buneac. Doamna Mar\u021buneac este expert superior \u00een cadrul Compartimentului Adop\u021bii \u0219i Postadop\u021bii, \u0219i are o vechime \u00een specialitate \u00a0de 18 ani. Conform DGASPC, actuala purt\u0103toare de cuv\u00eent, Maria P\u0103v\u0103loaia, \u00ee\u0219i suspend\u0103 raporturile de serviciu cu institu\u021bia.<\/p>\n<\/div>\n<\/div>\n<div class=\"content-inner \">\n<p>\u00cencep\u00eend cu data de 15 august, noua purt\u0103toare de cuv\u00eent a Direc\u021biei Generale pentru Asisten\u021b\u0103 Social\u0103 \u0219i Protec\u021bia Copiului Suceava este Georgiana Mar\u021buneac. Doamna Mar\u021buneac este expert superior \u00een cadrul Compartimentului Adop\u021bii \u0219i Postadop\u021bii, \u0219i are o vechime \u00een specialitate \u00a0de 18 ani. Conform DGASPC, actuala purt\u0103toare de cuv\u00eent, Maria P\u0103v\u0103loaia, \u00ee\u0219i suspend\u0103 raporturile de serviciu cu institu\u021bia.<\/p>\n<\/div>\n<p>[analyse_source url=&#8221;https:\/\/www.radiotop.ro\/actualitate\/georgiana-martuneac-noua-purtatoare-de-cuvint-a-dgaspc-suceava.html&#8221;]<\/p>\n","protected":false},"excerpt":{"rendered":"<p>[analyse_image type=&#8221;featured&#8221; src=&#8221;https:\/\/www.radiotop.ro\/img\/media\/2026\/08\/georgiana-martuneac.jpg&#8221;] \u00cencep\u00eend cu data de 15 august, noua purt\u0103toare de cuv\u00eent a Direc\u021biei Generale pentru Asisten\u021b\u0103 Social\u0103 \u0219i Protec\u021bia Copiului Suceava este Georgiana Mar\u021buneac. Doamna Mar\u021buneac este expert superior \u00een cadrul Compartimentului Adop\u021bii \u0219i Postadop\u021bii, \u0219i are o vechime \u00een specialitate \u00a0de 18 ani. Conform DGASPC, actuala purt\u0103toare de cuv\u00eent, Maria P\u0103v\u0103loaia, \u00ee\u0219i [&hellip;]<\/p>\n","protected":false},"author":1,"featured_media":0,"comment_status":"open","ping_status":"","sticky":false,"template":"","format":"standard","meta":{"footnotes":""},"categories":[89],"tags":[226,163],"class_list":["post-2090591","post","type-post","status-publish","format-standard","hentry","category-romania","tag-crawlmanager","tag-radiotop-ro"],"_links":{"self":[{"href":"https:\/\/analyse.optim.biz\/index.php?rest_route=\/wp\/v2\/posts\/2090591","targetHints":{"allow":["GET"]}}],"collection":[{"href":"https:\/\/analyse.optim.biz\/index.php?rest_route=\/wp\/v2\/posts"}],"about":[{"href":"https:\/\/analyse.optim.biz\/index.php?rest_route=\/wp\/v2\/types\/post"}],"author":[{"embeddable":true,"href":"https:\/\/analyse.optim.biz\/index.php?rest_route=\/wp\/v2\/users\/1"}],"replies":[{"embeddable":true,"href":"https:\/\/analyse.optim.biz\/index.php?rest_route=%2Fwp%2Fv2%2Fcomments&post=2090591"}],"version-history":[{"count":0,"href":"https:\/\/analyse.optim.biz\/index.php?rest_route=\/wp\/v2\/posts\/2090591\/revisions"}],"wp:attachment":[{"href":"https:\/\/analyse.optim.biz\/index.php?rest_route=%2Fwp%2Fv2%2Fmedia&parent=2090591"}],"wp:term":[{"taxonomy":"category","embeddable":true,"href":"https:\/\/analyse.optim.biz\/index.php?rest_route=%2Fwp%2Fv2%2Fcategories&post=2090591"},{"taxonomy":"post_tag","embeddable":true,"href":"https:\/\/analyse.optim.biz\/index.php?rest_route=%2Fwp%2Fv2%2Ftags&post=2090591"}],"curies":[{"name":"wp","href":"https:\/\/api.w.org\/{rel}","templated":true}]}}