{"id":2090579,"date":"2026-08-10T15:03:24","date_gmt":"2026-08-10T12:03:24","guid":{"rendered":"https:\/\/analyse.optim.biz\/?p=2090579"},"modified":"2026-08-10T15:03:24","modified_gmt":"2026-08-10T12:03:24","slug":"tineri-sportivi-din-patru-regiuni-europene-se-intilnesc-la-falticeni-la-turneul-4-regiuni-pentru-europa","status":"publish","type":"post","link":"https:\/\/analyse.optim.biz\/?p=2090579","title":{"rendered":"Tineri sportivi din patru regiuni europene se \u00eent\u00eelnesc la F\u0103lticeni, la Turneul \u201e4 Regiuni pentru Europa\u201d"},"content":{"rendered":"<p>[analyse_image type=&#8221;featured&#8221; src=&#8221;https:\/\/www.radiotop.ro\/img\/media\/2026\/08\/FB_IMG_1786373888188.jpg&#8221;]<\/p>\n<div class=\"entry-content no-share\">\n<div class=\"content-inner \">\n<p>Municipiul F\u0103lticeni g\u0103zduie\u0219te, \u00een perioada 16-21 august, edi\u021bia a XXIII-a a Turneului Interna\u021bional pentru juniori \u201e4 Regiuni pentru Europa\u201d. Evenimentul reune\u0219te tineri sportivi \u0219i reprezentan\u021bi ai administra\u021biilor din Suceava, Cern\u0103u\u021bi, Ucraina, Mayenne, Fran\u021ba, \u0219i Schwaben, Germania.<\/p>\n<p>Turneul este organizat de Consiliul Jude\u021bean Suceava, \u00een parteneriat cu Prim\u0103ria Municipiului F\u0103lticeni, iar programul \u00eembin\u0103 competi\u021biile sportive cu activit\u0103\u021bi culturale \u0219i de socializare.<\/p>\n<p>\u00cen perioada 18-20 august s\u00eent programate competi\u021bii de fotbal \u0219i baschet, la Stadionul \u201eConstantin Jamaischi\u201d \u0219i la Sala de Sport \u201eGabriel Udi\u0219teanu\u201d.<\/p>\n<p>Participan\u021bii vor avea parte \u0219i de vizite la obiectivele muzeale \u0219i de agrement din F\u0103lticeni, astfel \u00eenc\u00eet tinerii \u0219i reprezentan\u021bii administra\u021biilor din cele patru regiuni s\u0103 poat\u0103 descoperi ora\u0219ul \u0219i patrimoniul s\u0103u cultural.<\/p>\n<\/div>\n<\/div>\n<div class=\"content-inner \">\n<p>Municipiul F\u0103lticeni g\u0103zduie\u0219te, \u00een perioada 16-21 august, edi\u021bia a XXIII-a a Turneului Interna\u021bional pentru juniori \u201e4 Regiuni pentru Europa\u201d. Evenimentul reune\u0219te tineri sportivi \u0219i reprezentan\u021bi ai administra\u021biilor din Suceava, Cern\u0103u\u021bi, Ucraina, Mayenne, Fran\u021ba, \u0219i Schwaben, Germania.<\/p>\n<p>Turneul este organizat de Consiliul Jude\u021bean Suceava, \u00een parteneriat cu Prim\u0103ria Municipiului F\u0103lticeni, iar programul \u00eembin\u0103 competi\u021biile sportive cu activit\u0103\u021bi culturale \u0219i de socializare.<\/p>\n<p>\u00cen perioada 18-20 august s\u00eent programate competi\u021bii de fotbal \u0219i baschet, la Stadionul \u201eConstantin Jamaischi\u201d \u0219i la Sala de Sport \u201eGabriel Udi\u0219teanu\u201d.<\/p>\n<p>Participan\u021bii vor avea parte \u0219i de vizite la obiectivele muzeale \u0219i de agrement din F\u0103lticeni, astfel \u00eenc\u00eet tinerii \u0219i reprezentan\u021bii administra\u021biilor din cele patru regiuni s\u0103 poat\u0103 descoperi ora\u0219ul \u0219i patrimoniul s\u0103u cultural.<\/p>\n<\/div>\n<p>[analyse_source url=&#8221;https:\/\/www.radiotop.ro\/actualitate\/tineri-sportivi-din-patru-regiuni-europene-se-intilnesc-la-falticeni-la-turneul-4-regiuni-pentru-europa.html&#8221;]<\/p>\n","protected":false},"excerpt":{"rendered":"<p>[analyse_image type=&#8221;featured&#8221; src=&#8221;https:\/\/www.radiotop.ro\/img\/media\/2026\/08\/FB_IMG_1786373888188.jpg&#8221;] Municipiul F\u0103lticeni g\u0103zduie\u0219te, \u00een perioada 16-21 august, edi\u021bia a XXIII-a a Turneului Interna\u021bional pentru juniori \u201e4 Regiuni pentru Europa\u201d. Evenimentul reune\u0219te tineri sportivi \u0219i reprezentan\u021bi ai administra\u021biilor din Suceava, Cern\u0103u\u021bi, Ucraina, Mayenne, Fran\u021ba, \u0219i Schwaben, Germania. Turneul este organizat de Consiliul Jude\u021bean Suceava, \u00een parteneriat cu Prim\u0103ria Municipiului F\u0103lticeni, iar programul \u00eembin\u0103 [&hellip;]<\/p>\n","protected":false},"author":1,"featured_media":0,"comment_status":"open","ping_status":"","sticky":false,"template":"","format":"standard","meta":{"footnotes":""},"categories":[89],"tags":[226,163],"class_list":["post-2090579","post","type-post","status-publish","format-standard","hentry","category-romania","tag-crawlmanager","tag-radiotop-ro"],"_links":{"self":[{"href":"https:\/\/analyse.optim.biz\/index.php?rest_route=\/wp\/v2\/posts\/2090579","targetHints":{"allow":["GET"]}}],"collection":[{"href":"https:\/\/analyse.optim.biz\/index.php?rest_route=\/wp\/v2\/posts"}],"about":[{"href":"https:\/\/analyse.optim.biz\/index.php?rest_route=\/wp\/v2\/types\/post"}],"author":[{"embeddable":true,"href":"https:\/\/analyse.optim.biz\/index.php?rest_route=\/wp\/v2\/users\/1"}],"replies":[{"embeddable":true,"href":"https:\/\/analyse.optim.biz\/index.php?rest_route=%2Fwp%2Fv2%2Fcomments&post=2090579"}],"version-history":[{"count":0,"href":"https:\/\/analyse.optim.biz\/index.php?rest_route=\/wp\/v2\/posts\/2090579\/revisions"}],"wp:attachment":[{"href":"https:\/\/analyse.optim.biz\/index.php?rest_route=%2Fwp%2Fv2%2Fmedia&parent=2090579"}],"wp:term":[{"taxonomy":"category","embeddable":true,"href":"https:\/\/analyse.optim.biz\/index.php?rest_route=%2Fwp%2Fv2%2Fcategories&post=2090579"},{"taxonomy":"post_tag","embeddable":true,"href":"https:\/\/analyse.optim.biz\/index.php?rest_route=%2Fwp%2Fv2%2Ftags&post=2090579"}],"curies":[{"name":"wp","href":"https:\/\/api.w.org\/{rel}","templated":true}]}}