{"id":209054,"date":"2014-03-24T11:19:08","date_gmt":"2014-03-24T08:19:08","guid":{"rendered":"https:\/\/analyse.optim.biz\/?p=209054"},"modified":"2014-03-24T11:19:08","modified_gmt":"2014-03-24T08:19:08","slug":"elena-basescu-a-demisionat-din-pdl","status":"publish","type":"post","link":"https:\/\/analyse.optim.biz\/?p=209054","title":{"rendered":"Elena B\u0103sescu a demisionat din PDL"},"content":{"rendered":"<div class=\"entry data-app-meta data-app-meta-article\" data-embed-base-url-canonical=\"https:\/\/www.digi24.ro\/embed\/stiri\/actualitate\/politica\/elena-basescu-a-demisionat-din-pdl-218933\">\n<p data-index=\"1\"><img decoding=\"async\" src=\"https:\/\/analyse.optim.biz\/wp-content\/uploads\/2024\/09\/lmpwzyz3ptgwmczoyxnoptflytc3zgeyztk2n2fhmtnhyjlkywnkytu4oge3yjc5-thumb_.jpg\" data-skip-htmlfix=\"1\" title=\"lmpwzyz3ptgwmczoyxnoptflytc3zgeyztk2n2fhmtnhyjlkywnkytu4oge3yjc5-thumb_\"><\/p>\n<p data-index=\"2\"><em><strong>Elena B\u0103sescu \/ Foto: Mediafax<\/strong><\/em><\/p>\n<p data-index=\"3\">Partidul Mi\u0219carea Popular\u0103 ar urma s\u0103 depun\u0103, \u00een aceast\u0103 dup\u0103-amiaz\u0103, la Biroul Electoral Central, lista candida\u0163ilor pentru Parlamentul European.<\/p>\n<p data-index=\"4\">Termenul pentru depunerea candidaturilor la alegerile europarlamentare expir\u0103 miercuri, 26 martie.<\/p>\n<p data-index=\"5\">Demisia de azi vine dup\u0103 ce, pe 18 martie, Elena B\u0103sescu a lansat, pe blogul s\u0103u, <a href=\"https:\/\/www.digi24.ro\/Stiri\/Digi24\/Actualitate\/Politica\/V+Ponta+Domnii+si+doamnele+din+Alianta+PSD-PC-UNPR+nu+se+vor+com\" target=\"_blank\" data-skip-linkfix=\"1\" rel=\"noopener\"><strong>un atac la adresa europarlamentarului PDL Monica Macovei.<\/strong><\/a><\/p>\n<p data-index=\"6\">\u201eSpre deosebire de Monica Macovei, eu am primit \u00een 2009 \u00eencrederea a peste 200.000 de rom\u00e2ni, nu m-am ascuns pe o list\u0103. Singura mea candidatur\u0103 electoral\u0103 a fost un succes, \u00een timp ce doamna europarlamentar, de\u015fi dintr-o genera\u0163ie cu peste 20 de ani mai \u00een v\u00e2rst\u0103 ca mine, nu a avut acest curaj\u201d, a scris Elena B\u0103sescu.<\/p>\n<p data-index=\"7\">\u00cen plus, ea a sus\u0163inut c\u0103 a fost \u201emai activ\u0103\u201d dec\u00e2t Monica Macovei.<\/p>\n<p data-index=\"8\">Totodat\u0103, Elena B\u0103sescu a afirmat c\u0103 Monica Macovei a ajuns \u015fefa Delega\u0163iei pentru cooperarea dintre UE \u015fi Republica Moldova \u201enu datorit\u0103 talentelor sale remarcabile pe zona de politic\u0103 extern\u0103 sau a cunoa\u015fterii situa\u0163iei din Basarabia, ci datorit\u0103 sprijinului primit de la pre\u015fedintele Rom\u00e2niei\u201d.<\/p>\n<\/div>\n<p> Source URL: https:\/\/www.digi24.ro\/stiri\/actualitate\/politica\/elena-basescu-a-demisionat-din-pdl-218933<\/p>\n","protected":false},"excerpt":{"rendered":"<p>Elena B\u0103sescu \/ Foto: Mediafax Partidul Mi\u0219carea Popular\u0103 ar urma s\u0103 depun\u0103, \u00een aceast\u0103 dup\u0103-amiaz\u0103, la Biroul Electoral Central, lista candida\u0163ilor pentru Parlamentul European. Termenul pentru depunerea candidaturilor la alegerile europarlamentare expir\u0103 miercuri, 26 martie. Demisia de azi vine dup\u0103 ce, pe 18 martie, Elena B\u0103sescu a lansat, pe blogul s\u0103u, un atac la adresa [&hellip;]<\/p>\n","protected":false},"author":1,"featured_media":209055,"comment_status":"open","ping_status":"","sticky":false,"template":"","format":"standard","meta":{"footnotes":""},"categories":[2],"tags":[11],"class_list":["post-209054","post","type-post","status-publish","format-standard","has-post-thumbnail","hentry","category-politics","tag-digi24"],"_links":{"self":[{"href":"https:\/\/analyse.optim.biz\/index.php?rest_route=\/wp\/v2\/posts\/209054","targetHints":{"allow":["GET"]}}],"collection":[{"href":"https:\/\/analyse.optim.biz\/index.php?rest_route=\/wp\/v2\/posts"}],"about":[{"href":"https:\/\/analyse.optim.biz\/index.php?rest_route=\/wp\/v2\/types\/post"}],"author":[{"embeddable":true,"href":"https:\/\/analyse.optim.biz\/index.php?rest_route=\/wp\/v2\/users\/1"}],"replies":[{"embeddable":true,"href":"https:\/\/analyse.optim.biz\/index.php?rest_route=%2Fwp%2Fv2%2Fcomments&post=209054"}],"version-history":[{"count":0,"href":"https:\/\/analyse.optim.biz\/index.php?rest_route=\/wp\/v2\/posts\/209054\/revisions"}],"wp:featuredmedia":[{"embeddable":true,"href":"https:\/\/analyse.optim.biz\/index.php?rest_route=\/wp\/v2\/media\/209055"}],"wp:attachment":[{"href":"https:\/\/analyse.optim.biz\/index.php?rest_route=%2Fwp%2Fv2%2Fmedia&parent=209054"}],"wp:term":[{"taxonomy":"category","embeddable":true,"href":"https:\/\/analyse.optim.biz\/index.php?rest_route=%2Fwp%2Fv2%2Fcategories&post=209054"},{"taxonomy":"post_tag","embeddable":true,"href":"https:\/\/analyse.optim.biz\/index.php?rest_route=%2Fwp%2Fv2%2Ftags&post=209054"}],"curies":[{"name":"wp","href":"https:\/\/api.w.org\/{rel}","templated":true}]}}