{"id":209040,"date":"2014-03-24T12:59:31","date_gmt":"2014-03-24T09:59:31","guid":{"rendered":"https:\/\/analyse.optim.biz\/?p=209040"},"modified":"2014-03-24T12:59:31","modified_gmt":"2014-03-24T09:59:31","slug":"crin-antonescu-nu-semnez-pentru-candidatura-lui-mircea-diaconu-la-europarlamentare","status":"publish","type":"post","link":"https:\/\/analyse.optim.biz\/?p=209040","title":{"rendered":"Crin Antonescu: Nu semnez pentru candidatura lui Mircea Diaconu la europarlamentare"},"content":{"rendered":"<div class=\"entry data-app-meta data-app-meta-article\" data-embed-base-url-canonical=\"https:\/\/www.digi24.ro\/embed\/stiri\/actualitate\/politica\/crin-antonescu-nu-semnez-pentru-candidatura-lui-mircea-diaconu-la-europarlamentare-219015\">\n<p data-index=\"1\"><img decoding=\"async\" src=\"https:\/\/analyse.optim.biz\/wp-content\/uploads\/2024\/09\/cgcmdz04mdamagfzad02nty2ytu5yzfiytgwzwq0nmm2mmfmmwyxm2u4nta4zg-thumb_.jpg\" data-skip-htmlfix=\"1\" title=\"cgcmdz04mdamagfzad02nty2ytu5yzfiytgwzwq0nmm2mmfmmwyxm2u4nta4zg-thumb_\"><\/p>\n<p data-index=\"2\"><em><strong>Mircea Diaconu \/ Mediafax<\/strong><\/em><\/p>\n<p data-index=\"3\">\u00centrebat dac\u0103 ar semna pe lista de sus\u0163in\u0103tori ai lui Mircea Diaconu, care \u00eencearc\u0103 s\u0103 str\u00e2ng\u0103 cele 100.000 de semn\u0103turi pentru a-\u015fi putea depunde candidatura ca independent, Crin Antonescu a r\u0103spuns: \u201eNu, din motivele din care, a\u015fa cum v-am mai spus, nu l-am putut men\u0163ine pe lista noastr\u0103. Am v\u0103zut c\u0103 \u015fi al\u0163ii au ezit\u0103ri s\u0103 semneze, cu toate c\u0103 sunt mult mai hot\u0103r\u00e2\u0163i sus\u0163in\u0103tori ai candidaturii lui Mircea\u201d.<\/p>\n<p data-index=\"4\">Prezen\u0163a lui Mircea Diaconu \u00een Parlamentul European ar fi un c\u00e2\u015ftig pentru Rom\u00e2nia \u015fi \u015fansa ca, la Bruxelles, s\u0103 existe cu adev\u0103rat un candidat independent dup\u0103 \u201emascarada EBA\u201d, a declarat liderul PSD, Victor Ponta, potrivit Mediafax.<\/p>\n<p data-index=\"5\">Mircea Diaconu crede c\u0103 numai o instan\u0163\u0103 de judecat\u0103 poate decide dac\u0103 are sau nu dreptul s\u0103 candideze pentru Parlamentul European, de\u015fi Agen\u0163ia Na\u0163ional\u0103 de Integritate a anun\u0163at c\u0103 el nu poate face acest lucru, pentru c\u0103 \u00eempotriva sa exista o decizie de incompatibilitate.<\/p>\n<p data-index=\"6\">\u201eBEC trebuie s\u0103-mi primeasc\u0103 dosarul, at\u00e2t, s\u0103 vad\u0103 dac\u0103 am 100.000 de sem\u0103turi \u015fi dac\u0103 m\u0103 \u00eencadrez legii. Mai departe cineva va contesta, \u015fi chestiunea asta se discut\u0103 \u00een justi\u0163ie, dreptul meu de a alege \u015fi de a fi ales \u00een \u0163ara mea se judec\u0103 \u00eentr-o instan\u0163\u0103 judec\u0103toreasc\u0103 de data asta. <span>Vreau s\u0103 fiu \u00een postura \u00een care s\u0103 ajung \u00een fa\u0163a unui judec\u0103tor care s\u0103 \u00eemi spun\u0103 \u015fi mie dac\u0103 eu am drepturile cet\u0103\u0163ene\u015fti \u00eentregi sau n-am. Dac\u0103 mi-a interzis cineva drepturile cet\u0103\u0163ene\u015fti sau nu\u201d, a spus Mircea Diaconu.<\/span><\/p>\n<\/div>\n<p> Source URL: https:\/\/www.digi24.ro\/stiri\/actualitate\/politica\/crin-antonescu-nu-semnez-pentru-candidatura-lui-mircea-diaconu-la-europarlamentare-219015<\/p>\n","protected":false},"excerpt":{"rendered":"<p>Mircea Diaconu \/ Mediafax \u00centrebat dac\u0103 ar semna pe lista de sus\u0163in\u0103tori ai lui Mircea Diaconu, care \u00eencearc\u0103 s\u0103 str\u00e2ng\u0103 cele 100.000 de semn\u0103turi pentru a-\u015fi putea depunde candidatura ca independent, Crin Antonescu a r\u0103spuns: \u201eNu, din motivele din care, a\u015fa cum v-am mai spus, nu l-am putut men\u0163ine pe lista noastr\u0103. Am v\u0103zut c\u0103 [&hellip;]<\/p>\n","protected":false},"author":1,"featured_media":209041,"comment_status":"open","ping_status":"","sticky":false,"template":"","format":"standard","meta":{"footnotes":""},"categories":[2],"tags":[11],"class_list":["post-209040","post","type-post","status-publish","format-standard","has-post-thumbnail","hentry","category-politics","tag-digi24"],"_links":{"self":[{"href":"https:\/\/analyse.optim.biz\/index.php?rest_route=\/wp\/v2\/posts\/209040","targetHints":{"allow":["GET"]}}],"collection":[{"href":"https:\/\/analyse.optim.biz\/index.php?rest_route=\/wp\/v2\/posts"}],"about":[{"href":"https:\/\/analyse.optim.biz\/index.php?rest_route=\/wp\/v2\/types\/post"}],"author":[{"embeddable":true,"href":"https:\/\/analyse.optim.biz\/index.php?rest_route=\/wp\/v2\/users\/1"}],"replies":[{"embeddable":true,"href":"https:\/\/analyse.optim.biz\/index.php?rest_route=%2Fwp%2Fv2%2Fcomments&post=209040"}],"version-history":[{"count":0,"href":"https:\/\/analyse.optim.biz\/index.php?rest_route=\/wp\/v2\/posts\/209040\/revisions"}],"wp:featuredmedia":[{"embeddable":true,"href":"https:\/\/analyse.optim.biz\/index.php?rest_route=\/wp\/v2\/media\/209041"}],"wp:attachment":[{"href":"https:\/\/analyse.optim.biz\/index.php?rest_route=%2Fwp%2Fv2%2Fmedia&parent=209040"}],"wp:term":[{"taxonomy":"category","embeddable":true,"href":"https:\/\/analyse.optim.biz\/index.php?rest_route=%2Fwp%2Fv2%2Fcategories&post=209040"},{"taxonomy":"post_tag","embeddable":true,"href":"https:\/\/analyse.optim.biz\/index.php?rest_route=%2Fwp%2Fv2%2Ftags&post=209040"}],"curies":[{"name":"wp","href":"https:\/\/api.w.org\/{rel}","templated":true}]}}