{"id":209026,"date":"2014-03-24T15:28:23","date_gmt":"2014-03-24T12:28:23","guid":{"rendered":"https:\/\/analyse.optim.biz\/?p=209026"},"modified":"2014-03-24T15:28:23","modified_gmt":"2014-03-24T12:28:23","slug":"crin-antonescu-este-prezentat-de-ilie-sarbu-ca-piedica-in-calea-refacerii-usl","status":"publish","type":"post","link":"https:\/\/analyse.optim.biz\/?p=209026","title":{"rendered":"Crin Antonescu este prezentat de Ilie S\u00e2rbu ca piedica \u00een calea refacerii USL"},"content":{"rendered":"<div class=\"entry data-app-meta data-app-meta-article\" data-embed-base-url-canonical=\"https:\/\/www.digi24.ro\/embed\/stiri\/actualitate\/politica\/crin-antonescu-este-prezentat-de-ilie-sarbu-ca-piedica-in-calea-refacerii-usl-219167\">\n<p data-index=\"1\">Acuza\u0163i de racolarea, om cu om, a parlamentarilor \u0219i primarilor PNL, social-democra\u021bii au r\u0103spuns, prin vocea lui Ilie S\u00e2rbu, pentru a face din<strong> Crin Antonescu<\/strong> principalul obstacol \u00een calea re\u00eenvierii USL.<\/p>\n<p data-index=\"2\">\u201eCeea ce spune pre\u0219edintele PNL denot\u0103 ipocrizia sa (&#8230;) Am \u00een\u021beles de la domnia sa c\u0103 principalul s\u0103u obiectiv politic a devenit blocarea oric\u0103ror \u0219anse de refacere a USL. (\u2026) <strong>Ace\u0219ti oameni nu pot fi condamna\u021bi pentru c\u0103 nu sunt de acord cu aruncarea pe geam a proiectului USL, doar pentru c\u0103 domnul Antonescu a decis s\u0103 se orienteze c\u0103tre tab\u0103ra pre\u0219edintelui Traian Basescu\u201d<\/strong>, a comentat <strong>Ilie S\u00e2rbu,<\/strong> liderul senatorilor PSD.<\/p>\n<p data-index=\"3\">Liderul liberal se vede \u00eens\u0103 intrat \u00een campania pentru legislativul european \u0219i mai pu\u021bin \u00een politica de acas\u0103.<\/p>\n<p data-index=\"4\">\u201e<strong>Eu a\u0219 vrea ca m\u0103car \u00een astfel de momente s\u0103 vorbim despre Europa, despre ce facem acolo \u0219i nu despre ce a zis Ilie S\u00e2rbu. S\u0103 fie s\u0103n\u0103tos.<\/strong> Toat\u0103 aceast\u0103 campanie ne-o dorim focusat\u0103 pe teme europene, nu pe nesf\u00e2r\u0219itele noastre intrigi din interior. O campanie presupune \u0219i confruntare, dar eu \u00eemi doresc s\u0103 fie o confruntare \u00eentre ideile liberale pe urm\u0103torii cinci ani \u0219i cele socialiste\u201d, a precizat Crin Antonescu.<\/p>\n<\/div>\n<p> Source URL: https:\/\/www.digi24.ro\/stiri\/actualitate\/politica\/crin-antonescu-este-prezentat-de-ilie-sarbu-ca-piedica-in-calea-refacerii-usl-219167<\/p>\n","protected":false},"excerpt":{"rendered":"<p>Acuza\u0163i de racolarea, om cu om, a parlamentarilor \u0219i primarilor PNL, social-democra\u021bii au r\u0103spuns, prin vocea lui Ilie S\u00e2rbu, pentru a face din Crin Antonescu principalul obstacol \u00een calea re\u00eenvierii USL. \u201eCeea ce spune pre\u0219edintele PNL denot\u0103 ipocrizia sa (&#8230;) Am \u00een\u021beles de la domnia sa c\u0103 principalul s\u0103u obiectiv politic a devenit blocarea oric\u0103ror [&hellip;]<\/p>\n","protected":false},"author":1,"featured_media":209027,"comment_status":"open","ping_status":"","sticky":false,"template":"","format":"standard","meta":{"footnotes":""},"categories":[2],"tags":[11],"class_list":["post-209026","post","type-post","status-publish","format-standard","has-post-thumbnail","hentry","category-politics","tag-digi24"],"_links":{"self":[{"href":"https:\/\/analyse.optim.biz\/index.php?rest_route=\/wp\/v2\/posts\/209026","targetHints":{"allow":["GET"]}}],"collection":[{"href":"https:\/\/analyse.optim.biz\/index.php?rest_route=\/wp\/v2\/posts"}],"about":[{"href":"https:\/\/analyse.optim.biz\/index.php?rest_route=\/wp\/v2\/types\/post"}],"author":[{"embeddable":true,"href":"https:\/\/analyse.optim.biz\/index.php?rest_route=\/wp\/v2\/users\/1"}],"replies":[{"embeddable":true,"href":"https:\/\/analyse.optim.biz\/index.php?rest_route=%2Fwp%2Fv2%2Fcomments&post=209026"}],"version-history":[{"count":0,"href":"https:\/\/analyse.optim.biz\/index.php?rest_route=\/wp\/v2\/posts\/209026\/revisions"}],"wp:featuredmedia":[{"embeddable":true,"href":"https:\/\/analyse.optim.biz\/index.php?rest_route=\/wp\/v2\/media\/209027"}],"wp:attachment":[{"href":"https:\/\/analyse.optim.biz\/index.php?rest_route=%2Fwp%2Fv2%2Fmedia&parent=209026"}],"wp:term":[{"taxonomy":"category","embeddable":true,"href":"https:\/\/analyse.optim.biz\/index.php?rest_route=%2Fwp%2Fv2%2Fcategories&post=209026"},{"taxonomy":"post_tag","embeddable":true,"href":"https:\/\/analyse.optim.biz\/index.php?rest_route=%2Fwp%2Fv2%2Ftags&post=209026"}],"curies":[{"name":"wp","href":"https:\/\/api.w.org\/{rel}","templated":true}]}}