{"id":209023,"date":"2014-03-24T15:44:29","date_gmt":"2014-03-24T12:44:29","guid":{"rendered":"https:\/\/analyse.optim.biz\/?p=209023"},"modified":"2014-03-24T15:44:29","modified_gmt":"2014-03-24T12:44:29","slug":"victor-ponta-cred-ca-stelian-tanase-trebuie-sa-si-continue-activitatea-la-sefia-tvr","status":"publish","type":"post","link":"https:\/\/analyse.optim.biz\/?p=209023","title":{"rendered":"Victor Ponta: Cred c\u0103 Stelian T\u0103nase trebuie s\u0103-\u015fi continue activitatea la \u015fefia TVR"},"content":{"rendered":"<div class=\"entry data-app-meta data-app-meta-article\" data-embed-base-url-canonical=\"https:\/\/www.digi24.ro\/embed\/stiri\/actualitate\/politica\/victor-ponta-cred-ca-stelian-tanase-trebuie-sa-si-continue-activitatea-la-sefia-tvr-219189\">\n<p data-index=\"1\"><img decoding=\"async\" src=\"https:\/\/analyse.optim.biz\/wp-content\/uploads\/2024\/09\/mwjmogjjy2vknthkngixzmy3ymzjmzm5ywm-thumb_.jpg\" data-skip-htmlfix=\"1\" title=\"mwjmogjjy2vknthkngixzmy3ymzjmzm5ywm-thumb_\"><\/p>\n<p data-index=\"2\"><strong>\u201e\u00cen ceea ce prive\u015fte alte institu\u0163ii aflate \u00een subordinea Parlamentului, am hot\u0103r\u00e2t \u00eempreun\u0103 s\u0103 declan\u015f\u0103m procedura \u00een cadrul Parlamentului pentru numirea unui nou CA al TVR\u201d<\/strong>, a spus <strong>Victor Ponta<\/strong>, dup\u0103 reuniunea liderilor coali\u0163iei guvernamentale.<\/p>\n<p data-index=\"3\">El a spus c\u0103 \u00een privin\u0163a TVR, decizia CC e ca reprezentarea \u00een CA s\u0103 respecte propor\u0163iile grupurilor parlamentare \u015fi c\u0103 va discuta cu liderii grupurilor parlamentare \u00een ceea ce prive\u015fte func\u0163ia de pre\u015fedinte-director general.<\/p>\n<p data-index=\"4\"><strong>\u201e\u00cens\u0103 eu cred c\u0103 domnul Stelian T\u0103nase trebuie s\u0103-\u015fi continue activitatea \u015fi trebuie s\u0103 identifice, al\u0103turi de CA, solu\u0163iile legale prin care activitatea TVR s\u0103 continue, \u00eens\u0103 \u00een condi\u0163iile \u00een care sunt uria\u015fe datorii \u015fi probleme care de ani de zile s-au acumulat \u015fi care pun sub un mare pericol activitatea TVR \u00een continuare\u201d<\/strong>, a men\u0163ionat premierul.<\/p>\n<p data-index=\"5\">Primul ministru a spus c\u0103, dac\u0103 decizia va fi ca Stelian T\u0103nase s\u0103 continue la \u015fefia TVR, atunci va avea mar\u0163i o \u00eentrevedere cu acesta pentru prezentarea solu\u0163iilor pentru perioada urm\u0103toare.<\/p>\n<p data-index=\"6\"><strong>\u201eDac\u0103 aceasta va fi decizia, m\u00e2ine voi avea o \u00eent\u00e2lnire cu domnul T\u0103nase \u015fi probabil \u00eempreun\u0103 cu domnia sa<\/strong>, eu voi anun\u0163a partea ce \u0163ine de Guvern iar domnia sa ceea ce inten\u0163ioneaz\u0103, dac\u0103 va r\u0103m\u00e2ne pre\u015fedinte-director general, ca strategie pentru urm\u0103toarea perioad\u0103, a spus Ponta.<\/p>\n<p data-index=\"7\">\u00centrebat dac\u0103 are \u00een vedere \u015ftergerea datoriilor TVR, premierul a r\u0103spuns: <strong>\u201eNu. Partea care \u0163ine de Guvern reprezint\u0103 un set de m\u0103suri care s\u0103 permit\u0103 relansarea \u015fi restructurarea TVR\u201d.<\/strong><\/p>\n<\/div>\n<p> Source URL: https:\/\/www.digi24.ro\/stiri\/actualitate\/politica\/victor-ponta-cred-ca-stelian-tanase-trebuie-sa-si-continue-activitatea-la-sefia-tvr-219189<\/p>\n","protected":false},"excerpt":{"rendered":"<p>\u201e\u00cen ceea ce prive\u015fte alte institu\u0163ii aflate \u00een subordinea Parlamentului, am hot\u0103r\u00e2t \u00eempreun\u0103 s\u0103 declan\u015f\u0103m procedura \u00een cadrul Parlamentului pentru numirea unui nou CA al TVR\u201d, a spus Victor Ponta, dup\u0103 reuniunea liderilor coali\u0163iei guvernamentale. El a spus c\u0103 \u00een privin\u0163a TVR, decizia CC e ca reprezentarea \u00een CA s\u0103 respecte propor\u0163iile grupurilor parlamentare \u015fi [&hellip;]<\/p>\n","protected":false},"author":1,"featured_media":209024,"comment_status":"open","ping_status":"","sticky":false,"template":"","format":"standard","meta":{"footnotes":""},"categories":[2],"tags":[11],"class_list":["post-209023","post","type-post","status-publish","format-standard","has-post-thumbnail","hentry","category-politics","tag-digi24"],"_links":{"self":[{"href":"https:\/\/analyse.optim.biz\/index.php?rest_route=\/wp\/v2\/posts\/209023","targetHints":{"allow":["GET"]}}],"collection":[{"href":"https:\/\/analyse.optim.biz\/index.php?rest_route=\/wp\/v2\/posts"}],"about":[{"href":"https:\/\/analyse.optim.biz\/index.php?rest_route=\/wp\/v2\/types\/post"}],"author":[{"embeddable":true,"href":"https:\/\/analyse.optim.biz\/index.php?rest_route=\/wp\/v2\/users\/1"}],"replies":[{"embeddable":true,"href":"https:\/\/analyse.optim.biz\/index.php?rest_route=%2Fwp%2Fv2%2Fcomments&post=209023"}],"version-history":[{"count":0,"href":"https:\/\/analyse.optim.biz\/index.php?rest_route=\/wp\/v2\/posts\/209023\/revisions"}],"wp:featuredmedia":[{"embeddable":true,"href":"https:\/\/analyse.optim.biz\/index.php?rest_route=\/wp\/v2\/media\/209024"}],"wp:attachment":[{"href":"https:\/\/analyse.optim.biz\/index.php?rest_route=%2Fwp%2Fv2%2Fmedia&parent=209023"}],"wp:term":[{"taxonomy":"category","embeddable":true,"href":"https:\/\/analyse.optim.biz\/index.php?rest_route=%2Fwp%2Fv2%2Fcategories&post=209023"},{"taxonomy":"post_tag","embeddable":true,"href":"https:\/\/analyse.optim.biz\/index.php?rest_route=%2Fwp%2Fv2%2Ftags&post=209023"}],"curies":[{"name":"wp","href":"https:\/\/api.w.org\/{rel}","templated":true}]}}